{"id":12552,"date":"2023-01-05T13:23:48","date_gmt":"2023-01-05T16:23:48","guid":{"rendered":"https:\/\/ps.org.uy\/?p=12552"},"modified":"2023-01-05T13:23:48","modified_gmt":"2023-01-05T16:23:48","slug":"homenaje-a-mario-cassinoni","status":"publish","type":"post","link":"https:\/\/elsol.ps.org.uy\/index.php\/2023\/01\/05\/homenaje-a-mario-cassinoni\/","title":{"rendered":"Homenaje a Mario Cassinoni"},"content":{"rendered":"\n<p class=\"has-text-align-right\"><em>Escribe: Florencia Bentancor St\u00edffano<\/em><\/p>\n\n\n\n<p><em>El pasado 28 de octubre se realiz\u00f3 en Casa del Pueblo un homenaje a Mario Cassinoni en ocasi\u00f3n de un nuevo aniversario de su nacimiento. Contamos para dicha actividad con la presencia del ex Rector Rodrigo Arocena y el actual rector de la Udelar, Rodroigo Arim; as\u00ed como con la participaci\u00f3n de militantes de la Universidad y sindicales de distintas generaciones. A continuaci\u00f3n, les dejamos unas breves pero sentidas palabras que no pretenden sino recordar con orgullo a este socialista que tanto le aport\u00f3&nbsp;&nbsp;la Universidad y al pa\u00eds.<\/em><\/p>\n\n\n\n<p>Nacido en Octubre de 1907, Cassinoni es sin dudas, uno de los nombres m\u00e1s entra\u00f1ables y movilizadores de la historia de nuestra Universidad de la Rep\u00fablica. Un hombre de pensamiento y acci\u00f3n transformadora, un socialista comprometido con la Universidad y con el pa\u00eds.<\/p>\n\n\n\n<p>De joven milit\u00f3 en la Asociaci\u00f3n de Estudiantes de Medicina, fue editor de la revista de la AEM \u201cEl Estudiante Libre\u201d y milit\u00f3 en nuestra querida Federaci\u00f3n de Estudiantes Universitarios del Uruguay- organizaci\u00f3n que nos ha formado a muchos y muchas de nosotras. Fue consejero de FMed y del Consejo Central Universitario de la Ley Org\u00e1nica de 1908. Dicen que era un estudiante excepcional y como docente lleg\u00f3 a ser Profesor Titular de F\u00edsica M\u00e9dica.<\/p>\n\n\n\n<p>Se afili\u00f3 al Partido Socialista siendo estudiante en 1931 e integr\u00f3 la Agrupaci\u00f3n Universitaria Socialista, el Centro Socialista \u00abGi\u00e1como Matteoti\u00bb y el CEN en distintos per\u00edodos. Fue un prol\u00edfico escritor de art\u00edculos para \u00abEl Sol\u00bb sobre temas pol\u00edticos y sociales bajo el seud\u00f3nimo \u00abel del charco\u00bb. Interrumpi\u00f3 su actividad partidaria al ser electo decano de la Facultad de Medicina, en ese momento en un art\u00edculo de El Sol se expresa: \u201cCon profunda pena lo vemos apartarse de nuestro modesto medio para cumplir un alto destino.\u201d&nbsp;<\/p>\n\n\n\n<p>Luego de terminado su decanato, en 1953, retorna a la militancia en el PS y es electo diputado, responsabilidad a la que renunciar\u00eda poco tiempo despu\u00e9s para ser candidato a rector, siendo sustituido por Vivian Tr\u00edas. Su actividad parlamentaria se centr\u00f3 en temas vinculados a la lucha contra la corrupci\u00f3n, la defensa de los derechos humanos y a una mirada socialista antiimperialista de las relaciones internacionales.<\/p>\n\n\n\n<p>Fue electo Rector en noviembre de 1956, propuesto y con el apoyo del Orden Estudiantil, honor que sin dudas un ex militante estudiantil como \u00e9l debe haber valorado especialmente. Al asumir dijo: \u00ab<em>Dej\u00e9 en la puerta de la Universidad no mis convicciones, lo que no ser\u00eda l\u00f3gico ni honrado, sino mis prop\u00f3sitos de orden pol\u00edtico. Si yo fuera lo suficientemente inmoral o venal para aprovechar de circunstancias como \u00e9stas, afirmo que ni el Consejo ni los estudiantes me lo permitir\u00edan. Esa versi\u00f3n surge de quienes creen que organizar significa ser patr\u00f3n y tener mandaderos<\/em>\u00ab.<\/p>\n\n\n\n<p>Desarrollar la Universidad en el interior era un anhelo profundo de Cassinoni, quien fue entusiasta promotor de la consolidaci\u00f3n de cursos en varios departamentos del pa\u00eds. Dec\u00eda en aquel momento:&nbsp;\u00ab<em>Tenemos que atender las demandas del interior. Esta Universidad es la Universidad de la Rep\u00fablica y no la universidad de la capital de la Rep\u00fablica\u201d<\/em>&nbsp;y esas palabras y esa deuda con el pa\u00eds nos comprometen hasta la actualidad.<\/p>\n\n\n\n<p>Pero&nbsp;quiz\u00e1s lo m\u00e1s relevante hist\u00f3ricamente, tenga que ver con la aprobaci\u00f3n- durante su rectorado- de la Ley Org\u00e1nica vigente, promulgada el 29 de octubre de 1958. Una Ley Org\u00e1nica que se aprueba luego de una hist\u00f3rica resistencia por parte de la comunidad universitaria y organizaciones del campo popular a la represi\u00f3n. Cassinoni fue uno de los emblemas de la lucha por esta Ley con discursos hist\u00f3ricos en la explanada frente a una avenida llena de estudiantes, trabajadoras y trabajadores. La autonom\u00eda y la democratizaci\u00f3n de la conducci\u00f3n universitaria mediante el cogobierno consagrados en dicha norma, son principios car\u00edsimos para todos y todas quienes participamos de uno u otro modo de la vida universitaria y para el Uruguay todo.<\/p>\n\n\n\n<p>Cassinoni proclamaba y sintetizaba en su discurso y en sus pr\u00e1cticas pol\u00edticas los valores de la Reforma de C\u00f3rdoba del 18.&nbsp;Ten\u00eda una manifiesta preocupaci\u00f3n -de raigambre evidentemente reformista- por desenclaustrar la Universidad acerc\u00e1ndola al pueblo y sus problemas, a trav\u00e9s de la extensi\u00f3n (encarnada en aquel entonces por las Comisiones de Acci\u00f3n Social y de Cultura). Sol\u00eda decir:&nbsp;\u201c<em>La Universidad aristocr\u00e1tica a la que me he referido, cada d\u00eda m\u00e1s debilitada, es todav\u00eda la concepci\u00f3n de quienes sienten su t\u00edtulo, su grado, cualquiera haya sido su procedencia social, como un privilegio, y no estiman la obligaci\u00f3n de colocar su capacitaci\u00f3n, precisamente por haber sido recibida gratuitamente, al servicio de los anhelos y reclamos populares. Desean adem\u00e1s que la Universidad, como organismo, se siga refugiando en esa dignidad medieval que no saldr\u00e1 menguada en el contacto diario con los que trabajan y con los que sufren<\/em>\u00ab.<\/p>\n\n\n\n<p>Cassinoni falleci\u00f3 a los 57 a\u00f1os de edad, poco tiempo despu\u00e9s de terminar el segundo per\u00edodo como Rector. Su cuerpo fue custodiado y transportado por los y las estudiantes de la Universidad. D\u00edas despu\u00e9s, \u00abEl Sol\u00bb titulaba as\u00ed su primera p\u00e1gina: \u00abHa muerto Cassinoni: ante el compa\u00f1ero ca\u00eddo, el Partido inclina su bandera\u00bb.&nbsp;<\/p>\n\n\n\n<p>Trabajar sobre los desaf\u00edos de la Universidad hoy es la mejor forma de homenajear a un gran militante reformista, por esto me permito dejarles unas palabras suyas sobre el rol de las y los estudiantes que ojal\u00e1 motiven a los y las m\u00e1s j\u00f3venes a participar en sus espacios universitarios, ya que en nuestra Universidad no hay transformaci\u00f3n profunda que sea posible sin los y las estudiantes. Dec\u00eda Cassinoni: \u00ab<em>En la Universidad el alumno lo es todo; podr\u00eda desaparecer s\u00fabitamente el cuerpo profesoral, y as\u00ed disminuida la Universidad seguir\u00eda existiendo. Entre los propios estudiantes se seleccionar\u00edan los maestros, los m\u00e1s aventajados tomar\u00edan, como en los tiempos iniciales de nuestra propia casa, la tarea de conducir y ense\u00f1ar. La desaparici\u00f3n, en cambio, del estudiantado terminar\u00eda con la Universidad misma. Podr\u00edamos seguir realizando el oficio, perfeccionando t\u00e9cnicas, cambiando ideas e incluso marcando adelantos en el proceso cient\u00edfico, pero habr\u00edamos perdido el norte y el fin que nos agrupa y hasta el propio esp\u00edritu de progreso languidecer\u00eda ante la falta del est\u00edmulo que son los ojos abiertos y los ojos \u00e1vidos del joven que quiere saber para llegar a ser y para superar a los que lo gu\u00edan<\/em>\u201d.<\/p>\n\n\n\n<p>\u201cLas y los socialistas no mueren, se siembran\u201d y la siembra de este socialista sigue siendo parte de nuestra m\u00e1s valiosa historia y de lo m\u00e1s preciado de nuestro presente.<\/p>\n","protected":false},"excerpt":{"rendered":"Escribe: Florencia Bentancor St\u00edffano\n<a class=\"moretag\" href=\"https:\/\/elsol.ps.org.uy\/index.php\/2023\/01\/05\/homenaje-a-mario-cassinoni\/\"> [...]<\/a>","protected":false},"author":2,"featured_media":12578,"comment_status":"closed","ping_status":"closed","sticky":false,"template":"","format":"standard","meta":{"footnotes":""},"categories":[36,45],"tags":[],"class_list":["post-12552","post","type-post","status-publish","format-standard","has-post-thumbnail","hentry","category-el-sol","category-el-sol-no-29-diciembre-2022"],"yoast_head":"<!-- This site is optimized with the Yoast SEO plugin v27.5 - https:\/\/yoast.com\/product\/yoast-seo-wordpress\/ -->\n<title>Homenaje a Mario Cassinoni - El Sol<\/title>\n<meta name=\"robots\" content=\"index, follow, max-snippet:-1, max-image-preview:large, max-video-preview:-1\" \/>\n<link rel=\"canonical\" href=\"https:\/\/elsol.ps.org.uy\/index.php\/2023\/01\/05\/homenaje-a-mario-cassinoni\/\" \/>\n<meta property=\"og:locale\" content=\"es_ES\" \/>\n<meta property=\"og:type\" content=\"article\" \/>\n<meta property=\"og:title\" content=\"Homenaje a Mario Cassinoni - El Sol\" \/>\n<meta property=\"og:description\" content=\"Escribe: Florencia Bentancor St\u00edffano\" \/>\n<meta property=\"og:url\" content=\"https:\/\/elsol.ps.org.uy\/index.php\/2023\/01\/05\/homenaje-a-mario-cassinoni\/\" \/>\n<meta property=\"og:site_name\" content=\"El Sol\" \/>\n<meta property=\"article:published_time\" content=\"2023-01-05T16:23:48+00:00\" \/>\n<meta name=\"author\" content=\"El Sol\" \/>\n<meta name=\"twitter:card\" content=\"summary_large_image\" \/>\n<meta name=\"twitter:label1\" content=\"Escrito por\" \/>\n\t<meta name=\"twitter:data1\" content=\"El Sol\" \/>\n\t<meta name=\"twitter:label2\" content=\"Tiempo de lectura\" \/>\n\t<meta name=\"twitter:data2\" content=\"5 minutos\" \/>\n<script type=\"application\/ld+json\" class=\"yoast-schema-graph\">{\"@context\":\"https:\\\/\\\/schema.org\",\"@graph\":[{\"@type\":\"Article\",\"@id\":\"https:\\\/\\\/elsol.ps.org.uy\\\/index.php\\\/2023\\\/01\\\/05\\\/homenaje-a-mario-cassinoni\\\/#article\",\"isPartOf\":{\"@id\":\"https:\\\/\\\/elsol.ps.org.uy\\\/index.php\\\/2023\\\/01\\\/05\\\/homenaje-a-mario-cassinoni\\\/\"},\"author\":{\"name\":\"El Sol\",\"@id\":\"https:\\\/\\\/elsol.ps.org.uy\\\/#\\\/schema\\\/person\\\/9642a61f31473fe97857228bf33277f6\"},\"headline\":\"Homenaje a Mario Cassinoni\",\"datePublished\":\"2023-01-05T16:23:48+00:00\",\"mainEntityOfPage\":{\"@id\":\"https:\\\/\\\/elsol.ps.org.uy\\\/index.php\\\/2023\\\/01\\\/05\\\/homenaje-a-mario-cassinoni\\\/\"},\"wordCount\":1176,\"image\":{\"@id\":\"https:\\\/\\\/elsol.ps.org.uy\\\/index.php\\\/2023\\\/01\\\/05\\\/homenaje-a-mario-cassinoni\\\/#primaryimage\"},\"thumbnailUrl\":\"\",\"articleSection\":[\"El Sol\",\"El Sol \u2013 N\u00ba 29 \u2013 Diciembre 2022\"],\"inLanguage\":\"es\"},{\"@type\":\"WebPage\",\"@id\":\"https:\\\/\\\/elsol.ps.org.uy\\\/index.php\\\/2023\\\/01\\\/05\\\/homenaje-a-mario-cassinoni\\\/\",\"url\":\"https:\\\/\\\/elsol.ps.org.uy\\\/index.php\\\/2023\\\/01\\\/05\\\/homenaje-a-mario-cassinoni\\\/\",\"name\":\"Homenaje a Mario Cassinoni - El Sol\",\"isPartOf\":{\"@id\":\"https:\\\/\\\/elsol.ps.org.uy\\\/#website\"},\"primaryImageOfPage\":{\"@id\":\"https:\\\/\\\/elsol.ps.org.uy\\\/index.php\\\/2023\\\/01\\\/05\\\/homenaje-a-mario-cassinoni\\\/#primaryimage\"},\"image\":{\"@id\":\"https:\\\/\\\/elsol.ps.org.uy\\\/index.php\\\/2023\\\/01\\\/05\\\/homenaje-a-mario-cassinoni\\\/#primaryimage\"},\"thumbnailUrl\":\"\",\"datePublished\":\"2023-01-05T16:23:48+00:00\",\"author\":{\"@id\":\"https:\\\/\\\/elsol.ps.org.uy\\\/#\\\/schema\\\/person\\\/9642a61f31473fe97857228bf33277f6\"},\"breadcrumb\":{\"@id\":\"https:\\\/\\\/elsol.ps.org.uy\\\/index.php\\\/2023\\\/01\\\/05\\\/homenaje-a-mario-cassinoni\\\/#breadcrumb\"},\"inLanguage\":\"es\",\"potentialAction\":[{\"@type\":\"ReadAction\",\"target\":[\"https:\\\/\\\/elsol.ps.org.uy\\\/index.php\\\/2023\\\/01\\\/05\\\/homenaje-a-mario-cassinoni\\\/\"]}]},{\"@type\":\"ImageObject\",\"inLanguage\":\"es\",\"@id\":\"https:\\\/\\\/elsol.ps.org.uy\\\/index.php\\\/2023\\\/01\\\/05\\\/homenaje-a-mario-cassinoni\\\/#primaryimage\",\"url\":\"\",\"contentUrl\":\"\"},{\"@type\":\"BreadcrumbList\",\"@id\":\"https:\\\/\\\/elsol.ps.org.uy\\\/index.php\\\/2023\\\/01\\\/05\\\/homenaje-a-mario-cassinoni\\\/#breadcrumb\",\"itemListElement\":[{\"@type\":\"ListItem\",\"position\":1,\"name\":\"Portada\",\"item\":\"https:\\\/\\\/elsol.ps.org.uy\\\/\"},{\"@type\":\"ListItem\",\"position\":2,\"name\":\"Homenaje a Mario Cassinoni\"}]},{\"@type\":\"WebSite\",\"@id\":\"https:\\\/\\\/elsol.ps.org.uy\\\/#website\",\"url\":\"https:\\\/\\\/elsol.ps.org.uy\\\/\",\"name\":\"El Sol\",\"description\":\"Organo del Partido Socialista - Frente Amplio\",\"potentialAction\":[{\"@type\":\"SearchAction\",\"target\":{\"@type\":\"EntryPoint\",\"urlTemplate\":\"https:\\\/\\\/elsol.ps.org.uy\\\/?s={search_term_string}\"},\"query-input\":{\"@type\":\"PropertyValueSpecification\",\"valueRequired\":true,\"valueName\":\"search_term_string\"}}],\"inLanguage\":\"es\"},{\"@type\":\"Person\",\"@id\":\"https:\\\/\\\/elsol.ps.org.uy\\\/#\\\/schema\\\/person\\\/9642a61f31473fe97857228bf33277f6\",\"name\":\"El Sol\",\"image\":{\"@type\":\"ImageObject\",\"inLanguage\":\"es\",\"@id\":\"https:\\\/\\\/secure.gravatar.com\\\/avatar\\\/e14a39081cff84ca4b5657918d3e15ebebf0ca4cee0bb3b81200271ee78d4b9c?s=96&d=mm&r=g\",\"url\":\"https:\\\/\\\/secure.gravatar.com\\\/avatar\\\/e14a39081cff84ca4b5657918d3e15ebebf0ca4cee0bb3b81200271ee78d4b9c?s=96&d=mm&r=g\",\"contentUrl\":\"https:\\\/\\\/secure.gravatar.com\\\/avatar\\\/e14a39081cff84ca4b5657918d3e15ebebf0ca4cee0bb3b81200271ee78d4b9c?s=96&d=mm&r=g\",\"caption\":\"El Sol\"},\"url\":\"https:\\\/\\\/elsol.ps.org.uy\\\/index.php\\\/author\\\/eugenia\\\/\"}]}<\/script>\n<!-- \/ Yoast SEO plugin. -->","yoast_head_json":{"title":"Homenaje a Mario Cassinoni - El Sol","robots":{"index":"index","follow":"follow","max-snippet":"max-snippet:-1","max-image-preview":"max-image-preview:large","max-video-preview":"max-video-preview:-1"},"canonical":"https:\/\/elsol.ps.org.uy\/index.php\/2023\/01\/05\/homenaje-a-mario-cassinoni\/","og_locale":"es_ES","og_type":"article","og_title":"Homenaje a Mario Cassinoni - El Sol","og_description":"Escribe: Florencia Bentancor St\u00edffano","og_url":"https:\/\/elsol.ps.org.uy\/index.php\/2023\/01\/05\/homenaje-a-mario-cassinoni\/","og_site_name":"El Sol","article_published_time":"2023-01-05T16:23:48+00:00","author":"El Sol","twitter_card":"summary_large_image","twitter_misc":{"Escrito por":"El Sol","Tiempo de lectura":"5 minutos"},"schema":{"@context":"https:\/\/schema.org","@graph":[{"@type":"Article","@id":"https:\/\/elsol.ps.org.uy\/index.php\/2023\/01\/05\/homenaje-a-mario-cassinoni\/#article","isPartOf":{"@id":"https:\/\/elsol.ps.org.uy\/index.php\/2023\/01\/05\/homenaje-a-mario-cassinoni\/"},"author":{"name":"El Sol","@id":"https:\/\/elsol.ps.org.uy\/#\/schema\/person\/9642a61f31473fe97857228bf33277f6"},"headline":"Homenaje a Mario Cassinoni","datePublished":"2023-01-05T16:23:48+00:00","mainEntityOfPage":{"@id":"https:\/\/elsol.ps.org.uy\/index.php\/2023\/01\/05\/homenaje-a-mario-cassinoni\/"},"wordCount":1176,"image":{"@id":"https:\/\/elsol.ps.org.uy\/index.php\/2023\/01\/05\/homenaje-a-mario-cassinoni\/#primaryimage"},"thumbnailUrl":"","articleSection":["El Sol","El Sol \u2013 N\u00ba 29 \u2013 Diciembre 2022"],"inLanguage":"es"},{"@type":"WebPage","@id":"https:\/\/elsol.ps.org.uy\/index.php\/2023\/01\/05\/homenaje-a-mario-cassinoni\/","url":"https:\/\/elsol.ps.org.uy\/index.php\/2023\/01\/05\/homenaje-a-mario-cassinoni\/","name":"Homenaje a Mario Cassinoni - El Sol","isPartOf":{"@id":"https:\/\/elsol.ps.org.uy\/#website"},"primaryImageOfPage":{"@id":"https:\/\/elsol.ps.org.uy\/index.php\/2023\/01\/05\/homenaje-a-mario-cassinoni\/#primaryimage"},"image":{"@id":"https:\/\/elsol.ps.org.uy\/index.php\/2023\/01\/05\/homenaje-a-mario-cassinoni\/#primaryimage"},"thumbnailUrl":"","datePublished":"2023-01-05T16:23:48+00:00","author":{"@id":"https:\/\/elsol.ps.org.uy\/#\/schema\/person\/9642a61f31473fe97857228bf33277f6"},"breadcrumb":{"@id":"https:\/\/elsol.ps.org.uy\/index.php\/2023\/01\/05\/homenaje-a-mario-cassinoni\/#breadcrumb"},"inLanguage":"es","potentialAction":[{"@type":"ReadAction","target":["https:\/\/elsol.ps.org.uy\/index.php\/2023\/01\/05\/homenaje-a-mario-cassinoni\/"]}]},{"@type":"ImageObject","inLanguage":"es","@id":"https:\/\/elsol.ps.org.uy\/index.php\/2023\/01\/05\/homenaje-a-mario-cassinoni\/#primaryimage","url":"","contentUrl":""},{"@type":"BreadcrumbList","@id":"https:\/\/elsol.ps.org.uy\/index.php\/2023\/01\/05\/homenaje-a-mario-cassinoni\/#breadcrumb","itemListElement":[{"@type":"ListItem","position":1,"name":"Portada","item":"https:\/\/elsol.ps.org.uy\/"},{"@type":"ListItem","position":2,"name":"Homenaje a Mario Cassinoni"}]},{"@type":"WebSite","@id":"https:\/\/elsol.ps.org.uy\/#website","url":"https:\/\/elsol.ps.org.uy\/","name":"El Sol","description":"Organo del Partido Socialista - Frente Amplio","potentialAction":[{"@type":"SearchAction","target":{"@type":"EntryPoint","urlTemplate":"https:\/\/elsol.ps.org.uy\/?s={search_term_string}"},"query-input":{"@type":"PropertyValueSpecification","valueRequired":true,"valueName":"search_term_string"}}],"inLanguage":"es"},{"@type":"Person","@id":"https:\/\/elsol.ps.org.uy\/#\/schema\/person\/9642a61f31473fe97857228bf33277f6","name":"El Sol","image":{"@type":"ImageObject","inLanguage":"es","@id":"https:\/\/secure.gravatar.com\/avatar\/e14a39081cff84ca4b5657918d3e15ebebf0ca4cee0bb3b81200271ee78d4b9c?s=96&d=mm&r=g","url":"https:\/\/secure.gravatar.com\/avatar\/e14a39081cff84ca4b5657918d3e15ebebf0ca4cee0bb3b81200271ee78d4b9c?s=96&d=mm&r=g","contentUrl":"https:\/\/secure.gravatar.com\/avatar\/e14a39081cff84ca4b5657918d3e15ebebf0ca4cee0bb3b81200271ee78d4b9c?s=96&d=mm&r=g","caption":"El Sol"},"url":"https:\/\/elsol.ps.org.uy\/index.php\/author\/eugenia\/"}]}},"jetpack_featured_media_url":"","_links":{"self":[{"href":"https:\/\/elsol.ps.org.uy\/index.php\/wp-json\/wp\/v2\/posts\/12552","targetHints":{"allow":["GET"]}}],"collection":[{"href":"https:\/\/elsol.ps.org.uy\/index.php\/wp-json\/wp\/v2\/posts"}],"about":[{"href":"https:\/\/elsol.ps.org.uy\/index.php\/wp-json\/wp\/v2\/types\/post"}],"author":[{"embeddable":true,"href":"https:\/\/elsol.ps.org.uy\/index.php\/wp-json\/wp\/v2\/users\/2"}],"replies":[{"embeddable":true,"href":"https:\/\/elsol.ps.org.uy\/index.php\/wp-json\/wp\/v2\/comments?post=12552"}],"version-history":[{"count":0,"href":"https:\/\/elsol.ps.org.uy\/index.php\/wp-json\/wp\/v2\/posts\/12552\/revisions"}],"wp:featuredmedia":[{"embeddable":true,"href":"https:\/\/elsol.ps.org.uy\/index.php\/wp-json\/"}],"wp:attachment":[{"href":"https:\/\/elsol.ps.org.uy\/index.php\/wp-json\/wp\/v2\/media?parent=12552"}],"wp:term":[{"taxonomy":"category","embeddable":true,"href":"https:\/\/elsol.ps.org.uy\/index.php\/wp-json\/wp\/v2\/categories?post=12552"},{"taxonomy":"post_tag","embeddable":true,"href":"https:\/\/elsol.ps.org.uy\/index.php\/wp-json\/wp\/v2\/tags?post=12552"}],"curies":[{"name":"wp","href":"https:\/\/api.w.org\/{rel}","templated":true}]}}