{"id":12635,"date":"2023-03-01T17:58:54","date_gmt":"2023-03-01T20:58:54","guid":{"rendered":"https:\/\/ps.org.uy\/?p=12635"},"modified":"2023-03-01T17:58:54","modified_gmt":"2023-03-01T20:58:54","slug":"recurso-de-inconstitucionalidad-en-utec","status":"publish","type":"post","link":"https:\/\/elsol.ps.org.uy\/index.php\/2023\/03\/01\/recurso-de-inconstitucionalidad-en-utec\/","title":{"rendered":"Recurso de inconstitucionalidad en UTEC"},"content":{"rendered":"\n<p class=\"has-text-align-right\"><strong><strong>Escribe Shanti Benvenuto | Centro Socialista Paso de los Toros<\/strong><\/strong><\/p>\n\n\n\n<p>El jueves 23 de febrero de 2023 se present\u00f3 ante la Suprema Corte de Justicia un recurso de Inconstitucionalidad a la ley 20.096 por vicios de forma y contenido, a cargo del&nbsp;&nbsp;Doctor en Leyes Michael Di March y en compa\u00f1\u00eda de Marcelo Ubal (Magister en Ense\u00f1anza Universitaria y Coordinador Educativo en el ITR de Rivera), Melody Garcia (Magister en Tecnolog\u00eda Educativa y Docente en UTEC Rivera), Juan Francisco Mathisson (Docente en UTEC e Ingeniero Qu\u00edmico) y los estudiantes Alan Fontan\u00e9 (Ingenier\u00eda en Log\u00edstica del ITR &#8211; Norte, Rivera) y Shanti Benvenuto (Ingenier\u00eda en Energ\u00edas Renovables del ITR- CS, Durazno).<\/p>\n\n\n\n<p>Este mismo se ampara en el art\u00edculo 203 y 205 de la constituci\u00f3n los cuales fueron vulnerados en la votaci\u00f3n de la ley 20.096 como en el contenido de la misma. El d\u00eda 29 de noviembre de 2022 cuando fue promulgada a los \u00f3rdenes gremiales SITUTEC y AEUTEC los cuales integran el espacio gobernado 2.3.14 comenzaron a trabajar en torno a la posible inconstitucionalidad. Esto mismo acompa\u00f1ado de otras problem\u00e1ticas que son de p\u00fablico conocimiento lleva nuevamente a la instituci\u00f3n a estar en el ojo del hurac\u00e1n, donde en el caso que se apruebe la inconstitucionalidad ser\u00eda una gran mancha para lo que es un proyecto que pretend\u00eda descentralizar la educaci\u00f3n y permitir a estudiantes del interior poder tener una formaci\u00f3n profesional de calidad. La instituci\u00f3n ha salido perjudicada debido a pol\u00edticas que en vez de beneficiar a la universidad la perjudican al punto que pr\u00e1cticamente es imposible nombrar la UTEC sin tener en consideraci\u00f3n las renuncias, casos de hostigamiento, acoso sexual, plagio, calidad educativa, rezago estudiantil, entre otras cosas.&nbsp;<\/p>\n\n\n\n<p>Todo esto termina dando un balance negativo que sumado al proceso de inconstitucionalidad que se inici\u00f3 pone otra mancha en la instituci\u00f3n que se va a ver perjudicada debido a ciertos actores pol\u00edticos, como responsables de la instituci\u00f3n que directa o indirectamente han manchado un hermoso proyecto nacido de la ley 19.043 la cual ha sido vulnerada sistem\u00e1ticamente.<\/p>\n\n\n\n<p>\u00bfCu\u00e1les son los argumentos que permiten que se presente la inconstitucionalidad?<\/p>\n\n\n\n<p>&nbsp;El primer argumento reside en c\u00f3mo fue votada, donde la constituci\u00f3n exige que la misma sea votada con mayor\u00eda del total de componentes y no con la mayor\u00eda de los presentes como termin\u00f3 siendo aprobada, donde los votos necesarios para que la ley se apruebe en senadores son 16 y en diputados 51 en este caso ninguna de las dos camaras cumplio el requisito, una con 15 y la otra con 49.<\/p>\n\n\n\n<p>El segundo argumento se basa en la autonom\u00eda de la universidad donde la misma no debe tener incidencia del poder ejecutivo, esto en la nueva ley es modificado donde el pseudo cogobierno que se propone en el consejo consultivo general no es vinculante ni tiene la capacidad de generar resoluciones con respecto a la instituci\u00f3n. El poder ejecutivo seguir\u00eda teniendo la presencia pudiendo designar a los tres consejeros directivos que seguir\u00e1n integrando el Consejo Directivo General.<\/p>\n\n\n\n<p>La ley 19.043 en su art\u00edculo 14 prev\u00e9 el cogobierno de la UTEC con un rector designado por voto de estudiantes, egresados y docentes, adem\u00e1s de dos representantes de los docentes, dos de los estudiantes, uno de los empresarios organizados y otro de los trabajadores.<\/p>\n\n\n\n<p>\u00bfEl gobierno es consciente de la inconstitucionalidad?<\/p>\n\n\n\n<p>La realidad es que apenas supieron del error cometido en la votaci\u00f3n tomaron cartas en el asunto pretendiendo presentar una nueva ley con igual contenido la cual ser\u00eda de igual manera inconstitucional ya que si bien se tiene la intenci\u00f3n de que sea votada con la mayor\u00eda absoluta de las c\u00e1maras, votaci\u00f3n que es posible debido a Cabildo Abierto y Partido Colorado fallaria en el hecho de que solo se puede presentar un proyecto de ley con respecto al tema por legislatura adem\u00e1s de que seguir\u00eda estando en oposici\u00f3n con el art\u00edculo 205 de la constituci\u00f3n donde se aclara c\u00f3mo ha de ser conformado los Consejos directivos de los entes aut\u00f3nomos de la educaci\u00f3n.<\/p>\n\n\n\n<p>En el profundo an\u00e1lisis que hizo el Doctor Di March se dieron indicios de claro inter\u00e9s de presentar un nuevo recurso de inconstitucionalidad en caso de que esta ley que el gobierno tiene planeado presentar. Esta ley derogar\u00eda la 20.096 para a\u00f1adir el mismo contenido a otra totalmente nueva y tapar un error que se cometi\u00f3, que sumado a la reforma educativa, la reforma jubilatoria y el caso Astesiano entre otros casos sucedidos en este gobierno finalizan con la necesidad de no seguir sumando manchas a una etapa que se ha caracterizado por no tener la mas minima consideracion de las opiniones de los que pertenecen o se ven afectados con sus proyectos de ley o reformas.<\/p>\n\n\n\n<p>El inter\u00e9s de mantener el caso UTEC en las sombras y de fingir que ha sido una instituci\u00f3n que se ha visto beneficiada de no tener cogobierno conlleva finalmente a que en caso de que la suprema corte de justicia considere que la ley es inconstitucional este gobierno se vea acorralado por todos los entes educativos y no tenga m\u00e1s opci\u00f3n que negociar los t\u00e9rminos en los que pretende modificar el \u00e1mbito educativo. En el mejor de los escenarios una negociaci\u00f3n de las partes podr\u00eda llegar a lograr que la pr\u00f3xima ley que se plantea presentar no llegue a los votos necesarios y se quede en otro fracaso m\u00e1s del gobierno de turno.<\/p>\n","protected":false},"excerpt":{"rendered":"Escribe Shanti Benvenuto | Centro Socialista Paso de los Toros\n<a class=\"moretag\" href=\"https:\/\/elsol.ps.org.uy\/index.php\/2023\/03\/01\/recurso-de-inconstitucionalidad-en-utec\/\"> [...]<\/a>","protected":false},"author":2,"featured_media":12628,"comment_status":"closed","ping_status":"closed","sticky":false,"template":"","format":"standard","meta":{"footnotes":""},"categories":[30,36,46],"tags":[],"class_list":["post-12635","post","type-post","status-publish","format-standard","has-post-thumbnail","hentry","category-destacadas","category-el-sol","category-el-sol-no-30-febrero-2023"],"yoast_head":"<!-- This site is optimized with the Yoast SEO plugin v27.5 - https:\/\/yoast.com\/product\/yoast-seo-wordpress\/ -->\n<title>Recurso de inconstitucionalidad en UTEC - El Sol<\/title>\n<meta name=\"robots\" content=\"index, follow, max-snippet:-1, max-image-preview:large, max-video-preview:-1\" \/>\n<link rel=\"canonical\" href=\"https:\/\/elsol.ps.org.uy\/index.php\/2023\/03\/01\/recurso-de-inconstitucionalidad-en-utec\/\" \/>\n<meta property=\"og:locale\" content=\"es_ES\" \/>\n<meta property=\"og:type\" content=\"article\" \/>\n<meta property=\"og:title\" content=\"Recurso de inconstitucionalidad en UTEC - El Sol\" \/>\n<meta property=\"og:description\" content=\"Escribe Shanti Benvenuto | Centro Socialista Paso de los Toros\" \/>\n<meta property=\"og:url\" content=\"https:\/\/elsol.ps.org.uy\/index.php\/2023\/03\/01\/recurso-de-inconstitucionalidad-en-utec\/\" \/>\n<meta property=\"og:site_name\" content=\"El Sol\" \/>\n<meta property=\"article:published_time\" content=\"2023-03-01T20:58:54+00:00\" \/>\n<meta name=\"author\" content=\"El Sol\" \/>\n<meta name=\"twitter:card\" content=\"summary_large_image\" \/>\n<meta name=\"twitter:label1\" content=\"Escrito por\" \/>\n\t<meta name=\"twitter:data1\" content=\"El Sol\" \/>\n\t<meta name=\"twitter:label2\" content=\"Tiempo de lectura\" \/>\n\t<meta name=\"twitter:data2\" content=\"5 minutos\" \/>\n<script type=\"application\/ld+json\" class=\"yoast-schema-graph\">{\"@context\":\"https:\\\/\\\/schema.org\",\"@graph\":[{\"@type\":\"Article\",\"@id\":\"https:\\\/\\\/elsol.ps.org.uy\\\/index.php\\\/2023\\\/03\\\/01\\\/recurso-de-inconstitucionalidad-en-utec\\\/#article\",\"isPartOf\":{\"@id\":\"https:\\\/\\\/elsol.ps.org.uy\\\/index.php\\\/2023\\\/03\\\/01\\\/recurso-de-inconstitucionalidad-en-utec\\\/\"},\"author\":{\"name\":\"El Sol\",\"@id\":\"https:\\\/\\\/elsol.ps.org.uy\\\/#\\\/schema\\\/person\\\/9642a61f31473fe97857228bf33277f6\"},\"headline\":\"Recurso de inconstitucionalidad en UTEC\",\"datePublished\":\"2023-03-01T20:58:54+00:00\",\"mainEntityOfPage\":{\"@id\":\"https:\\\/\\\/elsol.ps.org.uy\\\/index.php\\\/2023\\\/03\\\/01\\\/recurso-de-inconstitucionalidad-en-utec\\\/\"},\"wordCount\":950,\"image\":{\"@id\":\"https:\\\/\\\/elsol.ps.org.uy\\\/index.php\\\/2023\\\/03\\\/01\\\/recurso-de-inconstitucionalidad-en-utec\\\/#primaryimage\"},\"thumbnailUrl\":\"\",\"articleSection\":[\"Destacadas\",\"El Sol\",\"El Sol \u2013 N\u00ba 30 \u2013 Febrero 2023\"],\"inLanguage\":\"es\"},{\"@type\":\"WebPage\",\"@id\":\"https:\\\/\\\/elsol.ps.org.uy\\\/index.php\\\/2023\\\/03\\\/01\\\/recurso-de-inconstitucionalidad-en-utec\\\/\",\"url\":\"https:\\\/\\\/elsol.ps.org.uy\\\/index.php\\\/2023\\\/03\\\/01\\\/recurso-de-inconstitucionalidad-en-utec\\\/\",\"name\":\"Recurso de inconstitucionalidad en UTEC - El Sol\",\"isPartOf\":{\"@id\":\"https:\\\/\\\/elsol.ps.org.uy\\\/#website\"},\"primaryImageOfPage\":{\"@id\":\"https:\\\/\\\/elsol.ps.org.uy\\\/index.php\\\/2023\\\/03\\\/01\\\/recurso-de-inconstitucionalidad-en-utec\\\/#primaryimage\"},\"image\":{\"@id\":\"https:\\\/\\\/elsol.ps.org.uy\\\/index.php\\\/2023\\\/03\\\/01\\\/recurso-de-inconstitucionalidad-en-utec\\\/#primaryimage\"},\"thumbnailUrl\":\"\",\"datePublished\":\"2023-03-01T20:58:54+00:00\",\"author\":{\"@id\":\"https:\\\/\\\/elsol.ps.org.uy\\\/#\\\/schema\\\/person\\\/9642a61f31473fe97857228bf33277f6\"},\"breadcrumb\":{\"@id\":\"https:\\\/\\\/elsol.ps.org.uy\\\/index.php\\\/2023\\\/03\\\/01\\\/recurso-de-inconstitucionalidad-en-utec\\\/#breadcrumb\"},\"inLanguage\":\"es\",\"potentialAction\":[{\"@type\":\"ReadAction\",\"target\":[\"https:\\\/\\\/elsol.ps.org.uy\\\/index.php\\\/2023\\\/03\\\/01\\\/recurso-de-inconstitucionalidad-en-utec\\\/\"]}]},{\"@type\":\"ImageObject\",\"inLanguage\":\"es\",\"@id\":\"https:\\\/\\\/elsol.ps.org.uy\\\/index.php\\\/2023\\\/03\\\/01\\\/recurso-de-inconstitucionalidad-en-utec\\\/#primaryimage\",\"url\":\"\",\"contentUrl\":\"\"},{\"@type\":\"BreadcrumbList\",\"@id\":\"https:\\\/\\\/elsol.ps.org.uy\\\/index.php\\\/2023\\\/03\\\/01\\\/recurso-de-inconstitucionalidad-en-utec\\\/#breadcrumb\",\"itemListElement\":[{\"@type\":\"ListItem\",\"position\":1,\"name\":\"Portada\",\"item\":\"https:\\\/\\\/elsol.ps.org.uy\\\/\"},{\"@type\":\"ListItem\",\"position\":2,\"name\":\"Recurso de inconstitucionalidad en UTEC\"}]},{\"@type\":\"WebSite\",\"@id\":\"https:\\\/\\\/elsol.ps.org.uy\\\/#website\",\"url\":\"https:\\\/\\\/elsol.ps.org.uy\\\/\",\"name\":\"El Sol\",\"description\":\"Organo del Partido Socialista - Frente Amplio\",\"potentialAction\":[{\"@type\":\"SearchAction\",\"target\":{\"@type\":\"EntryPoint\",\"urlTemplate\":\"https:\\\/\\\/elsol.ps.org.uy\\\/?s={search_term_string}\"},\"query-input\":{\"@type\":\"PropertyValueSpecification\",\"valueRequired\":true,\"valueName\":\"search_term_string\"}}],\"inLanguage\":\"es\"},{\"@type\":\"Person\",\"@id\":\"https:\\\/\\\/elsol.ps.org.uy\\\/#\\\/schema\\\/person\\\/9642a61f31473fe97857228bf33277f6\",\"name\":\"El Sol\",\"image\":{\"@type\":\"ImageObject\",\"inLanguage\":\"es\",\"@id\":\"https:\\\/\\\/secure.gravatar.com\\\/avatar\\\/e14a39081cff84ca4b5657918d3e15ebebf0ca4cee0bb3b81200271ee78d4b9c?s=96&d=mm&r=g\",\"url\":\"https:\\\/\\\/secure.gravatar.com\\\/avatar\\\/e14a39081cff84ca4b5657918d3e15ebebf0ca4cee0bb3b81200271ee78d4b9c?s=96&d=mm&r=g\",\"contentUrl\":\"https:\\\/\\\/secure.gravatar.com\\\/avatar\\\/e14a39081cff84ca4b5657918d3e15ebebf0ca4cee0bb3b81200271ee78d4b9c?s=96&d=mm&r=g\",\"caption\":\"El Sol\"},\"url\":\"https:\\\/\\\/elsol.ps.org.uy\\\/index.php\\\/author\\\/eugenia\\\/\"}]}<\/script>\n<!-- \/ Yoast SEO plugin. -->","yoast_head_json":{"title":"Recurso de inconstitucionalidad en UTEC - El Sol","robots":{"index":"index","follow":"follow","max-snippet":"max-snippet:-1","max-image-preview":"max-image-preview:large","max-video-preview":"max-video-preview:-1"},"canonical":"https:\/\/elsol.ps.org.uy\/index.php\/2023\/03\/01\/recurso-de-inconstitucionalidad-en-utec\/","og_locale":"es_ES","og_type":"article","og_title":"Recurso de inconstitucionalidad en UTEC - El Sol","og_description":"Escribe Shanti Benvenuto | Centro Socialista Paso de los Toros","og_url":"https:\/\/elsol.ps.org.uy\/index.php\/2023\/03\/01\/recurso-de-inconstitucionalidad-en-utec\/","og_site_name":"El Sol","article_published_time":"2023-03-01T20:58:54+00:00","author":"El Sol","twitter_card":"summary_large_image","twitter_misc":{"Escrito por":"El Sol","Tiempo de lectura":"5 minutos"},"schema":{"@context":"https:\/\/schema.org","@graph":[{"@type":"Article","@id":"https:\/\/elsol.ps.org.uy\/index.php\/2023\/03\/01\/recurso-de-inconstitucionalidad-en-utec\/#article","isPartOf":{"@id":"https:\/\/elsol.ps.org.uy\/index.php\/2023\/03\/01\/recurso-de-inconstitucionalidad-en-utec\/"},"author":{"name":"El Sol","@id":"https:\/\/elsol.ps.org.uy\/#\/schema\/person\/9642a61f31473fe97857228bf33277f6"},"headline":"Recurso de inconstitucionalidad en UTEC","datePublished":"2023-03-01T20:58:54+00:00","mainEntityOfPage":{"@id":"https:\/\/elsol.ps.org.uy\/index.php\/2023\/03\/01\/recurso-de-inconstitucionalidad-en-utec\/"},"wordCount":950,"image":{"@id":"https:\/\/elsol.ps.org.uy\/index.php\/2023\/03\/01\/recurso-de-inconstitucionalidad-en-utec\/#primaryimage"},"thumbnailUrl":"","articleSection":["Destacadas","El Sol","El Sol \u2013 N\u00ba 30 \u2013 Febrero 2023"],"inLanguage":"es"},{"@type":"WebPage","@id":"https:\/\/elsol.ps.org.uy\/index.php\/2023\/03\/01\/recurso-de-inconstitucionalidad-en-utec\/","url":"https:\/\/elsol.ps.org.uy\/index.php\/2023\/03\/01\/recurso-de-inconstitucionalidad-en-utec\/","name":"Recurso de inconstitucionalidad en UTEC - El Sol","isPartOf":{"@id":"https:\/\/elsol.ps.org.uy\/#website"},"primaryImageOfPage":{"@id":"https:\/\/elsol.ps.org.uy\/index.php\/2023\/03\/01\/recurso-de-inconstitucionalidad-en-utec\/#primaryimage"},"image":{"@id":"https:\/\/elsol.ps.org.uy\/index.php\/2023\/03\/01\/recurso-de-inconstitucionalidad-en-utec\/#primaryimage"},"thumbnailUrl":"","datePublished":"2023-03-01T20:58:54+00:00","author":{"@id":"https:\/\/elsol.ps.org.uy\/#\/schema\/person\/9642a61f31473fe97857228bf33277f6"},"breadcrumb":{"@id":"https:\/\/elsol.ps.org.uy\/index.php\/2023\/03\/01\/recurso-de-inconstitucionalidad-en-utec\/#breadcrumb"},"inLanguage":"es","potentialAction":[{"@type":"ReadAction","target":["https:\/\/elsol.ps.org.uy\/index.php\/2023\/03\/01\/recurso-de-inconstitucionalidad-en-utec\/"]}]},{"@type":"ImageObject","inLanguage":"es","@id":"https:\/\/elsol.ps.org.uy\/index.php\/2023\/03\/01\/recurso-de-inconstitucionalidad-en-utec\/#primaryimage","url":"","contentUrl":""},{"@type":"BreadcrumbList","@id":"https:\/\/elsol.ps.org.uy\/index.php\/2023\/03\/01\/recurso-de-inconstitucionalidad-en-utec\/#breadcrumb","itemListElement":[{"@type":"ListItem","position":1,"name":"Portada","item":"https:\/\/elsol.ps.org.uy\/"},{"@type":"ListItem","position":2,"name":"Recurso de inconstitucionalidad en UTEC"}]},{"@type":"WebSite","@id":"https:\/\/elsol.ps.org.uy\/#website","url":"https:\/\/elsol.ps.org.uy\/","name":"El Sol","description":"Organo del Partido Socialista - Frente Amplio","potentialAction":[{"@type":"SearchAction","target":{"@type":"EntryPoint","urlTemplate":"https:\/\/elsol.ps.org.uy\/?s={search_term_string}"},"query-input":{"@type":"PropertyValueSpecification","valueRequired":true,"valueName":"search_term_string"}}],"inLanguage":"es"},{"@type":"Person","@id":"https:\/\/elsol.ps.org.uy\/#\/schema\/person\/9642a61f31473fe97857228bf33277f6","name":"El Sol","image":{"@type":"ImageObject","inLanguage":"es","@id":"https:\/\/secure.gravatar.com\/avatar\/e14a39081cff84ca4b5657918d3e15ebebf0ca4cee0bb3b81200271ee78d4b9c?s=96&d=mm&r=g","url":"https:\/\/secure.gravatar.com\/avatar\/e14a39081cff84ca4b5657918d3e15ebebf0ca4cee0bb3b81200271ee78d4b9c?s=96&d=mm&r=g","contentUrl":"https:\/\/secure.gravatar.com\/avatar\/e14a39081cff84ca4b5657918d3e15ebebf0ca4cee0bb3b81200271ee78d4b9c?s=96&d=mm&r=g","caption":"El Sol"},"url":"https:\/\/elsol.ps.org.uy\/index.php\/author\/eugenia\/"}]}},"jetpack_featured_media_url":"","_links":{"self":[{"href":"https:\/\/elsol.ps.org.uy\/index.php\/wp-json\/wp\/v2\/posts\/12635","targetHints":{"allow":["GET"]}}],"collection":[{"href":"https:\/\/elsol.ps.org.uy\/index.php\/wp-json\/wp\/v2\/posts"}],"about":[{"href":"https:\/\/elsol.ps.org.uy\/index.php\/wp-json\/wp\/v2\/types\/post"}],"author":[{"embeddable":true,"href":"https:\/\/elsol.ps.org.uy\/index.php\/wp-json\/wp\/v2\/users\/2"}],"replies":[{"embeddable":true,"href":"https:\/\/elsol.ps.org.uy\/index.php\/wp-json\/wp\/v2\/comments?post=12635"}],"version-history":[{"count":0,"href":"https:\/\/elsol.ps.org.uy\/index.php\/wp-json\/wp\/v2\/posts\/12635\/revisions"}],"wp:featuredmedia":[{"embeddable":true,"href":"https:\/\/elsol.ps.org.uy\/index.php\/wp-json\/"}],"wp:attachment":[{"href":"https:\/\/elsol.ps.org.uy\/index.php\/wp-json\/wp\/v2\/media?parent=12635"}],"wp:term":[{"taxonomy":"category","embeddable":true,"href":"https:\/\/elsol.ps.org.uy\/index.php\/wp-json\/wp\/v2\/categories?post=12635"},{"taxonomy":"post_tag","embeddable":true,"href":"https:\/\/elsol.ps.org.uy\/index.php\/wp-json\/wp\/v2\/tags?post=12635"}],"curies":[{"name":"wp","href":"https:\/\/api.w.org\/{rel}","templated":true}]}}