{"id":12640,"date":"2023-03-01T18:03:14","date_gmt":"2023-03-01T21:03:14","guid":{"rendered":"https:\/\/ps.org.uy\/?p=12640"},"modified":"2023-03-01T18:03:14","modified_gmt":"2023-03-01T21:03:14","slug":"52-anos-de-lucha-y-transformacion","status":"publish","type":"post","link":"https:\/\/elsol.ps.org.uy\/index.php\/2023\/03\/01\/52-anos-de-lucha-y-transformacion\/","title":{"rendered":"52 a\u00f1os de lucha y transformaci\u00f3n"},"content":{"rendered":"\n<p class=\"has-text-align-right\"><strong>Federico P\u00e9rez C\u00e9spedes &#8211; Secretario de Comunicaci\u00f3n PS<\/strong><\/p>\n\n\n\n<p>El domingo 5 de febrero una hermosa tarde de verano recibi\u00f3 a miles de frenteamplistas en Parque del Plata. El acto central de festejo de los 52 a\u00f1os de la fuerza pol\u00edtica m\u00e1s importante del pa\u00eds -uno m\u00e1s de los actos en las diferentes departamentales del territorio- ocasionaba la atenci\u00f3n de multitudes. Desde las 16 horas, grupos de militantes, adherentes y simpatizantes con banderas uruguayas, del Frente Amplio y los diferentes sectores, fueron colmando la rambla sobre el arroyo Sol\u00eds Chico. En la medida que avanzaron los diferentes actos musicales, la cantidad de gente fue aumentando progresivamente hasta que la llegada del banderazo termin\u00f3 de llenar el espacio frente al escenario.&nbsp;<\/p>\n\n\n\n<p>Desde el comienzo de la jornada, los reci\u00e9n llegados fueron construyendo un ambiente de alegr\u00eda y optimismo que tuvo su cl\u00edmax en el momento de los discursos.&nbsp;En primer lugar, habl\u00f3 Sof\u00eda de Melo por J\u00f3venes FA, luego Susana Mu\u00f1iz, presidenta de la Departamental de Canelones y Fernando Pereira, presidente del Frente Amplio.<\/p>\n\n\n\n<p>El discurso de Sof\u00eda de Melo estuvo centrado en el rol clave de la juventud a la hora de militar los territorios. Asimismo, en que las y los j\u00f3venes tienen un rol transformador a la interna de la fuerza pol\u00edtica, debiendo&nbsp;entrelazar la nueva agenda program\u00e1tica con las reivindicaciones hist\u00f3ricas del Frente Amplio. Por su parte, Susana Mu\u00f1iz enfatiz\u00f3 en la caracterizaci\u00f3n del gobierno en tanto conservador y aporof\u00f3bico. En simult\u00e1neo, hizo un fuerte hincapi\u00e9 en el territorio de Canelones donde se desempe\u00f1a como Edila. En \u00faltima instancia, Fernando Pereira realiz\u00f3 un extenso discurso abordando multiplicidad de temas. Entre ellos, la confirmaci\u00f3n de la reciente apertura de cincuenta nuevos Comit\u00e9 de Base -que ser\u00e1n quinientos a fin de a\u00f1o seg\u00fan indica Organizaci\u00f3n del Frente Amplio-, los logros y aciertos de los quince a\u00f1os de gobierno, el respeto institucional del Frente Amplio, el rol de ser oposici\u00f3n y diferentes caracterizaciones del Gobierno, entre otros. Luego de la parte oratoria, la jornada se cerr\u00f3 con la actuaci\u00f3n de Alejandro Balbis y Rolado Paz.<\/p>\n\n\n\n<p>M\u00e1s all\u00e1 del plano festivo y convocante del acto \u00bfen qu\u00e9 momento se encuentra el Frente Amplio? y principalmente \u00bfHacia d\u00f3nde va?<\/p>\n\n\n\n<p>La coyuntura actual nos ubica transitando un Gobierno altamente regresivo, conservador y concentrador. Las hist\u00f3ricas clases dominantes de Uruguay se coalicionaron para gobernar de cara&nbsp;&nbsp;al 1 % m\u00e1s favorecido de nuestra poblaci\u00f3n y de espaldas a las grandes mayor\u00edas. En este contexto, el Frente Amplio se encuentra en una situaci\u00f3n inmejorable para erigirse como el proyecto alternativo y transformador que beneficie a estas mayor\u00edas, la pregunta es \u00bfc\u00f3mo puede el Frente Amplio constituirse como opci\u00f3n n\u00edtida de las clases populares?&nbsp;<\/p>\n\n\n\n<p>Desde el rol de oposici\u00f3n que viene desarrollando es posible delimitar con m\u00e1s firmeza y claridad las diferencias que nos separan del proyecto pol\u00edtico-econ\u00f3mico de las clases dominantes. La oposici\u00f3n es responsable siempre que sea capaz de construir y describir un modelo de pa\u00eds que sea radicalmente diferente a los intereses de las minor\u00edas conservadoras. Para lograr perfilarse como oposici\u00f3n propositiva s\u00f3lida, es vital que las propuestas sean construidas colectivamente en contacto con la realidad cotidiana de cada uno de los territorios de nuestro pa\u00eds. Esto no s\u00f3lo facilita la construcci\u00f3n multiperspectiva y la identificaci\u00f3n con el proyecto, sino que, simult\u00e1neamente, facilita la tarea comunicativa teniendo presentes las peculiaridades que posee cada territorialidad para construir comunicaci\u00f3n. Al extender las redes de discusi\u00f3n-participaci\u00f3n-comunicaci\u00f3n con un mensaje claro, radical y contundente se simplifica la constituci\u00f3n del Frente Amplio como la \u00fanica opci\u00f3n real para trabajadoras, trabajadores y minor\u00edas hist\u00f3ricamente silenciadas.<\/p>\n\n\n\n<p>Desde otra perspectiva, como bien dijo Fernando Pereira en una parte de su discurso \u201cEl Frente Amplio no se construy\u00f3 como un Partido para competir en las elecciones, el Frente Amplio se construy\u00f3 como un proyecto alternativo a las derechas conservadoras\u201d. Siendo un proyecto alternativo construido continuamente en colectivo y en la praxis, el Frente Amplio se aleja de su rumbo optando por c\u00e1lculos electoralistas fr\u00edos y aprior\u00edsticos. Por el contrario, siendo realmente representativo de los colectivos sociales que pretende representar y siendo contundente en la defensa de los derechos de estos colectivos, el Frente Amplio se erige como opci\u00f3n para las mayor\u00edas uruguayas.&nbsp;<\/p>\n\n\n\n<p>La contundencia en la oposici\u00f3n muchas veces significa movilizarse, manifestarse. Si la p\u00e9rdida de derechos no nos moviliza \u00bfqu\u00e9 nos moviliza entonces? Teniendo en cuenta lo anterior, en un contexto en el cual una a una de nuestras victorias en los quince a\u00f1os de gobierno se diluyen ante el embate regresivo de la derecha conservadora \u00bfc\u00f3mo reaccionamos? \u00bfpasividad? \u00bfpaciencia? \u00bfo siendo claros y enf\u00e1ticos en nuestro discurso, tomando las decisiones que la normativa vigente nos faculte tomar?&nbsp;<\/p>\n\n\n\n<p>Seg\u00fan el art\u00edculo 38 de nuestra Carta Magna \u201cQueda garantido el derecho de reuni\u00f3n pac\u00edfica y sin armas. El ejercicio de este derecho no podr\u00e1 ser desconocido por ninguna autoridad de la Rep\u00fablica sino en virtud de una ley, y solamente en cuanto se oponga a la salud, la seguridad y el orden p\u00fablicos\u201d. Asimismo, en el plano internacional tambi\u00e9n se salvaguardan los derechos de expresi\u00f3n, manifestaci\u00f3n y huelga en los diferentes sistemas internacionales o regionales de Derechos Humanos. Es claro que manifestarse y defender los derechos de los colectivos que representamos dentro de los l\u00edmites normativos no significa ning\u00fan impedimento al normal funcionamiento de la democracia. Las rupturas o alteraciones institucionales generalmente parten desde el status quo, como podemos ver en la actualidad en la trama de mafia y corrupci\u00f3n del caso Astesiano.<\/p>\n\n\n\n<p>Por otro lado, y m\u00e1s all\u00e1 de dilucidar la necesidad del bloque popular de manifestarse y construir en la comunicaci\u00f3n en la acci\u00f3n, y c\u00f3mo ello de ning\u00fan modo reviste un ataque a la democracia -por el contrario, la profundiza-, es \u00fatil realizar una aclaraci\u00f3n m\u00e1s. El estatus quo es el orden establecido y la izquierda busca transformar ese orden. Por ende, para cambiar el orden es imposible tomar las acciones del mismo orden. La izquierda tiene que ser creativa, innovadora y osada sino el mismo orden la fagocita y la reproduce como una parte m\u00e1s integrante del orden.<\/p>\n\n\n\n<p>A 52 a\u00f1os de su fundaci\u00f3n el Frente Amplio sigue siendo el camino para la transformaci\u00f3n radical del Uruguay.&nbsp;&nbsp;Es el camino desde 1971 y lo sigue siendo hoy. Es fundamental ganar las elecciones en 2024 -no admite la menor duda-, pero tambi\u00e9n es crucial construir diversas tramas de cambios profundos que sean capaces de poner en el centro la vida digna de las excluidas y los excluidos, las explotadas y los explotados. Sin representaci\u00f3n no hay cambios, sin cambios contin\u00faa el orden preexistente. Ese orden es el que beneficia a las minor\u00edas dominantes.&nbsp;<\/p>\n","protected":false},"excerpt":{"rendered":"Federico P\u00e9rez C\u00e9spedes &#8211; Secretario de Comunicaci\u00f3n PS\n<a class=\"moretag\" href=\"https:\/\/elsol.ps.org.uy\/index.php\/2023\/03\/01\/52-anos-de-lucha-y-transformacion\/\"> [...]<\/a>","protected":false},"author":2,"featured_media":12629,"comment_status":"closed","ping_status":"closed","sticky":false,"template":"","format":"standard","meta":{"footnotes":""},"categories":[36,46],"tags":[],"class_list":["post-12640","post","type-post","status-publish","format-standard","has-post-thumbnail","hentry","category-el-sol","category-el-sol-no-30-febrero-2023"],"yoast_head":"<!-- This site is optimized with the Yoast SEO plugin v27.5 - https:\/\/yoast.com\/product\/yoast-seo-wordpress\/ -->\n<title>52 a\u00f1os de lucha y transformaci\u00f3n - El Sol<\/title>\n<meta name=\"robots\" content=\"index, follow, max-snippet:-1, max-image-preview:large, max-video-preview:-1\" \/>\n<link rel=\"canonical\" href=\"https:\/\/elsol.ps.org.uy\/index.php\/2023\/03\/01\/52-anos-de-lucha-y-transformacion\/\" \/>\n<meta property=\"og:locale\" content=\"es_ES\" \/>\n<meta property=\"og:type\" content=\"article\" \/>\n<meta property=\"og:title\" content=\"52 a\u00f1os de lucha y transformaci\u00f3n - El Sol\" \/>\n<meta property=\"og:description\" content=\"Federico P\u00e9rez C\u00e9spedes - Secretario de Comunicaci\u00f3n PS\" \/>\n<meta property=\"og:url\" content=\"https:\/\/elsol.ps.org.uy\/index.php\/2023\/03\/01\/52-anos-de-lucha-y-transformacion\/\" \/>\n<meta property=\"og:site_name\" content=\"El Sol\" \/>\n<meta property=\"article:published_time\" content=\"2023-03-01T21:03:14+00:00\" \/>\n<meta name=\"author\" content=\"El Sol\" \/>\n<meta name=\"twitter:card\" content=\"summary_large_image\" \/>\n<meta name=\"twitter:label1\" content=\"Escrito por\" \/>\n\t<meta name=\"twitter:data1\" content=\"El Sol\" \/>\n\t<meta name=\"twitter:label2\" content=\"Tiempo de lectura\" \/>\n\t<meta name=\"twitter:data2\" content=\"6 minutos\" \/>\n<script type=\"application\/ld+json\" class=\"yoast-schema-graph\">{\"@context\":\"https:\\\/\\\/schema.org\",\"@graph\":[{\"@type\":\"Article\",\"@id\":\"https:\\\/\\\/elsol.ps.org.uy\\\/index.php\\\/2023\\\/03\\\/01\\\/52-anos-de-lucha-y-transformacion\\\/#article\",\"isPartOf\":{\"@id\":\"https:\\\/\\\/elsol.ps.org.uy\\\/index.php\\\/2023\\\/03\\\/01\\\/52-anos-de-lucha-y-transformacion\\\/\"},\"author\":{\"name\":\"El Sol\",\"@id\":\"https:\\\/\\\/elsol.ps.org.uy\\\/#\\\/schema\\\/person\\\/9642a61f31473fe97857228bf33277f6\"},\"headline\":\"52 a\u00f1os de lucha y transformaci\u00f3n\",\"datePublished\":\"2023-03-01T21:03:14+00:00\",\"mainEntityOfPage\":{\"@id\":\"https:\\\/\\\/elsol.ps.org.uy\\\/index.php\\\/2023\\\/03\\\/01\\\/52-anos-de-lucha-y-transformacion\\\/\"},\"wordCount\":1215,\"image\":{\"@id\":\"https:\\\/\\\/elsol.ps.org.uy\\\/index.php\\\/2023\\\/03\\\/01\\\/52-anos-de-lucha-y-transformacion\\\/#primaryimage\"},\"thumbnailUrl\":\"\",\"articleSection\":[\"El Sol\",\"El Sol \u2013 N\u00ba 30 \u2013 Febrero 2023\"],\"inLanguage\":\"es\"},{\"@type\":\"WebPage\",\"@id\":\"https:\\\/\\\/elsol.ps.org.uy\\\/index.php\\\/2023\\\/03\\\/01\\\/52-anos-de-lucha-y-transformacion\\\/\",\"url\":\"https:\\\/\\\/elsol.ps.org.uy\\\/index.php\\\/2023\\\/03\\\/01\\\/52-anos-de-lucha-y-transformacion\\\/\",\"name\":\"52 a\u00f1os de lucha y transformaci\u00f3n - El Sol\",\"isPartOf\":{\"@id\":\"https:\\\/\\\/elsol.ps.org.uy\\\/#website\"},\"primaryImageOfPage\":{\"@id\":\"https:\\\/\\\/elsol.ps.org.uy\\\/index.php\\\/2023\\\/03\\\/01\\\/52-anos-de-lucha-y-transformacion\\\/#primaryimage\"},\"image\":{\"@id\":\"https:\\\/\\\/elsol.ps.org.uy\\\/index.php\\\/2023\\\/03\\\/01\\\/52-anos-de-lucha-y-transformacion\\\/#primaryimage\"},\"thumbnailUrl\":\"\",\"datePublished\":\"2023-03-01T21:03:14+00:00\",\"author\":{\"@id\":\"https:\\\/\\\/elsol.ps.org.uy\\\/#\\\/schema\\\/person\\\/9642a61f31473fe97857228bf33277f6\"},\"breadcrumb\":{\"@id\":\"https:\\\/\\\/elsol.ps.org.uy\\\/index.php\\\/2023\\\/03\\\/01\\\/52-anos-de-lucha-y-transformacion\\\/#breadcrumb\"},\"inLanguage\":\"es\",\"potentialAction\":[{\"@type\":\"ReadAction\",\"target\":[\"https:\\\/\\\/elsol.ps.org.uy\\\/index.php\\\/2023\\\/03\\\/01\\\/52-anos-de-lucha-y-transformacion\\\/\"]}]},{\"@type\":\"ImageObject\",\"inLanguage\":\"es\",\"@id\":\"https:\\\/\\\/elsol.ps.org.uy\\\/index.php\\\/2023\\\/03\\\/01\\\/52-anos-de-lucha-y-transformacion\\\/#primaryimage\",\"url\":\"\",\"contentUrl\":\"\"},{\"@type\":\"BreadcrumbList\",\"@id\":\"https:\\\/\\\/elsol.ps.org.uy\\\/index.php\\\/2023\\\/03\\\/01\\\/52-anos-de-lucha-y-transformacion\\\/#breadcrumb\",\"itemListElement\":[{\"@type\":\"ListItem\",\"position\":1,\"name\":\"Portada\",\"item\":\"https:\\\/\\\/elsol.ps.org.uy\\\/\"},{\"@type\":\"ListItem\",\"position\":2,\"name\":\"52 a\u00f1os de lucha y transformaci\u00f3n\"}]},{\"@type\":\"WebSite\",\"@id\":\"https:\\\/\\\/elsol.ps.org.uy\\\/#website\",\"url\":\"https:\\\/\\\/elsol.ps.org.uy\\\/\",\"name\":\"El Sol\",\"description\":\"Organo del Partido Socialista - Frente Amplio\",\"potentialAction\":[{\"@type\":\"SearchAction\",\"target\":{\"@type\":\"EntryPoint\",\"urlTemplate\":\"https:\\\/\\\/elsol.ps.org.uy\\\/?s={search_term_string}\"},\"query-input\":{\"@type\":\"PropertyValueSpecification\",\"valueRequired\":true,\"valueName\":\"search_term_string\"}}],\"inLanguage\":\"es\"},{\"@type\":\"Person\",\"@id\":\"https:\\\/\\\/elsol.ps.org.uy\\\/#\\\/schema\\\/person\\\/9642a61f31473fe97857228bf33277f6\",\"name\":\"El Sol\",\"image\":{\"@type\":\"ImageObject\",\"inLanguage\":\"es\",\"@id\":\"https:\\\/\\\/secure.gravatar.com\\\/avatar\\\/e14a39081cff84ca4b5657918d3e15ebebf0ca4cee0bb3b81200271ee78d4b9c?s=96&d=mm&r=g\",\"url\":\"https:\\\/\\\/secure.gravatar.com\\\/avatar\\\/e14a39081cff84ca4b5657918d3e15ebebf0ca4cee0bb3b81200271ee78d4b9c?s=96&d=mm&r=g\",\"contentUrl\":\"https:\\\/\\\/secure.gravatar.com\\\/avatar\\\/e14a39081cff84ca4b5657918d3e15ebebf0ca4cee0bb3b81200271ee78d4b9c?s=96&d=mm&r=g\",\"caption\":\"El Sol\"},\"url\":\"https:\\\/\\\/elsol.ps.org.uy\\\/index.php\\\/author\\\/eugenia\\\/\"}]}<\/script>\n<!-- \/ Yoast SEO plugin. -->","yoast_head_json":{"title":"52 a\u00f1os de lucha y transformaci\u00f3n - El Sol","robots":{"index":"index","follow":"follow","max-snippet":"max-snippet:-1","max-image-preview":"max-image-preview:large","max-video-preview":"max-video-preview:-1"},"canonical":"https:\/\/elsol.ps.org.uy\/index.php\/2023\/03\/01\/52-anos-de-lucha-y-transformacion\/","og_locale":"es_ES","og_type":"article","og_title":"52 a\u00f1os de lucha y transformaci\u00f3n - El Sol","og_description":"Federico P\u00e9rez C\u00e9spedes - Secretario de Comunicaci\u00f3n PS","og_url":"https:\/\/elsol.ps.org.uy\/index.php\/2023\/03\/01\/52-anos-de-lucha-y-transformacion\/","og_site_name":"El Sol","article_published_time":"2023-03-01T21:03:14+00:00","author":"El Sol","twitter_card":"summary_large_image","twitter_misc":{"Escrito por":"El Sol","Tiempo de lectura":"6 minutos"},"schema":{"@context":"https:\/\/schema.org","@graph":[{"@type":"Article","@id":"https:\/\/elsol.ps.org.uy\/index.php\/2023\/03\/01\/52-anos-de-lucha-y-transformacion\/#article","isPartOf":{"@id":"https:\/\/elsol.ps.org.uy\/index.php\/2023\/03\/01\/52-anos-de-lucha-y-transformacion\/"},"author":{"name":"El Sol","@id":"https:\/\/elsol.ps.org.uy\/#\/schema\/person\/9642a61f31473fe97857228bf33277f6"},"headline":"52 a\u00f1os de lucha y transformaci\u00f3n","datePublished":"2023-03-01T21:03:14+00:00","mainEntityOfPage":{"@id":"https:\/\/elsol.ps.org.uy\/index.php\/2023\/03\/01\/52-anos-de-lucha-y-transformacion\/"},"wordCount":1215,"image":{"@id":"https:\/\/elsol.ps.org.uy\/index.php\/2023\/03\/01\/52-anos-de-lucha-y-transformacion\/#primaryimage"},"thumbnailUrl":"","articleSection":["El Sol","El Sol \u2013 N\u00ba 30 \u2013 Febrero 2023"],"inLanguage":"es"},{"@type":"WebPage","@id":"https:\/\/elsol.ps.org.uy\/index.php\/2023\/03\/01\/52-anos-de-lucha-y-transformacion\/","url":"https:\/\/elsol.ps.org.uy\/index.php\/2023\/03\/01\/52-anos-de-lucha-y-transformacion\/","name":"52 a\u00f1os de lucha y transformaci\u00f3n - El Sol","isPartOf":{"@id":"https:\/\/elsol.ps.org.uy\/#website"},"primaryImageOfPage":{"@id":"https:\/\/elsol.ps.org.uy\/index.php\/2023\/03\/01\/52-anos-de-lucha-y-transformacion\/#primaryimage"},"image":{"@id":"https:\/\/elsol.ps.org.uy\/index.php\/2023\/03\/01\/52-anos-de-lucha-y-transformacion\/#primaryimage"},"thumbnailUrl":"","datePublished":"2023-03-01T21:03:14+00:00","author":{"@id":"https:\/\/elsol.ps.org.uy\/#\/schema\/person\/9642a61f31473fe97857228bf33277f6"},"breadcrumb":{"@id":"https:\/\/elsol.ps.org.uy\/index.php\/2023\/03\/01\/52-anos-de-lucha-y-transformacion\/#breadcrumb"},"inLanguage":"es","potentialAction":[{"@type":"ReadAction","target":["https:\/\/elsol.ps.org.uy\/index.php\/2023\/03\/01\/52-anos-de-lucha-y-transformacion\/"]}]},{"@type":"ImageObject","inLanguage":"es","@id":"https:\/\/elsol.ps.org.uy\/index.php\/2023\/03\/01\/52-anos-de-lucha-y-transformacion\/#primaryimage","url":"","contentUrl":""},{"@type":"BreadcrumbList","@id":"https:\/\/elsol.ps.org.uy\/index.php\/2023\/03\/01\/52-anos-de-lucha-y-transformacion\/#breadcrumb","itemListElement":[{"@type":"ListItem","position":1,"name":"Portada","item":"https:\/\/elsol.ps.org.uy\/"},{"@type":"ListItem","position":2,"name":"52 a\u00f1os de lucha y transformaci\u00f3n"}]},{"@type":"WebSite","@id":"https:\/\/elsol.ps.org.uy\/#website","url":"https:\/\/elsol.ps.org.uy\/","name":"El Sol","description":"Organo del Partido Socialista - Frente Amplio","potentialAction":[{"@type":"SearchAction","target":{"@type":"EntryPoint","urlTemplate":"https:\/\/elsol.ps.org.uy\/?s={search_term_string}"},"query-input":{"@type":"PropertyValueSpecification","valueRequired":true,"valueName":"search_term_string"}}],"inLanguage":"es"},{"@type":"Person","@id":"https:\/\/elsol.ps.org.uy\/#\/schema\/person\/9642a61f31473fe97857228bf33277f6","name":"El Sol","image":{"@type":"ImageObject","inLanguage":"es","@id":"https:\/\/secure.gravatar.com\/avatar\/e14a39081cff84ca4b5657918d3e15ebebf0ca4cee0bb3b81200271ee78d4b9c?s=96&d=mm&r=g","url":"https:\/\/secure.gravatar.com\/avatar\/e14a39081cff84ca4b5657918d3e15ebebf0ca4cee0bb3b81200271ee78d4b9c?s=96&d=mm&r=g","contentUrl":"https:\/\/secure.gravatar.com\/avatar\/e14a39081cff84ca4b5657918d3e15ebebf0ca4cee0bb3b81200271ee78d4b9c?s=96&d=mm&r=g","caption":"El Sol"},"url":"https:\/\/elsol.ps.org.uy\/index.php\/author\/eugenia\/"}]}},"jetpack_featured_media_url":"","_links":{"self":[{"href":"https:\/\/elsol.ps.org.uy\/index.php\/wp-json\/wp\/v2\/posts\/12640","targetHints":{"allow":["GET"]}}],"collection":[{"href":"https:\/\/elsol.ps.org.uy\/index.php\/wp-json\/wp\/v2\/posts"}],"about":[{"href":"https:\/\/elsol.ps.org.uy\/index.php\/wp-json\/wp\/v2\/types\/post"}],"author":[{"embeddable":true,"href":"https:\/\/elsol.ps.org.uy\/index.php\/wp-json\/wp\/v2\/users\/2"}],"replies":[{"embeddable":true,"href":"https:\/\/elsol.ps.org.uy\/index.php\/wp-json\/wp\/v2\/comments?post=12640"}],"version-history":[{"count":0,"href":"https:\/\/elsol.ps.org.uy\/index.php\/wp-json\/wp\/v2\/posts\/12640\/revisions"}],"wp:featuredmedia":[{"embeddable":true,"href":"https:\/\/elsol.ps.org.uy\/index.php\/wp-json\/"}],"wp:attachment":[{"href":"https:\/\/elsol.ps.org.uy\/index.php\/wp-json\/wp\/v2\/media?parent=12640"}],"wp:term":[{"taxonomy":"category","embeddable":true,"href":"https:\/\/elsol.ps.org.uy\/index.php\/wp-json\/wp\/v2\/categories?post=12640"},{"taxonomy":"post_tag","embeddable":true,"href":"https:\/\/elsol.ps.org.uy\/index.php\/wp-json\/wp\/v2\/tags?post=12640"}],"curies":[{"name":"wp","href":"https:\/\/api.w.org\/{rel}","templated":true}]}}