{"id":12646,"date":"2023-03-01T18:08:57","date_gmt":"2023-03-01T21:08:57","guid":{"rendered":"https:\/\/ps.org.uy\/?p=12646"},"modified":"2023-03-01T18:08:57","modified_gmt":"2023-03-01T21:08:57","slug":"situacion-de-peru","status":"publish","type":"post","link":"https:\/\/elsol.ps.org.uy\/index.php\/2023\/03\/01\/situacion-de-peru\/","title":{"rendered":"Situaci\u00f3n de Per\u00fa"},"content":{"rendered":"\n<p class=\"has-text-align-right\"><strong>Escribe Secretar\u00eda de Relaciones Internacionales del PS<\/strong><\/p>\n\n\n\n<p>Las protestas tienen muy preocupada no solamente a la burgues\u00eda, sino tambi\u00e9n al imperialismo que est\u00e1 detr\u00e1s de toda esta maniobra.<\/p>\n\n\n\n<p>El Congreso golpista aprueba en primera instancia elecciones para abril del 2024. Esta es una extraordinaria maniobra para frenar o bajarle la intensidad a las protestas, est\u00e1 planteado un gran fraude electoral, si estas elecciones se consumaran. Y ahora al ver que no tuvieron resultados con dicha t\u00e1ctica vuelven hablar de otras fechas.<\/p>\n\n\n\n<p>El planteo y la demanda popular no es solamente la libertad de Castillo, sino tambi\u00e9n la convocatoria a una Asamblea Constituyente.<\/p>\n\n\n\n<p>Quien gener\u00f3 una brutal presi\u00f3n para las elecciones anticipadas fue el secretario de Estado Antony Blinken, habl\u00f3 con todos los actores pol\u00edticos de derecha recomendando como objetivo central \u201csalvaguardar la estabilidad democr\u00e1tica del pa\u00eds\u201d. Est\u00e1 claro que se trata de garantizar una salida \u201cinstitucional\u201d en forma urgente para frenar el brutal impulso impuesto por las masas en las movilizaciones, que no pueden controlar ni a base de una brutal represi\u00f3n y muerte.<\/p>\n\n\n\n<p>Las movilizaciones se suceden en varias zonas del pa\u00eds donde incre\u00edblemente las m\u00e1s combativas son las tierras pisadas por Tupac Amaru en su lucha anticolonialista, pareciese que la historia lo quisiera de esta forma y en esa misma geograf\u00eda.<\/p>\n\n\n\n<p>En una nueva maniobra es que Boluarte plantea que no est\u00e1 cerrado ning\u00fan debate sobre la posibilidad de una asamblea Constituyente. Ello es la \u00faltima maniobra planteada para lograr desmovilizar a la gente y darle estabilidad al gobierno golpista.<\/p>\n\n\n\n<p>Se debe de tener claro que lamentablemente la central obrera Peruana, luego de una reuni\u00f3n con la presidenta declararon que la ve\u00edan con el mejor \u00e1nimo de abrir un di\u00e1logo. La gente en las calles no obedece a los organismos tradicionales del movimiento popular, por considerarlos colaboracionistas. En realidad, la direcci\u00f3n de las movilizaciones las vienen llevando las llamadas coordinadoras multisectoriales que nuclean fundamentalmente nuevos movimientos urbanos, campesinos e ind\u00edgenas aymaras. Tambi\u00e9n es bueno decir que la Direcci\u00f3n pol\u00edtica del movimiento de masas es confusa, pero no por ello deja de haber demostrado una combatividad impresionante, aunque con ello solo no basta. Uno de los grandes desaf\u00edos es que las movilizaciones se extiendan por otras zonas del pa\u00eds incluida Lima por supuesto.<\/p>\n\n\n\n<p>Las resoluciones del Plenario de los llamados frentes de defensa reunidos el 28 de diciembre realizado en Arequipa se plantearon el reinicio del paro para el 4 de enero, , renuncia de la presidenta golpista y exige adem\u00e1s el adelanto de las elecciones para el 2023 no para el 2024 como se pretende, cierre del Congreso golpista asamblea constituyente y libertad de Castillo y todos los presos por luchar.<\/p>\n\n\n\n<p>Los frentes de defensa fueron hist\u00f3ricas articulaciones gestadas en los a\u00f1os 70 generadas en las grandes luchas de la llamada ciudad popular autogestionaria de Villa El Salvador, de Per\u00fa.<\/p>\n\n\n\n<p>Se suman ya en decenas los muertos en menos de un mes, decenas de heridos, detenidos y desaparecidos. No debemos de olvidar que detr\u00e1s de la presidenta se encuentra el presidente de la Unicameral , general retirado, excomandante del Ej\u00e9rcito y represor de la dictadura de Fujimori, Jos\u00e9 Wiliams Zapata.<\/p>\n\n\n\n<p>En Per\u00fa entonces se consum\u00f3 un golpe de Estado impulsado por el imperialismo y la OEA que han constituido un gobierno c\u00edvico \u2013militar represivo salvajemente contra el pueblo. No puede caber ni un atisbo de dudas al respecto.<\/p>\n\n\n\n<p>Dina Boularte al igual que el Congreso derechista no tiene ning\u00fan tipo de apoyo popular, las encuestas han dado que solo el 15 % de los sectores populares la apoyar\u00edan. Su fuerza se apoya en el Ej\u00e9rcito represor, sin ello caer\u00eda inmediatamente.<\/p>\n\n\n\n<p>Los golpistas al ver la beligerancia de las masas que a pesar de la brutal represi\u00f3n siguen en lucha, son capaces de abrir algo as\u00ed como un supuesto di\u00e1logo, pero ser\u00e1 solo una emboscada para enga\u00f1ar nuevamente al pueblo detr\u00e1s de la ilusi\u00f3n de la institucionalidad democr\u00e1tica.<\/p>\n\n\n\n<p>Se abri\u00f3 una segunda vuelta de las movilizaciones en toda la llamada Macro regi\u00f3n del Sur, el nuevo Aymarazo ha vuelto a expresar su car\u00e1cter insurreccional que hace temblar a la burgues\u00eda nativa. La derecha desesperada y apoy\u00e1ndose en las clases medias fundamentalmente, convocaron a una movilizaci\u00f3n en Lima \u201cpor la paz\u201d, se sabe que la misma fue instrumentada por la polic\u00eda nacional del Per\u00fa y apenas sumaron 10,000 personas con todo el aparato propagand\u00edstico a su favor.<\/p>\n\n\n\n<p>Latinoam\u00e9rica y varios de sus pa\u00edses est\u00e1n en un cruce de caminos importante, por un lado vuelven a tomarse rebeliones de masas al igual que con anterioridad a la pandemia en varios pa\u00edses producto de pol\u00edticas de ajustes insoportables para los pueblos y por otro tambi\u00e9n se demuestra un avance de la derecha fascistizante que adem\u00e1s es beligerante y con pretensiones de movilizar a contingentes importantes.<\/p>\n\n\n\n<p>En el Per\u00fa a partir del levantamiento en Juliaca y la brutal represi\u00f3n desatada contra el mismo, se rompi\u00f3 la posible instancia de di\u00e1logo de un pseudo acuerdo nacional con el gobierno.<\/p>\n\n\n\n<p>Esto es producto de que la movilizaci\u00f3n logra cada d\u00eda m\u00e1s adhesi\u00f3n. Y de esa forma rompe cualquier dique de contenci\u00f3n que le quieran poner.<\/p>\n\n\n\n<p>No hay regimentaci\u00f3n posible a la lucha que siguen llevando adelante las masas en Per\u00fa. Los reclamos constitucionales de freno contra el alza de las movilizaciones no logran el objetivo de que cesen el aumento no solamente de la gente que ya demostr\u00f3 sobradamente su disposici\u00f3n a la lucha, sino de la empat\u00eda general que hasta el momento logran las masas en lucha, con el conjunto del pueblo.<\/p>\n\n\n\n<p>Se suman a diario los llamados Comit\u00e9s de lucha tanto en zonas urbanas como rurales del Per\u00fa y nada se mueve si el Comit\u00e9 de huelga as\u00ed lo pide.<\/p>\n\n\n\n<p>Boluarte sigue manifestando que son un grupo de radicales que nadie conoce los que est\u00e1n armando la \u201cdesestabilizaci\u00f3n del pa\u00eds\u201d, cuesti\u00f3n que ya nadie cree, frente a la enorme masividad de las distintas movilizaciones.<\/p>\n\n\n\n<p>El estado de sitio decretado por el gobierno, no tiene ninguna consecuencia real en lo que respecta a poder frenar las luchas en curso. Y como si esto fuera poco, se est\u00e1n sumando al descontento los sectores de las regiones m\u00e1s conservadoras del pa\u00eds como lo son las del norte.<\/p>\n\n\n\n<p>Los intentos de los sectores m\u00e1s reaccionarios del poder que piden m\u00e1s dureza en la represi\u00f3n, no cuenta con mayor\u00edas, porque esto podr\u00eda generar ya una guerra civil abierta en el pa\u00eds.<\/p>\n\n\n\n<p>La soledad de la Presidenta parece aumentar a diario, colegios de profesionales, e inclusive algunos gobernadores regionales se han sumado al planteo de renuncia de Dina Boularte.<\/p>\n\n\n\n<p>Es m\u00e1s, la maniobra de algunos sectores de derecha podr\u00edan llegar a destituir en el parlamento a la propia Boularte, ello a los efectos de lograr tirarle sobre sus hombros todo el peso de la responsabilidad sobre la represi\u00f3n desatada, tratando de dejar por fuera al Congreso, al poder judicial y a las fuerzas represoras todos responsables de la masacre represiva.<\/p>\n\n\n\n<p>La preocupaci\u00f3n de la burgues\u00eda y el propio imperialismo yankee est\u00e1 llevando a que distintos operadores del establishment, pidan moderaci\u00f3n ahora. Por ejemplo el Partido Morado est\u00e1 pidiendo una tregua. O el propio Joe Biden que ahora est\u00e1 planteando \u201cmoderaci\u00f3n en el Per\u00fa\u2026 apoyamos el compromiso del gobierno peruano en investigar todas las muertes y garantizar que sus fuerzas de seguridad respeten la ley y el orden, de acuerdo con los derechos humanos y la legislaci\u00f3n peruana\u201d . Es decir, perfectamente pueden estar plante\u00e1ndose realmente que la presidenta pague todos los cargos por la represi\u00f3n, pensando que ello puede calmar la movilizaci\u00f3n de las masas.<\/p>\n\n\n\n<p>Ning\u00fan analista se anima a dar un pron\u00f3stico sobre lo que podr\u00eda pasar en Per\u00fa, porque cada vez es m\u00e1s evidente que ya la gente no cree en salidas que puedan venir junto al verbo \u201cdialogar\u201d. Creer en el llamado a elecciones que salgan de la boca de un gobierno golpista y reaccionario ya no parece creerlo nadie en Per\u00fa.<\/p>\n\n\n\n<p>La Central obrera peruana que se hab\u00eda mostrado renuente a las movilizaciones en un comienzo, frente a los brutales asesinatos han roto cualquier posibilidad de di\u00e1logo con el gobierno como pretend\u00edan llevar adelante. Esto puede permitir ampliar el marco de alianzas indispensable en una situaci\u00f3n como la que se est\u00e1 viviendo en el pa\u00eds.<\/p>\n\n\n\n<p>El planteo de Asamblea Constituyente suena cada vez con m\u00e1s fuerza y ello s\u00ed que preocupa a los sectores m\u00e1s reaccionarios de la burgues\u00eda nativa.<\/p>\n","protected":false},"excerpt":{"rendered":"Escribe Secretar\u00eda de Relaciones Internacionales del PS\n<a class=\"moretag\" href=\"https:\/\/elsol.ps.org.uy\/index.php\/2023\/03\/01\/situacion-de-peru\/\"> [...]<\/a>","protected":false},"author":2,"featured_media":12632,"comment_status":"closed","ping_status":"closed","sticky":false,"template":"","format":"standard","meta":{"footnotes":""},"categories":[36,46],"tags":[],"class_list":["post-12646","post","type-post","status-publish","format-standard","has-post-thumbnail","hentry","category-el-sol","category-el-sol-no-30-febrero-2023"],"yoast_head":"<!-- This site is optimized with the Yoast SEO plugin v27.5 - https:\/\/yoast.com\/product\/yoast-seo-wordpress\/ -->\n<title>Situaci\u00f3n de Per\u00fa - El Sol<\/title>\n<meta name=\"robots\" content=\"index, follow, max-snippet:-1, max-image-preview:large, max-video-preview:-1\" \/>\n<link rel=\"canonical\" href=\"https:\/\/elsol.ps.org.uy\/index.php\/2023\/03\/01\/situacion-de-peru\/\" \/>\n<meta property=\"og:locale\" content=\"es_ES\" \/>\n<meta property=\"og:type\" content=\"article\" \/>\n<meta property=\"og:title\" content=\"Situaci\u00f3n de Per\u00fa - El Sol\" \/>\n<meta property=\"og:description\" content=\"Escribe Secretar\u00eda de Relaciones Internacionales del PS\" \/>\n<meta property=\"og:url\" content=\"https:\/\/elsol.ps.org.uy\/index.php\/2023\/03\/01\/situacion-de-peru\/\" \/>\n<meta property=\"og:site_name\" content=\"El Sol\" \/>\n<meta property=\"article:published_time\" content=\"2023-03-01T21:08:57+00:00\" \/>\n<meta name=\"author\" content=\"El Sol\" \/>\n<meta name=\"twitter:card\" content=\"summary_large_image\" \/>\n<meta name=\"twitter:label1\" content=\"Escrito por\" \/>\n\t<meta name=\"twitter:data1\" content=\"El Sol\" \/>\n\t<meta name=\"twitter:label2\" content=\"Tiempo de lectura\" \/>\n\t<meta name=\"twitter:data2\" content=\"7 minutos\" \/>\n<script type=\"application\/ld+json\" class=\"yoast-schema-graph\">{\"@context\":\"https:\\\/\\\/schema.org\",\"@graph\":[{\"@type\":\"Article\",\"@id\":\"https:\\\/\\\/elsol.ps.org.uy\\\/index.php\\\/2023\\\/03\\\/01\\\/situacion-de-peru\\\/#article\",\"isPartOf\":{\"@id\":\"https:\\\/\\\/elsol.ps.org.uy\\\/index.php\\\/2023\\\/03\\\/01\\\/situacion-de-peru\\\/\"},\"author\":{\"name\":\"El Sol\",\"@id\":\"https:\\\/\\\/elsol.ps.org.uy\\\/#\\\/schema\\\/person\\\/9642a61f31473fe97857228bf33277f6\"},\"headline\":\"Situaci\u00f3n de Per\u00fa\",\"datePublished\":\"2023-03-01T21:08:57+00:00\",\"mainEntityOfPage\":{\"@id\":\"https:\\\/\\\/elsol.ps.org.uy\\\/index.php\\\/2023\\\/03\\\/01\\\/situacion-de-peru\\\/\"},\"wordCount\":1490,\"image\":{\"@id\":\"https:\\\/\\\/elsol.ps.org.uy\\\/index.php\\\/2023\\\/03\\\/01\\\/situacion-de-peru\\\/#primaryimage\"},\"thumbnailUrl\":\"\",\"articleSection\":[\"El Sol\",\"El Sol \u2013 N\u00ba 30 \u2013 Febrero 2023\"],\"inLanguage\":\"es\"},{\"@type\":\"WebPage\",\"@id\":\"https:\\\/\\\/elsol.ps.org.uy\\\/index.php\\\/2023\\\/03\\\/01\\\/situacion-de-peru\\\/\",\"url\":\"https:\\\/\\\/elsol.ps.org.uy\\\/index.php\\\/2023\\\/03\\\/01\\\/situacion-de-peru\\\/\",\"name\":\"Situaci\u00f3n de Per\u00fa - El Sol\",\"isPartOf\":{\"@id\":\"https:\\\/\\\/elsol.ps.org.uy\\\/#website\"},\"primaryImageOfPage\":{\"@id\":\"https:\\\/\\\/elsol.ps.org.uy\\\/index.php\\\/2023\\\/03\\\/01\\\/situacion-de-peru\\\/#primaryimage\"},\"image\":{\"@id\":\"https:\\\/\\\/elsol.ps.org.uy\\\/index.php\\\/2023\\\/03\\\/01\\\/situacion-de-peru\\\/#primaryimage\"},\"thumbnailUrl\":\"\",\"datePublished\":\"2023-03-01T21:08:57+00:00\",\"author\":{\"@id\":\"https:\\\/\\\/elsol.ps.org.uy\\\/#\\\/schema\\\/person\\\/9642a61f31473fe97857228bf33277f6\"},\"breadcrumb\":{\"@id\":\"https:\\\/\\\/elsol.ps.org.uy\\\/index.php\\\/2023\\\/03\\\/01\\\/situacion-de-peru\\\/#breadcrumb\"},\"inLanguage\":\"es\",\"potentialAction\":[{\"@type\":\"ReadAction\",\"target\":[\"https:\\\/\\\/elsol.ps.org.uy\\\/index.php\\\/2023\\\/03\\\/01\\\/situacion-de-peru\\\/\"]}]},{\"@type\":\"ImageObject\",\"inLanguage\":\"es\",\"@id\":\"https:\\\/\\\/elsol.ps.org.uy\\\/index.php\\\/2023\\\/03\\\/01\\\/situacion-de-peru\\\/#primaryimage\",\"url\":\"\",\"contentUrl\":\"\"},{\"@type\":\"BreadcrumbList\",\"@id\":\"https:\\\/\\\/elsol.ps.org.uy\\\/index.php\\\/2023\\\/03\\\/01\\\/situacion-de-peru\\\/#breadcrumb\",\"itemListElement\":[{\"@type\":\"ListItem\",\"position\":1,\"name\":\"Portada\",\"item\":\"https:\\\/\\\/elsol.ps.org.uy\\\/\"},{\"@type\":\"ListItem\",\"position\":2,\"name\":\"Situaci\u00f3n de Per\u00fa\"}]},{\"@type\":\"WebSite\",\"@id\":\"https:\\\/\\\/elsol.ps.org.uy\\\/#website\",\"url\":\"https:\\\/\\\/elsol.ps.org.uy\\\/\",\"name\":\"El Sol\",\"description\":\"Organo del Partido Socialista - Frente Amplio\",\"potentialAction\":[{\"@type\":\"SearchAction\",\"target\":{\"@type\":\"EntryPoint\",\"urlTemplate\":\"https:\\\/\\\/elsol.ps.org.uy\\\/?s={search_term_string}\"},\"query-input\":{\"@type\":\"PropertyValueSpecification\",\"valueRequired\":true,\"valueName\":\"search_term_string\"}}],\"inLanguage\":\"es\"},{\"@type\":\"Person\",\"@id\":\"https:\\\/\\\/elsol.ps.org.uy\\\/#\\\/schema\\\/person\\\/9642a61f31473fe97857228bf33277f6\",\"name\":\"El Sol\",\"image\":{\"@type\":\"ImageObject\",\"inLanguage\":\"es\",\"@id\":\"https:\\\/\\\/secure.gravatar.com\\\/avatar\\\/e14a39081cff84ca4b5657918d3e15ebebf0ca4cee0bb3b81200271ee78d4b9c?s=96&d=mm&r=g\",\"url\":\"https:\\\/\\\/secure.gravatar.com\\\/avatar\\\/e14a39081cff84ca4b5657918d3e15ebebf0ca4cee0bb3b81200271ee78d4b9c?s=96&d=mm&r=g\",\"contentUrl\":\"https:\\\/\\\/secure.gravatar.com\\\/avatar\\\/e14a39081cff84ca4b5657918d3e15ebebf0ca4cee0bb3b81200271ee78d4b9c?s=96&d=mm&r=g\",\"caption\":\"El Sol\"},\"url\":\"https:\\\/\\\/elsol.ps.org.uy\\\/index.php\\\/author\\\/eugenia\\\/\"}]}<\/script>\n<!-- \/ Yoast SEO plugin. -->","yoast_head_json":{"title":"Situaci\u00f3n de Per\u00fa - El Sol","robots":{"index":"index","follow":"follow","max-snippet":"max-snippet:-1","max-image-preview":"max-image-preview:large","max-video-preview":"max-video-preview:-1"},"canonical":"https:\/\/elsol.ps.org.uy\/index.php\/2023\/03\/01\/situacion-de-peru\/","og_locale":"es_ES","og_type":"article","og_title":"Situaci\u00f3n de Per\u00fa - El Sol","og_description":"Escribe Secretar\u00eda de Relaciones Internacionales del PS","og_url":"https:\/\/elsol.ps.org.uy\/index.php\/2023\/03\/01\/situacion-de-peru\/","og_site_name":"El Sol","article_published_time":"2023-03-01T21:08:57+00:00","author":"El Sol","twitter_card":"summary_large_image","twitter_misc":{"Escrito por":"El Sol","Tiempo de lectura":"7 minutos"},"schema":{"@context":"https:\/\/schema.org","@graph":[{"@type":"Article","@id":"https:\/\/elsol.ps.org.uy\/index.php\/2023\/03\/01\/situacion-de-peru\/#article","isPartOf":{"@id":"https:\/\/elsol.ps.org.uy\/index.php\/2023\/03\/01\/situacion-de-peru\/"},"author":{"name":"El Sol","@id":"https:\/\/elsol.ps.org.uy\/#\/schema\/person\/9642a61f31473fe97857228bf33277f6"},"headline":"Situaci\u00f3n de Per\u00fa","datePublished":"2023-03-01T21:08:57+00:00","mainEntityOfPage":{"@id":"https:\/\/elsol.ps.org.uy\/index.php\/2023\/03\/01\/situacion-de-peru\/"},"wordCount":1490,"image":{"@id":"https:\/\/elsol.ps.org.uy\/index.php\/2023\/03\/01\/situacion-de-peru\/#primaryimage"},"thumbnailUrl":"","articleSection":["El Sol","El Sol \u2013 N\u00ba 30 \u2013 Febrero 2023"],"inLanguage":"es"},{"@type":"WebPage","@id":"https:\/\/elsol.ps.org.uy\/index.php\/2023\/03\/01\/situacion-de-peru\/","url":"https:\/\/elsol.ps.org.uy\/index.php\/2023\/03\/01\/situacion-de-peru\/","name":"Situaci\u00f3n de Per\u00fa - El Sol","isPartOf":{"@id":"https:\/\/elsol.ps.org.uy\/#website"},"primaryImageOfPage":{"@id":"https:\/\/elsol.ps.org.uy\/index.php\/2023\/03\/01\/situacion-de-peru\/#primaryimage"},"image":{"@id":"https:\/\/elsol.ps.org.uy\/index.php\/2023\/03\/01\/situacion-de-peru\/#primaryimage"},"thumbnailUrl":"","datePublished":"2023-03-01T21:08:57+00:00","author":{"@id":"https:\/\/elsol.ps.org.uy\/#\/schema\/person\/9642a61f31473fe97857228bf33277f6"},"breadcrumb":{"@id":"https:\/\/elsol.ps.org.uy\/index.php\/2023\/03\/01\/situacion-de-peru\/#breadcrumb"},"inLanguage":"es","potentialAction":[{"@type":"ReadAction","target":["https:\/\/elsol.ps.org.uy\/index.php\/2023\/03\/01\/situacion-de-peru\/"]}]},{"@type":"ImageObject","inLanguage":"es","@id":"https:\/\/elsol.ps.org.uy\/index.php\/2023\/03\/01\/situacion-de-peru\/#primaryimage","url":"","contentUrl":""},{"@type":"BreadcrumbList","@id":"https:\/\/elsol.ps.org.uy\/index.php\/2023\/03\/01\/situacion-de-peru\/#breadcrumb","itemListElement":[{"@type":"ListItem","position":1,"name":"Portada","item":"https:\/\/elsol.ps.org.uy\/"},{"@type":"ListItem","position":2,"name":"Situaci\u00f3n de Per\u00fa"}]},{"@type":"WebSite","@id":"https:\/\/elsol.ps.org.uy\/#website","url":"https:\/\/elsol.ps.org.uy\/","name":"El Sol","description":"Organo del Partido Socialista - Frente Amplio","potentialAction":[{"@type":"SearchAction","target":{"@type":"EntryPoint","urlTemplate":"https:\/\/elsol.ps.org.uy\/?s={search_term_string}"},"query-input":{"@type":"PropertyValueSpecification","valueRequired":true,"valueName":"search_term_string"}}],"inLanguage":"es"},{"@type":"Person","@id":"https:\/\/elsol.ps.org.uy\/#\/schema\/person\/9642a61f31473fe97857228bf33277f6","name":"El Sol","image":{"@type":"ImageObject","inLanguage":"es","@id":"https:\/\/secure.gravatar.com\/avatar\/e14a39081cff84ca4b5657918d3e15ebebf0ca4cee0bb3b81200271ee78d4b9c?s=96&d=mm&r=g","url":"https:\/\/secure.gravatar.com\/avatar\/e14a39081cff84ca4b5657918d3e15ebebf0ca4cee0bb3b81200271ee78d4b9c?s=96&d=mm&r=g","contentUrl":"https:\/\/secure.gravatar.com\/avatar\/e14a39081cff84ca4b5657918d3e15ebebf0ca4cee0bb3b81200271ee78d4b9c?s=96&d=mm&r=g","caption":"El Sol"},"url":"https:\/\/elsol.ps.org.uy\/index.php\/author\/eugenia\/"}]}},"jetpack_featured_media_url":"","_links":{"self":[{"href":"https:\/\/elsol.ps.org.uy\/index.php\/wp-json\/wp\/v2\/posts\/12646","targetHints":{"allow":["GET"]}}],"collection":[{"href":"https:\/\/elsol.ps.org.uy\/index.php\/wp-json\/wp\/v2\/posts"}],"about":[{"href":"https:\/\/elsol.ps.org.uy\/index.php\/wp-json\/wp\/v2\/types\/post"}],"author":[{"embeddable":true,"href":"https:\/\/elsol.ps.org.uy\/index.php\/wp-json\/wp\/v2\/users\/2"}],"replies":[{"embeddable":true,"href":"https:\/\/elsol.ps.org.uy\/index.php\/wp-json\/wp\/v2\/comments?post=12646"}],"version-history":[{"count":0,"href":"https:\/\/elsol.ps.org.uy\/index.php\/wp-json\/wp\/v2\/posts\/12646\/revisions"}],"wp:featuredmedia":[{"embeddable":true,"href":"https:\/\/elsol.ps.org.uy\/index.php\/wp-json\/"}],"wp:attachment":[{"href":"https:\/\/elsol.ps.org.uy\/index.php\/wp-json\/wp\/v2\/media?parent=12646"}],"wp:term":[{"taxonomy":"category","embeddable":true,"href":"https:\/\/elsol.ps.org.uy\/index.php\/wp-json\/wp\/v2\/categories?post=12646"},{"taxonomy":"post_tag","embeddable":true,"href":"https:\/\/elsol.ps.org.uy\/index.php\/wp-json\/wp\/v2\/tags?post=12646"}],"curies":[{"name":"wp","href":"https:\/\/api.w.org\/{rel}","templated":true}]}}