{"id":12750,"date":"2023-03-24T16:38:50","date_gmt":"2023-03-24T19:38:50","guid":{"rendered":"https:\/\/ps.org.uy\/?p=12750"},"modified":"2023-03-24T16:38:50","modified_gmt":"2023-03-24T19:38:50","slug":"proyecto-de-ley-regulacion-del-uso-de-plaguicidas","status":"publish","type":"post","link":"https:\/\/elsol.ps.org.uy\/index.php\/2023\/03\/24\/proyecto-de-ley-regulacion-del-uso-de-plaguicidas\/","title":{"rendered":"Proyecto de ley: Regulaci\u00f3n del uso de plaguicidas"},"content":{"rendered":"\n<p class=\"has-text-align-right\"><em>Escribe: Enzo Mal\u00e1n Diputado por Soriano PS FA<\/em><\/p>\n\n\n\n<p>Si queremos avanzar en el objetivo de reducci\u00f3n de \u201cagroqu\u00edmicos\u201d deberemos tratar de hacer los equilibrios pertinentes que permitan la defensa del ambiente y la salud, sin descuidar lo econ\u00f3mico que genera -o deber\u00eda generar- mejores condiciones de vida y de desarrollo para las comunidades. En esta l\u00ednea va nuestro proyecto.<\/p>\n\n\n\n<p>A nivel mundial existe una creciente preocupaci\u00f3n por la inocuidad de los alimentos (1) y&nbsp;&nbsp;por supuesto, por la protecci\u00f3n de la salud y el ambiente, frente a las pr\u00e1cticas agr\u00edcolas.<\/p>\n\n\n\n<p>En Uruguay, en los \u00faltimos a\u00f1os, se viene procesando una intensa transformaci\u00f3n del agro. Se ha intensificado la producci\u00f3n y buscado el aumento de la productividad. Para dar algunos datos que pueden ilustrar nuestras afirmaciones diremos que el cultivo de soja de 9 mil hect\u00e1reas en el a\u00f1o 2000, lleg\u00f3 a un mill\u00f3n doscientas mil hect\u00e1reas en el 2021. La importaci\u00f3n de fitosanitarios (2) se multiplic\u00f3 por 700.<\/p>\n\n\n\n<p>Si bien se ha avanzado en el desarrollo de t\u00e9cnicas de protecci\u00f3n de cultivos m\u00e1s sustentables as\u00ed como en la reducci\u00f3n de plaguicidas m\u00e1s t\u00f3xicos las alternativas biol\u00f3gicas son a\u00fan de una adopci\u00f3n marginal en el \u00e1mbito productivo.<\/p>\n\n\n\n<p>En base a este diagn\u00f3stico nos parece oportuno y conveniente se proponga una pol\u00edtica de Estado que desarrolle acciones que estimulen, de modo progresivo y responsable, la transici\u00f3n hacia modalidades fitosanitarias m\u00e1s seguras en el marco de la agricultura sustentable.<\/p>\n\n\n\n<p>Concretamente estamos proponiendo que se declare de inter\u00e9s general la promoci\u00f3n del uso de productos fitosanitarios de base biol\u00f3gica, productos de baja toxicidad, y productos que no perturben los reguladores naturales de plagas.<\/p>\n\n\n\n<p>Esto busca generar una gu\u00eda de acci\u00f3n, en el entendido que toda pr\u00e1ctica agr\u00edcola afecta el ambiente, pero se trata de optar por promover aquellas menos perjudiciales, integrando dimensiones donde lo ambiental y la salud debe ser lo central sin descuidar lo econ\u00f3mico y la producci\u00f3n.<\/p>\n\n\n\n<p>Es en este aspecto que se busca enmarcar las pr\u00e1cticas dentro de l\u00edmites -de tolerancia- para garantizar la inocuidad de los alimentos, as\u00ed como la mitigaci\u00f3n de riesgos y la sostenibilidad econ\u00f3mica.<\/p>\n\n\n\n<p>El proyecto tiene tres elementos claves para avanzar en ese sentido:<\/p>\n\n\n\n<p>* Generar conciencia de la importancia de esta tem\u00e1tica. Para ello se hace necesario desarrollar pol\u00edticas p\u00fablicas que refieran a educaci\u00f3n, a investigaci\u00f3n,&nbsp;&nbsp;a difusi\u00f3n, etc.<\/p>\n\n\n\n<p>* La interinstitucionalidad que coordine acciones gubernamentales con&nbsp;&nbsp;los aportes de agentes sociales y de la producci\u00f3n.<\/p>\n\n\n\n<p>* Est\u00edmulos fiscales que busquen incentivar la incorporaci\u00f3n del uso de productos fitosanitarios de origen biol\u00f3gico, de t\u00e9cnicas de control biol\u00f3gico y de buenas pr\u00e1cticas (3).<\/p>\n\n\n\n<p>Finalizando, el proyecto, hace referencia a la certificaci\u00f3n, el registro y la comercializaci\u00f3n. La certificaci\u00f3n de las buenas pr\u00e1cticas es sumamente beneficiosa e importante para darle valor a los que trabajan bien y&nbsp;&nbsp;para darle seguridad a la poblaci\u00f3n en general sobre lo que consume, ya que no existe seguridad alimentaria sin inocuidad de los alimentos.<\/p>\n\n\n\n<p>Es importante tambi\u00e9n el registro fundado de productos fitosanitarios donde ser\u00e1n referentes preferenciales -no \u00fanicos- la Agencia de Protecci\u00f3n Ambiental de los EEUU o el Comit\u00e9 Permanente de Productos Fitosanitarios de la Uni\u00f3n Europea.<\/p>\n\n\n\n<p>En cuanto al registro y uso de plaguicidas en el cultivo de alimentos estar\u00e1 supeditado a un l\u00edmite m\u00e1ximo.<\/p>\n\n\n\n<p>Un tema muy sensible y de importancia para el proyecto es el sistema de monitoreo de residuos ya que establece que s\u00f3lo se podr\u00e1n comercializar productos agr\u00edcolas cuando a lo largo de la cadena de producci\u00f3n y distribuci\u00f3n exista un sistema de monitoreo de residuos de plaguicidas que garantice la inocuidad para consumidores y manipuladores, informaci\u00f3n que a su vez ser\u00e1 p\u00fablica. Esto es clave para avanzar en dejar de consumir plaguicidas o agroqu\u00edmicos y generar evidencia de ello.<\/p>\n\n\n\n<p>En definitiva es un buen proyecto que busca no quedarnos inm\u00f3viles sino avanzar hacia mejorar las pr\u00e1cticas que de no hacerlo siempre terminan perjudicando m\u00e1s a las poblaciones m\u00e1s vulnerables, m\u00e1s desprotegidas.<\/p>\n\n\n\n<p>Por \u00faltimo me gustar\u00eda resaltar el trabajo de discusi\u00f3n y s\u00edntesis, de aporte y correcci\u00f3n t\u00e9cnica, jur\u00eddica, cient\u00edfica,&nbsp;&nbsp;tanto de la Comisi\u00f3n Nacional de Ambiente del PS, as\u00ed como de los asesores de la bancada socialista en el parlamento que despu\u00e9s de meses de ininterrumpido intercambio permiti\u00f3 que en el pasado diciembre este proyecto tomara estado parlamentario. En la actualidad est\u00e1 en la comisi\u00f3n asesora de Ganader\u00eda, Agricultura y Pesca. Esperemos pronto tratamiento.<\/p>\n\n\n\n<p>(1)&nbsp;&nbsp;Inocuidad de los alimentos, es la ausencia (a niveles seguros y aceptables) de peligro en los alimentos que puedan da\u00f1ar la salud de las consumidoras y los consumidores. Solo los alimentos inocuos satisfacen las necesidades alimentarias y contribuyen a que todas las personas tengan una vida sana y saludable. Los peligros transmitidos pueden ser&nbsp;&nbsp;de naturaleza biol\u00f3gica qu\u00edmica o f\u00edsica. Se tratan de bacterias, virus, par\u00e1sitos o sustancias qu\u00edmicas perjudiciales (ej residuos de pesticidas).<\/p>\n\n\n\n<p>(2) Fitosanitarios. Los productos fitosanitarios son sustancias que protegen la sanidad de las plantas. Pueden ser de origen biol\u00f3gico o de s\u00edntesis qu\u00edmica.<\/p>\n\n\n\n<p>(3). Buenas pr\u00e1cticas, refiere a m\u00e9todos ecol\u00f3gicamente seguros, higi\u00e9nicamente aceptables y econ\u00f3micamente factibles.<\/p>\n","protected":false},"excerpt":{"rendered":"Escribe: Enzo Mal\u00e1n Diputado por Soriano PS FA\n<a class=\"moretag\" href=\"https:\/\/elsol.ps.org.uy\/index.php\/2023\/03\/24\/proyecto-de-ley-regulacion-del-uso-de-plaguicidas\/\"> [...]<\/a>","protected":false},"author":2,"featured_media":12763,"comment_status":"closed","ping_status":"closed","sticky":false,"template":"","format":"standard","meta":{"footnotes":""},"categories":[36,47],"tags":[],"class_list":["post-12750","post","type-post","status-publish","format-standard","has-post-thumbnail","hentry","category-el-sol","category-el-sol-no-31-marzo-2023"],"yoast_head":"<!-- This site is optimized with the Yoast SEO plugin v27.5 - https:\/\/yoast.com\/product\/yoast-seo-wordpress\/ -->\n<title>Proyecto de ley: Regulaci\u00f3n del uso de plaguicidas - El Sol<\/title>\n<meta name=\"robots\" content=\"index, follow, max-snippet:-1, max-image-preview:large, max-video-preview:-1\" \/>\n<link rel=\"canonical\" href=\"https:\/\/elsol.ps.org.uy\/index.php\/2023\/03\/24\/proyecto-de-ley-regulacion-del-uso-de-plaguicidas\/\" \/>\n<meta property=\"og:locale\" content=\"es_ES\" \/>\n<meta property=\"og:type\" content=\"article\" \/>\n<meta property=\"og:title\" content=\"Proyecto de ley: Regulaci\u00f3n del uso de plaguicidas - El Sol\" \/>\n<meta property=\"og:description\" content=\"Escribe: Enzo Mal\u00e1n Diputado por Soriano PS FA\" \/>\n<meta property=\"og:url\" content=\"https:\/\/elsol.ps.org.uy\/index.php\/2023\/03\/24\/proyecto-de-ley-regulacion-del-uso-de-plaguicidas\/\" \/>\n<meta property=\"og:site_name\" content=\"El Sol\" \/>\n<meta property=\"article:published_time\" content=\"2023-03-24T19:38:50+00:00\" \/>\n<meta name=\"author\" content=\"El Sol\" \/>\n<meta name=\"twitter:card\" content=\"summary_large_image\" \/>\n<meta name=\"twitter:label1\" content=\"Escrito por\" \/>\n\t<meta name=\"twitter:data1\" content=\"El Sol\" \/>\n\t<meta name=\"twitter:label2\" content=\"Tiempo de lectura\" \/>\n\t<meta name=\"twitter:data2\" content=\"4 minutos\" \/>\n<script type=\"application\/ld+json\" class=\"yoast-schema-graph\">{\"@context\":\"https:\\\/\\\/schema.org\",\"@graph\":[{\"@type\":\"Article\",\"@id\":\"https:\\\/\\\/elsol.ps.org.uy\\\/index.php\\\/2023\\\/03\\\/24\\\/proyecto-de-ley-regulacion-del-uso-de-plaguicidas\\\/#article\",\"isPartOf\":{\"@id\":\"https:\\\/\\\/elsol.ps.org.uy\\\/index.php\\\/2023\\\/03\\\/24\\\/proyecto-de-ley-regulacion-del-uso-de-plaguicidas\\\/\"},\"author\":{\"name\":\"El Sol\",\"@id\":\"https:\\\/\\\/elsol.ps.org.uy\\\/#\\\/schema\\\/person\\\/9642a61f31473fe97857228bf33277f6\"},\"headline\":\"Proyecto de ley: Regulaci\u00f3n del uso de plaguicidas\",\"datePublished\":\"2023-03-24T19:38:50+00:00\",\"mainEntityOfPage\":{\"@id\":\"https:\\\/\\\/elsol.ps.org.uy\\\/index.php\\\/2023\\\/03\\\/24\\\/proyecto-de-ley-regulacion-del-uso-de-plaguicidas\\\/\"},\"wordCount\":947,\"image\":{\"@id\":\"https:\\\/\\\/elsol.ps.org.uy\\\/index.php\\\/2023\\\/03\\\/24\\\/proyecto-de-ley-regulacion-del-uso-de-plaguicidas\\\/#primaryimage\"},\"thumbnailUrl\":\"\",\"articleSection\":[\"El Sol\",\"El Sol \u2013 N\u00ba 31 \u2013 Marzo 2023\"],\"inLanguage\":\"es\"},{\"@type\":\"WebPage\",\"@id\":\"https:\\\/\\\/elsol.ps.org.uy\\\/index.php\\\/2023\\\/03\\\/24\\\/proyecto-de-ley-regulacion-del-uso-de-plaguicidas\\\/\",\"url\":\"https:\\\/\\\/elsol.ps.org.uy\\\/index.php\\\/2023\\\/03\\\/24\\\/proyecto-de-ley-regulacion-del-uso-de-plaguicidas\\\/\",\"name\":\"Proyecto de ley: Regulaci\u00f3n del uso de plaguicidas - El Sol\",\"isPartOf\":{\"@id\":\"https:\\\/\\\/elsol.ps.org.uy\\\/#website\"},\"primaryImageOfPage\":{\"@id\":\"https:\\\/\\\/elsol.ps.org.uy\\\/index.php\\\/2023\\\/03\\\/24\\\/proyecto-de-ley-regulacion-del-uso-de-plaguicidas\\\/#primaryimage\"},\"image\":{\"@id\":\"https:\\\/\\\/elsol.ps.org.uy\\\/index.php\\\/2023\\\/03\\\/24\\\/proyecto-de-ley-regulacion-del-uso-de-plaguicidas\\\/#primaryimage\"},\"thumbnailUrl\":\"\",\"datePublished\":\"2023-03-24T19:38:50+00:00\",\"author\":{\"@id\":\"https:\\\/\\\/elsol.ps.org.uy\\\/#\\\/schema\\\/person\\\/9642a61f31473fe97857228bf33277f6\"},\"breadcrumb\":{\"@id\":\"https:\\\/\\\/elsol.ps.org.uy\\\/index.php\\\/2023\\\/03\\\/24\\\/proyecto-de-ley-regulacion-del-uso-de-plaguicidas\\\/#breadcrumb\"},\"inLanguage\":\"es\",\"potentialAction\":[{\"@type\":\"ReadAction\",\"target\":[\"https:\\\/\\\/elsol.ps.org.uy\\\/index.php\\\/2023\\\/03\\\/24\\\/proyecto-de-ley-regulacion-del-uso-de-plaguicidas\\\/\"]}]},{\"@type\":\"ImageObject\",\"inLanguage\":\"es\",\"@id\":\"https:\\\/\\\/elsol.ps.org.uy\\\/index.php\\\/2023\\\/03\\\/24\\\/proyecto-de-ley-regulacion-del-uso-de-plaguicidas\\\/#primaryimage\",\"url\":\"\",\"contentUrl\":\"\"},{\"@type\":\"BreadcrumbList\",\"@id\":\"https:\\\/\\\/elsol.ps.org.uy\\\/index.php\\\/2023\\\/03\\\/24\\\/proyecto-de-ley-regulacion-del-uso-de-plaguicidas\\\/#breadcrumb\",\"itemListElement\":[{\"@type\":\"ListItem\",\"position\":1,\"name\":\"Portada\",\"item\":\"https:\\\/\\\/elsol.ps.org.uy\\\/\"},{\"@type\":\"ListItem\",\"position\":2,\"name\":\"Proyecto de ley: Regulaci\u00f3n del uso de plaguicidas\"}]},{\"@type\":\"WebSite\",\"@id\":\"https:\\\/\\\/elsol.ps.org.uy\\\/#website\",\"url\":\"https:\\\/\\\/elsol.ps.org.uy\\\/\",\"name\":\"El Sol\",\"description\":\"Organo del Partido Socialista - Frente Amplio\",\"potentialAction\":[{\"@type\":\"SearchAction\",\"target\":{\"@type\":\"EntryPoint\",\"urlTemplate\":\"https:\\\/\\\/elsol.ps.org.uy\\\/?s={search_term_string}\"},\"query-input\":{\"@type\":\"PropertyValueSpecification\",\"valueRequired\":true,\"valueName\":\"search_term_string\"}}],\"inLanguage\":\"es\"},{\"@type\":\"Person\",\"@id\":\"https:\\\/\\\/elsol.ps.org.uy\\\/#\\\/schema\\\/person\\\/9642a61f31473fe97857228bf33277f6\",\"name\":\"El Sol\",\"image\":{\"@type\":\"ImageObject\",\"inLanguage\":\"es\",\"@id\":\"https:\\\/\\\/secure.gravatar.com\\\/avatar\\\/e14a39081cff84ca4b5657918d3e15ebebf0ca4cee0bb3b81200271ee78d4b9c?s=96&d=mm&r=g\",\"url\":\"https:\\\/\\\/secure.gravatar.com\\\/avatar\\\/e14a39081cff84ca4b5657918d3e15ebebf0ca4cee0bb3b81200271ee78d4b9c?s=96&d=mm&r=g\",\"contentUrl\":\"https:\\\/\\\/secure.gravatar.com\\\/avatar\\\/e14a39081cff84ca4b5657918d3e15ebebf0ca4cee0bb3b81200271ee78d4b9c?s=96&d=mm&r=g\",\"caption\":\"El Sol\"},\"url\":\"https:\\\/\\\/elsol.ps.org.uy\\\/index.php\\\/author\\\/eugenia\\\/\"}]}<\/script>\n<!-- \/ Yoast SEO plugin. -->","yoast_head_json":{"title":"Proyecto de ley: Regulaci\u00f3n del uso de plaguicidas - El Sol","robots":{"index":"index","follow":"follow","max-snippet":"max-snippet:-1","max-image-preview":"max-image-preview:large","max-video-preview":"max-video-preview:-1"},"canonical":"https:\/\/elsol.ps.org.uy\/index.php\/2023\/03\/24\/proyecto-de-ley-regulacion-del-uso-de-plaguicidas\/","og_locale":"es_ES","og_type":"article","og_title":"Proyecto de ley: Regulaci\u00f3n del uso de plaguicidas - El Sol","og_description":"Escribe: Enzo Mal\u00e1n Diputado por Soriano PS FA","og_url":"https:\/\/elsol.ps.org.uy\/index.php\/2023\/03\/24\/proyecto-de-ley-regulacion-del-uso-de-plaguicidas\/","og_site_name":"El Sol","article_published_time":"2023-03-24T19:38:50+00:00","author":"El Sol","twitter_card":"summary_large_image","twitter_misc":{"Escrito por":"El Sol","Tiempo de lectura":"4 minutos"},"schema":{"@context":"https:\/\/schema.org","@graph":[{"@type":"Article","@id":"https:\/\/elsol.ps.org.uy\/index.php\/2023\/03\/24\/proyecto-de-ley-regulacion-del-uso-de-plaguicidas\/#article","isPartOf":{"@id":"https:\/\/elsol.ps.org.uy\/index.php\/2023\/03\/24\/proyecto-de-ley-regulacion-del-uso-de-plaguicidas\/"},"author":{"name":"El Sol","@id":"https:\/\/elsol.ps.org.uy\/#\/schema\/person\/9642a61f31473fe97857228bf33277f6"},"headline":"Proyecto de ley: Regulaci\u00f3n del uso de plaguicidas","datePublished":"2023-03-24T19:38:50+00:00","mainEntityOfPage":{"@id":"https:\/\/elsol.ps.org.uy\/index.php\/2023\/03\/24\/proyecto-de-ley-regulacion-del-uso-de-plaguicidas\/"},"wordCount":947,"image":{"@id":"https:\/\/elsol.ps.org.uy\/index.php\/2023\/03\/24\/proyecto-de-ley-regulacion-del-uso-de-plaguicidas\/#primaryimage"},"thumbnailUrl":"","articleSection":["El Sol","El Sol \u2013 N\u00ba 31 \u2013 Marzo 2023"],"inLanguage":"es"},{"@type":"WebPage","@id":"https:\/\/elsol.ps.org.uy\/index.php\/2023\/03\/24\/proyecto-de-ley-regulacion-del-uso-de-plaguicidas\/","url":"https:\/\/elsol.ps.org.uy\/index.php\/2023\/03\/24\/proyecto-de-ley-regulacion-del-uso-de-plaguicidas\/","name":"Proyecto de ley: Regulaci\u00f3n del uso de plaguicidas - El Sol","isPartOf":{"@id":"https:\/\/elsol.ps.org.uy\/#website"},"primaryImageOfPage":{"@id":"https:\/\/elsol.ps.org.uy\/index.php\/2023\/03\/24\/proyecto-de-ley-regulacion-del-uso-de-plaguicidas\/#primaryimage"},"image":{"@id":"https:\/\/elsol.ps.org.uy\/index.php\/2023\/03\/24\/proyecto-de-ley-regulacion-del-uso-de-plaguicidas\/#primaryimage"},"thumbnailUrl":"","datePublished":"2023-03-24T19:38:50+00:00","author":{"@id":"https:\/\/elsol.ps.org.uy\/#\/schema\/person\/9642a61f31473fe97857228bf33277f6"},"breadcrumb":{"@id":"https:\/\/elsol.ps.org.uy\/index.php\/2023\/03\/24\/proyecto-de-ley-regulacion-del-uso-de-plaguicidas\/#breadcrumb"},"inLanguage":"es","potentialAction":[{"@type":"ReadAction","target":["https:\/\/elsol.ps.org.uy\/index.php\/2023\/03\/24\/proyecto-de-ley-regulacion-del-uso-de-plaguicidas\/"]}]},{"@type":"ImageObject","inLanguage":"es","@id":"https:\/\/elsol.ps.org.uy\/index.php\/2023\/03\/24\/proyecto-de-ley-regulacion-del-uso-de-plaguicidas\/#primaryimage","url":"","contentUrl":""},{"@type":"BreadcrumbList","@id":"https:\/\/elsol.ps.org.uy\/index.php\/2023\/03\/24\/proyecto-de-ley-regulacion-del-uso-de-plaguicidas\/#breadcrumb","itemListElement":[{"@type":"ListItem","position":1,"name":"Portada","item":"https:\/\/elsol.ps.org.uy\/"},{"@type":"ListItem","position":2,"name":"Proyecto de ley: Regulaci\u00f3n del uso de plaguicidas"}]},{"@type":"WebSite","@id":"https:\/\/elsol.ps.org.uy\/#website","url":"https:\/\/elsol.ps.org.uy\/","name":"El Sol","description":"Organo del Partido Socialista - Frente Amplio","potentialAction":[{"@type":"SearchAction","target":{"@type":"EntryPoint","urlTemplate":"https:\/\/elsol.ps.org.uy\/?s={search_term_string}"},"query-input":{"@type":"PropertyValueSpecification","valueRequired":true,"valueName":"search_term_string"}}],"inLanguage":"es"},{"@type":"Person","@id":"https:\/\/elsol.ps.org.uy\/#\/schema\/person\/9642a61f31473fe97857228bf33277f6","name":"El Sol","image":{"@type":"ImageObject","inLanguage":"es","@id":"https:\/\/secure.gravatar.com\/avatar\/e14a39081cff84ca4b5657918d3e15ebebf0ca4cee0bb3b81200271ee78d4b9c?s=96&d=mm&r=g","url":"https:\/\/secure.gravatar.com\/avatar\/e14a39081cff84ca4b5657918d3e15ebebf0ca4cee0bb3b81200271ee78d4b9c?s=96&d=mm&r=g","contentUrl":"https:\/\/secure.gravatar.com\/avatar\/e14a39081cff84ca4b5657918d3e15ebebf0ca4cee0bb3b81200271ee78d4b9c?s=96&d=mm&r=g","caption":"El Sol"},"url":"https:\/\/elsol.ps.org.uy\/index.php\/author\/eugenia\/"}]}},"jetpack_featured_media_url":"","_links":{"self":[{"href":"https:\/\/elsol.ps.org.uy\/index.php\/wp-json\/wp\/v2\/posts\/12750","targetHints":{"allow":["GET"]}}],"collection":[{"href":"https:\/\/elsol.ps.org.uy\/index.php\/wp-json\/wp\/v2\/posts"}],"about":[{"href":"https:\/\/elsol.ps.org.uy\/index.php\/wp-json\/wp\/v2\/types\/post"}],"author":[{"embeddable":true,"href":"https:\/\/elsol.ps.org.uy\/index.php\/wp-json\/wp\/v2\/users\/2"}],"replies":[{"embeddable":true,"href":"https:\/\/elsol.ps.org.uy\/index.php\/wp-json\/wp\/v2\/comments?post=12750"}],"version-history":[{"count":0,"href":"https:\/\/elsol.ps.org.uy\/index.php\/wp-json\/wp\/v2\/posts\/12750\/revisions"}],"wp:featuredmedia":[{"embeddable":true,"href":"https:\/\/elsol.ps.org.uy\/index.php\/wp-json\/"}],"wp:attachment":[{"href":"https:\/\/elsol.ps.org.uy\/index.php\/wp-json\/wp\/v2\/media?parent=12750"}],"wp:term":[{"taxonomy":"category","embeddable":true,"href":"https:\/\/elsol.ps.org.uy\/index.php\/wp-json\/wp\/v2\/categories?post=12750"},{"taxonomy":"post_tag","embeddable":true,"href":"https:\/\/elsol.ps.org.uy\/index.php\/wp-json\/wp\/v2\/tags?post=12750"}],"curies":[{"name":"wp","href":"https:\/\/api.w.org\/{rel}","templated":true}]}}