{"id":12766,"date":"2023-03-24T16:40:50","date_gmt":"2023-03-24T19:40:50","guid":{"rendered":"https:\/\/ps.org.uy\/?p=12766"},"modified":"2023-03-24T16:40:50","modified_gmt":"2023-03-24T19:40:50","slug":"el-cono-de-sombra","status":"publish","type":"post","link":"https:\/\/elsol.ps.org.uy\/index.php\/2023\/03\/24\/el-cono-de-sombra\/","title":{"rendered":"El cono de sombra&nbsp;"},"content":{"rendered":"\n<p class=\"has-text-align-right\"><em>Escribe: Gonzalo Civila | Sec. Gral. del PS\u00a0<\/em><\/p>\n\n\n\n<p>En estos tres \u00faltimos a\u00f1os el gobierno nacional ha promovido una brutal transferencia de ingresos de los sectores m\u00e1s pobres y asalariados a los sectores m\u00e1s ricos de la poblaci\u00f3n. La fiesta de unos pocos es la crisis de la mayor\u00eda, y los efectos -que se ven en barrios y pueblos a lo largo y ancho de todo el pa\u00eds- son especialmente graves para las mujeres trabajadoras.&nbsp;<\/p>\n\n\n\n<p>Las y los socialistas no hemos dejado de denunciar esta realidad que es un grito social atronador y que puede tambi\u00e9n resumirse as\u00ed: mientras la econom\u00eda crece \u2013o sea mientras el pa\u00eds genera m\u00e1s riqueza por el trabajo de su gente\u2013 los salarios y las jubilaciones caen, y la inversi\u00f3n del Estado para atender pol\u00edticas de alta relevancia social tambi\u00e9n decae. La mayor\u00eda de la poblaci\u00f3n, y particularmente los sectores m\u00e1s vulnerados, pierden por todos lados, mientras los m\u00e1s ricos concentran m\u00e1s y m\u00e1s recursos.&nbsp;<\/p>\n\n\n\n<p>Por si esto fuera poco el gobierno pretende dejarnos un presente griego: la llamada \u201creforma de la seguridad social\u201d que no es m\u00e1s que un ajuste con alcances de mediano y largo plazo, que compromete a actuales y futuras generaciones y que prolonga \u2013mucho m\u00e1s all\u00e1 de los l\u00edmites de este quinquenio\u2013 el modelo econ\u00f3mico que se est\u00e1 ejecutando.<\/p>\n\n\n\n<p>Las clases dominantes del Uruguay buscan, a trav\u00e9s de su brazo pol\u00edtico, dejar la huella indeleble de su poder por la v\u00eda de este ajuste y de otra apuesta que trasciende la coyuntura: la llamada \u201ctransformaci\u00f3n educativa\u201d, componente central de su ofensiva ideol\u00f3gica. Las m\u00e1s afectadas, aunque no las \u00fanicas, son las generaciones m\u00e1s j\u00f3venes, v\u00eda educaci\u00f3n y v\u00eda trabajo. Transitar\u00e1n por un sistema educativo formal con una propuesta m\u00e1s adaptacionista, menos cr\u00edtica, y a su vez deber\u00e1n trabajar m\u00e1s a\u00f1os para jubilarse con menos dinero. En definitiva, ser\u00e1n menos libres. Los cambios educativos a su vez son funcionales al mercado y a sus ganadores, y la ausencia de un debate abierto y participativo sobre la pretendida reforma tiene por prop\u00f3sito evitar la discusi\u00f3n desde otras perspectivas menos funcionales a los due\u00f1os del pa\u00eds.&nbsp;<\/p>\n\n\n\n<p>Los beneficiarios son los mismos sectores del capital concentrado ya beneficiados por las pol\u00edticas del gobierno: el proyecto de ley de reforma jubilatoria no discute sus contribuciones (que podr\u00edan ser mayores y m\u00e1s justas) ni los cambios en el mundo del trabajo, a la vez que extiende el negocio inaceptable de las AFAPs. Es como si el gran capital y los recursos que desarrolla o incorpora para multiplicar sus ganancias, no existieran, o al menos no pudieran someterse al escrutinio p\u00fablico. Es que la dictadura del poder econ\u00f3mico funciona as\u00ed: con el capital blindado por una especie de cono de sombra, es decir oculto u opacado por las sombras que proyecta, las que lo ponen a salvo del debate democr\u00e1tico.&nbsp;<\/p>\n\n\n\n<p>La estafa jubilatoria y la imposici\u00f3n educativa son dos proyectos de largo aliento, hechos a la medida de los ricos y por ende perjudiciales para la enorme mayor\u00eda de la sociedad. Nuestra denuncia debe ir acompa\u00f1ada de propuesta: m\u00e1s aportes de los que m\u00e1s tienen para financiar mejores prestaciones y servicios de seguridad social; educaci\u00f3n para la libertad construida desde las comunidades y los actores implicados. Menos individualismo, competencia y lucro, m\u00e1s vida digna, cooperaci\u00f3n y felicidad.&nbsp;<\/p>\n\n\n\n<p>La inteligencia y la creatividad de nuestro pueblo, su movilizaci\u00f3n y su lucha, pueden cambiar los ejes del debate y hacer visible lo que se quiere invisibilizar. Si lo logramos estaremos contribuyendo a ensanchar la democracia. Confiemos en nuestra propia fuerza.<\/p>\n","protected":false},"excerpt":{"rendered":"Escribe: Gonzalo Civila | Sec. Gral. del PS \n<a class=\"moretag\" href=\"https:\/\/elsol.ps.org.uy\/index.php\/2023\/03\/24\/el-cono-de-sombra\/\"> [...]<\/a>","protected":false},"author":2,"featured_media":12762,"comment_status":"closed","ping_status":"closed","sticky":false,"template":"","format":"standard","meta":{"footnotes":""},"categories":[30,36,47],"tags":[],"class_list":["post-12766","post","type-post","status-publish","format-standard","has-post-thumbnail","hentry","category-destacadas","category-el-sol","category-el-sol-no-31-marzo-2023"],"yoast_head":"<!-- This site is optimized with the Yoast SEO plugin v27.5 - https:\/\/yoast.com\/product\/yoast-seo-wordpress\/ -->\n<title>El cono de sombra&nbsp; - El Sol<\/title>\n<meta name=\"robots\" content=\"index, follow, max-snippet:-1, max-image-preview:large, max-video-preview:-1\" \/>\n<link rel=\"canonical\" href=\"https:\/\/elsol.ps.org.uy\/index.php\/2023\/03\/24\/el-cono-de-sombra\/\" \/>\n<meta property=\"og:locale\" content=\"es_ES\" \/>\n<meta property=\"og:type\" content=\"article\" \/>\n<meta property=\"og:title\" content=\"El cono de sombra&nbsp; - El Sol\" \/>\n<meta property=\"og:description\" content=\"Escribe: Gonzalo Civila | Sec. Gral. del PS\" \/>\n<meta property=\"og:url\" content=\"https:\/\/elsol.ps.org.uy\/index.php\/2023\/03\/24\/el-cono-de-sombra\/\" \/>\n<meta property=\"og:site_name\" content=\"El Sol\" \/>\n<meta property=\"article:published_time\" content=\"2023-03-24T19:40:50+00:00\" \/>\n<meta name=\"author\" content=\"El Sol\" \/>\n<meta name=\"twitter:card\" content=\"summary_large_image\" \/>\n<meta name=\"twitter:label1\" content=\"Escrito por\" \/>\n\t<meta name=\"twitter:data1\" content=\"El Sol\" \/>\n\t<meta name=\"twitter:label2\" content=\"Tiempo de lectura\" \/>\n\t<meta name=\"twitter:data2\" content=\"3 minutos\" \/>\n<script type=\"application\/ld+json\" class=\"yoast-schema-graph\">{\"@context\":\"https:\\\/\\\/schema.org\",\"@graph\":[{\"@type\":\"Article\",\"@id\":\"https:\\\/\\\/elsol.ps.org.uy\\\/index.php\\\/2023\\\/03\\\/24\\\/el-cono-de-sombra\\\/#article\",\"isPartOf\":{\"@id\":\"https:\\\/\\\/elsol.ps.org.uy\\\/index.php\\\/2023\\\/03\\\/24\\\/el-cono-de-sombra\\\/\"},\"author\":{\"name\":\"El Sol\",\"@id\":\"https:\\\/\\\/elsol.ps.org.uy\\\/#\\\/schema\\\/person\\\/9642a61f31473fe97857228bf33277f6\"},\"headline\":\"El cono de sombra&nbsp;\",\"datePublished\":\"2023-03-24T19:40:50+00:00\",\"mainEntityOfPage\":{\"@id\":\"https:\\\/\\\/elsol.ps.org.uy\\\/index.php\\\/2023\\\/03\\\/24\\\/el-cono-de-sombra\\\/\"},\"wordCount\":660,\"image\":{\"@id\":\"https:\\\/\\\/elsol.ps.org.uy\\\/index.php\\\/2023\\\/03\\\/24\\\/el-cono-de-sombra\\\/#primaryimage\"},\"thumbnailUrl\":\"\",\"articleSection\":[\"Destacadas\",\"El Sol\",\"El Sol \u2013 N\u00ba 31 \u2013 Marzo 2023\"],\"inLanguage\":\"es\"},{\"@type\":\"WebPage\",\"@id\":\"https:\\\/\\\/elsol.ps.org.uy\\\/index.php\\\/2023\\\/03\\\/24\\\/el-cono-de-sombra\\\/\",\"url\":\"https:\\\/\\\/elsol.ps.org.uy\\\/index.php\\\/2023\\\/03\\\/24\\\/el-cono-de-sombra\\\/\",\"name\":\"El cono de sombra&nbsp; - El Sol\",\"isPartOf\":{\"@id\":\"https:\\\/\\\/elsol.ps.org.uy\\\/#website\"},\"primaryImageOfPage\":{\"@id\":\"https:\\\/\\\/elsol.ps.org.uy\\\/index.php\\\/2023\\\/03\\\/24\\\/el-cono-de-sombra\\\/#primaryimage\"},\"image\":{\"@id\":\"https:\\\/\\\/elsol.ps.org.uy\\\/index.php\\\/2023\\\/03\\\/24\\\/el-cono-de-sombra\\\/#primaryimage\"},\"thumbnailUrl\":\"\",\"datePublished\":\"2023-03-24T19:40:50+00:00\",\"author\":{\"@id\":\"https:\\\/\\\/elsol.ps.org.uy\\\/#\\\/schema\\\/person\\\/9642a61f31473fe97857228bf33277f6\"},\"breadcrumb\":{\"@id\":\"https:\\\/\\\/elsol.ps.org.uy\\\/index.php\\\/2023\\\/03\\\/24\\\/el-cono-de-sombra\\\/#breadcrumb\"},\"inLanguage\":\"es\",\"potentialAction\":[{\"@type\":\"ReadAction\",\"target\":[\"https:\\\/\\\/elsol.ps.org.uy\\\/index.php\\\/2023\\\/03\\\/24\\\/el-cono-de-sombra\\\/\"]}]},{\"@type\":\"ImageObject\",\"inLanguage\":\"es\",\"@id\":\"https:\\\/\\\/elsol.ps.org.uy\\\/index.php\\\/2023\\\/03\\\/24\\\/el-cono-de-sombra\\\/#primaryimage\",\"url\":\"\",\"contentUrl\":\"\"},{\"@type\":\"BreadcrumbList\",\"@id\":\"https:\\\/\\\/elsol.ps.org.uy\\\/index.php\\\/2023\\\/03\\\/24\\\/el-cono-de-sombra\\\/#breadcrumb\",\"itemListElement\":[{\"@type\":\"ListItem\",\"position\":1,\"name\":\"Portada\",\"item\":\"https:\\\/\\\/elsol.ps.org.uy\\\/\"},{\"@type\":\"ListItem\",\"position\":2,\"name\":\"El cono de sombra&nbsp;\"}]},{\"@type\":\"WebSite\",\"@id\":\"https:\\\/\\\/elsol.ps.org.uy\\\/#website\",\"url\":\"https:\\\/\\\/elsol.ps.org.uy\\\/\",\"name\":\"El Sol\",\"description\":\"Organo del Partido Socialista - Frente Amplio\",\"potentialAction\":[{\"@type\":\"SearchAction\",\"target\":{\"@type\":\"EntryPoint\",\"urlTemplate\":\"https:\\\/\\\/elsol.ps.org.uy\\\/?s={search_term_string}\"},\"query-input\":{\"@type\":\"PropertyValueSpecification\",\"valueRequired\":true,\"valueName\":\"search_term_string\"}}],\"inLanguage\":\"es\"},{\"@type\":\"Person\",\"@id\":\"https:\\\/\\\/elsol.ps.org.uy\\\/#\\\/schema\\\/person\\\/9642a61f31473fe97857228bf33277f6\",\"name\":\"El Sol\",\"image\":{\"@type\":\"ImageObject\",\"inLanguage\":\"es\",\"@id\":\"https:\\\/\\\/secure.gravatar.com\\\/avatar\\\/e14a39081cff84ca4b5657918d3e15ebebf0ca4cee0bb3b81200271ee78d4b9c?s=96&d=mm&r=g\",\"url\":\"https:\\\/\\\/secure.gravatar.com\\\/avatar\\\/e14a39081cff84ca4b5657918d3e15ebebf0ca4cee0bb3b81200271ee78d4b9c?s=96&d=mm&r=g\",\"contentUrl\":\"https:\\\/\\\/secure.gravatar.com\\\/avatar\\\/e14a39081cff84ca4b5657918d3e15ebebf0ca4cee0bb3b81200271ee78d4b9c?s=96&d=mm&r=g\",\"caption\":\"El Sol\"},\"url\":\"https:\\\/\\\/elsol.ps.org.uy\\\/index.php\\\/author\\\/eugenia\\\/\"}]}<\/script>\n<!-- \/ Yoast SEO plugin. -->","yoast_head_json":{"title":"El cono de sombra&nbsp; - El Sol","robots":{"index":"index","follow":"follow","max-snippet":"max-snippet:-1","max-image-preview":"max-image-preview:large","max-video-preview":"max-video-preview:-1"},"canonical":"https:\/\/elsol.ps.org.uy\/index.php\/2023\/03\/24\/el-cono-de-sombra\/","og_locale":"es_ES","og_type":"article","og_title":"El cono de sombra&nbsp; - El Sol","og_description":"Escribe: Gonzalo Civila | Sec. Gral. del PS","og_url":"https:\/\/elsol.ps.org.uy\/index.php\/2023\/03\/24\/el-cono-de-sombra\/","og_site_name":"El Sol","article_published_time":"2023-03-24T19:40:50+00:00","author":"El Sol","twitter_card":"summary_large_image","twitter_misc":{"Escrito por":"El Sol","Tiempo de lectura":"3 minutos"},"schema":{"@context":"https:\/\/schema.org","@graph":[{"@type":"Article","@id":"https:\/\/elsol.ps.org.uy\/index.php\/2023\/03\/24\/el-cono-de-sombra\/#article","isPartOf":{"@id":"https:\/\/elsol.ps.org.uy\/index.php\/2023\/03\/24\/el-cono-de-sombra\/"},"author":{"name":"El Sol","@id":"https:\/\/elsol.ps.org.uy\/#\/schema\/person\/9642a61f31473fe97857228bf33277f6"},"headline":"El cono de sombra&nbsp;","datePublished":"2023-03-24T19:40:50+00:00","mainEntityOfPage":{"@id":"https:\/\/elsol.ps.org.uy\/index.php\/2023\/03\/24\/el-cono-de-sombra\/"},"wordCount":660,"image":{"@id":"https:\/\/elsol.ps.org.uy\/index.php\/2023\/03\/24\/el-cono-de-sombra\/#primaryimage"},"thumbnailUrl":"","articleSection":["Destacadas","El Sol","El Sol \u2013 N\u00ba 31 \u2013 Marzo 2023"],"inLanguage":"es"},{"@type":"WebPage","@id":"https:\/\/elsol.ps.org.uy\/index.php\/2023\/03\/24\/el-cono-de-sombra\/","url":"https:\/\/elsol.ps.org.uy\/index.php\/2023\/03\/24\/el-cono-de-sombra\/","name":"El cono de sombra&nbsp; - El Sol","isPartOf":{"@id":"https:\/\/elsol.ps.org.uy\/#website"},"primaryImageOfPage":{"@id":"https:\/\/elsol.ps.org.uy\/index.php\/2023\/03\/24\/el-cono-de-sombra\/#primaryimage"},"image":{"@id":"https:\/\/elsol.ps.org.uy\/index.php\/2023\/03\/24\/el-cono-de-sombra\/#primaryimage"},"thumbnailUrl":"","datePublished":"2023-03-24T19:40:50+00:00","author":{"@id":"https:\/\/elsol.ps.org.uy\/#\/schema\/person\/9642a61f31473fe97857228bf33277f6"},"breadcrumb":{"@id":"https:\/\/elsol.ps.org.uy\/index.php\/2023\/03\/24\/el-cono-de-sombra\/#breadcrumb"},"inLanguage":"es","potentialAction":[{"@type":"ReadAction","target":["https:\/\/elsol.ps.org.uy\/index.php\/2023\/03\/24\/el-cono-de-sombra\/"]}]},{"@type":"ImageObject","inLanguage":"es","@id":"https:\/\/elsol.ps.org.uy\/index.php\/2023\/03\/24\/el-cono-de-sombra\/#primaryimage","url":"","contentUrl":""},{"@type":"BreadcrumbList","@id":"https:\/\/elsol.ps.org.uy\/index.php\/2023\/03\/24\/el-cono-de-sombra\/#breadcrumb","itemListElement":[{"@type":"ListItem","position":1,"name":"Portada","item":"https:\/\/elsol.ps.org.uy\/"},{"@type":"ListItem","position":2,"name":"El cono de sombra&nbsp;"}]},{"@type":"WebSite","@id":"https:\/\/elsol.ps.org.uy\/#website","url":"https:\/\/elsol.ps.org.uy\/","name":"El Sol","description":"Organo del Partido Socialista - Frente Amplio","potentialAction":[{"@type":"SearchAction","target":{"@type":"EntryPoint","urlTemplate":"https:\/\/elsol.ps.org.uy\/?s={search_term_string}"},"query-input":{"@type":"PropertyValueSpecification","valueRequired":true,"valueName":"search_term_string"}}],"inLanguage":"es"},{"@type":"Person","@id":"https:\/\/elsol.ps.org.uy\/#\/schema\/person\/9642a61f31473fe97857228bf33277f6","name":"El Sol","image":{"@type":"ImageObject","inLanguage":"es","@id":"https:\/\/secure.gravatar.com\/avatar\/e14a39081cff84ca4b5657918d3e15ebebf0ca4cee0bb3b81200271ee78d4b9c?s=96&d=mm&r=g","url":"https:\/\/secure.gravatar.com\/avatar\/e14a39081cff84ca4b5657918d3e15ebebf0ca4cee0bb3b81200271ee78d4b9c?s=96&d=mm&r=g","contentUrl":"https:\/\/secure.gravatar.com\/avatar\/e14a39081cff84ca4b5657918d3e15ebebf0ca4cee0bb3b81200271ee78d4b9c?s=96&d=mm&r=g","caption":"El Sol"},"url":"https:\/\/elsol.ps.org.uy\/index.php\/author\/eugenia\/"}]}},"jetpack_featured_media_url":"","_links":{"self":[{"href":"https:\/\/elsol.ps.org.uy\/index.php\/wp-json\/wp\/v2\/posts\/12766","targetHints":{"allow":["GET"]}}],"collection":[{"href":"https:\/\/elsol.ps.org.uy\/index.php\/wp-json\/wp\/v2\/posts"}],"about":[{"href":"https:\/\/elsol.ps.org.uy\/index.php\/wp-json\/wp\/v2\/types\/post"}],"author":[{"embeddable":true,"href":"https:\/\/elsol.ps.org.uy\/index.php\/wp-json\/wp\/v2\/users\/2"}],"replies":[{"embeddable":true,"href":"https:\/\/elsol.ps.org.uy\/index.php\/wp-json\/wp\/v2\/comments?post=12766"}],"version-history":[{"count":0,"href":"https:\/\/elsol.ps.org.uy\/index.php\/wp-json\/wp\/v2\/posts\/12766\/revisions"}],"wp:featuredmedia":[{"embeddable":true,"href":"https:\/\/elsol.ps.org.uy\/index.php\/wp-json\/"}],"wp:attachment":[{"href":"https:\/\/elsol.ps.org.uy\/index.php\/wp-json\/wp\/v2\/media?parent=12766"}],"wp:term":[{"taxonomy":"category","embeddable":true,"href":"https:\/\/elsol.ps.org.uy\/index.php\/wp-json\/wp\/v2\/categories?post=12766"},{"taxonomy":"post_tag","embeddable":true,"href":"https:\/\/elsol.ps.org.uy\/index.php\/wp-json\/wp\/v2\/tags?post=12766"}],"curies":[{"name":"wp","href":"https:\/\/api.w.org\/{rel}","templated":true}]}}