{"id":12875,"date":"2023-05-02T15:43:26","date_gmt":"2023-05-02T18:43:26","guid":{"rendered":"https:\/\/ps.org.uy\/?p=12875"},"modified":"2023-05-02T15:43:26","modified_gmt":"2023-05-02T18:43:26","slug":"mirar-o-no-mirar","status":"publish","type":"post","link":"https:\/\/elsol.ps.org.uy\/index.php\/2023\/05\/02\/mirar-o-no-mirar\/","title":{"rendered":"Mirar o no mirar"},"content":{"rendered":"\n<p class=\"has-text-align-right\"><em>Escribe Arlequ\u00edn<\/em><\/p>\n\n\n\n<p>\u201cEste mundo te dir\u00e1 que siempre, que es mejor mirar a la pared\u201d dice Charly Garc\u00eda en una de sus canciones. Dice y seguir\u00e1 diciendo porque el sistema est\u00e1 cada vez m\u00e1s fuerte. Este gobierno conservador que busca en argumentos pretendidamente progresistas justificar sus embates, deja (a\u00fan m\u00e1s) en evidencia su intenci\u00f3n de apaciguar las voces y acciones cr\u00edticas que pretenden interpelar y desnudar sus carencias en el ejercicio de una autoridad democr\u00e1ticamente sana, responsable y con capacidad de liderar.<\/p>\n\n\n\n<p>Autoridad sin liderazgo y medios de comunicaci\u00f3n que sustentan estas l\u00f3gicas, han sido los dos frentes m\u00e1s importantes con los que han tenido que lidiar las y los estudiantes del IAVA, quienes democr\u00e1ticamente se han expresado, con la valent\u00eda y el desparpajo juvenil que tanto al conjunto de la sociedad como a nuestro sistema de educaci\u00f3n p\u00fablica, deber\u00eda hacernos sentir orgullosos y orgullosas.<\/p>\n\n\n\n<p>J\u00f3venes en el centro de un reclamo leg\u00edtimo, con docentes y familias que acompa\u00f1an y un director que respalda. Comunidad educativa comprometida e implicada en la realidad cotidiana del centro y de su entorno, que entiende que no todo es procedimiento, ni resoluciones vetustas. Comunidad que s\u00ed sabe construir poder desde la legitimidad. Una vez m\u00e1s el entramado que teje la gente hace pedagog\u00eda mientras las autoridades que deber\u00edan promover procesos educativos se reafirman en la imposici\u00f3n.&nbsp;&nbsp;<\/p>\n\n\n\n<p>Basta mirar las noticias, por ejemplo en el hecho de que estaba previsto reiniciar las clases del centro el jueves 20 de abril, pero como el gremio decidi\u00f3 ocupar nuevamente, las autoridades, que insist\u00edan con la urgencia de que el centro volviera a funcionar, resolvieron cerrarlo para desarticular la medida, reforzando la idea de ejercer la autoridad con mano dura y sin posibilidad de di\u00e1logo.<\/p>\n\n\n\n<p>Basta mirar las declaraciones del Presidente de la Rep\u00fablica, quien sobre el tema se expres\u00f3, entre otras cosas, diciendo que la rebeld\u00eda tiene un freno. El freno parece ser el del sistema que una vez m\u00e1s te pide que mires para la pared.<\/p>\n\n\n\n<p>En este tipo de situaciones quedan evidenciadas las contradicciones de los actores de este gobierno. Por ejemplo, se embanderan con conceptos como la descentralizaci\u00f3n, asegurando que buscan dar m\u00e1s poder de decisi\u00f3n a los centros educativos y por otro lado acusan de insubordinaci\u00f3n a un director de centro porque presenta reparos ante una decisi\u00f3n verticalista, con car\u00e1cter innegociable y urgente, de quienes no conocen la realidad de la comunidad educativa ni vivir\u00e1n los efectos de esa decisi\u00f3n.<\/p>\n\n\n\n<p>Debemos estar atentos y atentas a estas se\u00f1ales. Ser capaces de leerlas en clave hist\u00f3rica, apelando a la memoria y comprendiendo el momento actual, porque sostienen las mismas ideas, pero reinventan los m\u00e9todos. Sepan que no podr\u00e1n nunca parar a aquellos\/as que movidos\/as por la justicia social y por la construcci\u00f3n colectiva, eligen d\u00eda a d\u00eda mirar de frente la realidad.<\/p>\n","protected":false},"excerpt":{"rendered":"Escribe Arlequ\u00edn\n<a class=\"moretag\" href=\"https:\/\/elsol.ps.org.uy\/index.php\/2023\/05\/02\/mirar-o-no-mirar\/\"> [...]<\/a>","protected":false},"author":2,"featured_media":12863,"comment_status":"closed","ping_status":"closed","sticky":false,"template":"","format":"standard","meta":{"footnotes":""},"categories":[36,48],"tags":[],"class_list":["post-12875","post","type-post","status-publish","format-standard","has-post-thumbnail","hentry","category-el-sol","category-el-sol-no-32-abril-2023"],"yoast_head":"<!-- This site is optimized with the Yoast SEO plugin v27.5 - https:\/\/yoast.com\/product\/yoast-seo-wordpress\/ -->\n<title>Mirar o no mirar - El Sol<\/title>\n<meta name=\"robots\" content=\"index, follow, max-snippet:-1, max-image-preview:large, max-video-preview:-1\" \/>\n<link rel=\"canonical\" href=\"https:\/\/elsol.ps.org.uy\/index.php\/2023\/05\/02\/mirar-o-no-mirar\/\" \/>\n<meta property=\"og:locale\" content=\"es_ES\" \/>\n<meta property=\"og:type\" content=\"article\" \/>\n<meta property=\"og:title\" content=\"Mirar o no mirar - El Sol\" \/>\n<meta property=\"og:description\" content=\"Escribe Arlequ\u00edn\" \/>\n<meta property=\"og:url\" content=\"https:\/\/elsol.ps.org.uy\/index.php\/2023\/05\/02\/mirar-o-no-mirar\/\" \/>\n<meta property=\"og:site_name\" content=\"El Sol\" \/>\n<meta property=\"article:published_time\" content=\"2023-05-02T18:43:26+00:00\" \/>\n<meta name=\"author\" content=\"El Sol\" \/>\n<meta name=\"twitter:card\" content=\"summary_large_image\" \/>\n<meta name=\"twitter:label1\" content=\"Escrito por\" \/>\n\t<meta name=\"twitter:data1\" content=\"El Sol\" \/>\n\t<meta name=\"twitter:label2\" content=\"Tiempo de lectura\" \/>\n\t<meta name=\"twitter:data2\" content=\"3 minutos\" \/>\n<script type=\"application\/ld+json\" class=\"yoast-schema-graph\">{\"@context\":\"https:\\\/\\\/schema.org\",\"@graph\":[{\"@type\":\"Article\",\"@id\":\"https:\\\/\\\/elsol.ps.org.uy\\\/index.php\\\/2023\\\/05\\\/02\\\/mirar-o-no-mirar\\\/#article\",\"isPartOf\":{\"@id\":\"https:\\\/\\\/elsol.ps.org.uy\\\/index.php\\\/2023\\\/05\\\/02\\\/mirar-o-no-mirar\\\/\"},\"author\":{\"name\":\"El Sol\",\"@id\":\"https:\\\/\\\/elsol.ps.org.uy\\\/#\\\/schema\\\/person\\\/9642a61f31473fe97857228bf33277f6\"},\"headline\":\"Mirar o no mirar\",\"datePublished\":\"2023-05-02T18:43:26+00:00\",\"mainEntityOfPage\":{\"@id\":\"https:\\\/\\\/elsol.ps.org.uy\\\/index.php\\\/2023\\\/05\\\/02\\\/mirar-o-no-mirar\\\/\"},\"wordCount\":518,\"image\":{\"@id\":\"https:\\\/\\\/elsol.ps.org.uy\\\/index.php\\\/2023\\\/05\\\/02\\\/mirar-o-no-mirar\\\/#primaryimage\"},\"thumbnailUrl\":\"\",\"articleSection\":[\"El Sol\",\"El Sol \u2013 N\u00ba 32 \u2013 Abril 2023\"],\"inLanguage\":\"es\"},{\"@type\":\"WebPage\",\"@id\":\"https:\\\/\\\/elsol.ps.org.uy\\\/index.php\\\/2023\\\/05\\\/02\\\/mirar-o-no-mirar\\\/\",\"url\":\"https:\\\/\\\/elsol.ps.org.uy\\\/index.php\\\/2023\\\/05\\\/02\\\/mirar-o-no-mirar\\\/\",\"name\":\"Mirar o no mirar - El Sol\",\"isPartOf\":{\"@id\":\"https:\\\/\\\/elsol.ps.org.uy\\\/#website\"},\"primaryImageOfPage\":{\"@id\":\"https:\\\/\\\/elsol.ps.org.uy\\\/index.php\\\/2023\\\/05\\\/02\\\/mirar-o-no-mirar\\\/#primaryimage\"},\"image\":{\"@id\":\"https:\\\/\\\/elsol.ps.org.uy\\\/index.php\\\/2023\\\/05\\\/02\\\/mirar-o-no-mirar\\\/#primaryimage\"},\"thumbnailUrl\":\"\",\"datePublished\":\"2023-05-02T18:43:26+00:00\",\"author\":{\"@id\":\"https:\\\/\\\/elsol.ps.org.uy\\\/#\\\/schema\\\/person\\\/9642a61f31473fe97857228bf33277f6\"},\"breadcrumb\":{\"@id\":\"https:\\\/\\\/elsol.ps.org.uy\\\/index.php\\\/2023\\\/05\\\/02\\\/mirar-o-no-mirar\\\/#breadcrumb\"},\"inLanguage\":\"es\",\"potentialAction\":[{\"@type\":\"ReadAction\",\"target\":[\"https:\\\/\\\/elsol.ps.org.uy\\\/index.php\\\/2023\\\/05\\\/02\\\/mirar-o-no-mirar\\\/\"]}]},{\"@type\":\"ImageObject\",\"inLanguage\":\"es\",\"@id\":\"https:\\\/\\\/elsol.ps.org.uy\\\/index.php\\\/2023\\\/05\\\/02\\\/mirar-o-no-mirar\\\/#primaryimage\",\"url\":\"\",\"contentUrl\":\"\"},{\"@type\":\"BreadcrumbList\",\"@id\":\"https:\\\/\\\/elsol.ps.org.uy\\\/index.php\\\/2023\\\/05\\\/02\\\/mirar-o-no-mirar\\\/#breadcrumb\",\"itemListElement\":[{\"@type\":\"ListItem\",\"position\":1,\"name\":\"Portada\",\"item\":\"https:\\\/\\\/elsol.ps.org.uy\\\/\"},{\"@type\":\"ListItem\",\"position\":2,\"name\":\"Mirar o no mirar\"}]},{\"@type\":\"WebSite\",\"@id\":\"https:\\\/\\\/elsol.ps.org.uy\\\/#website\",\"url\":\"https:\\\/\\\/elsol.ps.org.uy\\\/\",\"name\":\"El Sol\",\"description\":\"Organo del Partido Socialista - Frente Amplio\",\"potentialAction\":[{\"@type\":\"SearchAction\",\"target\":{\"@type\":\"EntryPoint\",\"urlTemplate\":\"https:\\\/\\\/elsol.ps.org.uy\\\/?s={search_term_string}\"},\"query-input\":{\"@type\":\"PropertyValueSpecification\",\"valueRequired\":true,\"valueName\":\"search_term_string\"}}],\"inLanguage\":\"es\"},{\"@type\":\"Person\",\"@id\":\"https:\\\/\\\/elsol.ps.org.uy\\\/#\\\/schema\\\/person\\\/9642a61f31473fe97857228bf33277f6\",\"name\":\"El Sol\",\"image\":{\"@type\":\"ImageObject\",\"inLanguage\":\"es\",\"@id\":\"https:\\\/\\\/secure.gravatar.com\\\/avatar\\\/e14a39081cff84ca4b5657918d3e15ebebf0ca4cee0bb3b81200271ee78d4b9c?s=96&d=mm&r=g\",\"url\":\"https:\\\/\\\/secure.gravatar.com\\\/avatar\\\/e14a39081cff84ca4b5657918d3e15ebebf0ca4cee0bb3b81200271ee78d4b9c?s=96&d=mm&r=g\",\"contentUrl\":\"https:\\\/\\\/secure.gravatar.com\\\/avatar\\\/e14a39081cff84ca4b5657918d3e15ebebf0ca4cee0bb3b81200271ee78d4b9c?s=96&d=mm&r=g\",\"caption\":\"El Sol\"},\"url\":\"https:\\\/\\\/elsol.ps.org.uy\\\/index.php\\\/author\\\/eugenia\\\/\"}]}<\/script>\n<!-- \/ Yoast SEO plugin. -->","yoast_head_json":{"title":"Mirar o no mirar - El Sol","robots":{"index":"index","follow":"follow","max-snippet":"max-snippet:-1","max-image-preview":"max-image-preview:large","max-video-preview":"max-video-preview:-1"},"canonical":"https:\/\/elsol.ps.org.uy\/index.php\/2023\/05\/02\/mirar-o-no-mirar\/","og_locale":"es_ES","og_type":"article","og_title":"Mirar o no mirar - El Sol","og_description":"Escribe Arlequ\u00edn","og_url":"https:\/\/elsol.ps.org.uy\/index.php\/2023\/05\/02\/mirar-o-no-mirar\/","og_site_name":"El Sol","article_published_time":"2023-05-02T18:43:26+00:00","author":"El Sol","twitter_card":"summary_large_image","twitter_misc":{"Escrito por":"El Sol","Tiempo de lectura":"3 minutos"},"schema":{"@context":"https:\/\/schema.org","@graph":[{"@type":"Article","@id":"https:\/\/elsol.ps.org.uy\/index.php\/2023\/05\/02\/mirar-o-no-mirar\/#article","isPartOf":{"@id":"https:\/\/elsol.ps.org.uy\/index.php\/2023\/05\/02\/mirar-o-no-mirar\/"},"author":{"name":"El Sol","@id":"https:\/\/elsol.ps.org.uy\/#\/schema\/person\/9642a61f31473fe97857228bf33277f6"},"headline":"Mirar o no mirar","datePublished":"2023-05-02T18:43:26+00:00","mainEntityOfPage":{"@id":"https:\/\/elsol.ps.org.uy\/index.php\/2023\/05\/02\/mirar-o-no-mirar\/"},"wordCount":518,"image":{"@id":"https:\/\/elsol.ps.org.uy\/index.php\/2023\/05\/02\/mirar-o-no-mirar\/#primaryimage"},"thumbnailUrl":"","articleSection":["El Sol","El Sol \u2013 N\u00ba 32 \u2013 Abril 2023"],"inLanguage":"es"},{"@type":"WebPage","@id":"https:\/\/elsol.ps.org.uy\/index.php\/2023\/05\/02\/mirar-o-no-mirar\/","url":"https:\/\/elsol.ps.org.uy\/index.php\/2023\/05\/02\/mirar-o-no-mirar\/","name":"Mirar o no mirar - El Sol","isPartOf":{"@id":"https:\/\/elsol.ps.org.uy\/#website"},"primaryImageOfPage":{"@id":"https:\/\/elsol.ps.org.uy\/index.php\/2023\/05\/02\/mirar-o-no-mirar\/#primaryimage"},"image":{"@id":"https:\/\/elsol.ps.org.uy\/index.php\/2023\/05\/02\/mirar-o-no-mirar\/#primaryimage"},"thumbnailUrl":"","datePublished":"2023-05-02T18:43:26+00:00","author":{"@id":"https:\/\/elsol.ps.org.uy\/#\/schema\/person\/9642a61f31473fe97857228bf33277f6"},"breadcrumb":{"@id":"https:\/\/elsol.ps.org.uy\/index.php\/2023\/05\/02\/mirar-o-no-mirar\/#breadcrumb"},"inLanguage":"es","potentialAction":[{"@type":"ReadAction","target":["https:\/\/elsol.ps.org.uy\/index.php\/2023\/05\/02\/mirar-o-no-mirar\/"]}]},{"@type":"ImageObject","inLanguage":"es","@id":"https:\/\/elsol.ps.org.uy\/index.php\/2023\/05\/02\/mirar-o-no-mirar\/#primaryimage","url":"","contentUrl":""},{"@type":"BreadcrumbList","@id":"https:\/\/elsol.ps.org.uy\/index.php\/2023\/05\/02\/mirar-o-no-mirar\/#breadcrumb","itemListElement":[{"@type":"ListItem","position":1,"name":"Portada","item":"https:\/\/elsol.ps.org.uy\/"},{"@type":"ListItem","position":2,"name":"Mirar o no mirar"}]},{"@type":"WebSite","@id":"https:\/\/elsol.ps.org.uy\/#website","url":"https:\/\/elsol.ps.org.uy\/","name":"El Sol","description":"Organo del Partido Socialista - Frente Amplio","potentialAction":[{"@type":"SearchAction","target":{"@type":"EntryPoint","urlTemplate":"https:\/\/elsol.ps.org.uy\/?s={search_term_string}"},"query-input":{"@type":"PropertyValueSpecification","valueRequired":true,"valueName":"search_term_string"}}],"inLanguage":"es"},{"@type":"Person","@id":"https:\/\/elsol.ps.org.uy\/#\/schema\/person\/9642a61f31473fe97857228bf33277f6","name":"El Sol","image":{"@type":"ImageObject","inLanguage":"es","@id":"https:\/\/secure.gravatar.com\/avatar\/e14a39081cff84ca4b5657918d3e15ebebf0ca4cee0bb3b81200271ee78d4b9c?s=96&d=mm&r=g","url":"https:\/\/secure.gravatar.com\/avatar\/e14a39081cff84ca4b5657918d3e15ebebf0ca4cee0bb3b81200271ee78d4b9c?s=96&d=mm&r=g","contentUrl":"https:\/\/secure.gravatar.com\/avatar\/e14a39081cff84ca4b5657918d3e15ebebf0ca4cee0bb3b81200271ee78d4b9c?s=96&d=mm&r=g","caption":"El Sol"},"url":"https:\/\/elsol.ps.org.uy\/index.php\/author\/eugenia\/"}]}},"jetpack_featured_media_url":"","_links":{"self":[{"href":"https:\/\/elsol.ps.org.uy\/index.php\/wp-json\/wp\/v2\/posts\/12875","targetHints":{"allow":["GET"]}}],"collection":[{"href":"https:\/\/elsol.ps.org.uy\/index.php\/wp-json\/wp\/v2\/posts"}],"about":[{"href":"https:\/\/elsol.ps.org.uy\/index.php\/wp-json\/wp\/v2\/types\/post"}],"author":[{"embeddable":true,"href":"https:\/\/elsol.ps.org.uy\/index.php\/wp-json\/wp\/v2\/users\/2"}],"replies":[{"embeddable":true,"href":"https:\/\/elsol.ps.org.uy\/index.php\/wp-json\/wp\/v2\/comments?post=12875"}],"version-history":[{"count":0,"href":"https:\/\/elsol.ps.org.uy\/index.php\/wp-json\/wp\/v2\/posts\/12875\/revisions"}],"wp:featuredmedia":[{"embeddable":true,"href":"https:\/\/elsol.ps.org.uy\/index.php\/wp-json\/"}],"wp:attachment":[{"href":"https:\/\/elsol.ps.org.uy\/index.php\/wp-json\/wp\/v2\/media?parent=12875"}],"wp:term":[{"taxonomy":"category","embeddable":true,"href":"https:\/\/elsol.ps.org.uy\/index.php\/wp-json\/wp\/v2\/categories?post=12875"},{"taxonomy":"post_tag","embeddable":true,"href":"https:\/\/elsol.ps.org.uy\/index.php\/wp-json\/wp\/v2\/tags?post=12875"}],"curies":[{"name":"wp","href":"https:\/\/api.w.org\/{rel}","templated":true}]}}