{"id":12877,"date":"2023-05-02T15:44:23","date_gmt":"2023-05-02T18:44:23","guid":{"rendered":"https:\/\/ps.org.uy\/?p=12877"},"modified":"2023-05-02T15:44:23","modified_gmt":"2023-05-02T18:44:23","slug":"y-ahora-quien-para-la-olla","status":"publish","type":"post","link":"https:\/\/elsol.ps.org.uy\/index.php\/2023\/05\/02\/y-ahora-quien-para-la-olla\/","title":{"rendered":"\u00bfY ahora qui\u00e9n para la olla?"},"content":{"rendered":"\n<p class=\"has-text-align-right\"><em>Escribe Gabriela Barreiro | Diputada PS-FA<\/em><\/p>\n\n\n\n<p>Las ollas populares tienen una rica tradici\u00f3n&nbsp;de solidaridad y resistencia, fundamentalmente en los duros conflictos gremiales permitiendo que los trabajadores y trabajadoras se organizaran en \u00e9pocas muy dif\u00edciles para&nbsp;dar la pelea por sus derechos,&nbsp;y a la&nbsp;&nbsp;vez asegurar una&nbsp;&nbsp;alimentaci\u00f3n b\u00e1sica&nbsp;que les permitiera seguir&nbsp;la lucha.<\/p>\n\n\n\n<p>Durante los 15 a\u00f1os de Gobierno del Frente Amplio con nuevas pol\u00edticas sociales y una fuerte recuperaci\u00f3n salarial, se logro una&nbsp;disminuci\u00f3n&nbsp;de la pobreza y con las leyes aprobadas contra el abuso patronal y la persecuci\u00f3n sindical, se transformaron en acciones m\u00e1s&nbsp;espor\u00e1dicas.<\/p>\n\n\n\n<p>En el a\u00f1o 2020,&nbsp;de mano de la pandemia&nbsp;y de un gobierno que antes de la misma ya hab\u00eda decretado recortes en inversiones en&nbsp;pol\u00edticas&nbsp;sociales y en la protecci\u00f3n a los m\u00e1s&nbsp;vulnerables, las ollas populares nuevamente surgieron en&nbsp;manos de quienes de forma solidaria dieron respuesta a un Estado Ausente.&nbsp;<\/p>\n\n\n\n<p>Organizarse, salir a buscar en los comercios del barrio aportes, a las organizaciones sociales, a las cooperativas, a los sindicatos sensibles a la necesidad de la gente, al&nbsp;&nbsp;barrio en su conjunto, trabajando desinteresadamente para lograr que los afectados por la pandemia lograran al menos tener un plato de comida en \u00e9pocas muy dif\u00edciles.<\/p>\n\n\n\n<p>Esta primera forma autogestionaria que&nbsp;surgi\u00f3&nbsp;a ra\u00edz de las necesidades de cada zona, de cada barrio, comenz\u00f3 a evolucionar en una organizaci\u00f3n m\u00e1s global para permitir en forma planificada tener m\u00e1s posibilidades de recursos y poder mantener durante mucho m\u00e1s tiempo las ollas en funcionamiento, de all\u00ed surge la Coordinadora&nbsp;Popular y Solidaria Ollas por Vida Digna&nbsp;(CPS), organizaci\u00f3n que se dan para mejorar sustancialmente la posibilidades de tener los recursos y elementos necesarios para esa tarea solidaria apostando a un&nbsp;trabajo de inclusi\u00f3n, involucrando todas las partes en el fortalecimiento y la pr\u00e1ctica solidaria.<\/p>\n\n\n\n<p>El objetivo&nbsp;de CPS es&nbsp;mancomunar los esfuerzos dispersos de las actividades solidarias, logrando una primera coordinaci\u00f3n articuladora en distintos niveles, para poder atender adem\u00e1s de necesidades espec\u00edficas urgentes, coordinar entregas de manera centralizada.<\/p>\n\n\n\n<p>La labor que implica llevar adelante las diferentes iniciativas genera un desgaste f\u00edsico y psicol\u00f3gico ignorado por el Estado, y a pesar de ello y de la falta de insumos la mayor\u00eda no conciben la posibilidad de cerrar la olla, por el hecho que se sienten responsables de la alimentaci\u00f3n de cientos de familias.<\/p>\n\n\n\n<p>El Observatorio de Derecho a la alimentaci\u00f3n y la Escuela de Nutrici\u00f3n de la UDELAR ha aportado importantes insumos que son determinantes en cuanto a la acotada cobertura nutricional de la alimentaci\u00f3n que las ollas pueden realizar con los insumos que reciben del MIDES, y los efectos que esta situaci\u00f3n tendr\u00e1 a largo plazo, particularmente en las infancias.&nbsp;<\/p>\n\n\n\n<p>Tambi\u00e9n es importante considerar el drama de la pobreza infantil, es la franja m\u00e1s castigada, por lo que no se deber\u00edan seguir realizando diagn\u00f3sticos sin una respuesta contundente a tal realidad.<\/p>\n\n\n\n<p>Seg\u00fan el primer informe de Prevalencia de Inseguridad Alimentaria en Uruguay, el mismo reconoce que el hambre, es un problema para el pa\u00eds. El Informe es presentado por el Instituto Nacional de Estad\u00edstica, el Ministerio de Salud P\u00fablica, el Ministerio de Desarrollo Social y el Instituto Nacional de Alimentaci\u00f3n. Entre los principales resultados establece que un 15% de los hogares tiene inseguridad alimentaria moderada y grave y el 16,5% de la poblaci\u00f3n. Eso implica que hay 174.000 hogares y 575.000 personas con insuficiencia alimentaria moderada o grave. En tanto que, si se toma solamente la insuficiencia alimentaria grave, hablamos de 30.160 hogares y 101.069 personas. Esos c\u00e1lculos se realizan a partir de los datos del INE de 1.160.000 hogares en total en Uruguay y una poblaci\u00f3n de 3.485.152.<\/p>\n\n\n\n<p>Las conclusiones del propio informe se\u00f1alan que \u201cla inseguridad alimentaria es un problema prevalente en el pa\u00eds\u201d. El informe agrega que \u201clas mayores cifras de inseguridad alimentaria se observaron en hogares integrados por ni\u00f1os y ni\u00f1as menores de 6 a\u00f1os, ubicados en la regi\u00f3n que incluye los departamentos de Artigas, Tacuaremb\u00f3, Rivera, Cerro Largo y Treinta y Tres cuyos ingresos se encuentran en el primer Quintil\u201d.<\/p>\n\n\n\n<p>Sin embargo, no se ha tenido una pol\u00edtica que fuera en l\u00ednea con la problem\u00e1tica existente, solamente se han tratado de desprestigiar pol\u00edticamente la tarea realizada por la Coordinadora de Ollas avanzando en ataques injustificados y una denuncia ingresada en Fiscal\u00eda en noviembre de 2022.<\/p>\n\n\n\n<p>En febrero de 2023 cambia la estrategia del Gobierno, el MIDES retira todos los insumos que entregaba a las ollas, anunciando la instalaci\u00f3n en Abril del nuevo Plan de Alimentaci\u00f3n Territorial PAT. Se intenta por parte del gobierno decir que existen dos realidades, el Plan de Alimentaci\u00f3n Territorial (PAT) que intentan implementar y al fin lo que hace es confirmar la situaci\u00f3n actual atendida&nbsp;&nbsp;por las ollas. No es un relato, son datos.<\/p>\n\n\n\n<p>Se inici\u00f3 en&nbsp;&nbsp;febrero de 2023 y hasta ahora\u2026 nada, sin respuesta, las personas siguen en situaci\u00f3n de vulnerabilidad grave, quienes siguen sosteniendo y dando respuesta son las ollas.&nbsp;<\/p>\n\n\n\n<p>Por otro lado algunas familias empezaron a recibir una canasta INDA que no cubre las necesidades alimentarias. En pocas palabras las ollas se siguen sosteniendo a trav\u00e9s de la solidaridad y organizaci\u00f3n, dando la respuesta&nbsp;&nbsp;del alimento ante la omisi\u00f3n del Estado.<\/p>\n\n\n\n<p>Hemos realizado, junto a otros legisladores, Pedidos de Informes ante las muchas dudas que nos ocasiona el nuevo Plan. Hasta ahora no hemos recibido respuesta, lo que si hemos comprobado que esta situaci\u00f3n&nbsp;&nbsp;nos origina m\u00e1s incertidumbre que certezas.<\/p>\n\n\n\n<p>Estaremos atentos ya que seg\u00fan lo manifestado por las autoridades el Plan comenzar\u00eda en abril del 2023 y eso hasta ahora no ha sucedido.<\/p>\n\n\n\n<p><strong>\u00bfY ahora qui\u00e9n para la olla? Tiene una sola respuesta&nbsp;<\/strong><\/p>\n\n\n\n<p>\u00a1Son cientos, miles de manos extendidas, son ellos y ellas a trav\u00e9s del apoyo incondicional, dejando a lo largo del tiempo la llama encendida de la solidaridad!<\/p>\n","protected":false},"excerpt":{"rendered":"Escribe Gabriela Barreiro | Diputada PS-FA\n<a class=\"moretag\" href=\"https:\/\/elsol.ps.org.uy\/index.php\/2023\/05\/02\/y-ahora-quien-para-la-olla\/\"> [...]<\/a>","protected":false},"author":2,"featured_media":12862,"comment_status":"closed","ping_status":"closed","sticky":false,"template":"","format":"standard","meta":{"footnotes":""},"categories":[30,36,48],"tags":[],"class_list":["post-12877","post","type-post","status-publish","format-standard","has-post-thumbnail","hentry","category-destacadas","category-el-sol","category-el-sol-no-32-abril-2023"],"yoast_head":"<!-- This site is optimized with the Yoast SEO plugin v27.4 - https:\/\/yoast.com\/product\/yoast-seo-wordpress\/ -->\n<title>\u00bfY ahora qui\u00e9n para la olla? - El Sol<\/title>\n<meta name=\"robots\" content=\"index, follow, max-snippet:-1, max-image-preview:large, max-video-preview:-1\" \/>\n<link rel=\"canonical\" href=\"https:\/\/elsol.ps.org.uy\/index.php\/2023\/05\/02\/y-ahora-quien-para-la-olla\/\" \/>\n<meta property=\"og:locale\" content=\"es_ES\" \/>\n<meta property=\"og:type\" content=\"article\" \/>\n<meta property=\"og:title\" content=\"\u00bfY ahora qui\u00e9n para la olla? - El Sol\" \/>\n<meta property=\"og:description\" content=\"Escribe Gabriela Barreiro | Diputada PS-FA\" \/>\n<meta property=\"og:url\" content=\"https:\/\/elsol.ps.org.uy\/index.php\/2023\/05\/02\/y-ahora-quien-para-la-olla\/\" \/>\n<meta property=\"og:site_name\" content=\"El Sol\" \/>\n<meta property=\"article:published_time\" content=\"2023-05-02T18:44:23+00:00\" \/>\n<meta name=\"author\" content=\"El Sol\" \/>\n<meta name=\"twitter:card\" content=\"summary_large_image\" \/>\n<meta name=\"twitter:label1\" content=\"Escrito por\" \/>\n\t<meta name=\"twitter:data1\" content=\"El Sol\" \/>\n\t<meta name=\"twitter:label2\" content=\"Tiempo de lectura\" \/>\n\t<meta name=\"twitter:data2\" content=\"5 minutos\" \/>\n<script type=\"application\/ld+json\" class=\"yoast-schema-graph\">{\"@context\":\"https:\\\/\\\/schema.org\",\"@graph\":[{\"@type\":\"Article\",\"@id\":\"https:\\\/\\\/elsol.ps.org.uy\\\/index.php\\\/2023\\\/05\\\/02\\\/y-ahora-quien-para-la-olla\\\/#article\",\"isPartOf\":{\"@id\":\"https:\\\/\\\/elsol.ps.org.uy\\\/index.php\\\/2023\\\/05\\\/02\\\/y-ahora-quien-para-la-olla\\\/\"},\"author\":{\"name\":\"El Sol\",\"@id\":\"https:\\\/\\\/elsol.ps.org.uy\\\/#\\\/schema\\\/person\\\/9642a61f31473fe97857228bf33277f6\"},\"headline\":\"\u00bfY ahora qui\u00e9n para la olla?\",\"datePublished\":\"2023-05-02T18:44:23+00:00\",\"mainEntityOfPage\":{\"@id\":\"https:\\\/\\\/elsol.ps.org.uy\\\/index.php\\\/2023\\\/05\\\/02\\\/y-ahora-quien-para-la-olla\\\/\"},\"wordCount\":1066,\"image\":{\"@id\":\"https:\\\/\\\/elsol.ps.org.uy\\\/index.php\\\/2023\\\/05\\\/02\\\/y-ahora-quien-para-la-olla\\\/#primaryimage\"},\"thumbnailUrl\":\"\",\"articleSection\":[\"Destacadas\",\"El Sol\",\"El Sol \u2013 N\u00ba 32 \u2013 Abril 2023\"],\"inLanguage\":\"es\"},{\"@type\":\"WebPage\",\"@id\":\"https:\\\/\\\/elsol.ps.org.uy\\\/index.php\\\/2023\\\/05\\\/02\\\/y-ahora-quien-para-la-olla\\\/\",\"url\":\"https:\\\/\\\/elsol.ps.org.uy\\\/index.php\\\/2023\\\/05\\\/02\\\/y-ahora-quien-para-la-olla\\\/\",\"name\":\"\u00bfY ahora qui\u00e9n para la olla? - El Sol\",\"isPartOf\":{\"@id\":\"https:\\\/\\\/elsol.ps.org.uy\\\/#website\"},\"primaryImageOfPage\":{\"@id\":\"https:\\\/\\\/elsol.ps.org.uy\\\/index.php\\\/2023\\\/05\\\/02\\\/y-ahora-quien-para-la-olla\\\/#primaryimage\"},\"image\":{\"@id\":\"https:\\\/\\\/elsol.ps.org.uy\\\/index.php\\\/2023\\\/05\\\/02\\\/y-ahora-quien-para-la-olla\\\/#primaryimage\"},\"thumbnailUrl\":\"\",\"datePublished\":\"2023-05-02T18:44:23+00:00\",\"author\":{\"@id\":\"https:\\\/\\\/elsol.ps.org.uy\\\/#\\\/schema\\\/person\\\/9642a61f31473fe97857228bf33277f6\"},\"breadcrumb\":{\"@id\":\"https:\\\/\\\/elsol.ps.org.uy\\\/index.php\\\/2023\\\/05\\\/02\\\/y-ahora-quien-para-la-olla\\\/#breadcrumb\"},\"inLanguage\":\"es\",\"potentialAction\":[{\"@type\":\"ReadAction\",\"target\":[\"https:\\\/\\\/elsol.ps.org.uy\\\/index.php\\\/2023\\\/05\\\/02\\\/y-ahora-quien-para-la-olla\\\/\"]}]},{\"@type\":\"ImageObject\",\"inLanguage\":\"es\",\"@id\":\"https:\\\/\\\/elsol.ps.org.uy\\\/index.php\\\/2023\\\/05\\\/02\\\/y-ahora-quien-para-la-olla\\\/#primaryimage\",\"url\":\"\",\"contentUrl\":\"\"},{\"@type\":\"BreadcrumbList\",\"@id\":\"https:\\\/\\\/elsol.ps.org.uy\\\/index.php\\\/2023\\\/05\\\/02\\\/y-ahora-quien-para-la-olla\\\/#breadcrumb\",\"itemListElement\":[{\"@type\":\"ListItem\",\"position\":1,\"name\":\"Portada\",\"item\":\"https:\\\/\\\/elsol.ps.org.uy\\\/\"},{\"@type\":\"ListItem\",\"position\":2,\"name\":\"\u00bfY ahora qui\u00e9n para la olla?\"}]},{\"@type\":\"WebSite\",\"@id\":\"https:\\\/\\\/elsol.ps.org.uy\\\/#website\",\"url\":\"https:\\\/\\\/elsol.ps.org.uy\\\/\",\"name\":\"El Sol\",\"description\":\"Organo del Partido Socialista - Frente Amplio\",\"potentialAction\":[{\"@type\":\"SearchAction\",\"target\":{\"@type\":\"EntryPoint\",\"urlTemplate\":\"https:\\\/\\\/elsol.ps.org.uy\\\/?s={search_term_string}\"},\"query-input\":{\"@type\":\"PropertyValueSpecification\",\"valueRequired\":true,\"valueName\":\"search_term_string\"}}],\"inLanguage\":\"es\"},{\"@type\":\"Person\",\"@id\":\"https:\\\/\\\/elsol.ps.org.uy\\\/#\\\/schema\\\/person\\\/9642a61f31473fe97857228bf33277f6\",\"name\":\"El Sol\",\"image\":{\"@type\":\"ImageObject\",\"inLanguage\":\"es\",\"@id\":\"https:\\\/\\\/secure.gravatar.com\\\/avatar\\\/e14a39081cff84ca4b5657918d3e15ebebf0ca4cee0bb3b81200271ee78d4b9c?s=96&d=mm&r=g\",\"url\":\"https:\\\/\\\/secure.gravatar.com\\\/avatar\\\/e14a39081cff84ca4b5657918d3e15ebebf0ca4cee0bb3b81200271ee78d4b9c?s=96&d=mm&r=g\",\"contentUrl\":\"https:\\\/\\\/secure.gravatar.com\\\/avatar\\\/e14a39081cff84ca4b5657918d3e15ebebf0ca4cee0bb3b81200271ee78d4b9c?s=96&d=mm&r=g\",\"caption\":\"El Sol\"},\"url\":\"https:\\\/\\\/elsol.ps.org.uy\\\/index.php\\\/author\\\/eugenia\\\/\"}]}<\/script>\n<!-- \/ Yoast SEO plugin. -->","yoast_head_json":{"title":"\u00bfY ahora qui\u00e9n para la olla? - El Sol","robots":{"index":"index","follow":"follow","max-snippet":"max-snippet:-1","max-image-preview":"max-image-preview:large","max-video-preview":"max-video-preview:-1"},"canonical":"https:\/\/elsol.ps.org.uy\/index.php\/2023\/05\/02\/y-ahora-quien-para-la-olla\/","og_locale":"es_ES","og_type":"article","og_title":"\u00bfY ahora qui\u00e9n para la olla? - El Sol","og_description":"Escribe Gabriela Barreiro | Diputada PS-FA","og_url":"https:\/\/elsol.ps.org.uy\/index.php\/2023\/05\/02\/y-ahora-quien-para-la-olla\/","og_site_name":"El Sol","article_published_time":"2023-05-02T18:44:23+00:00","author":"El Sol","twitter_card":"summary_large_image","twitter_misc":{"Escrito por":"El Sol","Tiempo de lectura":"5 minutos"},"schema":{"@context":"https:\/\/schema.org","@graph":[{"@type":"Article","@id":"https:\/\/elsol.ps.org.uy\/index.php\/2023\/05\/02\/y-ahora-quien-para-la-olla\/#article","isPartOf":{"@id":"https:\/\/elsol.ps.org.uy\/index.php\/2023\/05\/02\/y-ahora-quien-para-la-olla\/"},"author":{"name":"El Sol","@id":"https:\/\/elsol.ps.org.uy\/#\/schema\/person\/9642a61f31473fe97857228bf33277f6"},"headline":"\u00bfY ahora qui\u00e9n para la olla?","datePublished":"2023-05-02T18:44:23+00:00","mainEntityOfPage":{"@id":"https:\/\/elsol.ps.org.uy\/index.php\/2023\/05\/02\/y-ahora-quien-para-la-olla\/"},"wordCount":1066,"image":{"@id":"https:\/\/elsol.ps.org.uy\/index.php\/2023\/05\/02\/y-ahora-quien-para-la-olla\/#primaryimage"},"thumbnailUrl":"","articleSection":["Destacadas","El Sol","El Sol \u2013 N\u00ba 32 \u2013 Abril 2023"],"inLanguage":"es"},{"@type":"WebPage","@id":"https:\/\/elsol.ps.org.uy\/index.php\/2023\/05\/02\/y-ahora-quien-para-la-olla\/","url":"https:\/\/elsol.ps.org.uy\/index.php\/2023\/05\/02\/y-ahora-quien-para-la-olla\/","name":"\u00bfY ahora qui\u00e9n para la olla? - El Sol","isPartOf":{"@id":"https:\/\/elsol.ps.org.uy\/#website"},"primaryImageOfPage":{"@id":"https:\/\/elsol.ps.org.uy\/index.php\/2023\/05\/02\/y-ahora-quien-para-la-olla\/#primaryimage"},"image":{"@id":"https:\/\/elsol.ps.org.uy\/index.php\/2023\/05\/02\/y-ahora-quien-para-la-olla\/#primaryimage"},"thumbnailUrl":"","datePublished":"2023-05-02T18:44:23+00:00","author":{"@id":"https:\/\/elsol.ps.org.uy\/#\/schema\/person\/9642a61f31473fe97857228bf33277f6"},"breadcrumb":{"@id":"https:\/\/elsol.ps.org.uy\/index.php\/2023\/05\/02\/y-ahora-quien-para-la-olla\/#breadcrumb"},"inLanguage":"es","potentialAction":[{"@type":"ReadAction","target":["https:\/\/elsol.ps.org.uy\/index.php\/2023\/05\/02\/y-ahora-quien-para-la-olla\/"]}]},{"@type":"ImageObject","inLanguage":"es","@id":"https:\/\/elsol.ps.org.uy\/index.php\/2023\/05\/02\/y-ahora-quien-para-la-olla\/#primaryimage","url":"","contentUrl":""},{"@type":"BreadcrumbList","@id":"https:\/\/elsol.ps.org.uy\/index.php\/2023\/05\/02\/y-ahora-quien-para-la-olla\/#breadcrumb","itemListElement":[{"@type":"ListItem","position":1,"name":"Portada","item":"https:\/\/elsol.ps.org.uy\/"},{"@type":"ListItem","position":2,"name":"\u00bfY ahora qui\u00e9n para la olla?"}]},{"@type":"WebSite","@id":"https:\/\/elsol.ps.org.uy\/#website","url":"https:\/\/elsol.ps.org.uy\/","name":"El Sol","description":"Organo del Partido Socialista - Frente Amplio","potentialAction":[{"@type":"SearchAction","target":{"@type":"EntryPoint","urlTemplate":"https:\/\/elsol.ps.org.uy\/?s={search_term_string}"},"query-input":{"@type":"PropertyValueSpecification","valueRequired":true,"valueName":"search_term_string"}}],"inLanguage":"es"},{"@type":"Person","@id":"https:\/\/elsol.ps.org.uy\/#\/schema\/person\/9642a61f31473fe97857228bf33277f6","name":"El Sol","image":{"@type":"ImageObject","inLanguage":"es","@id":"https:\/\/secure.gravatar.com\/avatar\/e14a39081cff84ca4b5657918d3e15ebebf0ca4cee0bb3b81200271ee78d4b9c?s=96&d=mm&r=g","url":"https:\/\/secure.gravatar.com\/avatar\/e14a39081cff84ca4b5657918d3e15ebebf0ca4cee0bb3b81200271ee78d4b9c?s=96&d=mm&r=g","contentUrl":"https:\/\/secure.gravatar.com\/avatar\/e14a39081cff84ca4b5657918d3e15ebebf0ca4cee0bb3b81200271ee78d4b9c?s=96&d=mm&r=g","caption":"El Sol"},"url":"https:\/\/elsol.ps.org.uy\/index.php\/author\/eugenia\/"}]}},"jetpack_featured_media_url":"","_links":{"self":[{"href":"https:\/\/elsol.ps.org.uy\/index.php\/wp-json\/wp\/v2\/posts\/12877","targetHints":{"allow":["GET"]}}],"collection":[{"href":"https:\/\/elsol.ps.org.uy\/index.php\/wp-json\/wp\/v2\/posts"}],"about":[{"href":"https:\/\/elsol.ps.org.uy\/index.php\/wp-json\/wp\/v2\/types\/post"}],"author":[{"embeddable":true,"href":"https:\/\/elsol.ps.org.uy\/index.php\/wp-json\/wp\/v2\/users\/2"}],"replies":[{"embeddable":true,"href":"https:\/\/elsol.ps.org.uy\/index.php\/wp-json\/wp\/v2\/comments?post=12877"}],"version-history":[{"count":0,"href":"https:\/\/elsol.ps.org.uy\/index.php\/wp-json\/wp\/v2\/posts\/12877\/revisions"}],"wp:featuredmedia":[{"embeddable":true,"href":"https:\/\/elsol.ps.org.uy\/index.php\/wp-json\/"}],"wp:attachment":[{"href":"https:\/\/elsol.ps.org.uy\/index.php\/wp-json\/wp\/v2\/media?parent=12877"}],"wp:term":[{"taxonomy":"category","embeddable":true,"href":"https:\/\/elsol.ps.org.uy\/index.php\/wp-json\/wp\/v2\/categories?post=12877"},{"taxonomy":"post_tag","embeddable":true,"href":"https:\/\/elsol.ps.org.uy\/index.php\/wp-json\/wp\/v2\/tags?post=12877"}],"curies":[{"name":"wp","href":"https:\/\/api.w.org\/{rel}","templated":true}]}}