{"id":12968,"date":"2023-07-05T16:42:46","date_gmt":"2023-07-05T19:42:46","guid":{"rendered":"https:\/\/ps.org.uy\/?p=12968"},"modified":"2024-02-28T21:52:30","modified_gmt":"2024-02-29T00:52:30","slug":"entrevista-a-diego-tacoronte","status":"publish","type":"post","link":"https:\/\/elsol.ps.org.uy\/index.php\/2023\/07\/05\/entrevista-a-diego-tacoronte\/","title":{"rendered":"Entrevista a Diego Tacoronte"},"content":{"rendered":"<p style=\"text-align: right;\">Escribe Shanti Benvenuto | CS Paso de los Toros<\/p>\n<p>El d\u00eda 28 de abril de 2023 el parlamento aprob\u00f3 la reforma de la seguridad social con los votos de la coalici\u00f3n del gobierno. Desde hace tiempo el pa\u00eds se ve en la necesidad de evaluar una reforma que tome en cuenta las necesidades de la poblaci\u00f3n y logre sintetizar la sostenibilidad en el tiempo. Esto mismo siendo dialogado en gobiernos del Frente Amplio se fue posponiendo. Lamentablemente, el gobierno actual opt\u00f3 por una reforma que perjudica a las grandes mayor\u00edas de nuestra poblaci\u00f3n y \u00fanicamente beneficia al gran capital. El texto aprobado en diputados finalmente sufri\u00f3 modificaciones debido a presiones del Partido Colorado y Cabildo Abierto.<\/p>\n<p>A\u00fan Reforma Jubilatoria mediante, nos encontramos con un sistema en el que los denominados \u201cmalla oro\u201d aportan menos de lo que deber\u00edan teniendo en consideraci\u00f3n los est\u00e1ndares internacionales. Esto mismo se suma a una franja de aportes de trabajadoras y trabajadores que es necesario modificar las franjas de IRPF y hacer relevamientos territoriales que permitan evaluar cuales son los aportantes y c\u00f3mo evitar que empresas o grandes productores agr\u00edcolas se les exonere impuestos innecesarios que lo \u00fanico que hacen es concentrar la riqueza y perjudicar al sistema. El mencionado d\u00e9ficit que tanta problem\u00e1tica genera, no tiene como motivo \u00fanico la poca sostenibilidad en el tiempo \u2013al no modificarse el sistema de ingresos- sino tambi\u00e9n, la existencia misma de la caja militar y los beneficios que ella otorga y no son cuestionados. Asimismo, la existencia de las AFAPs desde el a\u00f1o 1996, hace prevalecer el lucro y la concentraci\u00f3n de capital en pocas manos y no otorga ning\u00fan beneficio real comprobable para la clase trabajadora.<\/p>\n<p>En este marco entrevistamos a Diego Tacoronte, militante social afiliado a AUTE. Actualmente es uno de los suplentes de Ram\u00f3n Ruiz, representante de los trabajadores por el BPS. Al mismo tiempo, encuentra ayudando a los trabajadores de UTE de Durazno, quienes como la gran parte de nuestra poblaci\u00f3n, se ven perjudicados por una serie de medidas tomadas por la direcci\u00f3n de gobierno. Tacoronte ha participado en varias jornadas informativas a la poblaci\u00f3n con respecto a esta Reforma Jubilatoria que mas que Reforma es una Estafa Jubilatoria.<span class=\"Apple-converted-space\">\u00a0<\/span><\/p>\n<p>-\u00bfQui\u00e9n es Diego Tacoronte?<\/p>\n<p>Soy Diego Tacoronte trabajador de UTE, delegado de AUTE desde el a\u00f1o 2011. Participante de la comisi\u00f3n de seguridad social del PIT-CNT, integrante del equipo de representaci\u00f3n de los trabajadores en BPS.<span class=\"Apple-converted-space\">\u00a0 \u00a0<\/span><\/p>\n<p>&#8211; \u00bfEn qu\u00e9 consiste la reforma de la seguridad social?<\/p>\n<p>Es una reforma para recomponer la sostenibilidad econ\u00f3mica del sistema a mediano y largo plazo a partir de la contenci\u00f3n del gasto, lo que implica cambios en las condiciones para jubilarse y cambios en la forma de calcular las prestaciones.<span class=\"Apple-converted-space\">\u00a0 \u00a0<\/span><\/p>\n<p>&#8211; \u00bfQu\u00e9 resoluci\u00f3n han tomado los representantes de los trabajadores con respecto a la misma?<\/p>\n<p>Los trabajadores nos hemos opuesto a esta reforma porque entendemos que no es justa ya que se hace recaer todo el costo del cambio demogr\u00e1fico sobre la espalda de trabajadoras y trabajadores. Poner el foco en contener el gasto como \u00fanica medida, implica recortar derechos y beneficios como la \u00fanica forma de garantizar la sostenibilidad del sistema.<span class=\"Apple-converted-space\">\u00a0<\/span><\/p>\n<p>&#8211; \u00bfQu\u00e9 sector de la poblaci\u00f3n es el m\u00e1s perjudicado y por qu\u00e9?<\/p>\n<p>La reforma recae fundamentalmente en los menores de 50 a\u00f1os de edad y las consecuencias de los cambios se van a hacer m\u00e1s notorias a partir de 2043 cuando los jubilados se retiren \u00edntegramente por el nuevo sistema. En materia de edades de retiro todos los nacidos a partir de 1977 en adelante enfrentar\u00e1n una edad m\u00ednima de retiro de 65 a\u00f1os<\/p>\n<p>&#8211; \u00bfEn qu\u00e9 consiste el nuevo sistema de pensiones?<\/p>\n<p>Es complejo de explicar, por un lado, se plantea un r\u00e9gimen com\u00fan al que convergen todos los subsistemas hacia 2043 (un atributo positivo de esta reforma). Adem\u00e1s, se crea el suplemento solidario que, si bien focaliza mejor los subsidios en los sectores m\u00e1s vulnerables, la reforma plantea que dicho pilar se vaya debilitando o licuando a lo largo del tiempo. Y por otra parte se establece una extensi\u00f3n del tiempo de trabajo de las personas hasta los 65 a\u00f1os y en muchos casos cobrando jubilaciones m\u00e1s bajas.<\/p>\n<p>-En cifras generales, \u00bfcu\u00e1nto es la disminuci\u00f3n de la jubilaci\u00f3n con la nueva reforma y cu\u00e1nto era antes?<\/p>\n<p>Es muy complejo manejar cifras concretas con todos los cambios tan recientes que ha habido. Lo que es posible afirmar por diversos estudios es que en muchos casos las jubilaciones ser\u00e1n m\u00e1s bajas respecto a las que brinda el sistema vigente. Por eso, no es verdad el slogan del gobierno de que todos recibir\u00e1n una jubilaci\u00f3n igual o mayor.<\/p>\n<p>&#8211; \u00bfC\u00f3mo se ve afectada la caja militar?<\/p>\n<p>A mediano y largo plazo se establecen cambios importantes como la introducci\u00f3n del r\u00e9gimen mixto y algunos cambios param\u00e9tricos. Aunque se podr\u00edan ver diluidos por la posible ampliaci\u00f3n de la bonificaci\u00f3n de 6&#215;5 a 7&#215;5. Pero en el corto plazo, la reforma implica mantener durante muchas d\u00e9cadas los privilegios actuales. Se requer\u00eda una transici\u00f3n mucho m\u00e1s r\u00e1pida para la Caja Militar, que tambi\u00e9n requer\u00eda un impuesto a las altas jubilaciones militares que el gobierno rechaz\u00f3 de plano.<span class=\"Apple-converted-space\">\u00a0<\/span><\/p>\n<p>&#8211; \u00bfQu\u00e9 alternativa se puede tomar con respecto al d\u00e9ficit?<\/p>\n<p>Pensamos en una reforma m\u00e1s justa y equilibrada, que al tiempo de contener el gasto tambi\u00e9n atienda inequidades en el financiamiento como exoneraci\u00f3n de aportes patronales o el r\u00e9gimen de aportaci\u00f3n rural tan beneficioso, entre otras. Se requiere el aporte de todos y no solo de los trabajadores. <span class=\"Apple-converted-space\">\u00a0<\/span><\/p>\n<p>&#8211; \u00bfQu\u00e9 otro tipo de reforma es posible? \u00bfHay alternativas que no perjudiquen a las trabajadoras y los trabajadores?<\/p>\n<p>Si hay una reforma m\u00e1s justa y equilibrada que adem\u00e1s de introducir cambios en el financiamiento, incorpore una mayor inversi\u00f3n en otras dimensiones de la protecci\u00f3n social como primera infancia cuidados y discapacidad. Y tambi\u00e9n cambios m\u00e1s profundos en los privilegios actuales de la Caja Militar y una reforma profunda del pilar de capitalizaci\u00f3n individual que ha implicado ganancias extraordinarias para las AFAP que han ido en detrimento del ahorro de los trabajadores. <span class=\"Apple-converted-space\">\u00a0<\/span><\/p>\n","protected":false},"excerpt":{"rendered":"Escribe Shanti Benvenuto | CS Paso de los Toros\n<a class=\"moretag\" href=\"https:\/\/elsol.ps.org.uy\/index.php\/2023\/07\/05\/entrevista-a-diego-tacoronte\/\"> [...]<\/a>","protected":false},"author":2,"featured_media":13625,"comment_status":"closed","ping_status":"closed","sticky":false,"template":"","format":"standard","meta":{"footnotes":""},"categories":[36,49,26,38],"tags":[],"class_list":["post-12968","post","type-post","status-publish","format-standard","has-post-thumbnail","hentry","category-el-sol","category-el-sol-no-33-junio-2023","category-entrevistas","category-shanti-benvenuto"],"yoast_head":"<!-- This site is optimized with the Yoast SEO plugin v27.4 - https:\/\/yoast.com\/product\/yoast-seo-wordpress\/ -->\n<title>Entrevista a Diego Tacoronte - El Sol<\/title>\n<meta name=\"robots\" content=\"index, follow, max-snippet:-1, max-image-preview:large, max-video-preview:-1\" \/>\n<link rel=\"canonical\" href=\"https:\/\/elsol.ps.org.uy\/index.php\/2023\/07\/05\/entrevista-a-diego-tacoronte\/\" \/>\n<meta property=\"og:locale\" content=\"es_ES\" \/>\n<meta property=\"og:type\" content=\"article\" \/>\n<meta property=\"og:title\" content=\"Entrevista a Diego Tacoronte - El Sol\" \/>\n<meta property=\"og:description\" content=\"Escribe Shanti Benvenuto | CS Paso de los Toros\" \/>\n<meta property=\"og:url\" content=\"https:\/\/elsol.ps.org.uy\/index.php\/2023\/07\/05\/entrevista-a-diego-tacoronte\/\" \/>\n<meta property=\"og:site_name\" content=\"El Sol\" \/>\n<meta property=\"article:published_time\" content=\"2023-07-05T19:42:46+00:00\" \/>\n<meta property=\"article:modified_time\" content=\"2024-02-29T00:52:30+00:00\" \/>\n<meta property=\"og:image\" content=\"https:\/\/elsol.ps.org.uy\/wp-content\/uploads\/2023\/07\/Entrevista-a-Diego-Tacoronte.jpeg\" \/>\n\t<meta property=\"og:image:width\" content=\"735\" \/>\n\t<meta property=\"og:image:height\" content=\"400\" \/>\n\t<meta property=\"og:image:type\" content=\"image\/jpeg\" \/>\n<meta name=\"author\" content=\"El Sol\" \/>\n<meta name=\"twitter:card\" content=\"summary_large_image\" \/>\n<meta name=\"twitter:label1\" content=\"Escrito por\" \/>\n\t<meta name=\"twitter:data1\" content=\"El Sol\" \/>\n\t<meta name=\"twitter:label2\" content=\"Tiempo de lectura\" \/>\n\t<meta name=\"twitter:data2\" content=\"5 minutos\" \/>\n<script type=\"application\/ld+json\" class=\"yoast-schema-graph\">{\"@context\":\"https:\\\/\\\/schema.org\",\"@graph\":[{\"@type\":\"Article\",\"@id\":\"https:\\\/\\\/elsol.ps.org.uy\\\/index.php\\\/2023\\\/07\\\/05\\\/entrevista-a-diego-tacoronte\\\/#article\",\"isPartOf\":{\"@id\":\"https:\\\/\\\/elsol.ps.org.uy\\\/index.php\\\/2023\\\/07\\\/05\\\/entrevista-a-diego-tacoronte\\\/\"},\"author\":{\"name\":\"El Sol\",\"@id\":\"https:\\\/\\\/elsol.ps.org.uy\\\/#\\\/schema\\\/person\\\/9642a61f31473fe97857228bf33277f6\"},\"headline\":\"Entrevista a Diego Tacoronte\",\"datePublished\":\"2023-07-05T19:42:46+00:00\",\"dateModified\":\"2024-02-29T00:52:30+00:00\",\"mainEntityOfPage\":{\"@id\":\"https:\\\/\\\/elsol.ps.org.uy\\\/index.php\\\/2023\\\/07\\\/05\\\/entrevista-a-diego-tacoronte\\\/\"},\"wordCount\":1080,\"image\":{\"@id\":\"https:\\\/\\\/elsol.ps.org.uy\\\/index.php\\\/2023\\\/07\\\/05\\\/entrevista-a-diego-tacoronte\\\/#primaryimage\"},\"thumbnailUrl\":\"https:\\\/\\\/elsol.ps.org.uy\\\/wp-content\\\/uploads\\\/2023\\\/07\\\/Entrevista-a-Diego-Tacoronte.jpeg\",\"articleSection\":[\"El Sol\",\"El Sol \u2013 N\u00ba 33 \u2013 Junio 2023\",\"Entrevistas\",\"Shanti Benvenuto\"],\"inLanguage\":\"es\"},{\"@type\":\"WebPage\",\"@id\":\"https:\\\/\\\/elsol.ps.org.uy\\\/index.php\\\/2023\\\/07\\\/05\\\/entrevista-a-diego-tacoronte\\\/\",\"url\":\"https:\\\/\\\/elsol.ps.org.uy\\\/index.php\\\/2023\\\/07\\\/05\\\/entrevista-a-diego-tacoronte\\\/\",\"name\":\"Entrevista a Diego Tacoronte - El Sol\",\"isPartOf\":{\"@id\":\"https:\\\/\\\/elsol.ps.org.uy\\\/#website\"},\"primaryImageOfPage\":{\"@id\":\"https:\\\/\\\/elsol.ps.org.uy\\\/index.php\\\/2023\\\/07\\\/05\\\/entrevista-a-diego-tacoronte\\\/#primaryimage\"},\"image\":{\"@id\":\"https:\\\/\\\/elsol.ps.org.uy\\\/index.php\\\/2023\\\/07\\\/05\\\/entrevista-a-diego-tacoronte\\\/#primaryimage\"},\"thumbnailUrl\":\"https:\\\/\\\/elsol.ps.org.uy\\\/wp-content\\\/uploads\\\/2023\\\/07\\\/Entrevista-a-Diego-Tacoronte.jpeg\",\"datePublished\":\"2023-07-05T19:42:46+00:00\",\"dateModified\":\"2024-02-29T00:52:30+00:00\",\"author\":{\"@id\":\"https:\\\/\\\/elsol.ps.org.uy\\\/#\\\/schema\\\/person\\\/9642a61f31473fe97857228bf33277f6\"},\"breadcrumb\":{\"@id\":\"https:\\\/\\\/elsol.ps.org.uy\\\/index.php\\\/2023\\\/07\\\/05\\\/entrevista-a-diego-tacoronte\\\/#breadcrumb\"},\"inLanguage\":\"es\",\"potentialAction\":[{\"@type\":\"ReadAction\",\"target\":[\"https:\\\/\\\/elsol.ps.org.uy\\\/index.php\\\/2023\\\/07\\\/05\\\/entrevista-a-diego-tacoronte\\\/\"]}]},{\"@type\":\"ImageObject\",\"inLanguage\":\"es\",\"@id\":\"https:\\\/\\\/elsol.ps.org.uy\\\/index.php\\\/2023\\\/07\\\/05\\\/entrevista-a-diego-tacoronte\\\/#primaryimage\",\"url\":\"https:\\\/\\\/elsol.ps.org.uy\\\/wp-content\\\/uploads\\\/2023\\\/07\\\/Entrevista-a-Diego-Tacoronte.jpeg\",\"contentUrl\":\"https:\\\/\\\/elsol.ps.org.uy\\\/wp-content\\\/uploads\\\/2023\\\/07\\\/Entrevista-a-Diego-Tacoronte.jpeg\",\"width\":735,\"height\":400},{\"@type\":\"BreadcrumbList\",\"@id\":\"https:\\\/\\\/elsol.ps.org.uy\\\/index.php\\\/2023\\\/07\\\/05\\\/entrevista-a-diego-tacoronte\\\/#breadcrumb\",\"itemListElement\":[{\"@type\":\"ListItem\",\"position\":1,\"name\":\"Portada\",\"item\":\"https:\\\/\\\/elsol.ps.org.uy\\\/\"},{\"@type\":\"ListItem\",\"position\":2,\"name\":\"Entrevista a Diego Tacoronte\"}]},{\"@type\":\"WebSite\",\"@id\":\"https:\\\/\\\/elsol.ps.org.uy\\\/#website\",\"url\":\"https:\\\/\\\/elsol.ps.org.uy\\\/\",\"name\":\"El Sol\",\"description\":\"Organo del Partido Socialista - Frente Amplio\",\"potentialAction\":[{\"@type\":\"SearchAction\",\"target\":{\"@type\":\"EntryPoint\",\"urlTemplate\":\"https:\\\/\\\/elsol.ps.org.uy\\\/?s={search_term_string}\"},\"query-input\":{\"@type\":\"PropertyValueSpecification\",\"valueRequired\":true,\"valueName\":\"search_term_string\"}}],\"inLanguage\":\"es\"},{\"@type\":\"Person\",\"@id\":\"https:\\\/\\\/elsol.ps.org.uy\\\/#\\\/schema\\\/person\\\/9642a61f31473fe97857228bf33277f6\",\"name\":\"El Sol\",\"image\":{\"@type\":\"ImageObject\",\"inLanguage\":\"es\",\"@id\":\"https:\\\/\\\/secure.gravatar.com\\\/avatar\\\/e14a39081cff84ca4b5657918d3e15ebebf0ca4cee0bb3b81200271ee78d4b9c?s=96&d=mm&r=g\",\"url\":\"https:\\\/\\\/secure.gravatar.com\\\/avatar\\\/e14a39081cff84ca4b5657918d3e15ebebf0ca4cee0bb3b81200271ee78d4b9c?s=96&d=mm&r=g\",\"contentUrl\":\"https:\\\/\\\/secure.gravatar.com\\\/avatar\\\/e14a39081cff84ca4b5657918d3e15ebebf0ca4cee0bb3b81200271ee78d4b9c?s=96&d=mm&r=g\",\"caption\":\"El Sol\"},\"url\":\"https:\\\/\\\/elsol.ps.org.uy\\\/index.php\\\/author\\\/eugenia\\\/\"}]}<\/script>\n<!-- \/ Yoast SEO plugin. -->","yoast_head_json":{"title":"Entrevista a Diego Tacoronte - El Sol","robots":{"index":"index","follow":"follow","max-snippet":"max-snippet:-1","max-image-preview":"max-image-preview:large","max-video-preview":"max-video-preview:-1"},"canonical":"https:\/\/elsol.ps.org.uy\/index.php\/2023\/07\/05\/entrevista-a-diego-tacoronte\/","og_locale":"es_ES","og_type":"article","og_title":"Entrevista a Diego Tacoronte - El Sol","og_description":"Escribe Shanti Benvenuto | CS Paso de los Toros","og_url":"https:\/\/elsol.ps.org.uy\/index.php\/2023\/07\/05\/entrevista-a-diego-tacoronte\/","og_site_name":"El Sol","article_published_time":"2023-07-05T19:42:46+00:00","article_modified_time":"2024-02-29T00:52:30+00:00","og_image":[{"width":735,"height":400,"url":"https:\/\/elsol.ps.org.uy\/wp-content\/uploads\/2023\/07\/Entrevista-a-Diego-Tacoronte.jpeg","type":"image\/jpeg"}],"author":"El Sol","twitter_card":"summary_large_image","twitter_misc":{"Escrito por":"El Sol","Tiempo de lectura":"5 minutos"},"schema":{"@context":"https:\/\/schema.org","@graph":[{"@type":"Article","@id":"https:\/\/elsol.ps.org.uy\/index.php\/2023\/07\/05\/entrevista-a-diego-tacoronte\/#article","isPartOf":{"@id":"https:\/\/elsol.ps.org.uy\/index.php\/2023\/07\/05\/entrevista-a-diego-tacoronte\/"},"author":{"name":"El Sol","@id":"https:\/\/elsol.ps.org.uy\/#\/schema\/person\/9642a61f31473fe97857228bf33277f6"},"headline":"Entrevista a Diego Tacoronte","datePublished":"2023-07-05T19:42:46+00:00","dateModified":"2024-02-29T00:52:30+00:00","mainEntityOfPage":{"@id":"https:\/\/elsol.ps.org.uy\/index.php\/2023\/07\/05\/entrevista-a-diego-tacoronte\/"},"wordCount":1080,"image":{"@id":"https:\/\/elsol.ps.org.uy\/index.php\/2023\/07\/05\/entrevista-a-diego-tacoronte\/#primaryimage"},"thumbnailUrl":"https:\/\/elsol.ps.org.uy\/wp-content\/uploads\/2023\/07\/Entrevista-a-Diego-Tacoronte.jpeg","articleSection":["El Sol","El Sol \u2013 N\u00ba 33 \u2013 Junio 2023","Entrevistas","Shanti Benvenuto"],"inLanguage":"es"},{"@type":"WebPage","@id":"https:\/\/elsol.ps.org.uy\/index.php\/2023\/07\/05\/entrevista-a-diego-tacoronte\/","url":"https:\/\/elsol.ps.org.uy\/index.php\/2023\/07\/05\/entrevista-a-diego-tacoronte\/","name":"Entrevista a Diego Tacoronte - El Sol","isPartOf":{"@id":"https:\/\/elsol.ps.org.uy\/#website"},"primaryImageOfPage":{"@id":"https:\/\/elsol.ps.org.uy\/index.php\/2023\/07\/05\/entrevista-a-diego-tacoronte\/#primaryimage"},"image":{"@id":"https:\/\/elsol.ps.org.uy\/index.php\/2023\/07\/05\/entrevista-a-diego-tacoronte\/#primaryimage"},"thumbnailUrl":"https:\/\/elsol.ps.org.uy\/wp-content\/uploads\/2023\/07\/Entrevista-a-Diego-Tacoronte.jpeg","datePublished":"2023-07-05T19:42:46+00:00","dateModified":"2024-02-29T00:52:30+00:00","author":{"@id":"https:\/\/elsol.ps.org.uy\/#\/schema\/person\/9642a61f31473fe97857228bf33277f6"},"breadcrumb":{"@id":"https:\/\/elsol.ps.org.uy\/index.php\/2023\/07\/05\/entrevista-a-diego-tacoronte\/#breadcrumb"},"inLanguage":"es","potentialAction":[{"@type":"ReadAction","target":["https:\/\/elsol.ps.org.uy\/index.php\/2023\/07\/05\/entrevista-a-diego-tacoronte\/"]}]},{"@type":"ImageObject","inLanguage":"es","@id":"https:\/\/elsol.ps.org.uy\/index.php\/2023\/07\/05\/entrevista-a-diego-tacoronte\/#primaryimage","url":"https:\/\/elsol.ps.org.uy\/wp-content\/uploads\/2023\/07\/Entrevista-a-Diego-Tacoronte.jpeg","contentUrl":"https:\/\/elsol.ps.org.uy\/wp-content\/uploads\/2023\/07\/Entrevista-a-Diego-Tacoronte.jpeg","width":735,"height":400},{"@type":"BreadcrumbList","@id":"https:\/\/elsol.ps.org.uy\/index.php\/2023\/07\/05\/entrevista-a-diego-tacoronte\/#breadcrumb","itemListElement":[{"@type":"ListItem","position":1,"name":"Portada","item":"https:\/\/elsol.ps.org.uy\/"},{"@type":"ListItem","position":2,"name":"Entrevista a Diego Tacoronte"}]},{"@type":"WebSite","@id":"https:\/\/elsol.ps.org.uy\/#website","url":"https:\/\/elsol.ps.org.uy\/","name":"El Sol","description":"Organo del Partido Socialista - Frente Amplio","potentialAction":[{"@type":"SearchAction","target":{"@type":"EntryPoint","urlTemplate":"https:\/\/elsol.ps.org.uy\/?s={search_term_string}"},"query-input":{"@type":"PropertyValueSpecification","valueRequired":true,"valueName":"search_term_string"}}],"inLanguage":"es"},{"@type":"Person","@id":"https:\/\/elsol.ps.org.uy\/#\/schema\/person\/9642a61f31473fe97857228bf33277f6","name":"El Sol","image":{"@type":"ImageObject","inLanguage":"es","@id":"https:\/\/secure.gravatar.com\/avatar\/e14a39081cff84ca4b5657918d3e15ebebf0ca4cee0bb3b81200271ee78d4b9c?s=96&d=mm&r=g","url":"https:\/\/secure.gravatar.com\/avatar\/e14a39081cff84ca4b5657918d3e15ebebf0ca4cee0bb3b81200271ee78d4b9c?s=96&d=mm&r=g","contentUrl":"https:\/\/secure.gravatar.com\/avatar\/e14a39081cff84ca4b5657918d3e15ebebf0ca4cee0bb3b81200271ee78d4b9c?s=96&d=mm&r=g","caption":"El Sol"},"url":"https:\/\/elsol.ps.org.uy\/index.php\/author\/eugenia\/"}]}},"jetpack_featured_media_url":"https:\/\/elsol.ps.org.uy\/wp-content\/uploads\/2023\/07\/Entrevista-a-Diego-Tacoronte.jpeg","_links":{"self":[{"href":"https:\/\/elsol.ps.org.uy\/index.php\/wp-json\/wp\/v2\/posts\/12968","targetHints":{"allow":["GET"]}}],"collection":[{"href":"https:\/\/elsol.ps.org.uy\/index.php\/wp-json\/wp\/v2\/posts"}],"about":[{"href":"https:\/\/elsol.ps.org.uy\/index.php\/wp-json\/wp\/v2\/types\/post"}],"author":[{"embeddable":true,"href":"https:\/\/elsol.ps.org.uy\/index.php\/wp-json\/wp\/v2\/users\/2"}],"replies":[{"embeddable":true,"href":"https:\/\/elsol.ps.org.uy\/index.php\/wp-json\/wp\/v2\/comments?post=12968"}],"version-history":[{"count":1,"href":"https:\/\/elsol.ps.org.uy\/index.php\/wp-json\/wp\/v2\/posts\/12968\/revisions"}],"predecessor-version":[{"id":13626,"href":"https:\/\/elsol.ps.org.uy\/index.php\/wp-json\/wp\/v2\/posts\/12968\/revisions\/13626"}],"wp:featuredmedia":[{"embeddable":true,"href":"https:\/\/elsol.ps.org.uy\/index.php\/wp-json\/wp\/v2\/media\/13625"}],"wp:attachment":[{"href":"https:\/\/elsol.ps.org.uy\/index.php\/wp-json\/wp\/v2\/media?parent=12968"}],"wp:term":[{"taxonomy":"category","embeddable":true,"href":"https:\/\/elsol.ps.org.uy\/index.php\/wp-json\/wp\/v2\/categories?post=12968"},{"taxonomy":"post_tag","embeddable":true,"href":"https:\/\/elsol.ps.org.uy\/index.php\/wp-json\/wp\/v2\/tags?post=12968"}],"curies":[{"name":"wp","href":"https:\/\/api.w.org\/{rel}","templated":true}]}}