{"id":12970,"date":"2023-07-05T16:41:32","date_gmt":"2023-07-05T19:41:32","guid":{"rendered":"https:\/\/ps.org.uy\/?p=12970"},"modified":"2024-02-28T21:54:02","modified_gmt":"2024-02-29T00:54:02","slug":"homenaje-a-mariano","status":"publish","type":"post","link":"https:\/\/elsol.ps.org.uy\/index.php\/2023\/07\/05\/homenaje-a-mariano\/","title":{"rendered":"Homenaje a Mariano"},"content":{"rendered":"<p style=\"text-align: right;\">Escribe Federico Silva<span class=\"Apple-converted-space\">\u00a0<\/span><\/p>\n<blockquote><p>Temprano levant\u00f3 la muerte el vuelo,<\/p>\n<p>temprano madrug\u00f3 la madrugada,<\/p>\n<p>temprano est\u00e1s rodando por el suelo.<\/p>\n<p>No perdono a la muerte enamorada,<\/p>\n<p>no perdono a la vida desatenta,<\/p>\n<p>no perdono a la tierra ni a la nada.<\/p><\/blockquote>\n<p>Eleg\u00eda escribi\u00f3 Miguel Hern\u00e1ndez y musicaliz\u00f3 Serrat quien fuera amigo de Mariano. Dif\u00edcil escribir tan brevemente de alguien que tuvo una vida tan larga, tan intensa, tan generosa.<\/p>\n<p>Me tome unos d\u00edas desde que emprendiera su viaje. Le\u00ed cosas muy sentidas escritas sobre nuestro querido compa\u00f1ero. Siento pudor en compartir estas l\u00edneas, pero lo hago pensando en que tal vez no soy el \u00fanico y que otras compa\u00f1eras y otros compa\u00f1eros tal vez, se vean reflejadas\/os en ellas.<\/p>\n<p>Me toc\u00f3 compartir con Mariano el periodo m\u00e1s largo en la Junta Departamental de Montevideo que -por el destino- y por la triste pandemia, fue de seis a\u00f1os y algo. Durante el periodo 2015 y 2021, emprendimos junto a muchas valiosas compa\u00f1eras un proyecto que hab\u00eda estado relegado por distintas cuestiones azarosas, administrativas y de decisi\u00f3n presupuestal. Durante el a\u00f1o 2017 en la presidencia de nuestra cra. Delia Rodr\u00edguez, naci\u00f3 el proyecto de la biblioteca Artigas, y como si caprichosamente se le quisiera dar escala humana, el d\u00eda que nos presentara dicho proyecto, la arquitecta de la junta, dio a luz a Alfonsina, testigo inexorable del tiempo. Mariano nos acompa\u00f1\u00f3 en todas las instancias en las cuales este proyecto se encontr\u00f3 con \u201cbarreras\u201d, y supo con su opini\u00f3n arrojar luz para transitar salidas y sortearlas.<\/p>\n<p>Como todos han dicho, su capacidad de admirar la belleza, desde la m\u00e1s simple a la m\u00e1s compleja, fue viendo como el proyecto fue avanzando y encontrando en los hallazgos arqueol\u00f3gicos que aparecieron,<span class=\"Apple-converted-space\">\u00a0 <\/span>una oportunidad de reivindicar lo que tanto hab\u00eda defendido, la memoria, la historia, lo patrimonial. La obra mas tarde que pronto termin\u00f3, y Mariano pudo verla y opinar de lo hermosa que hab\u00eda quedado. La recurrente broma que le hac\u00edamos \u201cmir\u00e1 que diste vuelta para ser lo que quer\u00edas ser\u2026Edil\u201d, parec\u00eda que<span class=\"Apple-converted-space\">\u00a0 <\/span>caprichosamente se transformaba en algo planificado, como un gui\u00f3n: supo estar ah\u00ed en el momento en que este complejo proceso lo necesito. Hoy disfrutamos de esta hermosa obra y disfrutaremos m\u00e1s la puesta en valor de lo que desenterramos sin buscarlo, esa memoria por la que hab\u00eda luchado desde lo patrimonial. Y mas importante, desde esa escala humana, en la que como cada 20 de mayo lo ten\u00edamos en silencio, con su gesto de indignaci\u00f3n por la injusticia, su se\u00f1o fruncido, aun as\u00ed sin descuidar lo que sent\u00eda por los dem\u00e1s, un gesto enojado y tierno, que sab\u00eda administrar con pasi\u00f3n y solidaridad, terco pero<span class=\"Apple-converted-space\">\u00a0 <\/span>respetando los procesos colectivos.<\/p>\n<p>En la previa a su homenaje en el Sol\u00eds, fui a su casa, el estaba nervioso y confundido, estudiando viejas carpetas que tra\u00edan a su memoria la interminable cantidad de cosas que hizo en sus dos intendencias\u2026le preguntamos: \u201c\u00bfpor qu\u00e9 est\u00e1s leyendo eso?\u201d \u201c\u00a1Y mir\u00e1 si me preguntan algo de ese periodo! \u00a1No me acuerdo de todo!\u201d Exclam\u00f3 moviendo las manos.<\/p>\n<p>Un tipo de un humor entra\u00f1able, inteligente, siempre optimista, a\u00fan en los nervios el d\u00eda de su merecido -enlentecido en el tiempo- homenaje, en el que fuera su querido Teatro Sol\u00eds, tan hermoso como lleno de compa\u00f1eras y compa\u00f1eros. Ese d\u00eda lo vimos tenso al principio, pero feliz una vez que ingres\u00f3 al teatro, como un ni\u00f1o en su cumplea\u00f1os.<\/p>\n<p>Una vez en su despacho recibi\u00f3 una llamada al tel\u00e9fono fijo, se puso a hablar en perfecto y fluido franc\u00e9s, de una, sin preparar nada\u2026hab\u00eda recibido una llamada de un prestigioso peri\u00f3dico franc\u00e9s para una entrevista, no pidi\u00f3 que nos fu\u00e9ramos, solo comenz\u00f3 a hablar con esa pasi\u00f3n que lo caracteriz\u00f3.<\/p>\n<p>En sus intervenciones se iba por las ramas y nos hac\u00eda un relato que iba de lo mas inmenso a los mas peque\u00f1o, siempre tras el prisma de la admiraci\u00f3n por la belleza, parec\u00eda que se iba a perder, pero nos paseaba por el mundo y nos tra\u00eda al momento mas impensado de vuelta al gui\u00f3n que no estaba escrito mas que en su cabeza.<span class=\"Apple-converted-space\">\u00a0<\/span><\/p>\n<p>No queda m\u00e1s que decir gracias por tanta ternura, inteligencia dial\u00e9ctica, en la que nos hacia olvidar por momentos de que era un gran Arquitecto, respetado en todo el mundo, y nos convenc\u00eda que no era mas que alguien que se hab\u00eda dado cuenta que all\u00ed, en cualquier lado, hab\u00eda belleza. En su caso no podemos hablar de lo que \u201cpudo haber sido\u201d porque ocupo todos los lugares y brillo. Gracias por esos momentos compa\u00f1ero:<span class=\"Apple-converted-space\">\u00a0<\/span><\/p>\n<p>A las aladas almas de las rosas<\/p>\n<p>del almendro de nata te requiero,<\/p>\n<p>que tenemos que hablar de muchas cosas,<\/p>\n<p>compa\u00f1ero del alma, compa\u00f1ero<\/p>\n","protected":false},"excerpt":{"rendered":"Escribe Federico Silva\u00a0 Temprano levant\u00f3 la muerte el vuelo, temprano madrug\u00f3 la madrugada, temprano est\u00e1s rodando por el suelo. No perdono a la \n<a class=\"moretag\" href=\"https:\/\/elsol.ps.org.uy\/index.php\/2023\/07\/05\/homenaje-a-mariano\/\"> [...]<\/a>","protected":false},"author":2,"featured_media":13628,"comment_status":"closed","ping_status":"closed","sticky":false,"template":"","format":"standard","meta":{"footnotes":""},"categories":[36,49,75,1],"tags":[],"class_list":["post-12970","post","type-post","status-publish","format-standard","has-post-thumbnail","hentry","category-el-sol","category-el-sol-no-33-junio-2023","category-federico-silva","category-nacional"],"yoast_head":"<!-- This site is optimized with the Yoast SEO plugin v27.5 - https:\/\/yoast.com\/product\/yoast-seo-wordpress\/ -->\n<title>Homenaje a Mariano - El Sol<\/title>\n<meta name=\"robots\" content=\"index, follow, max-snippet:-1, max-image-preview:large, max-video-preview:-1\" \/>\n<link rel=\"canonical\" href=\"https:\/\/elsol.ps.org.uy\/index.php\/2023\/07\/05\/homenaje-a-mariano\/\" \/>\n<meta property=\"og:locale\" content=\"es_ES\" \/>\n<meta property=\"og:type\" content=\"article\" \/>\n<meta property=\"og:title\" content=\"Homenaje a Mariano - El Sol\" \/>\n<meta property=\"og:description\" content=\"Escribe Federico Silva\u00a0 Temprano levant\u00f3 la muerte el vuelo, temprano madrug\u00f3 la madrugada, temprano est\u00e1s rodando por el suelo. No perdono a la\" \/>\n<meta property=\"og:url\" content=\"https:\/\/elsol.ps.org.uy\/index.php\/2023\/07\/05\/homenaje-a-mariano\/\" \/>\n<meta property=\"og:site_name\" content=\"El Sol\" \/>\n<meta property=\"article:published_time\" content=\"2023-07-05T19:41:32+00:00\" \/>\n<meta property=\"article:modified_time\" content=\"2024-02-29T00:54:02+00:00\" \/>\n<meta property=\"og:image\" content=\"https:\/\/elsol.ps.org.uy\/wp-content\/uploads\/2023\/07\/Homenaje-a-Mariano.jpeg\" \/>\n\t<meta property=\"og:image:width\" content=\"735\" \/>\n\t<meta property=\"og:image:height\" content=\"400\" \/>\n\t<meta property=\"og:image:type\" content=\"image\/jpeg\" \/>\n<meta name=\"author\" content=\"El Sol\" \/>\n<meta name=\"twitter:card\" content=\"summary_large_image\" \/>\n<meta name=\"twitter:label1\" content=\"Escrito por\" \/>\n\t<meta name=\"twitter:data1\" content=\"El Sol\" \/>\n\t<meta name=\"twitter:label2\" content=\"Tiempo de lectura\" \/>\n\t<meta name=\"twitter:data2\" content=\"4 minutos\" \/>\n<script type=\"application\/ld+json\" class=\"yoast-schema-graph\">{\"@context\":\"https:\\\/\\\/schema.org\",\"@graph\":[{\"@type\":\"Article\",\"@id\":\"https:\\\/\\\/elsol.ps.org.uy\\\/index.php\\\/2023\\\/07\\\/05\\\/homenaje-a-mariano\\\/#article\",\"isPartOf\":{\"@id\":\"https:\\\/\\\/elsol.ps.org.uy\\\/index.php\\\/2023\\\/07\\\/05\\\/homenaje-a-mariano\\\/\"},\"author\":{\"name\":\"El Sol\",\"@id\":\"https:\\\/\\\/elsol.ps.org.uy\\\/#\\\/schema\\\/person\\\/9642a61f31473fe97857228bf33277f6\"},\"headline\":\"Homenaje a Mariano\",\"datePublished\":\"2023-07-05T19:41:32+00:00\",\"dateModified\":\"2024-02-29T00:54:02+00:00\",\"mainEntityOfPage\":{\"@id\":\"https:\\\/\\\/elsol.ps.org.uy\\\/index.php\\\/2023\\\/07\\\/05\\\/homenaje-a-mariano\\\/\"},\"wordCount\":855,\"image\":{\"@id\":\"https:\\\/\\\/elsol.ps.org.uy\\\/index.php\\\/2023\\\/07\\\/05\\\/homenaje-a-mariano\\\/#primaryimage\"},\"thumbnailUrl\":\"https:\\\/\\\/elsol.ps.org.uy\\\/wp-content\\\/uploads\\\/2023\\\/07\\\/Homenaje-a-Mariano.jpeg\",\"articleSection\":[\"El Sol\",\"El Sol \u2013 N\u00ba 33 \u2013 Junio 2023\",\"Federico Silva\",\"Nacional\"],\"inLanguage\":\"es\"},{\"@type\":\"WebPage\",\"@id\":\"https:\\\/\\\/elsol.ps.org.uy\\\/index.php\\\/2023\\\/07\\\/05\\\/homenaje-a-mariano\\\/\",\"url\":\"https:\\\/\\\/elsol.ps.org.uy\\\/index.php\\\/2023\\\/07\\\/05\\\/homenaje-a-mariano\\\/\",\"name\":\"Homenaje a Mariano - El Sol\",\"isPartOf\":{\"@id\":\"https:\\\/\\\/elsol.ps.org.uy\\\/#website\"},\"primaryImageOfPage\":{\"@id\":\"https:\\\/\\\/elsol.ps.org.uy\\\/index.php\\\/2023\\\/07\\\/05\\\/homenaje-a-mariano\\\/#primaryimage\"},\"image\":{\"@id\":\"https:\\\/\\\/elsol.ps.org.uy\\\/index.php\\\/2023\\\/07\\\/05\\\/homenaje-a-mariano\\\/#primaryimage\"},\"thumbnailUrl\":\"https:\\\/\\\/elsol.ps.org.uy\\\/wp-content\\\/uploads\\\/2023\\\/07\\\/Homenaje-a-Mariano.jpeg\",\"datePublished\":\"2023-07-05T19:41:32+00:00\",\"dateModified\":\"2024-02-29T00:54:02+00:00\",\"author\":{\"@id\":\"https:\\\/\\\/elsol.ps.org.uy\\\/#\\\/schema\\\/person\\\/9642a61f31473fe97857228bf33277f6\"},\"breadcrumb\":{\"@id\":\"https:\\\/\\\/elsol.ps.org.uy\\\/index.php\\\/2023\\\/07\\\/05\\\/homenaje-a-mariano\\\/#breadcrumb\"},\"inLanguage\":\"es\",\"potentialAction\":[{\"@type\":\"ReadAction\",\"target\":[\"https:\\\/\\\/elsol.ps.org.uy\\\/index.php\\\/2023\\\/07\\\/05\\\/homenaje-a-mariano\\\/\"]}]},{\"@type\":\"ImageObject\",\"inLanguage\":\"es\",\"@id\":\"https:\\\/\\\/elsol.ps.org.uy\\\/index.php\\\/2023\\\/07\\\/05\\\/homenaje-a-mariano\\\/#primaryimage\",\"url\":\"https:\\\/\\\/elsol.ps.org.uy\\\/wp-content\\\/uploads\\\/2023\\\/07\\\/Homenaje-a-Mariano.jpeg\",\"contentUrl\":\"https:\\\/\\\/elsol.ps.org.uy\\\/wp-content\\\/uploads\\\/2023\\\/07\\\/Homenaje-a-Mariano.jpeg\",\"width\":735,\"height\":400},{\"@type\":\"BreadcrumbList\",\"@id\":\"https:\\\/\\\/elsol.ps.org.uy\\\/index.php\\\/2023\\\/07\\\/05\\\/homenaje-a-mariano\\\/#breadcrumb\",\"itemListElement\":[{\"@type\":\"ListItem\",\"position\":1,\"name\":\"Portada\",\"item\":\"https:\\\/\\\/elsol.ps.org.uy\\\/\"},{\"@type\":\"ListItem\",\"position\":2,\"name\":\"Homenaje a Mariano\"}]},{\"@type\":\"WebSite\",\"@id\":\"https:\\\/\\\/elsol.ps.org.uy\\\/#website\",\"url\":\"https:\\\/\\\/elsol.ps.org.uy\\\/\",\"name\":\"El Sol\",\"description\":\"Organo del Partido Socialista - Frente Amplio\",\"potentialAction\":[{\"@type\":\"SearchAction\",\"target\":{\"@type\":\"EntryPoint\",\"urlTemplate\":\"https:\\\/\\\/elsol.ps.org.uy\\\/?s={search_term_string}\"},\"query-input\":{\"@type\":\"PropertyValueSpecification\",\"valueRequired\":true,\"valueName\":\"search_term_string\"}}],\"inLanguage\":\"es\"},{\"@type\":\"Person\",\"@id\":\"https:\\\/\\\/elsol.ps.org.uy\\\/#\\\/schema\\\/person\\\/9642a61f31473fe97857228bf33277f6\",\"name\":\"El Sol\",\"image\":{\"@type\":\"ImageObject\",\"inLanguage\":\"es\",\"@id\":\"https:\\\/\\\/secure.gravatar.com\\\/avatar\\\/e14a39081cff84ca4b5657918d3e15ebebf0ca4cee0bb3b81200271ee78d4b9c?s=96&d=mm&r=g\",\"url\":\"https:\\\/\\\/secure.gravatar.com\\\/avatar\\\/e14a39081cff84ca4b5657918d3e15ebebf0ca4cee0bb3b81200271ee78d4b9c?s=96&d=mm&r=g\",\"contentUrl\":\"https:\\\/\\\/secure.gravatar.com\\\/avatar\\\/e14a39081cff84ca4b5657918d3e15ebebf0ca4cee0bb3b81200271ee78d4b9c?s=96&d=mm&r=g\",\"caption\":\"El Sol\"},\"url\":\"https:\\\/\\\/elsol.ps.org.uy\\\/index.php\\\/author\\\/eugenia\\\/\"}]}<\/script>\n<!-- \/ Yoast SEO plugin. -->","yoast_head_json":{"title":"Homenaje a Mariano - El Sol","robots":{"index":"index","follow":"follow","max-snippet":"max-snippet:-1","max-image-preview":"max-image-preview:large","max-video-preview":"max-video-preview:-1"},"canonical":"https:\/\/elsol.ps.org.uy\/index.php\/2023\/07\/05\/homenaje-a-mariano\/","og_locale":"es_ES","og_type":"article","og_title":"Homenaje a Mariano - El Sol","og_description":"Escribe Federico Silva\u00a0 Temprano levant\u00f3 la muerte el vuelo, temprano madrug\u00f3 la madrugada, temprano est\u00e1s rodando por el suelo. No perdono a la","og_url":"https:\/\/elsol.ps.org.uy\/index.php\/2023\/07\/05\/homenaje-a-mariano\/","og_site_name":"El Sol","article_published_time":"2023-07-05T19:41:32+00:00","article_modified_time":"2024-02-29T00:54:02+00:00","og_image":[{"width":735,"height":400,"url":"https:\/\/elsol.ps.org.uy\/wp-content\/uploads\/2023\/07\/Homenaje-a-Mariano.jpeg","type":"image\/jpeg"}],"author":"El Sol","twitter_card":"summary_large_image","twitter_misc":{"Escrito por":"El Sol","Tiempo de lectura":"4 minutos"},"schema":{"@context":"https:\/\/schema.org","@graph":[{"@type":"Article","@id":"https:\/\/elsol.ps.org.uy\/index.php\/2023\/07\/05\/homenaje-a-mariano\/#article","isPartOf":{"@id":"https:\/\/elsol.ps.org.uy\/index.php\/2023\/07\/05\/homenaje-a-mariano\/"},"author":{"name":"El Sol","@id":"https:\/\/elsol.ps.org.uy\/#\/schema\/person\/9642a61f31473fe97857228bf33277f6"},"headline":"Homenaje a Mariano","datePublished":"2023-07-05T19:41:32+00:00","dateModified":"2024-02-29T00:54:02+00:00","mainEntityOfPage":{"@id":"https:\/\/elsol.ps.org.uy\/index.php\/2023\/07\/05\/homenaje-a-mariano\/"},"wordCount":855,"image":{"@id":"https:\/\/elsol.ps.org.uy\/index.php\/2023\/07\/05\/homenaje-a-mariano\/#primaryimage"},"thumbnailUrl":"https:\/\/elsol.ps.org.uy\/wp-content\/uploads\/2023\/07\/Homenaje-a-Mariano.jpeg","articleSection":["El Sol","El Sol \u2013 N\u00ba 33 \u2013 Junio 2023","Federico Silva","Nacional"],"inLanguage":"es"},{"@type":"WebPage","@id":"https:\/\/elsol.ps.org.uy\/index.php\/2023\/07\/05\/homenaje-a-mariano\/","url":"https:\/\/elsol.ps.org.uy\/index.php\/2023\/07\/05\/homenaje-a-mariano\/","name":"Homenaje a Mariano - El Sol","isPartOf":{"@id":"https:\/\/elsol.ps.org.uy\/#website"},"primaryImageOfPage":{"@id":"https:\/\/elsol.ps.org.uy\/index.php\/2023\/07\/05\/homenaje-a-mariano\/#primaryimage"},"image":{"@id":"https:\/\/elsol.ps.org.uy\/index.php\/2023\/07\/05\/homenaje-a-mariano\/#primaryimage"},"thumbnailUrl":"https:\/\/elsol.ps.org.uy\/wp-content\/uploads\/2023\/07\/Homenaje-a-Mariano.jpeg","datePublished":"2023-07-05T19:41:32+00:00","dateModified":"2024-02-29T00:54:02+00:00","author":{"@id":"https:\/\/elsol.ps.org.uy\/#\/schema\/person\/9642a61f31473fe97857228bf33277f6"},"breadcrumb":{"@id":"https:\/\/elsol.ps.org.uy\/index.php\/2023\/07\/05\/homenaje-a-mariano\/#breadcrumb"},"inLanguage":"es","potentialAction":[{"@type":"ReadAction","target":["https:\/\/elsol.ps.org.uy\/index.php\/2023\/07\/05\/homenaje-a-mariano\/"]}]},{"@type":"ImageObject","inLanguage":"es","@id":"https:\/\/elsol.ps.org.uy\/index.php\/2023\/07\/05\/homenaje-a-mariano\/#primaryimage","url":"https:\/\/elsol.ps.org.uy\/wp-content\/uploads\/2023\/07\/Homenaje-a-Mariano.jpeg","contentUrl":"https:\/\/elsol.ps.org.uy\/wp-content\/uploads\/2023\/07\/Homenaje-a-Mariano.jpeg","width":735,"height":400},{"@type":"BreadcrumbList","@id":"https:\/\/elsol.ps.org.uy\/index.php\/2023\/07\/05\/homenaje-a-mariano\/#breadcrumb","itemListElement":[{"@type":"ListItem","position":1,"name":"Portada","item":"https:\/\/elsol.ps.org.uy\/"},{"@type":"ListItem","position":2,"name":"Homenaje a Mariano"}]},{"@type":"WebSite","@id":"https:\/\/elsol.ps.org.uy\/#website","url":"https:\/\/elsol.ps.org.uy\/","name":"El Sol","description":"Organo del Partido Socialista - Frente Amplio","potentialAction":[{"@type":"SearchAction","target":{"@type":"EntryPoint","urlTemplate":"https:\/\/elsol.ps.org.uy\/?s={search_term_string}"},"query-input":{"@type":"PropertyValueSpecification","valueRequired":true,"valueName":"search_term_string"}}],"inLanguage":"es"},{"@type":"Person","@id":"https:\/\/elsol.ps.org.uy\/#\/schema\/person\/9642a61f31473fe97857228bf33277f6","name":"El Sol","image":{"@type":"ImageObject","inLanguage":"es","@id":"https:\/\/secure.gravatar.com\/avatar\/e14a39081cff84ca4b5657918d3e15ebebf0ca4cee0bb3b81200271ee78d4b9c?s=96&d=mm&r=g","url":"https:\/\/secure.gravatar.com\/avatar\/e14a39081cff84ca4b5657918d3e15ebebf0ca4cee0bb3b81200271ee78d4b9c?s=96&d=mm&r=g","contentUrl":"https:\/\/secure.gravatar.com\/avatar\/e14a39081cff84ca4b5657918d3e15ebebf0ca4cee0bb3b81200271ee78d4b9c?s=96&d=mm&r=g","caption":"El Sol"},"url":"https:\/\/elsol.ps.org.uy\/index.php\/author\/eugenia\/"}]}},"jetpack_featured_media_url":"https:\/\/elsol.ps.org.uy\/wp-content\/uploads\/2023\/07\/Homenaje-a-Mariano.jpeg","_links":{"self":[{"href":"https:\/\/elsol.ps.org.uy\/index.php\/wp-json\/wp\/v2\/posts\/12970","targetHints":{"allow":["GET"]}}],"collection":[{"href":"https:\/\/elsol.ps.org.uy\/index.php\/wp-json\/wp\/v2\/posts"}],"about":[{"href":"https:\/\/elsol.ps.org.uy\/index.php\/wp-json\/wp\/v2\/types\/post"}],"author":[{"embeddable":true,"href":"https:\/\/elsol.ps.org.uy\/index.php\/wp-json\/wp\/v2\/users\/2"}],"replies":[{"embeddable":true,"href":"https:\/\/elsol.ps.org.uy\/index.php\/wp-json\/wp\/v2\/comments?post=12970"}],"version-history":[{"count":1,"href":"https:\/\/elsol.ps.org.uy\/index.php\/wp-json\/wp\/v2\/posts\/12970\/revisions"}],"predecessor-version":[{"id":13629,"href":"https:\/\/elsol.ps.org.uy\/index.php\/wp-json\/wp\/v2\/posts\/12970\/revisions\/13629"}],"wp:featuredmedia":[{"embeddable":true,"href":"https:\/\/elsol.ps.org.uy\/index.php\/wp-json\/wp\/v2\/media\/13628"}],"wp:attachment":[{"href":"https:\/\/elsol.ps.org.uy\/index.php\/wp-json\/wp\/v2\/media?parent=12970"}],"wp:term":[{"taxonomy":"category","embeddable":true,"href":"https:\/\/elsol.ps.org.uy\/index.php\/wp-json\/wp\/v2\/categories?post=12970"},{"taxonomy":"post_tag","embeddable":true,"href":"https:\/\/elsol.ps.org.uy\/index.php\/wp-json\/wp\/v2\/tags?post=12970"}],"curies":[{"name":"wp","href":"https:\/\/api.w.org\/{rel}","templated":true}]}}