{"id":12972,"date":"2023-07-05T16:44:02","date_gmt":"2023-07-05T19:44:02","guid":{"rendered":"https:\/\/ps.org.uy\/?p=12972"},"modified":"2024-02-28T19:14:13","modified_gmt":"2024-02-28T22:14:13","slug":"en-la-campana-se-iban-a-hacer-cargo-vs-en-la-realidad-de-gobierno-no-lo-hicieron","status":"publish","type":"post","link":"https:\/\/elsol.ps.org.uy\/index.php\/2023\/07\/05\/en-la-campana-se-iban-a-hacer-cargo-vs-en-la-realidad-de-gobierno-no-lo-hicieron\/","title":{"rendered":"En la campa\u00f1a se iban a \u00abhacer cargo\u00bb vs En la realidad de gobierno no lo hicieron"},"content":{"rendered":"<p><b>La nunca tan mal cumplida: \u00abHacerse cargo\u00bb<\/b><\/p>\n<p style=\"text-align: right;\">Escribe Daniel Olesker<\/p>\n<p>En la campa\u00f1a electoral de 2019, no pararon de decir: nos haremos cargo de esto, de aquello, de todo lo que supuestamente hizo mal el Frente Amplio.<\/p>\n<p>A tres a\u00f1os del gobierno, repasemos las cosas de las que dec\u00edan se iban a hacer cargo y veremos lo que paso.<\/p>\n<p><b>Nos vamos a hacer cargo de los problemas de los trabajadores: No bajaremos los salarios.<\/b><\/p>\n<p>Se habl\u00f3 mucho de reformular los consejos de salarios, de equilibrar el poder, de apoyar a las empresas para que sean m\u00e1s competitivas, etc., etc. Pero siempre se dijo esto era para ser m\u00e1s eficiente o mejorar la productividad y no para bajar salarios. Pues la verdad es que en tres a\u00f1os los salarios han bajado a pesar del crecimiento econ\u00f3mico.<span class=\"Apple-converted-space\">\u00a0<\/span><\/p>\n<p>Y la idea de que se van a hacer cargo al final del periodo recuperando lo perdido, es tambi\u00e9n no hacerse cargo porque llegaremos a 2024 con un aumento salarial 0 y una econom\u00eda m\u00e1s rica. O sea que habr\u00e1 empobrecimiento relativo de la clase trabajadora.<\/p>\n<p>Como dijo el Senador Caggiani en la discusi\u00f3n del proyecto de ley sobre negociaci\u00f3n colectiva recientemente aprobado, ser\u00e1 la primera vez en la historia que, habiendo consejo de salarios y crecimiento econ\u00f3mico, no habr\u00e1 crecimiento de los salarios. Originales si son.<\/p>\n<p>No solo no se hicieron cargo sino que limitaron los derechos de la clase trabajadora en la negociaci\u00f3n colectiva. Como fue expuesto por el Senador Jos\u00e9 Nunes en ese mismo debate parlamentario cuando dijo: Este proyecto es parte de una reforma laboral del gobierno que debilita a la clase trabajadora, que arranca con la reglamentaci\u00f3n del derecho de huelga en la LUC, sigue con el proyecto de la personer\u00eda jur\u00eddica de los sindicatos y ahora se consolida con esta ley que, entre otras cosas elimina la ultraactividad, o sea de ahora en mas todo se debe rediscutir. No debe haber mayor beneficio para la clase empresarial que \u00e9ste.<\/p>\n<p><b>Nos vamos a hacer cargo del d\u00e9ficit fiscal sin tocar salarios p\u00fablicos ni gasto social<\/b><\/p>\n<p>Pues bien, se \u00abhicieron cargo\u00bb de reducir el d\u00e9ficit fiscal as\u00ed que cumplieron la primera parte: bajaron el gasto p\u00fablico y con ello el d\u00e9ficit fiscal. Pero incumplieron la segunda ya que el principal componente de la reducci\u00f3n de d\u00e9ficit fiscal fueron la rebaja de salarios y la rebaja del gasto social tanto en funcionamiento como en inversiones. Aquellos 900 millones de d\u00f3lares que iban a reducir fueron a costa de la gente.<\/p>\n<p>El Estado ausente en lo social es la caracter\u00edstica principal de este gobierno.<\/p>\n<p><b>Para hacernos cargo del d\u00e9ficit fiscal no vamos a aumentar impuestos.<\/b><\/p>\n<p>Bueno otra vez no se hicieron cargo. Modificaron el c\u00e1lculo de la BPC, con la que se fijan las franjas de IRPF y eso hizo que bajara el m\u00ednimo con el que se paga este impuesto. Adem\u00e1s, se baj\u00f3 la reducci\u00f3n de IVA de 4% a 2% en el pago con tarjeta de d\u00e9bito; es decir se aumento el IVA en esa forma de pago.<span class=\"Apple-converted-space\">\u00a0<\/span><\/p>\n<p><b>Nos vamos a hacer cargo del alto precio de los combustibles y los bajaremos.<\/b><\/p>\n<p>Veamos los datos.<\/p>\n<p>Los salarios crecieron menos que los precios, los precios crecieron menos que el gas oil y el s\u00faper gas que se dispar\u00f3. Por propiedad transitiva los salarios fueron por detr\u00e1s de estos combustibles.<\/p>\n<p>O sea si la promesa fue bajar su precio no se cumpli\u00f3. Si la promesa fue, como corresponde analizarlo, la baja en t\u00e9rminos de su valor real, es decir en relaci\u00f3n a la inflaci\u00f3n, tampoco lo cumplieron.<\/p>\n<p><b>Nos vamos a hacer cargo de la sustentabilidad de la seguridad social pero sin aumentar la edad de retiro.<\/b><\/p>\n<p>La LUC cre\u00f3 una comisi\u00f3n de expertos en seguridad social. Esa comisi\u00f3n en octubre por mayor\u00eda de los expertos afines al gobierno entrego sus recomendaciones al presidente. Y all\u00ed aparece otra relevante falsedad que es el aumento de la edad de retiro para todos los nacidos de 1973 en adelante.<span class=\"Apple-converted-space\">\u00a0 <\/span>O sea para miles de trabajadoras y trabajadores, (cerca de 800 mil trabajadoras y trabajadores) se extender\u00e1 la edad de retiro.<span class=\"Apple-converted-space\">\u00a0<\/span><\/p>\n<p><b>Nos vamos a hacer cargo del d\u00e9ficit de vivienda y de reducir los asentamientos.<\/b><\/p>\n<p>Si hay algo de lo que no se hicieron cargo con mayor potencia es sobre el d\u00e9ficit de vivienda y en particular sobre las viviendas precarias.<\/p>\n<p>Hay pocos datos sobre viviendas terminadas en estos tres a\u00f1os y muchas de ellas, incluso realojos, como se ha dicho insistentemente, son inversiones iniciadas en el periodo anterior.<\/p>\n<p>El presupuesto de vivienda ha sido reducido dr\u00e1sticamente en 2020 y no se ha recuperado a los niveles anteriores ni en 2021 ni en 2022.<\/p>\n<p><b>Nos vamos a hacer cargo de la seguridad p\u00fablica<\/b><\/p>\n<p>Para ello nos dijeron que la llave era la Ley de Urgente Consideraci\u00f3n en que, siguiendo recetas perimidas, aumentaron penas, crearon nuevos delitos y modificaron aspectos del Proceso Penal. Sin embargo, el crimen organizado y su consecuencia que son los delitos m\u00e1s aberrantes, ha seguido avanzando en nuestro pa\u00eds. Particularmente en materia de homicidios, que es el delito m\u00e1s dif\u00edcil de maquillar, se nota claramente por un lado su aumento y por otro el aumento de la violencia en ellos.<\/p>\n<p>Por otra parte esta visi\u00f3n penalista de la seguridad se expresa en que no existe una coordinaci\u00f3n interinstitucional para combatir el delito desde sus diferentes \u00f3pticas, No hay trabajo mancomunado con otros Ministerios para poder abordar los problemas sociales como un todo y as\u00ed intervenir de manera directa en la problem\u00e1tica de la seguridad y la convivencia.<span class=\"Apple-converted-space\">\u00a0<\/span><\/p>\n<p>A esto hay que sumarle que no invirtieron recursos significativos para seguir mejorando la Seguridad P\u00fablica.<\/p>\n<p><b>Nos vamos a hacer cargo de la falta de transparencia<\/b>.<span class=\"Apple-converted-space\">\u00a0<\/span><\/p>\n<p>Mucho se habl\u00f3 de auditor\u00edas, de controles, etc., etc. Y en tres a\u00f1os, m\u00e1s all\u00e1 de un caf\u00e9 vencido, poco se pudo decir. Pero a la inversa mucho se puede decir de la falta de transparencia de este gobierno. La entrega del puerto a una multinacional belga, la entrega de pasaporte uruguayo a un narcotraficante preso, el armado de una asociaci\u00f3n para delinquir -con ramificaciones que a\u00fan no se conocen todas-, en el cuarto piso de la Torre Ejecutiva por el encargado de la seguridad presidencial, las recientes sobre el Ministerio de Vivienda entregando casas a correligionarios del partido de la ex Ministra de Vivienda y mas que no dar\u00eda lugar a contarlo en esta nota s\u00edntesis ni quiz\u00e1s en toda la edici\u00f3n completa de El Sol.<\/p>\n<p><b>Pero no todo es falsedad: algo es verdad.<\/b><\/p>\n<p>Pero&#8230; no todo fue no hacerse cargo.<\/p>\n<p>S\u00ed se hicieron cargo de potenciar la ganancia del gran capital y concentrar la riqueza y los ingresos.<\/p>\n<p>Es claro, con los datos que surgen de las estad\u00edsticas oficiales, que las grandes empresas concentradas tanto del comercio como de la industria exportadora y el capital inmobiliario, han tomado la decisi\u00f3n de reactivar sus empresas utilizando m\u00e1s intensamente los trabajadores ya contratados.<span class=\"Apple-converted-space\">\u00a0<\/span><\/p>\n<p>Por lo tanto, esta re activaci\u00f3n econ\u00f3mica se sustenta en la mejora relevante de la tasa de ganancia, fruto de la ca\u00edda salarial y el aumento de las ventas tanto del sector exportador y de las grandes empresas que se apropian del consumo interno y de los procesos de concentraci\u00f3n fruto de la quiebra de muchas peque\u00f1as y medianas empresas.<\/p>\n<p>Para dar m\u00e1s fundamentos presentamos un indicador que refiere a la utilidad bruta de la industria exportadora. Es decir no ingresos, tasa bruta de ganancia.<\/p>\n<p>El cuadro nos muestra su evoluci\u00f3n desde 2020 para aqu\u00ed y vemos su relevante aumento en estos tres a\u00f1os, del orden del 10% respecto a 2019.<\/p>\n<p>En s<b>\u00edntesis estamos presenciando una reactivaci\u00f3n econ\u00f3mica altamente injusta<\/b> pues sus resultados han favorecido a un pu\u00f1ado de ricos, expresi\u00f3n del capital concentrado y ha impactado negativamente sobre la mayor\u00eda de la poblaci\u00f3n.<\/p>\n<p>En realidad se hicieron cargo si: se hicieron cargo de la clase a la que representan.<\/p>\n","protected":false},"excerpt":{"rendered":"Escribe Daniel Olesker\n<a class=\"moretag\" href=\"https:\/\/elsol.ps.org.uy\/index.php\/2023\/07\/05\/en-la-campana-se-iban-a-hacer-cargo-vs-en-la-realidad-de-gobierno-no-lo-hicieron\/\"> [...]<\/a>","protected":false},"author":2,"featured_media":13612,"comment_status":"closed","ping_status":"closed","sticky":false,"template":"","format":"standard","meta":{"footnotes":""},"categories":[63,30,20,36,49],"tags":[],"class_list":["post-12972","post","type-post","status-publish","format-standard","has-post-thumbnail","hentry","category-daniel-olesker","category-destacadas","category-economia","category-el-sol","category-el-sol-no-33-junio-2023"],"yoast_head":"<!-- This site is optimized with the Yoast SEO plugin v27.5 - https:\/\/yoast.com\/product\/yoast-seo-wordpress\/ -->\n<title>En la campa\u00f1a se iban a &quot;hacer cargo&quot; vs En la realidad de gobierno no lo hicieron - El Sol<\/title>\n<meta name=\"robots\" content=\"index, follow, max-snippet:-1, max-image-preview:large, max-video-preview:-1\" \/>\n<link rel=\"canonical\" href=\"https:\/\/elsol.ps.org.uy\/index.php\/2023\/07\/05\/en-la-campana-se-iban-a-hacer-cargo-vs-en-la-realidad-de-gobierno-no-lo-hicieron\/\" \/>\n<meta property=\"og:locale\" content=\"es_ES\" \/>\n<meta property=\"og:type\" content=\"article\" \/>\n<meta property=\"og:title\" content=\"En la campa\u00f1a se iban a &quot;hacer cargo&quot; vs En la realidad de gobierno no lo hicieron - El Sol\" \/>\n<meta property=\"og:description\" content=\"Escribe Daniel Olesker\" \/>\n<meta property=\"og:url\" content=\"https:\/\/elsol.ps.org.uy\/index.php\/2023\/07\/05\/en-la-campana-se-iban-a-hacer-cargo-vs-en-la-realidad-de-gobierno-no-lo-hicieron\/\" \/>\n<meta property=\"og:site_name\" content=\"El Sol\" \/>\n<meta property=\"article:published_time\" content=\"2023-07-05T19:44:02+00:00\" \/>\n<meta property=\"article:modified_time\" content=\"2024-02-28T22:14:13+00:00\" \/>\n<meta property=\"og:image\" content=\"https:\/\/elsol.ps.org.uy\/wp-content\/uploads\/2023\/07\/En-la-campana-se-iban-a-22hacer-cargo22-vs-En-la-realidad-de-gobierno-no-lo-hicieron.jpeg\" \/>\n\t<meta property=\"og:image:width\" content=\"735\" \/>\n\t<meta property=\"og:image:height\" content=\"400\" \/>\n\t<meta property=\"og:image:type\" content=\"image\/jpeg\" \/>\n<meta name=\"author\" content=\"El Sol\" \/>\n<meta name=\"twitter:card\" content=\"summary_large_image\" \/>\n<meta name=\"twitter:label1\" content=\"Escrito por\" \/>\n\t<meta name=\"twitter:data1\" content=\"El Sol\" \/>\n\t<meta name=\"twitter:label2\" content=\"Tiempo de lectura\" \/>\n\t<meta name=\"twitter:data2\" content=\"7 minutos\" \/>\n<script type=\"application\/ld+json\" class=\"yoast-schema-graph\">{\"@context\":\"https:\\\/\\\/schema.org\",\"@graph\":[{\"@type\":\"Article\",\"@id\":\"https:\\\/\\\/elsol.ps.org.uy\\\/index.php\\\/2023\\\/07\\\/05\\\/en-la-campana-se-iban-a-hacer-cargo-vs-en-la-realidad-de-gobierno-no-lo-hicieron\\\/#article\",\"isPartOf\":{\"@id\":\"https:\\\/\\\/elsol.ps.org.uy\\\/index.php\\\/2023\\\/07\\\/05\\\/en-la-campana-se-iban-a-hacer-cargo-vs-en-la-realidad-de-gobierno-no-lo-hicieron\\\/\"},\"author\":{\"name\":\"El Sol\",\"@id\":\"https:\\\/\\\/elsol.ps.org.uy\\\/#\\\/schema\\\/person\\\/9642a61f31473fe97857228bf33277f6\"},\"headline\":\"En la campa\u00f1a se iban a \u00abhacer cargo\u00bb vs En la realidad de gobierno no lo hicieron\",\"datePublished\":\"2023-07-05T19:44:02+00:00\",\"dateModified\":\"2024-02-28T22:14:13+00:00\",\"mainEntityOfPage\":{\"@id\":\"https:\\\/\\\/elsol.ps.org.uy\\\/index.php\\\/2023\\\/07\\\/05\\\/en-la-campana-se-iban-a-hacer-cargo-vs-en-la-realidad-de-gobierno-no-lo-hicieron\\\/\"},\"wordCount\":1397,\"image\":{\"@id\":\"https:\\\/\\\/elsol.ps.org.uy\\\/index.php\\\/2023\\\/07\\\/05\\\/en-la-campana-se-iban-a-hacer-cargo-vs-en-la-realidad-de-gobierno-no-lo-hicieron\\\/#primaryimage\"},\"thumbnailUrl\":\"https:\\\/\\\/elsol.ps.org.uy\\\/wp-content\\\/uploads\\\/2023\\\/07\\\/En-la-campana-se-iban-a-22hacer-cargo22-vs-En-la-realidad-de-gobierno-no-lo-hicieron.jpeg\",\"articleSection\":[\"Daniel Olesker\",\"Destacadas\",\"Econom\u00eda\",\"El Sol\",\"El Sol \u2013 N\u00ba 33 \u2013 Junio 2023\"],\"inLanguage\":\"es\"},{\"@type\":\"WebPage\",\"@id\":\"https:\\\/\\\/elsol.ps.org.uy\\\/index.php\\\/2023\\\/07\\\/05\\\/en-la-campana-se-iban-a-hacer-cargo-vs-en-la-realidad-de-gobierno-no-lo-hicieron\\\/\",\"url\":\"https:\\\/\\\/elsol.ps.org.uy\\\/index.php\\\/2023\\\/07\\\/05\\\/en-la-campana-se-iban-a-hacer-cargo-vs-en-la-realidad-de-gobierno-no-lo-hicieron\\\/\",\"name\":\"En la campa\u00f1a se iban a \\\"hacer cargo\\\" vs En la realidad de gobierno no lo hicieron - El Sol\",\"isPartOf\":{\"@id\":\"https:\\\/\\\/elsol.ps.org.uy\\\/#website\"},\"primaryImageOfPage\":{\"@id\":\"https:\\\/\\\/elsol.ps.org.uy\\\/index.php\\\/2023\\\/07\\\/05\\\/en-la-campana-se-iban-a-hacer-cargo-vs-en-la-realidad-de-gobierno-no-lo-hicieron\\\/#primaryimage\"},\"image\":{\"@id\":\"https:\\\/\\\/elsol.ps.org.uy\\\/index.php\\\/2023\\\/07\\\/05\\\/en-la-campana-se-iban-a-hacer-cargo-vs-en-la-realidad-de-gobierno-no-lo-hicieron\\\/#primaryimage\"},\"thumbnailUrl\":\"https:\\\/\\\/elsol.ps.org.uy\\\/wp-content\\\/uploads\\\/2023\\\/07\\\/En-la-campana-se-iban-a-22hacer-cargo22-vs-En-la-realidad-de-gobierno-no-lo-hicieron.jpeg\",\"datePublished\":\"2023-07-05T19:44:02+00:00\",\"dateModified\":\"2024-02-28T22:14:13+00:00\",\"author\":{\"@id\":\"https:\\\/\\\/elsol.ps.org.uy\\\/#\\\/schema\\\/person\\\/9642a61f31473fe97857228bf33277f6\"},\"breadcrumb\":{\"@id\":\"https:\\\/\\\/elsol.ps.org.uy\\\/index.php\\\/2023\\\/07\\\/05\\\/en-la-campana-se-iban-a-hacer-cargo-vs-en-la-realidad-de-gobierno-no-lo-hicieron\\\/#breadcrumb\"},\"inLanguage\":\"es\",\"potentialAction\":[{\"@type\":\"ReadAction\",\"target\":[\"https:\\\/\\\/elsol.ps.org.uy\\\/index.php\\\/2023\\\/07\\\/05\\\/en-la-campana-se-iban-a-hacer-cargo-vs-en-la-realidad-de-gobierno-no-lo-hicieron\\\/\"]}]},{\"@type\":\"ImageObject\",\"inLanguage\":\"es\",\"@id\":\"https:\\\/\\\/elsol.ps.org.uy\\\/index.php\\\/2023\\\/07\\\/05\\\/en-la-campana-se-iban-a-hacer-cargo-vs-en-la-realidad-de-gobierno-no-lo-hicieron\\\/#primaryimage\",\"url\":\"https:\\\/\\\/elsol.ps.org.uy\\\/wp-content\\\/uploads\\\/2023\\\/07\\\/En-la-campana-se-iban-a-22hacer-cargo22-vs-En-la-realidad-de-gobierno-no-lo-hicieron.jpeg\",\"contentUrl\":\"https:\\\/\\\/elsol.ps.org.uy\\\/wp-content\\\/uploads\\\/2023\\\/07\\\/En-la-campana-se-iban-a-22hacer-cargo22-vs-En-la-realidad-de-gobierno-no-lo-hicieron.jpeg\",\"width\":735,\"height\":400},{\"@type\":\"BreadcrumbList\",\"@id\":\"https:\\\/\\\/elsol.ps.org.uy\\\/index.php\\\/2023\\\/07\\\/05\\\/en-la-campana-se-iban-a-hacer-cargo-vs-en-la-realidad-de-gobierno-no-lo-hicieron\\\/#breadcrumb\",\"itemListElement\":[{\"@type\":\"ListItem\",\"position\":1,\"name\":\"Portada\",\"item\":\"https:\\\/\\\/elsol.ps.org.uy\\\/\"},{\"@type\":\"ListItem\",\"position\":2,\"name\":\"En la campa\u00f1a se iban a \u00abhacer cargo\u00bb vs En la realidad de gobierno no lo hicieron\"}]},{\"@type\":\"WebSite\",\"@id\":\"https:\\\/\\\/elsol.ps.org.uy\\\/#website\",\"url\":\"https:\\\/\\\/elsol.ps.org.uy\\\/\",\"name\":\"El Sol\",\"description\":\"Organo del Partido Socialista - Frente Amplio\",\"potentialAction\":[{\"@type\":\"SearchAction\",\"target\":{\"@type\":\"EntryPoint\",\"urlTemplate\":\"https:\\\/\\\/elsol.ps.org.uy\\\/?s={search_term_string}\"},\"query-input\":{\"@type\":\"PropertyValueSpecification\",\"valueRequired\":true,\"valueName\":\"search_term_string\"}}],\"inLanguage\":\"es\"},{\"@type\":\"Person\",\"@id\":\"https:\\\/\\\/elsol.ps.org.uy\\\/#\\\/schema\\\/person\\\/9642a61f31473fe97857228bf33277f6\",\"name\":\"El Sol\",\"image\":{\"@type\":\"ImageObject\",\"inLanguage\":\"es\",\"@id\":\"https:\\\/\\\/secure.gravatar.com\\\/avatar\\\/e14a39081cff84ca4b5657918d3e15ebebf0ca4cee0bb3b81200271ee78d4b9c?s=96&d=mm&r=g\",\"url\":\"https:\\\/\\\/secure.gravatar.com\\\/avatar\\\/e14a39081cff84ca4b5657918d3e15ebebf0ca4cee0bb3b81200271ee78d4b9c?s=96&d=mm&r=g\",\"contentUrl\":\"https:\\\/\\\/secure.gravatar.com\\\/avatar\\\/e14a39081cff84ca4b5657918d3e15ebebf0ca4cee0bb3b81200271ee78d4b9c?s=96&d=mm&r=g\",\"caption\":\"El Sol\"},\"url\":\"https:\\\/\\\/elsol.ps.org.uy\\\/index.php\\\/author\\\/eugenia\\\/\"}]}<\/script>\n<!-- \/ Yoast SEO plugin. -->","yoast_head_json":{"title":"En la campa\u00f1a se iban a \"hacer cargo\" vs En la realidad de gobierno no lo hicieron - El Sol","robots":{"index":"index","follow":"follow","max-snippet":"max-snippet:-1","max-image-preview":"max-image-preview:large","max-video-preview":"max-video-preview:-1"},"canonical":"https:\/\/elsol.ps.org.uy\/index.php\/2023\/07\/05\/en-la-campana-se-iban-a-hacer-cargo-vs-en-la-realidad-de-gobierno-no-lo-hicieron\/","og_locale":"es_ES","og_type":"article","og_title":"En la campa\u00f1a se iban a \"hacer cargo\" vs En la realidad de gobierno no lo hicieron - El Sol","og_description":"Escribe Daniel Olesker","og_url":"https:\/\/elsol.ps.org.uy\/index.php\/2023\/07\/05\/en-la-campana-se-iban-a-hacer-cargo-vs-en-la-realidad-de-gobierno-no-lo-hicieron\/","og_site_name":"El Sol","article_published_time":"2023-07-05T19:44:02+00:00","article_modified_time":"2024-02-28T22:14:13+00:00","og_image":[{"width":735,"height":400,"url":"https:\/\/elsol.ps.org.uy\/wp-content\/uploads\/2023\/07\/En-la-campana-se-iban-a-22hacer-cargo22-vs-En-la-realidad-de-gobierno-no-lo-hicieron.jpeg","type":"image\/jpeg"}],"author":"El Sol","twitter_card":"summary_large_image","twitter_misc":{"Escrito por":"El Sol","Tiempo de lectura":"7 minutos"},"schema":{"@context":"https:\/\/schema.org","@graph":[{"@type":"Article","@id":"https:\/\/elsol.ps.org.uy\/index.php\/2023\/07\/05\/en-la-campana-se-iban-a-hacer-cargo-vs-en-la-realidad-de-gobierno-no-lo-hicieron\/#article","isPartOf":{"@id":"https:\/\/elsol.ps.org.uy\/index.php\/2023\/07\/05\/en-la-campana-se-iban-a-hacer-cargo-vs-en-la-realidad-de-gobierno-no-lo-hicieron\/"},"author":{"name":"El Sol","@id":"https:\/\/elsol.ps.org.uy\/#\/schema\/person\/9642a61f31473fe97857228bf33277f6"},"headline":"En la campa\u00f1a se iban a \u00abhacer cargo\u00bb vs En la realidad de gobierno no lo hicieron","datePublished":"2023-07-05T19:44:02+00:00","dateModified":"2024-02-28T22:14:13+00:00","mainEntityOfPage":{"@id":"https:\/\/elsol.ps.org.uy\/index.php\/2023\/07\/05\/en-la-campana-se-iban-a-hacer-cargo-vs-en-la-realidad-de-gobierno-no-lo-hicieron\/"},"wordCount":1397,"image":{"@id":"https:\/\/elsol.ps.org.uy\/index.php\/2023\/07\/05\/en-la-campana-se-iban-a-hacer-cargo-vs-en-la-realidad-de-gobierno-no-lo-hicieron\/#primaryimage"},"thumbnailUrl":"https:\/\/elsol.ps.org.uy\/wp-content\/uploads\/2023\/07\/En-la-campana-se-iban-a-22hacer-cargo22-vs-En-la-realidad-de-gobierno-no-lo-hicieron.jpeg","articleSection":["Daniel Olesker","Destacadas","Econom\u00eda","El Sol","El Sol \u2013 N\u00ba 33 \u2013 Junio 2023"],"inLanguage":"es"},{"@type":"WebPage","@id":"https:\/\/elsol.ps.org.uy\/index.php\/2023\/07\/05\/en-la-campana-se-iban-a-hacer-cargo-vs-en-la-realidad-de-gobierno-no-lo-hicieron\/","url":"https:\/\/elsol.ps.org.uy\/index.php\/2023\/07\/05\/en-la-campana-se-iban-a-hacer-cargo-vs-en-la-realidad-de-gobierno-no-lo-hicieron\/","name":"En la campa\u00f1a se iban a \"hacer cargo\" vs En la realidad de gobierno no lo hicieron - El Sol","isPartOf":{"@id":"https:\/\/elsol.ps.org.uy\/#website"},"primaryImageOfPage":{"@id":"https:\/\/elsol.ps.org.uy\/index.php\/2023\/07\/05\/en-la-campana-se-iban-a-hacer-cargo-vs-en-la-realidad-de-gobierno-no-lo-hicieron\/#primaryimage"},"image":{"@id":"https:\/\/elsol.ps.org.uy\/index.php\/2023\/07\/05\/en-la-campana-se-iban-a-hacer-cargo-vs-en-la-realidad-de-gobierno-no-lo-hicieron\/#primaryimage"},"thumbnailUrl":"https:\/\/elsol.ps.org.uy\/wp-content\/uploads\/2023\/07\/En-la-campana-se-iban-a-22hacer-cargo22-vs-En-la-realidad-de-gobierno-no-lo-hicieron.jpeg","datePublished":"2023-07-05T19:44:02+00:00","dateModified":"2024-02-28T22:14:13+00:00","author":{"@id":"https:\/\/elsol.ps.org.uy\/#\/schema\/person\/9642a61f31473fe97857228bf33277f6"},"breadcrumb":{"@id":"https:\/\/elsol.ps.org.uy\/index.php\/2023\/07\/05\/en-la-campana-se-iban-a-hacer-cargo-vs-en-la-realidad-de-gobierno-no-lo-hicieron\/#breadcrumb"},"inLanguage":"es","potentialAction":[{"@type":"ReadAction","target":["https:\/\/elsol.ps.org.uy\/index.php\/2023\/07\/05\/en-la-campana-se-iban-a-hacer-cargo-vs-en-la-realidad-de-gobierno-no-lo-hicieron\/"]}]},{"@type":"ImageObject","inLanguage":"es","@id":"https:\/\/elsol.ps.org.uy\/index.php\/2023\/07\/05\/en-la-campana-se-iban-a-hacer-cargo-vs-en-la-realidad-de-gobierno-no-lo-hicieron\/#primaryimage","url":"https:\/\/elsol.ps.org.uy\/wp-content\/uploads\/2023\/07\/En-la-campana-se-iban-a-22hacer-cargo22-vs-En-la-realidad-de-gobierno-no-lo-hicieron.jpeg","contentUrl":"https:\/\/elsol.ps.org.uy\/wp-content\/uploads\/2023\/07\/En-la-campana-se-iban-a-22hacer-cargo22-vs-En-la-realidad-de-gobierno-no-lo-hicieron.jpeg","width":735,"height":400},{"@type":"BreadcrumbList","@id":"https:\/\/elsol.ps.org.uy\/index.php\/2023\/07\/05\/en-la-campana-se-iban-a-hacer-cargo-vs-en-la-realidad-de-gobierno-no-lo-hicieron\/#breadcrumb","itemListElement":[{"@type":"ListItem","position":1,"name":"Portada","item":"https:\/\/elsol.ps.org.uy\/"},{"@type":"ListItem","position":2,"name":"En la campa\u00f1a se iban a \u00abhacer cargo\u00bb vs En la realidad de gobierno no lo hicieron"}]},{"@type":"WebSite","@id":"https:\/\/elsol.ps.org.uy\/#website","url":"https:\/\/elsol.ps.org.uy\/","name":"El Sol","description":"Organo del Partido Socialista - Frente Amplio","potentialAction":[{"@type":"SearchAction","target":{"@type":"EntryPoint","urlTemplate":"https:\/\/elsol.ps.org.uy\/?s={search_term_string}"},"query-input":{"@type":"PropertyValueSpecification","valueRequired":true,"valueName":"search_term_string"}}],"inLanguage":"es"},{"@type":"Person","@id":"https:\/\/elsol.ps.org.uy\/#\/schema\/person\/9642a61f31473fe97857228bf33277f6","name":"El Sol","image":{"@type":"ImageObject","inLanguage":"es","@id":"https:\/\/secure.gravatar.com\/avatar\/e14a39081cff84ca4b5657918d3e15ebebf0ca4cee0bb3b81200271ee78d4b9c?s=96&d=mm&r=g","url":"https:\/\/secure.gravatar.com\/avatar\/e14a39081cff84ca4b5657918d3e15ebebf0ca4cee0bb3b81200271ee78d4b9c?s=96&d=mm&r=g","contentUrl":"https:\/\/secure.gravatar.com\/avatar\/e14a39081cff84ca4b5657918d3e15ebebf0ca4cee0bb3b81200271ee78d4b9c?s=96&d=mm&r=g","caption":"El Sol"},"url":"https:\/\/elsol.ps.org.uy\/index.php\/author\/eugenia\/"}]}},"jetpack_featured_media_url":"https:\/\/elsol.ps.org.uy\/wp-content\/uploads\/2023\/07\/En-la-campana-se-iban-a-22hacer-cargo22-vs-En-la-realidad-de-gobierno-no-lo-hicieron.jpeg","_links":{"self":[{"href":"https:\/\/elsol.ps.org.uy\/index.php\/wp-json\/wp\/v2\/posts\/12972","targetHints":{"allow":["GET"]}}],"collection":[{"href":"https:\/\/elsol.ps.org.uy\/index.php\/wp-json\/wp\/v2\/posts"}],"about":[{"href":"https:\/\/elsol.ps.org.uy\/index.php\/wp-json\/wp\/v2\/types\/post"}],"author":[{"embeddable":true,"href":"https:\/\/elsol.ps.org.uy\/index.php\/wp-json\/wp\/v2\/users\/2"}],"replies":[{"embeddable":true,"href":"https:\/\/elsol.ps.org.uy\/index.php\/wp-json\/wp\/v2\/comments?post=12972"}],"version-history":[{"count":1,"href":"https:\/\/elsol.ps.org.uy\/index.php\/wp-json\/wp\/v2\/posts\/12972\/revisions"}],"predecessor-version":[{"id":13613,"href":"https:\/\/elsol.ps.org.uy\/index.php\/wp-json\/wp\/v2\/posts\/12972\/revisions\/13613"}],"wp:featuredmedia":[{"embeddable":true,"href":"https:\/\/elsol.ps.org.uy\/index.php\/wp-json\/wp\/v2\/media\/13612"}],"wp:attachment":[{"href":"https:\/\/elsol.ps.org.uy\/index.php\/wp-json\/wp\/v2\/media?parent=12972"}],"wp:term":[{"taxonomy":"category","embeddable":true,"href":"https:\/\/elsol.ps.org.uy\/index.php\/wp-json\/wp\/v2\/categories?post=12972"},{"taxonomy":"post_tag","embeddable":true,"href":"https:\/\/elsol.ps.org.uy\/index.php\/wp-json\/wp\/v2\/tags?post=12972"}],"curies":[{"name":"wp","href":"https:\/\/api.w.org\/{rel}","templated":true}]}}