{"id":12998,"date":"2023-07-28T12:08:25","date_gmt":"2023-07-28T15:08:25","guid":{"rendered":"https:\/\/ps.org.uy\/?p=12998"},"modified":"2024-02-28T17:31:30","modified_gmt":"2024-02-28T17:31:30","slug":"imaginar-otro-futuro-democratizar-la-vida","status":"publish","type":"post","link":"https:\/\/elsol.ps.org.uy\/index.php\/2023\/07\/28\/imaginar-otro-futuro-democratizar-la-vida\/","title":{"rendered":"Imaginar otro futuro, democratizar la vida"},"content":{"rendered":"<pre style=\"text-align: right;\">Fotograf\u00eda: Pata Eizmendi<\/pre>\n<p style=\"text-align: right;\">Escribe: Gonzalo Civila | Sec. Gral. del PS<\/p>\n<p>El pasado domingo 25 de junio \u201cIzquierda y Libertad\u201d, la corriente de ideas y acci\u00f3n que integramos, realiz\u00f3 su primera Asamblea Abierta. La convocatoria se encabez\u00f3 con la consigna: \u201cA 50 a\u00f1os del golpe de Estado, imaginemos la democracia del futuro\u201d.<\/p>\n<p>M\u00e1s all\u00e1 del aniversario del golpe y de la huelga general, no es casual que esta corriente realice su primera asamblea bajo este t\u00edtulo.<\/p>\n<p>La realizaci\u00f3n de asambleas tem\u00e1ticas y abiertas, en las que puedan tener voz todas las personas que deseen participar, es en s\u00ed misma un potente instrumento democratizador del debate pol\u00edtico, que se propone sobre todo intensificar la empobrecida discusi\u00f3n de ideas en la sociedad uruguaya, gan\u00e1ndole terreno al miedo, la superficialidad y el pensamiento \u00fanico. Esta apuesta es en s\u00ed misma un mensaje: estamos dispuestos y dispuestas al aprendizaje, a la incomodidad de poner en crisis nuestras propias pr\u00e1cticas y preconceptos, queremos ejercitar el pensamiento cr\u00edtico (que cuando se despliega es siempre tambi\u00e9n autocr\u00edtico).<\/p>\n<p>Pero adem\u00e1s la corriente que formamos reivindica como una de sus principales se\u00f1as de identidad su compromiso con una democracia integral y radical, con una b\u00fasqueda libertaria y poscapitalista que apueste a la autogesti\u00f3n y la participaci\u00f3n protag\u00f3nica del pueblo. Esta caracter\u00edstica coincide con una de las ra\u00edces m\u00e1s antiguas y a su vez m\u00e1s vigentes del socialismo uruguayo.<\/p>\n<p>La Asamblea, que se realiz\u00f3 en plenaria y talleres, cont\u00f3 con exposiciones disparadoras de referentes acad\u00e9micas, sociales y pol\u00edticas de distintas trayectorias y perfiles. Los temas centrales fueron la relaci\u00f3n entre la democracia, la libertad y el espacio p\u00fablico, la imbricaci\u00f3n entre democracia, territorios y vida cotidiana, la tensi\u00f3n entre democracia y poderes f\u00e1cticos, y la cuesti\u00f3n de la democracia directa, la participaci\u00f3n ciudadana y el Estado.<\/p>\n<p>A lo largo de todo el intercambio aparecieron de forma recurrente las dimensiones del conflicto y de la diversidad, que describen dos din\u00e1micas esenciales en cualquier proyecto democr\u00e1tico. No hay democracia en el monolitismo ni en la penalizaci\u00f3n continua del conflicto y el disenso, tampoco en la violencia y la dominaci\u00f3n.<\/p>\n<p>La democracia entendida en un sentido sustantivo incluye un andamiaje institucional y un conjunto de garant\u00edas legales, pero no se limita a un esquema procedimental o a una serie de normas. La democracia sustantiva es un sistema de vida que es a la vez proceso y objetivo, y que se define sobre todo por su verbo: democratizaci\u00f3n.<\/p>\n<p>La lucha por la libertad y el socialismo es para nosotros y no-sotras la lucha por democratizar la vida, en todos los planos y escalas. Por esa raz\u00f3n interpela las distintas esferas de la experiencia humana: ambiental, econ\u00f3mica, pol\u00edtica, social, cultural. Una democracia radical implica la superaci\u00f3n de la tiran\u00eda de la necesidad, la humillaci\u00f3n, el menosprecio y la carencia es decir, de todas las violencias estructurales y discriminaciones, la profundizaci\u00f3n de la participaci\u00f3n pol\u00edtica y comunitaria, la revisi\u00f3n de los arreglos familiares, la abolici\u00f3n de todas las formas de burocratizaci\u00f3n y elitizaci\u00f3n, la reformulaci\u00f3n de cualquier relaci\u00f3n de poder que implique opresi\u00f3n, cristalice desigualdades y ahogue la libertad y la diversidad humana.<\/p>\n<p>Los desaf\u00edos de la democratizaci\u00f3n son infinitos, requieren de un proyecto de sociedad que cuestione los l\u00edmites de lo posible y de un fuerte eje plural igualitario que densifique el espacio p\u00fablico, engendre relaciones solidarias y construya poder alternativo para revertir la escandalosa concentraci\u00f3n de los recursos societarios en pocas manos. La dictadura del capital y el patriarcado, los imperialismos y la voracidad extractivista, el autoritarismo pol\u00edtico de cualquier pelo, los modelos de partido \u00fanico y uniformidad ideol\u00f3gica, no son compatibles con una democracia profunda y ancha.<\/p>\n<p>La organizaci\u00f3n de los sectores subalternizados de la sociedad, la generaci\u00f3n de espacios de encuentro entre diferentes, y la transformaci\u00f3n democr\u00e1tica de todas las instituciones, son condiciones para hacer posible ese otro futuro que se va gestando desde las periferias.<\/p>\n<p>Ni la violencia del odio ni los discursos conservadores sobre la Rep\u00fablica liberan la imaginaci\u00f3n y la acci\u00f3n transformadora, m\u00e1s bien las atrofian. Nuestra apuesta es al republicanismo c\u00edvico que requiere de una ciudadan\u00eda activa, que reconoce a los otros y que libra una lucha efectiva y permanente por la no dominaci\u00f3n.<\/p>\n<p>Para democratizar la vida.<\/p>\n","protected":false},"excerpt":{"rendered":"Fotograf\u00eda: Pata Eizmendi Escribe: Gonzalo Civila | Sec. Gral. del PS El pasado domingo 25 de junio \u201cIzquierda y Libertad\u201d, la corriente de \n<a class=\"moretag\" href=\"https:\/\/elsol.ps.org.uy\/index.php\/2023\/07\/28\/imaginar-otro-futuro-democratizar-la-vida\/\"> [...]<\/a>","protected":false},"author":2,"featured_media":13583,"comment_status":"closed","ping_status":"closed","sticky":false,"template":"","format":"standard","meta":{"footnotes":""},"categories":[30,25,36,50,71,1],"tags":[],"class_list":["post-12998","post","type-post","status-publish","format-standard","has-post-thumbnail","hentry","category-destacadas","category-editorial","category-el-sol","category-el-sol-no-34-julio-2023","category-gonzalo-civila","category-nacional"],"yoast_head":"<!-- This site is optimized with the Yoast SEO plugin v27.4 - https:\/\/yoast.com\/product\/yoast-seo-wordpress\/ -->\n<title>Imaginar otro futuro, democratizar la vida - El Sol<\/title>\n<meta name=\"robots\" content=\"index, follow, max-snippet:-1, max-image-preview:large, max-video-preview:-1\" \/>\n<link rel=\"canonical\" href=\"https:\/\/elsol.ps.org.uy\/index.php\/2023\/07\/28\/imaginar-otro-futuro-democratizar-la-vida\/\" \/>\n<meta property=\"og:locale\" content=\"es_ES\" \/>\n<meta property=\"og:type\" content=\"article\" \/>\n<meta property=\"og:title\" content=\"Imaginar otro futuro, democratizar la vida - El Sol\" \/>\n<meta property=\"og:description\" content=\"Fotograf\u00eda: Pata Eizmendi Escribe: Gonzalo Civila | Sec. Gral. del PS El pasado domingo 25 de junio \u201cIzquierda y Libertad\u201d, la corriente de\" \/>\n<meta property=\"og:url\" content=\"https:\/\/elsol.ps.org.uy\/index.php\/2023\/07\/28\/imaginar-otro-futuro-democratizar-la-vida\/\" \/>\n<meta property=\"og:site_name\" content=\"El Sol\" \/>\n<meta property=\"article:published_time\" content=\"2023-07-28T15:08:25+00:00\" \/>\n<meta property=\"article:modified_time\" content=\"2024-02-28T17:31:30+00:00\" \/>\n<meta property=\"og:image\" content=\"https:\/\/elsol.ps.org.uy\/wp-content\/uploads\/2023\/07\/Imaginar-otro-futuro-democratizar-la-vida.jpeg\" \/>\n\t<meta property=\"og:image:width\" content=\"735\" \/>\n\t<meta property=\"og:image:height\" content=\"400\" \/>\n\t<meta property=\"og:image:type\" content=\"image\/jpeg\" \/>\n<meta name=\"author\" content=\"El Sol\" \/>\n<meta name=\"twitter:card\" content=\"summary_large_image\" \/>\n<meta name=\"twitter:label1\" content=\"Escrito por\" \/>\n\t<meta name=\"twitter:data1\" content=\"El Sol\" \/>\n\t<meta name=\"twitter:label2\" content=\"Tiempo de lectura\" \/>\n\t<meta name=\"twitter:data2\" content=\"4 minutos\" \/>\n<script type=\"application\/ld+json\" class=\"yoast-schema-graph\">{\"@context\":\"https:\\\/\\\/schema.org\",\"@graph\":[{\"@type\":\"Article\",\"@id\":\"https:\\\/\\\/elsol.ps.org.uy\\\/index.php\\\/2023\\\/07\\\/28\\\/imaginar-otro-futuro-democratizar-la-vida\\\/#article\",\"isPartOf\":{\"@id\":\"https:\\\/\\\/elsol.ps.org.uy\\\/index.php\\\/2023\\\/07\\\/28\\\/imaginar-otro-futuro-democratizar-la-vida\\\/\"},\"author\":{\"name\":\"El Sol\",\"@id\":\"https:\\\/\\\/elsol.ps.org.uy\\\/#\\\/schema\\\/person\\\/9642a61f31473fe97857228bf33277f6\"},\"headline\":\"Imaginar otro futuro, democratizar la vida\",\"datePublished\":\"2023-07-28T15:08:25+00:00\",\"dateModified\":\"2024-02-28T17:31:30+00:00\",\"mainEntityOfPage\":{\"@id\":\"https:\\\/\\\/elsol.ps.org.uy\\\/index.php\\\/2023\\\/07\\\/28\\\/imaginar-otro-futuro-democratizar-la-vida\\\/\"},\"wordCount\":772,\"image\":{\"@id\":\"https:\\\/\\\/elsol.ps.org.uy\\\/index.php\\\/2023\\\/07\\\/28\\\/imaginar-otro-futuro-democratizar-la-vida\\\/#primaryimage\"},\"thumbnailUrl\":\"https:\\\/\\\/elsol.ps.org.uy\\\/wp-content\\\/uploads\\\/2023\\\/07\\\/Imaginar-otro-futuro-democratizar-la-vida.jpeg\",\"articleSection\":[\"Destacadas\",\"Editorial\",\"El Sol\",\"El Sol \u2013 N\u00ba 34 \u2013 Julio 2023\",\"Gonzalo Civila\",\"Nacional\"],\"inLanguage\":\"es\"},{\"@type\":\"WebPage\",\"@id\":\"https:\\\/\\\/elsol.ps.org.uy\\\/index.php\\\/2023\\\/07\\\/28\\\/imaginar-otro-futuro-democratizar-la-vida\\\/\",\"url\":\"https:\\\/\\\/elsol.ps.org.uy\\\/index.php\\\/2023\\\/07\\\/28\\\/imaginar-otro-futuro-democratizar-la-vida\\\/\",\"name\":\"Imaginar otro futuro, democratizar la vida - El Sol\",\"isPartOf\":{\"@id\":\"https:\\\/\\\/elsol.ps.org.uy\\\/#website\"},\"primaryImageOfPage\":{\"@id\":\"https:\\\/\\\/elsol.ps.org.uy\\\/index.php\\\/2023\\\/07\\\/28\\\/imaginar-otro-futuro-democratizar-la-vida\\\/#primaryimage\"},\"image\":{\"@id\":\"https:\\\/\\\/elsol.ps.org.uy\\\/index.php\\\/2023\\\/07\\\/28\\\/imaginar-otro-futuro-democratizar-la-vida\\\/#primaryimage\"},\"thumbnailUrl\":\"https:\\\/\\\/elsol.ps.org.uy\\\/wp-content\\\/uploads\\\/2023\\\/07\\\/Imaginar-otro-futuro-democratizar-la-vida.jpeg\",\"datePublished\":\"2023-07-28T15:08:25+00:00\",\"dateModified\":\"2024-02-28T17:31:30+00:00\",\"author\":{\"@id\":\"https:\\\/\\\/elsol.ps.org.uy\\\/#\\\/schema\\\/person\\\/9642a61f31473fe97857228bf33277f6\"},\"breadcrumb\":{\"@id\":\"https:\\\/\\\/elsol.ps.org.uy\\\/index.php\\\/2023\\\/07\\\/28\\\/imaginar-otro-futuro-democratizar-la-vida\\\/#breadcrumb\"},\"inLanguage\":\"es\",\"potentialAction\":[{\"@type\":\"ReadAction\",\"target\":[\"https:\\\/\\\/elsol.ps.org.uy\\\/index.php\\\/2023\\\/07\\\/28\\\/imaginar-otro-futuro-democratizar-la-vida\\\/\"]}]},{\"@type\":\"ImageObject\",\"inLanguage\":\"es\",\"@id\":\"https:\\\/\\\/elsol.ps.org.uy\\\/index.php\\\/2023\\\/07\\\/28\\\/imaginar-otro-futuro-democratizar-la-vida\\\/#primaryimage\",\"url\":\"https:\\\/\\\/elsol.ps.org.uy\\\/wp-content\\\/uploads\\\/2023\\\/07\\\/Imaginar-otro-futuro-democratizar-la-vida.jpeg\",\"contentUrl\":\"https:\\\/\\\/elsol.ps.org.uy\\\/wp-content\\\/uploads\\\/2023\\\/07\\\/Imaginar-otro-futuro-democratizar-la-vida.jpeg\",\"width\":735,\"height\":400},{\"@type\":\"BreadcrumbList\",\"@id\":\"https:\\\/\\\/elsol.ps.org.uy\\\/index.php\\\/2023\\\/07\\\/28\\\/imaginar-otro-futuro-democratizar-la-vida\\\/#breadcrumb\",\"itemListElement\":[{\"@type\":\"ListItem\",\"position\":1,\"name\":\"Portada\",\"item\":\"https:\\\/\\\/elsol.ps.org.uy\\\/\"},{\"@type\":\"ListItem\",\"position\":2,\"name\":\"Imaginar otro futuro, democratizar la vida\"}]},{\"@type\":\"WebSite\",\"@id\":\"https:\\\/\\\/elsol.ps.org.uy\\\/#website\",\"url\":\"https:\\\/\\\/elsol.ps.org.uy\\\/\",\"name\":\"El Sol\",\"description\":\"Organo del Partido Socialista - Frente Amplio\",\"potentialAction\":[{\"@type\":\"SearchAction\",\"target\":{\"@type\":\"EntryPoint\",\"urlTemplate\":\"https:\\\/\\\/elsol.ps.org.uy\\\/?s={search_term_string}\"},\"query-input\":{\"@type\":\"PropertyValueSpecification\",\"valueRequired\":true,\"valueName\":\"search_term_string\"}}],\"inLanguage\":\"es\"},{\"@type\":\"Person\",\"@id\":\"https:\\\/\\\/elsol.ps.org.uy\\\/#\\\/schema\\\/person\\\/9642a61f31473fe97857228bf33277f6\",\"name\":\"El Sol\",\"image\":{\"@type\":\"ImageObject\",\"inLanguage\":\"es\",\"@id\":\"https:\\\/\\\/secure.gravatar.com\\\/avatar\\\/e14a39081cff84ca4b5657918d3e15ebebf0ca4cee0bb3b81200271ee78d4b9c?s=96&d=mm&r=g\",\"url\":\"https:\\\/\\\/secure.gravatar.com\\\/avatar\\\/e14a39081cff84ca4b5657918d3e15ebebf0ca4cee0bb3b81200271ee78d4b9c?s=96&d=mm&r=g\",\"contentUrl\":\"https:\\\/\\\/secure.gravatar.com\\\/avatar\\\/e14a39081cff84ca4b5657918d3e15ebebf0ca4cee0bb3b81200271ee78d4b9c?s=96&d=mm&r=g\",\"caption\":\"El Sol\"},\"url\":\"https:\\\/\\\/elsol.ps.org.uy\\\/index.php\\\/author\\\/eugenia\\\/\"}]}<\/script>\n<!-- \/ Yoast SEO plugin. -->","yoast_head_json":{"title":"Imaginar otro futuro, democratizar la vida - El Sol","robots":{"index":"index","follow":"follow","max-snippet":"max-snippet:-1","max-image-preview":"max-image-preview:large","max-video-preview":"max-video-preview:-1"},"canonical":"https:\/\/elsol.ps.org.uy\/index.php\/2023\/07\/28\/imaginar-otro-futuro-democratizar-la-vida\/","og_locale":"es_ES","og_type":"article","og_title":"Imaginar otro futuro, democratizar la vida - El Sol","og_description":"Fotograf\u00eda: Pata Eizmendi Escribe: Gonzalo Civila | Sec. Gral. del PS El pasado domingo 25 de junio \u201cIzquierda y Libertad\u201d, la corriente de","og_url":"https:\/\/elsol.ps.org.uy\/index.php\/2023\/07\/28\/imaginar-otro-futuro-democratizar-la-vida\/","og_site_name":"El Sol","article_published_time":"2023-07-28T15:08:25+00:00","article_modified_time":"2024-02-28T17:31:30+00:00","og_image":[{"width":735,"height":400,"url":"https:\/\/elsol.ps.org.uy\/wp-content\/uploads\/2023\/07\/Imaginar-otro-futuro-democratizar-la-vida.jpeg","type":"image\/jpeg"}],"author":"El Sol","twitter_card":"summary_large_image","twitter_misc":{"Escrito por":"El Sol","Tiempo de lectura":"4 minutos"},"schema":{"@context":"https:\/\/schema.org","@graph":[{"@type":"Article","@id":"https:\/\/elsol.ps.org.uy\/index.php\/2023\/07\/28\/imaginar-otro-futuro-democratizar-la-vida\/#article","isPartOf":{"@id":"https:\/\/elsol.ps.org.uy\/index.php\/2023\/07\/28\/imaginar-otro-futuro-democratizar-la-vida\/"},"author":{"name":"El Sol","@id":"https:\/\/elsol.ps.org.uy\/#\/schema\/person\/9642a61f31473fe97857228bf33277f6"},"headline":"Imaginar otro futuro, democratizar la vida","datePublished":"2023-07-28T15:08:25+00:00","dateModified":"2024-02-28T17:31:30+00:00","mainEntityOfPage":{"@id":"https:\/\/elsol.ps.org.uy\/index.php\/2023\/07\/28\/imaginar-otro-futuro-democratizar-la-vida\/"},"wordCount":772,"image":{"@id":"https:\/\/elsol.ps.org.uy\/index.php\/2023\/07\/28\/imaginar-otro-futuro-democratizar-la-vida\/#primaryimage"},"thumbnailUrl":"https:\/\/elsol.ps.org.uy\/wp-content\/uploads\/2023\/07\/Imaginar-otro-futuro-democratizar-la-vida.jpeg","articleSection":["Destacadas","Editorial","El Sol","El Sol \u2013 N\u00ba 34 \u2013 Julio 2023","Gonzalo Civila","Nacional"],"inLanguage":"es"},{"@type":"WebPage","@id":"https:\/\/elsol.ps.org.uy\/index.php\/2023\/07\/28\/imaginar-otro-futuro-democratizar-la-vida\/","url":"https:\/\/elsol.ps.org.uy\/index.php\/2023\/07\/28\/imaginar-otro-futuro-democratizar-la-vida\/","name":"Imaginar otro futuro, democratizar la vida - El Sol","isPartOf":{"@id":"https:\/\/elsol.ps.org.uy\/#website"},"primaryImageOfPage":{"@id":"https:\/\/elsol.ps.org.uy\/index.php\/2023\/07\/28\/imaginar-otro-futuro-democratizar-la-vida\/#primaryimage"},"image":{"@id":"https:\/\/elsol.ps.org.uy\/index.php\/2023\/07\/28\/imaginar-otro-futuro-democratizar-la-vida\/#primaryimage"},"thumbnailUrl":"https:\/\/elsol.ps.org.uy\/wp-content\/uploads\/2023\/07\/Imaginar-otro-futuro-democratizar-la-vida.jpeg","datePublished":"2023-07-28T15:08:25+00:00","dateModified":"2024-02-28T17:31:30+00:00","author":{"@id":"https:\/\/elsol.ps.org.uy\/#\/schema\/person\/9642a61f31473fe97857228bf33277f6"},"breadcrumb":{"@id":"https:\/\/elsol.ps.org.uy\/index.php\/2023\/07\/28\/imaginar-otro-futuro-democratizar-la-vida\/#breadcrumb"},"inLanguage":"es","potentialAction":[{"@type":"ReadAction","target":["https:\/\/elsol.ps.org.uy\/index.php\/2023\/07\/28\/imaginar-otro-futuro-democratizar-la-vida\/"]}]},{"@type":"ImageObject","inLanguage":"es","@id":"https:\/\/elsol.ps.org.uy\/index.php\/2023\/07\/28\/imaginar-otro-futuro-democratizar-la-vida\/#primaryimage","url":"https:\/\/elsol.ps.org.uy\/wp-content\/uploads\/2023\/07\/Imaginar-otro-futuro-democratizar-la-vida.jpeg","contentUrl":"https:\/\/elsol.ps.org.uy\/wp-content\/uploads\/2023\/07\/Imaginar-otro-futuro-democratizar-la-vida.jpeg","width":735,"height":400},{"@type":"BreadcrumbList","@id":"https:\/\/elsol.ps.org.uy\/index.php\/2023\/07\/28\/imaginar-otro-futuro-democratizar-la-vida\/#breadcrumb","itemListElement":[{"@type":"ListItem","position":1,"name":"Portada","item":"https:\/\/elsol.ps.org.uy\/"},{"@type":"ListItem","position":2,"name":"Imaginar otro futuro, democratizar la vida"}]},{"@type":"WebSite","@id":"https:\/\/elsol.ps.org.uy\/#website","url":"https:\/\/elsol.ps.org.uy\/","name":"El Sol","description":"Organo del Partido Socialista - Frente Amplio","potentialAction":[{"@type":"SearchAction","target":{"@type":"EntryPoint","urlTemplate":"https:\/\/elsol.ps.org.uy\/?s={search_term_string}"},"query-input":{"@type":"PropertyValueSpecification","valueRequired":true,"valueName":"search_term_string"}}],"inLanguage":"es"},{"@type":"Person","@id":"https:\/\/elsol.ps.org.uy\/#\/schema\/person\/9642a61f31473fe97857228bf33277f6","name":"El Sol","image":{"@type":"ImageObject","inLanguage":"es","@id":"https:\/\/secure.gravatar.com\/avatar\/e14a39081cff84ca4b5657918d3e15ebebf0ca4cee0bb3b81200271ee78d4b9c?s=96&d=mm&r=g","url":"https:\/\/secure.gravatar.com\/avatar\/e14a39081cff84ca4b5657918d3e15ebebf0ca4cee0bb3b81200271ee78d4b9c?s=96&d=mm&r=g","contentUrl":"https:\/\/secure.gravatar.com\/avatar\/e14a39081cff84ca4b5657918d3e15ebebf0ca4cee0bb3b81200271ee78d4b9c?s=96&d=mm&r=g","caption":"El Sol"},"url":"https:\/\/elsol.ps.org.uy\/index.php\/author\/eugenia\/"}]}},"jetpack_featured_media_url":"https:\/\/elsol.ps.org.uy\/wp-content\/uploads\/2023\/07\/Imaginar-otro-futuro-democratizar-la-vida.jpeg","_links":{"self":[{"href":"https:\/\/elsol.ps.org.uy\/index.php\/wp-json\/wp\/v2\/posts\/12998","targetHints":{"allow":["GET"]}}],"collection":[{"href":"https:\/\/elsol.ps.org.uy\/index.php\/wp-json\/wp\/v2\/posts"}],"about":[{"href":"https:\/\/elsol.ps.org.uy\/index.php\/wp-json\/wp\/v2\/types\/post"}],"author":[{"embeddable":true,"href":"https:\/\/elsol.ps.org.uy\/index.php\/wp-json\/wp\/v2\/users\/2"}],"replies":[{"embeddable":true,"href":"https:\/\/elsol.ps.org.uy\/index.php\/wp-json\/wp\/v2\/comments?post=12998"}],"version-history":[{"count":1,"href":"https:\/\/elsol.ps.org.uy\/index.php\/wp-json\/wp\/v2\/posts\/12998\/revisions"}],"predecessor-version":[{"id":13584,"href":"https:\/\/elsol.ps.org.uy\/index.php\/wp-json\/wp\/v2\/posts\/12998\/revisions\/13584"}],"wp:featuredmedia":[{"embeddable":true,"href":"https:\/\/elsol.ps.org.uy\/index.php\/wp-json\/wp\/v2\/media\/13583"}],"wp:attachment":[{"href":"https:\/\/elsol.ps.org.uy\/index.php\/wp-json\/wp\/v2\/media?parent=12998"}],"wp:term":[{"taxonomy":"category","embeddable":true,"href":"https:\/\/elsol.ps.org.uy\/index.php\/wp-json\/wp\/v2\/categories?post=12998"},{"taxonomy":"post_tag","embeddable":true,"href":"https:\/\/elsol.ps.org.uy\/index.php\/wp-json\/wp\/v2\/tags?post=12998"}],"curies":[{"name":"wp","href":"https:\/\/api.w.org\/{rel}","templated":true}]}}