{"id":13099,"date":"2023-09-07T11:53:42","date_gmt":"2023-09-07T14:53:42","guid":{"rendered":"https:\/\/ps.org.uy\/?p=13099"},"modified":"2024-02-28T15:41:53","modified_gmt":"2024-02-28T15:41:53","slug":"las-jubilaciones-otra-perla-del-modelo-de-la-desigualdad","status":"publish","type":"post","link":"https:\/\/elsol.ps.org.uy\/index.php\/2023\/09\/07\/las-jubilaciones-otra-perla-del-modelo-de-la-desigualdad\/","title":{"rendered":"Las jubilaciones otra perla del modelo de la desigualdad"},"content":{"rendered":"<p>&nbsp;<\/p>\n<p style=\"text-align: right;\"><em>Escribe Daniel Olesker<\/em><\/p>\n<p>I) EL CONTEXTO<\/p>\n<p>Llegamos a marzo de 2020 cuando asume este gobierno, con un proceso previo en el que desde 2005 y hasta 2020, todas las pasividades aumentaron -salvo 2020 muy levemente por debajo- por encima de los precios, llegando a un orden de 65% de aumento en su valor real.<\/p>\n<p>Por otro lado, adem\u00e1s de los aumentos generales, se arranc\u00f3 con un adicional a las jubilaciones m\u00ednimas y luego, desde 2007, en julio de cada a\u00f1o se otorgaron incrementos adicionales a las dichas m\u00ednimas -por ende igualmente a las pensiones de personas pobres mayores de 65 a\u00f1os y pensiones por discapacidad-, lo que gener\u00f3 que estas aumentaron al triple de su valor real, al final de los 15 a\u00f1os.<\/p>\n<p>Es de hacer notar que, por razones jur\u00eddicas, dichos aumentos fueron denominados adelantos a cuenta como en este gobierno.<\/p>\n<p>Pero\u2026la diferencia sustantiva es que nunca se descontaron, repito nunca se descontaron del aumento siguiente del mes de enero.<\/p>\n<p>El cuadro 1 nos muestra las jubilaciones m\u00ednimas.<\/p>\n<p><span class=\"Apple-converted-space\"><img loading=\"lazy\" decoding=\"async\" class=\"alignnone size-medium wp-image-13106\" src=\"https:\/\/ps.org.uy\/wp-content\/uploads\/2023\/09\/Captura-de-pantalla-2023-08-28-a-las-5.01.22-p.-m-300x198.png\" alt=\"\" width=\"300\" height=\"198\" \/>\u00a0<\/span><\/p>\n<p>Otra manera de medir la evoluci\u00f3n de las jubilaciones es comparar con el precio de algunos productos. Eso lo hace el cuadro 2.<\/p>\n<p><img loading=\"lazy\" decoding=\"async\" class=\"alignnone size-medium wp-image-13105\" src=\"https:\/\/ps.org.uy\/wp-content\/uploads\/2023\/09\/Captura-de-pantalla-2023-08-28-a-las-5.01.34-p.-m-300x137.png\" alt=\"\" width=\"300\" height=\"137\" \/><\/p>\n<p>Para una jubilaci\u00f3n de 25 mil pesos l\u00edquidos en enero de 2020, se compara su poder de compra entre 2011 y 2020. Antes de 2011 el INE no publicaba los precios de los productos con igual metodolog\u00eda, por lo que la comparaci\u00f3n es mejor hacerla con dicho a\u00f1o y los resultados se muestran en el cuadro.<\/p>\n<p>El resultado salta a la vista: en todos los productos hay una ganancia de consumo y en uno s\u00f3lo de los elegidos hay estancamiento. Est\u00e1 claro que las jubilaciones en su mayor\u00eda y las m\u00ednimas en particular siguen siendo bajas y es necesario seguir en el proceso de mejora descripto. Sin embargo este gobierno, lejos de continuar esta tendencia, como veremos m\u00e1s adelante, las ha reducido.<\/p>\n<p>II) LAS JUBILACIONES EN ESTE GOBIERNO.<\/p>\n<p>Hemos dicho en otras notas que el coraz\u00f3n de la pol\u00edtica p\u00fablica de este gobierno es la concentraci\u00f3n de la riqueza y que \u00e9sta tiene su sustento principal\u00edsimo en la pol\u00edtica salarial.Por ello en estos a\u00f1os el salario real ha ca\u00eddo y como consecuencia han ca\u00eddo las jubilaciones medias. Hay varias maneras de mostrar este impacto sobre las jubilaciones. En esta nota mostrar\u00e9 6 de ellas.<\/p>\n<p><span class=\"Apple-converted-space\">\u00a0<\/span>1) Las jubilaciones en los 3 a\u00f1os.<\/p>\n<p>Primero miremos la evoluci\u00f3n en estos tres a\u00f1os de su monto anual.<\/p>\n<p>El cuadro 3 nos muestra esta evoluci\u00f3n<\/p>\n<p><img loading=\"lazy\" decoding=\"async\" class=\"alignnone size-medium wp-image-13104\" src=\"https:\/\/ps.org.uy\/wp-content\/uploads\/2023\/09\/Captura-de-pantalla-2023-08-28-a-las-5.01.53-p.-m-300x99.png\" alt=\"\" width=\"300\" height=\"99\" \/><\/p>\n<p>Como vemos all\u00ed, la jubilaci\u00f3n en su valor real cay\u00f3 en enero de 2021, volvi\u00f3 a caer en enero de 2022 y recuper\u00f3 algo en enero de 2023, pero a\u00fan a esa fecha est\u00e1 un orden de 2% por debajo de enero de 2020.<\/p>\n<p>2) El poder de compra respecto de algunos productos de alto consumo.<\/p>\n<p>El cuadro 4 nos trae esta comparaci\u00f3n y vemos que, a diferencia de los a\u00f1os previos a 2020, el poder de compra cae en todos los productos.<\/p>\n<p><span class=\"Apple-converted-space\"> <img loading=\"lazy\" decoding=\"async\" class=\"alignnone size-medium wp-image-13103\" src=\"https:\/\/ps.org.uy\/wp-content\/uploads\/2023\/09\/Captura-de-pantalla-2023-08-28-a-las-5.02.00-p.-m-300x129.png\" alt=\"\" width=\"300\" height=\"129\" \/><\/span><\/p>\n<p>3) La Jubilaci\u00f3n m\u00ednima<\/p>\n<p>Respecto a la jubilaci\u00f3n m\u00ednima el gobierno, igual que en todas sus pol\u00edticas laborales impuso una nueva moda: la de descontar los adelantos.<\/p>\n<p>En julio de 2021, decret\u00f3 un adelanto a cuenta del ajuste correspondiente para las jubilaciones y pensiones m\u00ednimas a descontar del ajuste general de todas las pasividades de enero de 2022. E hizo lo mismo en julio de 2022 dando un adelanto a cuenta del 3% general (en este caso para todas las pasividades en julio de 2022) a descontar en enero de 2023. El resultado es muy claro y lo muestra el cuadro 5. La jubilaci\u00f3n m\u00ednima de enero de 2023, tiene el mismo valor en poder de compra que la de enero de 2020. Es decir se cort\u00f3 la racha de mejora en las jubilaciones m\u00ednimas y, a pesar de que la econom\u00eda creci\u00f3 3,5% en tres a\u00f1os, las jubilaciones generales cayeron y la m\u00ednima est\u00e1 estancada.<\/p>\n<p><span class=\"Apple-converted-space\"><img loading=\"lazy\" decoding=\"async\" class=\"alignnone size-medium wp-image-13102\" src=\"https:\/\/ps.org.uy\/wp-content\/uploads\/2023\/09\/Captura-de-pantalla-2023-08-28-a-las-5.02.06-p.-m-300x72.png\" alt=\"\" width=\"300\" height=\"72\" \/>\u00a0<\/span><\/p>\n<p>4) La plata que perdieron los jubilados en 3 a\u00f1os.<\/p>\n<p>Tres a\u00f1os de esta pol\u00edtica salarial y de jubilaciones no pasan en vano.<\/p>\n<p>Un jubilado que ganaba 25 mil pesos l\u00edquidos en enero de 2020, a lo largo de estos tres a\u00f1os perdi\u00f3 dinero. Para ello comparamos la jubilaci\u00f3n que cobr\u00f3 en los 12 meses de 2021, 2022 y 2023 y la que hubiera cobrado en esos 36 meses, si su jubilaci\u00f3n se hubiera ajustado por inflaci\u00f3n (incluyendo en la comparaci\u00f3n claro est\u00e1 el adelanto del 3% de julio de 2022).<\/p>\n<p>La p\u00e9rdida de ingresos lo muestra el cuadro 6.<\/p>\n<p><span class=\"Apple-converted-space\"> <img loading=\"lazy\" decoding=\"async\" class=\"alignnone size-medium wp-image-13101\" src=\"https:\/\/ps.org.uy\/wp-content\/uploads\/2023\/09\/Captura-de-pantalla-2023-08-28-a-las-5.02.11-p.-m-300x110.png\" alt=\"\" width=\"300\" height=\"110\" \/><\/span><\/p>\n<p>Esto nos muestra que los jubilados perdieron casi un mes de su jubilaci\u00f3n como resultado de haber ajustado sus pasividades por debajo de la inflaci\u00f3n en 2021 y 2022.<\/p>\n<p>5) Las transferencias de todos los jubilados<\/p>\n<p>Si lo miramos para los pasivos en su conjunto vemos otra manera de mirar el problema que es calcular cu\u00e1nto dejaron de percibir las pasividades, respecto a lo que hubieran recibido si la participaci\u00f3n de ellas en el PBI fuera en 2022, la misma que en 2019.<\/p>\n<p>El cuadro 7 nos da esta informaci\u00f3n para el a\u00f1o 2022 y muestra que el gobierno dej\u00f3 de pagar pasividades en 2022 por 427 millones de d\u00f3lares simplemente por el hecho de que las pasividades representan 8,9 del PBI y no 9,5 como en 2019.<\/p>\n<p><img loading=\"lazy\" decoding=\"async\" class=\"alignnone size-medium wp-image-13100\" src=\"https:\/\/ps.org.uy\/wp-content\/uploads\/2023\/09\/Captura-de-pantalla-2023-08-28-a-las-5.02.17-p.-m-300x204.png\" alt=\"\" width=\"300\" height=\"204\" \/><\/p>\n<p>6) La pol\u00edtica tributaria sobre las jubilaciones y pensiones,<\/p>\n<p>Quiero agregar al final un comentario sobre las medidas tributarias que el gobierno ha llevado adelante sobre los jubilados. En las modificaciones tributarias realizadas el a\u00f1o pasado, el gobierno aument\u00f3 el m\u00ednimo no imponible del IASS, impuesto que pagan tan s\u00f3lo 1 de cada 4 jubilados, los que pertenecen a las jubilaciones m\u00e1s altas. Ahora se propone seguir bajando este impuesto. Para ponerlo en n\u00fameros digamos que aquella baja del IASS hecha en 2023 cost\u00f3 unos 30 millones de d\u00f3lares, y la medida ahora propuesta para 2024 y 2025 tendr\u00e1 un costo de 22 millones acumulativos en cada uno de los dos a\u00f1os. Es decir, dicho de manera simple, la baja del IASS va a terminar costando unos 74 millones de d\u00f3lares anuales a partir de 2025.<span class=\"Apple-converted-space\">\u00a0<\/span><\/p>\n<p>Tengamos en cuenta que en el a\u00f1o 2022 el gobierno se ahorr\u00f3 un orden de 100 millones de d\u00f3lares por la ca\u00edda en el valor real de las pasividades que se proces\u00f3 ese a\u00f1o, es decir por ajustarlas por debajo de la inflaci\u00f3n. O sea, todos los jubilados y pensionistas recibieron un orden de 100 millones de d\u00f3lares menos de los que hubieran tenido que percibir para mantener el mismo poder de compra que el a\u00f1o anterior. Recordemos que en 2021 tambi\u00e9n cayeron las jubilaciones todo lo cual agrava el comentario que hacemos.<\/p>\n<p>O sea que las sucesivas reducciones del IASS, se financiar\u00e1n con la reducci\u00f3n de la mayor\u00eda de las jubilaciones, con lo cual estamos en una nueva muestra del modelo de la desigualdad en la que se consolidar\u00e1 una redistribuci\u00f3n de recursos desde el 75% de las jubilaciones y pensiones de menores ingresos hacia el 25% de mayores ingresos. <span class=\"Apple-converted-space\">\u00a0<\/span><\/p>\n<p>En s\u00edntesis, mientras la econom\u00eda en tres a\u00f1os creci\u00f3, los jubilados y pensionistas perdieron capacidad de compra y en el caso de las m\u00ednimas apenas empataron. Adem\u00e1s lo que perdieron en el camino nunca lo recuperar\u00e1n.<\/p>\n<p>Esa es la pol\u00edtica de este gobierno: el modelo de la desigualdad.<\/p>\n","protected":false},"excerpt":{"rendered":"&nbsp; Escribe Daniel Olesker I) EL CONTEXTO Llegamos a marzo de 2020 cuando asume este gobierno, con un proceso previo en el que \n<a class=\"moretag\" href=\"https:\/\/elsol.ps.org.uy\/index.php\/2023\/09\/07\/las-jubilaciones-otra-perla-del-modelo-de-la-desigualdad\/\"> [...]<\/a>","protected":false},"author":2,"featured_media":13546,"comment_status":"closed","ping_status":"closed","sticky":false,"template":"","format":"standard","meta":{"footnotes":""},"categories":[63,30,36,51,1],"tags":[],"class_list":["post-13099","post","type-post","status-publish","format-standard","has-post-thumbnail","hentry","category-daniel-olesker","category-destacadas","category-el-sol","category-el-sol-no-35-setiembre-2023","category-nacional"],"yoast_head":"<!-- This site is optimized with the Yoast SEO plugin v27.5 - https:\/\/yoast.com\/product\/yoast-seo-wordpress\/ -->\n<title>Las jubilaciones otra perla del modelo de la desigualdad - El Sol<\/title>\n<meta name=\"robots\" content=\"index, follow, max-snippet:-1, max-image-preview:large, max-video-preview:-1\" \/>\n<link rel=\"canonical\" href=\"https:\/\/elsol.ps.org.uy\/index.php\/2023\/09\/07\/las-jubilaciones-otra-perla-del-modelo-de-la-desigualdad\/\" \/>\n<meta property=\"og:locale\" content=\"es_ES\" \/>\n<meta property=\"og:type\" content=\"article\" \/>\n<meta property=\"og:title\" content=\"Las jubilaciones otra perla del modelo de la desigualdad - El Sol\" \/>\n<meta property=\"og:description\" content=\"&nbsp; Escribe Daniel Olesker I) EL CONTEXTO Llegamos a marzo de 2020 cuando asume este gobierno, con un proceso previo en el que\" \/>\n<meta property=\"og:url\" content=\"https:\/\/elsol.ps.org.uy\/index.php\/2023\/09\/07\/las-jubilaciones-otra-perla-del-modelo-de-la-desigualdad\/\" \/>\n<meta property=\"og:site_name\" content=\"El Sol\" \/>\n<meta property=\"article:published_time\" content=\"2023-09-07T14:53:42+00:00\" \/>\n<meta property=\"article:modified_time\" content=\"2024-02-28T15:41:53+00:00\" \/>\n<meta property=\"og:image\" content=\"https:\/\/elsol.ps.org.uy\/wp-content\/uploads\/2023\/09\/Las-jubilaciones-otra-perla-del-modelo-de-la-desigualdad.jpeg\" \/>\n\t<meta property=\"og:image:width\" content=\"500\" \/>\n\t<meta property=\"og:image:height\" content=\"333\" \/>\n\t<meta property=\"og:image:type\" content=\"image\/jpeg\" \/>\n<meta name=\"author\" content=\"El Sol\" \/>\n<meta name=\"twitter:card\" content=\"summary_large_image\" \/>\n<meta name=\"twitter:label1\" content=\"Escrito por\" \/>\n\t<meta name=\"twitter:data1\" content=\"El Sol\" \/>\n\t<meta name=\"twitter:label2\" content=\"Tiempo de lectura\" \/>\n\t<meta name=\"twitter:data2\" content=\"8 minutos\" \/>\n<script type=\"application\/ld+json\" class=\"yoast-schema-graph\">{\"@context\":\"https:\\\/\\\/schema.org\",\"@graph\":[{\"@type\":\"Article\",\"@id\":\"https:\\\/\\\/elsol.ps.org.uy\\\/index.php\\\/2023\\\/09\\\/07\\\/las-jubilaciones-otra-perla-del-modelo-de-la-desigualdad\\\/#article\",\"isPartOf\":{\"@id\":\"https:\\\/\\\/elsol.ps.org.uy\\\/index.php\\\/2023\\\/09\\\/07\\\/las-jubilaciones-otra-perla-del-modelo-de-la-desigualdad\\\/\"},\"author\":{\"name\":\"El Sol\",\"@id\":\"https:\\\/\\\/elsol.ps.org.uy\\\/#\\\/schema\\\/person\\\/9642a61f31473fe97857228bf33277f6\"},\"headline\":\"Las jubilaciones otra perla del modelo de la desigualdad\",\"datePublished\":\"2023-09-07T14:53:42+00:00\",\"dateModified\":\"2024-02-28T15:41:53+00:00\",\"mainEntityOfPage\":{\"@id\":\"https:\\\/\\\/elsol.ps.org.uy\\\/index.php\\\/2023\\\/09\\\/07\\\/las-jubilaciones-otra-perla-del-modelo-de-la-desigualdad\\\/\"},\"wordCount\":1240,\"image\":{\"@id\":\"https:\\\/\\\/elsol.ps.org.uy\\\/index.php\\\/2023\\\/09\\\/07\\\/las-jubilaciones-otra-perla-del-modelo-de-la-desigualdad\\\/#primaryimage\"},\"thumbnailUrl\":\"https:\\\/\\\/elsol.ps.org.uy\\\/wp-content\\\/uploads\\\/2023\\\/09\\\/Las-jubilaciones-otra-perla-del-modelo-de-la-desigualdad.jpeg\",\"articleSection\":[\"Daniel Olesker\",\"Destacadas\",\"El Sol\",\"El Sol \u2013 N\u00ba 35 \u2013 Setiembre 2023\",\"Nacional\"],\"inLanguage\":\"es\"},{\"@type\":\"WebPage\",\"@id\":\"https:\\\/\\\/elsol.ps.org.uy\\\/index.php\\\/2023\\\/09\\\/07\\\/las-jubilaciones-otra-perla-del-modelo-de-la-desigualdad\\\/\",\"url\":\"https:\\\/\\\/elsol.ps.org.uy\\\/index.php\\\/2023\\\/09\\\/07\\\/las-jubilaciones-otra-perla-del-modelo-de-la-desigualdad\\\/\",\"name\":\"Las jubilaciones otra perla del modelo de la desigualdad - El Sol\",\"isPartOf\":{\"@id\":\"https:\\\/\\\/elsol.ps.org.uy\\\/#website\"},\"primaryImageOfPage\":{\"@id\":\"https:\\\/\\\/elsol.ps.org.uy\\\/index.php\\\/2023\\\/09\\\/07\\\/las-jubilaciones-otra-perla-del-modelo-de-la-desigualdad\\\/#primaryimage\"},\"image\":{\"@id\":\"https:\\\/\\\/elsol.ps.org.uy\\\/index.php\\\/2023\\\/09\\\/07\\\/las-jubilaciones-otra-perla-del-modelo-de-la-desigualdad\\\/#primaryimage\"},\"thumbnailUrl\":\"https:\\\/\\\/elsol.ps.org.uy\\\/wp-content\\\/uploads\\\/2023\\\/09\\\/Las-jubilaciones-otra-perla-del-modelo-de-la-desigualdad.jpeg\",\"datePublished\":\"2023-09-07T14:53:42+00:00\",\"dateModified\":\"2024-02-28T15:41:53+00:00\",\"author\":{\"@id\":\"https:\\\/\\\/elsol.ps.org.uy\\\/#\\\/schema\\\/person\\\/9642a61f31473fe97857228bf33277f6\"},\"breadcrumb\":{\"@id\":\"https:\\\/\\\/elsol.ps.org.uy\\\/index.php\\\/2023\\\/09\\\/07\\\/las-jubilaciones-otra-perla-del-modelo-de-la-desigualdad\\\/#breadcrumb\"},\"inLanguage\":\"es\",\"potentialAction\":[{\"@type\":\"ReadAction\",\"target\":[\"https:\\\/\\\/elsol.ps.org.uy\\\/index.php\\\/2023\\\/09\\\/07\\\/las-jubilaciones-otra-perla-del-modelo-de-la-desigualdad\\\/\"]}]},{\"@type\":\"ImageObject\",\"inLanguage\":\"es\",\"@id\":\"https:\\\/\\\/elsol.ps.org.uy\\\/index.php\\\/2023\\\/09\\\/07\\\/las-jubilaciones-otra-perla-del-modelo-de-la-desigualdad\\\/#primaryimage\",\"url\":\"https:\\\/\\\/elsol.ps.org.uy\\\/wp-content\\\/uploads\\\/2023\\\/09\\\/Las-jubilaciones-otra-perla-del-modelo-de-la-desigualdad.jpeg\",\"contentUrl\":\"https:\\\/\\\/elsol.ps.org.uy\\\/wp-content\\\/uploads\\\/2023\\\/09\\\/Las-jubilaciones-otra-perla-del-modelo-de-la-desigualdad.jpeg\",\"width\":500,\"height\":333},{\"@type\":\"BreadcrumbList\",\"@id\":\"https:\\\/\\\/elsol.ps.org.uy\\\/index.php\\\/2023\\\/09\\\/07\\\/las-jubilaciones-otra-perla-del-modelo-de-la-desigualdad\\\/#breadcrumb\",\"itemListElement\":[{\"@type\":\"ListItem\",\"position\":1,\"name\":\"Portada\",\"item\":\"https:\\\/\\\/elsol.ps.org.uy\\\/\"},{\"@type\":\"ListItem\",\"position\":2,\"name\":\"Las jubilaciones otra perla del modelo de la desigualdad\"}]},{\"@type\":\"WebSite\",\"@id\":\"https:\\\/\\\/elsol.ps.org.uy\\\/#website\",\"url\":\"https:\\\/\\\/elsol.ps.org.uy\\\/\",\"name\":\"El Sol\",\"description\":\"Organo del Partido Socialista - Frente Amplio\",\"potentialAction\":[{\"@type\":\"SearchAction\",\"target\":{\"@type\":\"EntryPoint\",\"urlTemplate\":\"https:\\\/\\\/elsol.ps.org.uy\\\/?s={search_term_string}\"},\"query-input\":{\"@type\":\"PropertyValueSpecification\",\"valueRequired\":true,\"valueName\":\"search_term_string\"}}],\"inLanguage\":\"es\"},{\"@type\":\"Person\",\"@id\":\"https:\\\/\\\/elsol.ps.org.uy\\\/#\\\/schema\\\/person\\\/9642a61f31473fe97857228bf33277f6\",\"name\":\"El Sol\",\"image\":{\"@type\":\"ImageObject\",\"inLanguage\":\"es\",\"@id\":\"https:\\\/\\\/secure.gravatar.com\\\/avatar\\\/e14a39081cff84ca4b5657918d3e15ebebf0ca4cee0bb3b81200271ee78d4b9c?s=96&d=mm&r=g\",\"url\":\"https:\\\/\\\/secure.gravatar.com\\\/avatar\\\/e14a39081cff84ca4b5657918d3e15ebebf0ca4cee0bb3b81200271ee78d4b9c?s=96&d=mm&r=g\",\"contentUrl\":\"https:\\\/\\\/secure.gravatar.com\\\/avatar\\\/e14a39081cff84ca4b5657918d3e15ebebf0ca4cee0bb3b81200271ee78d4b9c?s=96&d=mm&r=g\",\"caption\":\"El Sol\"},\"url\":\"https:\\\/\\\/elsol.ps.org.uy\\\/index.php\\\/author\\\/eugenia\\\/\"}]}<\/script>\n<!-- \/ Yoast SEO plugin. -->","yoast_head_json":{"title":"Las jubilaciones otra perla del modelo de la desigualdad - El Sol","robots":{"index":"index","follow":"follow","max-snippet":"max-snippet:-1","max-image-preview":"max-image-preview:large","max-video-preview":"max-video-preview:-1"},"canonical":"https:\/\/elsol.ps.org.uy\/index.php\/2023\/09\/07\/las-jubilaciones-otra-perla-del-modelo-de-la-desigualdad\/","og_locale":"es_ES","og_type":"article","og_title":"Las jubilaciones otra perla del modelo de la desigualdad - El Sol","og_description":"&nbsp; Escribe Daniel Olesker I) EL CONTEXTO Llegamos a marzo de 2020 cuando asume este gobierno, con un proceso previo en el que","og_url":"https:\/\/elsol.ps.org.uy\/index.php\/2023\/09\/07\/las-jubilaciones-otra-perla-del-modelo-de-la-desigualdad\/","og_site_name":"El Sol","article_published_time":"2023-09-07T14:53:42+00:00","article_modified_time":"2024-02-28T15:41:53+00:00","og_image":[{"width":500,"height":333,"url":"https:\/\/elsol.ps.org.uy\/wp-content\/uploads\/2023\/09\/Las-jubilaciones-otra-perla-del-modelo-de-la-desigualdad.jpeg","type":"image\/jpeg"}],"author":"El Sol","twitter_card":"summary_large_image","twitter_misc":{"Escrito por":"El Sol","Tiempo de lectura":"8 minutos"},"schema":{"@context":"https:\/\/schema.org","@graph":[{"@type":"Article","@id":"https:\/\/elsol.ps.org.uy\/index.php\/2023\/09\/07\/las-jubilaciones-otra-perla-del-modelo-de-la-desigualdad\/#article","isPartOf":{"@id":"https:\/\/elsol.ps.org.uy\/index.php\/2023\/09\/07\/las-jubilaciones-otra-perla-del-modelo-de-la-desigualdad\/"},"author":{"name":"El Sol","@id":"https:\/\/elsol.ps.org.uy\/#\/schema\/person\/9642a61f31473fe97857228bf33277f6"},"headline":"Las jubilaciones otra perla del modelo de la desigualdad","datePublished":"2023-09-07T14:53:42+00:00","dateModified":"2024-02-28T15:41:53+00:00","mainEntityOfPage":{"@id":"https:\/\/elsol.ps.org.uy\/index.php\/2023\/09\/07\/las-jubilaciones-otra-perla-del-modelo-de-la-desigualdad\/"},"wordCount":1240,"image":{"@id":"https:\/\/elsol.ps.org.uy\/index.php\/2023\/09\/07\/las-jubilaciones-otra-perla-del-modelo-de-la-desigualdad\/#primaryimage"},"thumbnailUrl":"https:\/\/elsol.ps.org.uy\/wp-content\/uploads\/2023\/09\/Las-jubilaciones-otra-perla-del-modelo-de-la-desigualdad.jpeg","articleSection":["Daniel Olesker","Destacadas","El Sol","El Sol \u2013 N\u00ba 35 \u2013 Setiembre 2023","Nacional"],"inLanguage":"es"},{"@type":"WebPage","@id":"https:\/\/elsol.ps.org.uy\/index.php\/2023\/09\/07\/las-jubilaciones-otra-perla-del-modelo-de-la-desigualdad\/","url":"https:\/\/elsol.ps.org.uy\/index.php\/2023\/09\/07\/las-jubilaciones-otra-perla-del-modelo-de-la-desigualdad\/","name":"Las jubilaciones otra perla del modelo de la desigualdad - El Sol","isPartOf":{"@id":"https:\/\/elsol.ps.org.uy\/#website"},"primaryImageOfPage":{"@id":"https:\/\/elsol.ps.org.uy\/index.php\/2023\/09\/07\/las-jubilaciones-otra-perla-del-modelo-de-la-desigualdad\/#primaryimage"},"image":{"@id":"https:\/\/elsol.ps.org.uy\/index.php\/2023\/09\/07\/las-jubilaciones-otra-perla-del-modelo-de-la-desigualdad\/#primaryimage"},"thumbnailUrl":"https:\/\/elsol.ps.org.uy\/wp-content\/uploads\/2023\/09\/Las-jubilaciones-otra-perla-del-modelo-de-la-desigualdad.jpeg","datePublished":"2023-09-07T14:53:42+00:00","dateModified":"2024-02-28T15:41:53+00:00","author":{"@id":"https:\/\/elsol.ps.org.uy\/#\/schema\/person\/9642a61f31473fe97857228bf33277f6"},"breadcrumb":{"@id":"https:\/\/elsol.ps.org.uy\/index.php\/2023\/09\/07\/las-jubilaciones-otra-perla-del-modelo-de-la-desigualdad\/#breadcrumb"},"inLanguage":"es","potentialAction":[{"@type":"ReadAction","target":["https:\/\/elsol.ps.org.uy\/index.php\/2023\/09\/07\/las-jubilaciones-otra-perla-del-modelo-de-la-desigualdad\/"]}]},{"@type":"ImageObject","inLanguage":"es","@id":"https:\/\/elsol.ps.org.uy\/index.php\/2023\/09\/07\/las-jubilaciones-otra-perla-del-modelo-de-la-desigualdad\/#primaryimage","url":"https:\/\/elsol.ps.org.uy\/wp-content\/uploads\/2023\/09\/Las-jubilaciones-otra-perla-del-modelo-de-la-desigualdad.jpeg","contentUrl":"https:\/\/elsol.ps.org.uy\/wp-content\/uploads\/2023\/09\/Las-jubilaciones-otra-perla-del-modelo-de-la-desigualdad.jpeg","width":500,"height":333},{"@type":"BreadcrumbList","@id":"https:\/\/elsol.ps.org.uy\/index.php\/2023\/09\/07\/las-jubilaciones-otra-perla-del-modelo-de-la-desigualdad\/#breadcrumb","itemListElement":[{"@type":"ListItem","position":1,"name":"Portada","item":"https:\/\/elsol.ps.org.uy\/"},{"@type":"ListItem","position":2,"name":"Las jubilaciones otra perla del modelo de la desigualdad"}]},{"@type":"WebSite","@id":"https:\/\/elsol.ps.org.uy\/#website","url":"https:\/\/elsol.ps.org.uy\/","name":"El Sol","description":"Organo del Partido Socialista - Frente Amplio","potentialAction":[{"@type":"SearchAction","target":{"@type":"EntryPoint","urlTemplate":"https:\/\/elsol.ps.org.uy\/?s={search_term_string}"},"query-input":{"@type":"PropertyValueSpecification","valueRequired":true,"valueName":"search_term_string"}}],"inLanguage":"es"},{"@type":"Person","@id":"https:\/\/elsol.ps.org.uy\/#\/schema\/person\/9642a61f31473fe97857228bf33277f6","name":"El Sol","image":{"@type":"ImageObject","inLanguage":"es","@id":"https:\/\/secure.gravatar.com\/avatar\/e14a39081cff84ca4b5657918d3e15ebebf0ca4cee0bb3b81200271ee78d4b9c?s=96&d=mm&r=g","url":"https:\/\/secure.gravatar.com\/avatar\/e14a39081cff84ca4b5657918d3e15ebebf0ca4cee0bb3b81200271ee78d4b9c?s=96&d=mm&r=g","contentUrl":"https:\/\/secure.gravatar.com\/avatar\/e14a39081cff84ca4b5657918d3e15ebebf0ca4cee0bb3b81200271ee78d4b9c?s=96&d=mm&r=g","caption":"El Sol"},"url":"https:\/\/elsol.ps.org.uy\/index.php\/author\/eugenia\/"}]}},"jetpack_featured_media_url":"https:\/\/elsol.ps.org.uy\/wp-content\/uploads\/2023\/09\/Las-jubilaciones-otra-perla-del-modelo-de-la-desigualdad.jpeg","_links":{"self":[{"href":"https:\/\/elsol.ps.org.uy\/index.php\/wp-json\/wp\/v2\/posts\/13099","targetHints":{"allow":["GET"]}}],"collection":[{"href":"https:\/\/elsol.ps.org.uy\/index.php\/wp-json\/wp\/v2\/posts"}],"about":[{"href":"https:\/\/elsol.ps.org.uy\/index.php\/wp-json\/wp\/v2\/types\/post"}],"author":[{"embeddable":true,"href":"https:\/\/elsol.ps.org.uy\/index.php\/wp-json\/wp\/v2\/users\/2"}],"replies":[{"embeddable":true,"href":"https:\/\/elsol.ps.org.uy\/index.php\/wp-json\/wp\/v2\/comments?post=13099"}],"version-history":[{"count":1,"href":"https:\/\/elsol.ps.org.uy\/index.php\/wp-json\/wp\/v2\/posts\/13099\/revisions"}],"predecessor-version":[{"id":13547,"href":"https:\/\/elsol.ps.org.uy\/index.php\/wp-json\/wp\/v2\/posts\/13099\/revisions\/13547"}],"wp:featuredmedia":[{"embeddable":true,"href":"https:\/\/elsol.ps.org.uy\/index.php\/wp-json\/wp\/v2\/media\/13546"}],"wp:attachment":[{"href":"https:\/\/elsol.ps.org.uy\/index.php\/wp-json\/wp\/v2\/media?parent=13099"}],"wp:term":[{"taxonomy":"category","embeddable":true,"href":"https:\/\/elsol.ps.org.uy\/index.php\/wp-json\/wp\/v2\/categories?post=13099"},{"taxonomy":"post_tag","embeddable":true,"href":"https:\/\/elsol.ps.org.uy\/index.php\/wp-json\/wp\/v2\/tags?post=13099"}],"curies":[{"name":"wp","href":"https:\/\/api.w.org\/{rel}","templated":true}]}}