{"id":13108,"date":"2023-09-13T12:11:29","date_gmt":"2023-09-13T15:11:29","guid":{"rendered":"https:\/\/ps.org.uy\/?p=13108"},"modified":"2024-02-28T16:25:22","modified_gmt":"2024-02-28T16:25:22","slug":"apuntes-de-las-recientes-elecciones-en-espana","status":"publish","type":"post","link":"https:\/\/elsol.ps.org.uy\/index.php\/2023\/09\/13\/apuntes-de-las-recientes-elecciones-en-espana\/","title":{"rendered":"Apuntes de las recientes elecciones en Espa\u00f1a"},"content":{"rendered":"<p style=\"text-align: right;\"><em>Escribe Shanti Benvenuto<\/em><\/p>\n<p>El d\u00eda 23 de julio en Espa\u00f1a se realizaron las elecciones generales anticipadas. Este recurso de elecciones anticipadas se fundamenta en los malos resultados obtenidos por el Partido Socialista Obrero Espa\u00f1ol (PSOE) y Sumar el 28 de mayo en sus elecciones auton\u00f3micas y municipales. En estas elecciones, los partidos ubicados a la derecha del espectro pol\u00edtico -Partido Popular (PP) y VOX- resultaron vencedores. Para comprender el posicionamiento pol\u00edtico de cada uno de ellos voy a nombrar alguna de las pol\u00edticas que pretend\u00edan ejecutar y c\u00f3mo se definen pol\u00edticamente.<\/p>\n<ul>\n<li>VOX<\/li>\n<\/ul>\n<p>Partido de ultraderecha o derecha tradicional, ultranacionalista y ultraconservador, defensor de la monarqu\u00eda y los \u201cvalores tradicionales\u201d. Su principal dirigente pol\u00edtico es Santiago Abascal cuya figura es motivo de controversia de forma frecuente debido a opiniones que tiene sobre la inmigraci\u00f3n, portaci\u00f3n de armas, igualdad de g\u00e9nero, nacionalismo y separatismo, derechos LGBTQ+, entre muchos otros.<br \/>\nEn el caso de la inmigraci\u00f3n, el partido sostiene que es necesario una regulaci\u00f3n m\u00e1s estricta en las fronteras de Espa\u00f1a que filtre la entrada de inmigrantes al pa\u00eds. Esto es respaldado con argumentos extremadamente xen\u00f3fobos y discriminatorios hacia la inmigraci\u00f3n, por ejemplo, repitiendo la idea de que los inmigrantes van a Espa\u00f1a a quitarle el trabajo a los ciudadanos espa\u00f1oles, y que la inmigraci\u00f3n es un peligro para la seguridad y la identidad nacional espa\u00f1ola.<br \/>\nEn temas de igualdad de g\u00e9nero y derechos del colectivo LGBTQ+, este partido tiene puntos de vista mis\u00f3ginos y conservadores. Esta posici\u00f3n abona la idea de que tanto las mujeres como los integrantes del colectivo LGBTQ+ en su b\u00fasqueda por la igualdad, generan discursos de odio hacia el g\u00e9nero masculino. Estos discursos sostenidos por VOX, contribuyen al entramado hetero-patriarcal y machista del status quo. Por otro lado, la posici\u00f3n sobre portaci\u00f3n de armas y su postura nost\u00e1lgica sobre la econom\u00eda, seguridad y<span class=\"Apple-converted-space\">\u00a0 <\/span>ambiente social que se vivi\u00f3 en el Franquismo. En t\u00e9rminos de portaci\u00f3n de armas, resulta peligroso habilitar este tipo de medidas desreguladoras que en pa\u00edses como EEUU han demostrado un aumento en la violencia y una amenaza hacia la sociedad. Ni que hablar del Franquismo y la reivindicaci\u00f3n de figuras que hist\u00f3ricamente han destrozado los estados democr\u00e1ticos.<br \/>\nCon respecto al nacionalismo y separatismo, este partido ha defendido una postura de fuerte nacionalismo espa\u00f1ol y han expresado su oposici\u00f3n a cualquier intento de separatismo o independencia de regiones como Catalu\u00f1a o el Pa\u00eds Vasco. Este enfoque en la unidad de Espa\u00f1a polariza el debate sobre el reconocimiento de las identidades culturales y ling\u00fc\u00edsticas de ciertas comunidades aut\u00f3nomas.<br \/>\nEn estas elecciones recolectaron el 9,9% de los votos con 33 esca\u00f1os o bancas en el parlamento.<\/p>\n<ul>\n<li>PP o Partido Popular<\/li>\n<\/ul>\n<p>Partido de derecha populista, derecha liberal, centro-derecha o derecha conservadora, nacionalista y liberal en t\u00e9rminos econ\u00f3micos. Actualmente sus dirigentes son Isabel D\u00edaz Ayuso, Pablo Casado y Alberto N\u00fa\u00f1ez Feij\u00f3o, candidato a presidente en estas elecciones. Cuenta con ex-presidentes como Mariano Rajoy y Jos\u00e9 Mar\u00eda Aznar, ambos investigados por el Caso G\u00fcrtel, uno de los mayores esc\u00e1ndalos de corrupci\u00f3n en Espa\u00f1a donde varios miembros del partido han sido investigados y algunos condenados por su implicaci\u00f3n en una trama de corrupci\u00f3n relacionada con contratos p\u00fablicos y financiaci\u00f3n ilegal del partido.<br \/>\nAparte del esc\u00e1ndalo que atraves\u00f3 el PP con respecto a su financiaci\u00f3n irregular y los casos de corrupci\u00f3n, se suma su alianza estrat\u00e9gica con VOX. Comparten varios puntos en com\u00fan como el nacionalismo, las opiniones sobre g\u00e9nero y derechos sociales -su oposici\u00f3n al aborto, su posici\u00f3n sobre la paridad, sobre los derechos laborales, inmigraci\u00f3n, ente otros- y las pol\u00edticas econ\u00f3micas liberales. El PP ha sido hist\u00f3ricamente un partido tradicional que mediante pol\u00edticas liberales ha creado un paradigma pol\u00edtico poco inclusivo y que colabora a la acumulaci\u00f3n de riqueza en los sectores de clase alta espa\u00f1ola.<br \/>\nEn estas elecciones recolectaron el 38,8% de los votos con 137 esca\u00f1os o bancas en el parlamento.<\/p>\n<ul>\n<li>SUMAR<\/li>\n<\/ul>\n<p>SUMAR es una coalici\u00f3n de izquierda que se form\u00f3 en estas elecciones presidenciales, su dirigente pol\u00edtica m\u00e1s reconocida es Yolanda D\u00edaz, abogada y pol\u00edtica espa\u00f1ola afiliada al Partido Comunista. Actualmente ejerce como ministra de trabajo y vicepresidenta segunda del gobierno espa\u00f1ol. Este partido pol\u00edtico se denomina a s\u00ed mismo como de Izquierda progresista, feminista, antiliberal y ecologista. Es una derivaci\u00f3n de la mala imagen p\u00fablica que ten\u00eda Unidas Podemos y algunos partidos de izquierda tradicional.<br \/>\nEste partido pol\u00edtico por su reciente existencia es dif\u00edcil poder definirlo completamente pero por las pol\u00edticas de los integrantes del mismo podemos observarlo como un partido de izquierda progresista que debido a los malos resultados primarios se vio en la necesidad reorganizar las filas de la izquierda espa\u00f1ola y aliarse con el PSOE para poder aglutinar la mayor cantidad de votos para el 23 de Julio. Como estrategia pol\u00edtica demostr\u00f3 ser eficaz para no generar mayor filtraci\u00f3n de votos por izquierda.<br \/>\nEn estas elecciones recolectaron el 8,6% de los votos con 31 esca\u00f1os o bancas en el parlamento.<\/p>\n<ul>\n<li>Partido Socialista Obrero Espa\u00f1ol<\/li>\n<\/ul>\n<p>El PSOE es uno de los partidos pol\u00edticos m\u00e1s antiguos, su ideolog\u00eda se ubica entre la izquierda y el progresismo.. El PSOE se define como un partido socialista, progresista y obrero, que defiende pol\u00edticas de izquierda y se compromete con la igualdad, la justicia social y los derechos laborales. Su objetivo fundamental es mejorar las condiciones de vida de las ciudadanas y los ciudadanos y promover un Estado de bienestar s\u00f3lido. Actualmente el partido se encuentra posicionado en una direcci\u00f3n socialdem\u00f3crata que busca avanzar hacia unas pol\u00edticas econ\u00f3micas m\u00e1s planificadas e \u00edntegras. El PSOE tiene como ejes principales las pol\u00edticas sociales, donde aboga por pol\u00edticas que protejan y promuevan el bienestar de las grandes mayor\u00edas, incluyendo el acceso a servicios p\u00fablicos de calidad en educaci\u00f3n, salud y asistencia social, mas derechos laborales, leyes sobre igualdad de g\u00e9nero y promoci\u00f3n de pol\u00edticas para eliminar la discriminaci\u00f3n y la violencia de g\u00e9nero. Asimismo, la protecci\u00f3n del medio ambiente y la protecci\u00f3n de los derechos humanos.<br \/>\nEl PSOE ha sido sumamente criticado por la presi\u00f3n fiscal que ejerci\u00f3 en materia tributaria y las regulaciones laborales que plantean aumentando de forma desmesurada el d\u00e9ficit.<br \/>\nSus dirigentes pol\u00edticos son Felipe Gonz\u00e1lez quien fue presidente de Espa\u00f1a en 4 legislaturas consecutivas y lider\u00f3 un proyecto democratico transformador. Actualmente sus dirigentes m\u00e1s reconocidos son Pedro Sanchez, presidente de Espa\u00f1a y participe en el proceso de transformaci\u00f3n social que est\u00e1 procesando hoy en d\u00eda el pa\u00eds. A este se suma Adriana Lastra, quien es una de las principales dirigentes del partido y portavoz del grupo parlamentario socialista en el Congreso de los Diputados.<\/p>\n<p>En estas elecciones tuvieron el 34,5% de los votos y lograron 121 esca\u00f1os o bancas en el parlamento.<\/p>\n<p>La cantidad de esca\u00f1os o bancas disponibles en el parlamento espa\u00f1ol son 350, la alianza VOX-PP tiene 170 esca\u00f1os, mientras que PSOE-SUMAR tiene 152 esca\u00f1os. Tras las elecciones, el Congreso de los Diputados se constituye y los diputados electos toman posesi\u00f3n de sus esca\u00f1os. El partido o coalici\u00f3n que obtiene la mayor\u00eda de esca\u00f1os, es decir al menos 176 de los 350 esca\u00f1os tiene m\u00e1s posibilidades de liderar la formaci\u00f3n del gobierno.<span class=\"Apple-converted-space\">\u00a0 <\/span>Para poder formar gobierno, el candidato a presidente presenta su programa pol\u00edtico al congreso y solicita el voto de confianza de la mayor\u00eda de los diputados. Para esto necesita tener la mayor\u00eda de 176 votos. En el caso de Pedro Sanchez o Feijoo es necesario que generen alianzas para formar mayor\u00eda y as\u00ed poder gobernar.<\/p>\n<p>Por otro lado, hace unos d\u00edas nos enteramos que el Rey Felipe conservando la tradici\u00f3n de que se presente primero la lista m\u00e1s votada en las elecciones, propuso al l\u00edder del PP, Alberto N\u00fa\u00f1ez Feij\u00f3o a la investidura. Como sabemos, el l\u00edder del PP no cuenta con los votos necesarios para consolidarse, por lo tanto, quedan m\u00e1s episodios por verse en la pugna electoral espa\u00f1ola.<\/p>\n<p>Desde otra perspectiva, las elecciones del 23 de Julio en Espa\u00f1a y otros eventos pol\u00edticos recientes han generado una serie de reflexiones en la izquierda. Entre ellas, la observaci\u00f3n de un avance significativo de partidos pol\u00edticos de orientaci\u00f3n neoliberal o de derecha en diferentes pa\u00edses del mundo. La irrupci\u00f3n de figuras como Giorgia Meloni -quien se convirti\u00f3 en la primera ministra italiana de un partido de ultraderecha- se suma a la baja de votos de la izquierda en pa\u00edses como Alemania, Inglaterra y en este caso Espa\u00f1a. Es necesario revisar las estrategias pol\u00edticas y trabajar pol\u00edticamente desde estos partidos para evitar que l\u00f3gicas conservadoras de acumulaci\u00f3n de poder econ\u00f3mico se sigan acentuando en las sociedades.<\/p>\n<p>Las declaraciones de Graciela Bianchi sobre la supuesta victoria de la izquierda en Espa\u00f1a y su actual presidente Pedro Sanchez demuestran c\u00f3mo las relaciones internacionales de Uruguay pueden llegar a peligrar de no cuidarlas apropiadamente. La primera senadora del oficialismo declar\u00f3: \u201cDebe leerse: con el PSOE se tiene asegurado la financiaci\u00f3n y los valores de las narcodictaduras cubana, venezolana, nicarag\u00fcense, iran\u00ed, el terrorismo de la ETA, y el separatismo catal\u00e1n que quiere terminar con Espa\u00f1a. Un lujo de opci\u00f3n. Pero gan\u00f3 el PP\u201d. Ante esto, la canciller Ana Teresa Ayala fue citada a la embajada espa\u00f1ola a declarar. Adem\u00e1s, la vicepresidenta Argimon tuvo que salir a aclarar que la primera senadora no representa al Estado uruguayo.<span class=\"Apple-converted-space\">\u00a0<\/span><\/p>\n<p>Entender el da\u00f1o institucional que gener\u00f3 la primera senadora es fundamental para trabajar en afianzar la seriedad y seguridad que debe transmitir el Estado uruguayo.<\/p>\n<p>*Este art\u00edculo cont\u00f3 con el asesoramiento de la licenciada en relaciones internacionales y mag\u00edster en ciencias pol\u00edticas Florencia Salgueiro.<\/p>\n","protected":false},"excerpt":{"rendered":"Escribe Shanti Benvenuto El d\u00eda 23 de julio en Espa\u00f1a se realizaron las elecciones generales anticipadas. Este recurso de elecciones anticipadas se fundamenta \n<a class=\"moretag\" href=\"https:\/\/elsol.ps.org.uy\/index.php\/2023\/09\/13\/apuntes-de-las-recientes-elecciones-en-espana\/\"> [...]<\/a>","protected":false},"author":2,"featured_media":13566,"comment_status":"closed","ping_status":"closed","sticky":false,"template":"","format":"standard","meta":{"footnotes":""},"categories":[36,51,19,38],"tags":[],"class_list":["post-13108","post","type-post","status-publish","format-standard","has-post-thumbnail","hentry","category-el-sol","category-el-sol-no-35-setiembre-2023","category-internacional","category-shanti-benvenuto"],"yoast_head":"<!-- This site is optimized with the Yoast SEO plugin v27.5 - https:\/\/yoast.com\/product\/yoast-seo-wordpress\/ -->\n<title>Apuntes de las recientes elecciones en Espa\u00f1a - El Sol<\/title>\n<meta name=\"robots\" content=\"index, follow, max-snippet:-1, max-image-preview:large, max-video-preview:-1\" \/>\n<link rel=\"canonical\" href=\"https:\/\/elsol.ps.org.uy\/index.php\/2023\/09\/13\/apuntes-de-las-recientes-elecciones-en-espana\/\" \/>\n<meta property=\"og:locale\" content=\"es_ES\" \/>\n<meta property=\"og:type\" content=\"article\" \/>\n<meta property=\"og:title\" content=\"Apuntes de las recientes elecciones en Espa\u00f1a - El Sol\" \/>\n<meta property=\"og:description\" content=\"Escribe Shanti Benvenuto El d\u00eda 23 de julio en Espa\u00f1a se realizaron las elecciones generales anticipadas. Este recurso de elecciones anticipadas se fundamenta\" \/>\n<meta property=\"og:url\" content=\"https:\/\/elsol.ps.org.uy\/index.php\/2023\/09\/13\/apuntes-de-las-recientes-elecciones-en-espana\/\" \/>\n<meta property=\"og:site_name\" content=\"El Sol\" \/>\n<meta property=\"article:published_time\" content=\"2023-09-13T15:11:29+00:00\" \/>\n<meta property=\"article:modified_time\" content=\"2024-02-28T16:25:22+00:00\" \/>\n<meta property=\"og:image\" content=\"https:\/\/elsol.ps.org.uy\/wp-content\/uploads\/2023\/09\/Apuntes-de-las-recientes-elecciones-en-Espana.jpeg\" \/>\n\t<meta property=\"og:image:width\" content=\"735\" \/>\n\t<meta property=\"og:image:height\" content=\"400\" \/>\n\t<meta property=\"og:image:type\" content=\"image\/jpeg\" \/>\n<meta name=\"author\" content=\"El Sol\" \/>\n<meta name=\"twitter:card\" content=\"summary_large_image\" \/>\n<meta name=\"twitter:label1\" content=\"Escrito por\" \/>\n\t<meta name=\"twitter:data1\" content=\"El Sol\" \/>\n\t<meta name=\"twitter:label2\" content=\"Tiempo de lectura\" \/>\n\t<meta name=\"twitter:data2\" content=\"8 minutos\" \/>\n<script type=\"application\/ld+json\" class=\"yoast-schema-graph\">{\"@context\":\"https:\\\/\\\/schema.org\",\"@graph\":[{\"@type\":\"Article\",\"@id\":\"https:\\\/\\\/elsol.ps.org.uy\\\/index.php\\\/2023\\\/09\\\/13\\\/apuntes-de-las-recientes-elecciones-en-espana\\\/#article\",\"isPartOf\":{\"@id\":\"https:\\\/\\\/elsol.ps.org.uy\\\/index.php\\\/2023\\\/09\\\/13\\\/apuntes-de-las-recientes-elecciones-en-espana\\\/\"},\"author\":{\"name\":\"El Sol\",\"@id\":\"https:\\\/\\\/elsol.ps.org.uy\\\/#\\\/schema\\\/person\\\/9642a61f31473fe97857228bf33277f6\"},\"headline\":\"Apuntes de las recientes elecciones en Espa\u00f1a\",\"datePublished\":\"2023-09-13T15:11:29+00:00\",\"dateModified\":\"2024-02-28T16:25:22+00:00\",\"mainEntityOfPage\":{\"@id\":\"https:\\\/\\\/elsol.ps.org.uy\\\/index.php\\\/2023\\\/09\\\/13\\\/apuntes-de-las-recientes-elecciones-en-espana\\\/\"},\"wordCount\":1743,\"image\":{\"@id\":\"https:\\\/\\\/elsol.ps.org.uy\\\/index.php\\\/2023\\\/09\\\/13\\\/apuntes-de-las-recientes-elecciones-en-espana\\\/#primaryimage\"},\"thumbnailUrl\":\"https:\\\/\\\/elsol.ps.org.uy\\\/wp-content\\\/uploads\\\/2023\\\/09\\\/Apuntes-de-las-recientes-elecciones-en-Espana.jpeg\",\"articleSection\":[\"El Sol\",\"El Sol \u2013 N\u00ba 35 \u2013 Setiembre 2023\",\"\u2060Internacional\",\"Shanti Benvenuto\"],\"inLanguage\":\"es\"},{\"@type\":\"WebPage\",\"@id\":\"https:\\\/\\\/elsol.ps.org.uy\\\/index.php\\\/2023\\\/09\\\/13\\\/apuntes-de-las-recientes-elecciones-en-espana\\\/\",\"url\":\"https:\\\/\\\/elsol.ps.org.uy\\\/index.php\\\/2023\\\/09\\\/13\\\/apuntes-de-las-recientes-elecciones-en-espana\\\/\",\"name\":\"Apuntes de las recientes elecciones en Espa\u00f1a - El Sol\",\"isPartOf\":{\"@id\":\"https:\\\/\\\/elsol.ps.org.uy\\\/#website\"},\"primaryImageOfPage\":{\"@id\":\"https:\\\/\\\/elsol.ps.org.uy\\\/index.php\\\/2023\\\/09\\\/13\\\/apuntes-de-las-recientes-elecciones-en-espana\\\/#primaryimage\"},\"image\":{\"@id\":\"https:\\\/\\\/elsol.ps.org.uy\\\/index.php\\\/2023\\\/09\\\/13\\\/apuntes-de-las-recientes-elecciones-en-espana\\\/#primaryimage\"},\"thumbnailUrl\":\"https:\\\/\\\/elsol.ps.org.uy\\\/wp-content\\\/uploads\\\/2023\\\/09\\\/Apuntes-de-las-recientes-elecciones-en-Espana.jpeg\",\"datePublished\":\"2023-09-13T15:11:29+00:00\",\"dateModified\":\"2024-02-28T16:25:22+00:00\",\"author\":{\"@id\":\"https:\\\/\\\/elsol.ps.org.uy\\\/#\\\/schema\\\/person\\\/9642a61f31473fe97857228bf33277f6\"},\"breadcrumb\":{\"@id\":\"https:\\\/\\\/elsol.ps.org.uy\\\/index.php\\\/2023\\\/09\\\/13\\\/apuntes-de-las-recientes-elecciones-en-espana\\\/#breadcrumb\"},\"inLanguage\":\"es\",\"potentialAction\":[{\"@type\":\"ReadAction\",\"target\":[\"https:\\\/\\\/elsol.ps.org.uy\\\/index.php\\\/2023\\\/09\\\/13\\\/apuntes-de-las-recientes-elecciones-en-espana\\\/\"]}]},{\"@type\":\"ImageObject\",\"inLanguage\":\"es\",\"@id\":\"https:\\\/\\\/elsol.ps.org.uy\\\/index.php\\\/2023\\\/09\\\/13\\\/apuntes-de-las-recientes-elecciones-en-espana\\\/#primaryimage\",\"url\":\"https:\\\/\\\/elsol.ps.org.uy\\\/wp-content\\\/uploads\\\/2023\\\/09\\\/Apuntes-de-las-recientes-elecciones-en-Espana.jpeg\",\"contentUrl\":\"https:\\\/\\\/elsol.ps.org.uy\\\/wp-content\\\/uploads\\\/2023\\\/09\\\/Apuntes-de-las-recientes-elecciones-en-Espana.jpeg\",\"width\":735,\"height\":400},{\"@type\":\"BreadcrumbList\",\"@id\":\"https:\\\/\\\/elsol.ps.org.uy\\\/index.php\\\/2023\\\/09\\\/13\\\/apuntes-de-las-recientes-elecciones-en-espana\\\/#breadcrumb\",\"itemListElement\":[{\"@type\":\"ListItem\",\"position\":1,\"name\":\"Portada\",\"item\":\"https:\\\/\\\/elsol.ps.org.uy\\\/\"},{\"@type\":\"ListItem\",\"position\":2,\"name\":\"Apuntes de las recientes elecciones en Espa\u00f1a\"}]},{\"@type\":\"WebSite\",\"@id\":\"https:\\\/\\\/elsol.ps.org.uy\\\/#website\",\"url\":\"https:\\\/\\\/elsol.ps.org.uy\\\/\",\"name\":\"El Sol\",\"description\":\"Organo del Partido Socialista - Frente Amplio\",\"potentialAction\":[{\"@type\":\"SearchAction\",\"target\":{\"@type\":\"EntryPoint\",\"urlTemplate\":\"https:\\\/\\\/elsol.ps.org.uy\\\/?s={search_term_string}\"},\"query-input\":{\"@type\":\"PropertyValueSpecification\",\"valueRequired\":true,\"valueName\":\"search_term_string\"}}],\"inLanguage\":\"es\"},{\"@type\":\"Person\",\"@id\":\"https:\\\/\\\/elsol.ps.org.uy\\\/#\\\/schema\\\/person\\\/9642a61f31473fe97857228bf33277f6\",\"name\":\"El Sol\",\"image\":{\"@type\":\"ImageObject\",\"inLanguage\":\"es\",\"@id\":\"https:\\\/\\\/secure.gravatar.com\\\/avatar\\\/e14a39081cff84ca4b5657918d3e15ebebf0ca4cee0bb3b81200271ee78d4b9c?s=96&d=mm&r=g\",\"url\":\"https:\\\/\\\/secure.gravatar.com\\\/avatar\\\/e14a39081cff84ca4b5657918d3e15ebebf0ca4cee0bb3b81200271ee78d4b9c?s=96&d=mm&r=g\",\"contentUrl\":\"https:\\\/\\\/secure.gravatar.com\\\/avatar\\\/e14a39081cff84ca4b5657918d3e15ebebf0ca4cee0bb3b81200271ee78d4b9c?s=96&d=mm&r=g\",\"caption\":\"El Sol\"},\"url\":\"https:\\\/\\\/elsol.ps.org.uy\\\/index.php\\\/author\\\/eugenia\\\/\"}]}<\/script>\n<!-- \/ Yoast SEO plugin. -->","yoast_head_json":{"title":"Apuntes de las recientes elecciones en Espa\u00f1a - El Sol","robots":{"index":"index","follow":"follow","max-snippet":"max-snippet:-1","max-image-preview":"max-image-preview:large","max-video-preview":"max-video-preview:-1"},"canonical":"https:\/\/elsol.ps.org.uy\/index.php\/2023\/09\/13\/apuntes-de-las-recientes-elecciones-en-espana\/","og_locale":"es_ES","og_type":"article","og_title":"Apuntes de las recientes elecciones en Espa\u00f1a - El Sol","og_description":"Escribe Shanti Benvenuto El d\u00eda 23 de julio en Espa\u00f1a se realizaron las elecciones generales anticipadas. Este recurso de elecciones anticipadas se fundamenta","og_url":"https:\/\/elsol.ps.org.uy\/index.php\/2023\/09\/13\/apuntes-de-las-recientes-elecciones-en-espana\/","og_site_name":"El Sol","article_published_time":"2023-09-13T15:11:29+00:00","article_modified_time":"2024-02-28T16:25:22+00:00","og_image":[{"width":735,"height":400,"url":"https:\/\/elsol.ps.org.uy\/wp-content\/uploads\/2023\/09\/Apuntes-de-las-recientes-elecciones-en-Espana.jpeg","type":"image\/jpeg"}],"author":"El Sol","twitter_card":"summary_large_image","twitter_misc":{"Escrito por":"El Sol","Tiempo de lectura":"8 minutos"},"schema":{"@context":"https:\/\/schema.org","@graph":[{"@type":"Article","@id":"https:\/\/elsol.ps.org.uy\/index.php\/2023\/09\/13\/apuntes-de-las-recientes-elecciones-en-espana\/#article","isPartOf":{"@id":"https:\/\/elsol.ps.org.uy\/index.php\/2023\/09\/13\/apuntes-de-las-recientes-elecciones-en-espana\/"},"author":{"name":"El Sol","@id":"https:\/\/elsol.ps.org.uy\/#\/schema\/person\/9642a61f31473fe97857228bf33277f6"},"headline":"Apuntes de las recientes elecciones en Espa\u00f1a","datePublished":"2023-09-13T15:11:29+00:00","dateModified":"2024-02-28T16:25:22+00:00","mainEntityOfPage":{"@id":"https:\/\/elsol.ps.org.uy\/index.php\/2023\/09\/13\/apuntes-de-las-recientes-elecciones-en-espana\/"},"wordCount":1743,"image":{"@id":"https:\/\/elsol.ps.org.uy\/index.php\/2023\/09\/13\/apuntes-de-las-recientes-elecciones-en-espana\/#primaryimage"},"thumbnailUrl":"https:\/\/elsol.ps.org.uy\/wp-content\/uploads\/2023\/09\/Apuntes-de-las-recientes-elecciones-en-Espana.jpeg","articleSection":["El Sol","El Sol \u2013 N\u00ba 35 \u2013 Setiembre 2023","\u2060Internacional","Shanti Benvenuto"],"inLanguage":"es"},{"@type":"WebPage","@id":"https:\/\/elsol.ps.org.uy\/index.php\/2023\/09\/13\/apuntes-de-las-recientes-elecciones-en-espana\/","url":"https:\/\/elsol.ps.org.uy\/index.php\/2023\/09\/13\/apuntes-de-las-recientes-elecciones-en-espana\/","name":"Apuntes de las recientes elecciones en Espa\u00f1a - El Sol","isPartOf":{"@id":"https:\/\/elsol.ps.org.uy\/#website"},"primaryImageOfPage":{"@id":"https:\/\/elsol.ps.org.uy\/index.php\/2023\/09\/13\/apuntes-de-las-recientes-elecciones-en-espana\/#primaryimage"},"image":{"@id":"https:\/\/elsol.ps.org.uy\/index.php\/2023\/09\/13\/apuntes-de-las-recientes-elecciones-en-espana\/#primaryimage"},"thumbnailUrl":"https:\/\/elsol.ps.org.uy\/wp-content\/uploads\/2023\/09\/Apuntes-de-las-recientes-elecciones-en-Espana.jpeg","datePublished":"2023-09-13T15:11:29+00:00","dateModified":"2024-02-28T16:25:22+00:00","author":{"@id":"https:\/\/elsol.ps.org.uy\/#\/schema\/person\/9642a61f31473fe97857228bf33277f6"},"breadcrumb":{"@id":"https:\/\/elsol.ps.org.uy\/index.php\/2023\/09\/13\/apuntes-de-las-recientes-elecciones-en-espana\/#breadcrumb"},"inLanguage":"es","potentialAction":[{"@type":"ReadAction","target":["https:\/\/elsol.ps.org.uy\/index.php\/2023\/09\/13\/apuntes-de-las-recientes-elecciones-en-espana\/"]}]},{"@type":"ImageObject","inLanguage":"es","@id":"https:\/\/elsol.ps.org.uy\/index.php\/2023\/09\/13\/apuntes-de-las-recientes-elecciones-en-espana\/#primaryimage","url":"https:\/\/elsol.ps.org.uy\/wp-content\/uploads\/2023\/09\/Apuntes-de-las-recientes-elecciones-en-Espana.jpeg","contentUrl":"https:\/\/elsol.ps.org.uy\/wp-content\/uploads\/2023\/09\/Apuntes-de-las-recientes-elecciones-en-Espana.jpeg","width":735,"height":400},{"@type":"BreadcrumbList","@id":"https:\/\/elsol.ps.org.uy\/index.php\/2023\/09\/13\/apuntes-de-las-recientes-elecciones-en-espana\/#breadcrumb","itemListElement":[{"@type":"ListItem","position":1,"name":"Portada","item":"https:\/\/elsol.ps.org.uy\/"},{"@type":"ListItem","position":2,"name":"Apuntes de las recientes elecciones en Espa\u00f1a"}]},{"@type":"WebSite","@id":"https:\/\/elsol.ps.org.uy\/#website","url":"https:\/\/elsol.ps.org.uy\/","name":"El Sol","description":"Organo del Partido Socialista - Frente Amplio","potentialAction":[{"@type":"SearchAction","target":{"@type":"EntryPoint","urlTemplate":"https:\/\/elsol.ps.org.uy\/?s={search_term_string}"},"query-input":{"@type":"PropertyValueSpecification","valueRequired":true,"valueName":"search_term_string"}}],"inLanguage":"es"},{"@type":"Person","@id":"https:\/\/elsol.ps.org.uy\/#\/schema\/person\/9642a61f31473fe97857228bf33277f6","name":"El Sol","image":{"@type":"ImageObject","inLanguage":"es","@id":"https:\/\/secure.gravatar.com\/avatar\/e14a39081cff84ca4b5657918d3e15ebebf0ca4cee0bb3b81200271ee78d4b9c?s=96&d=mm&r=g","url":"https:\/\/secure.gravatar.com\/avatar\/e14a39081cff84ca4b5657918d3e15ebebf0ca4cee0bb3b81200271ee78d4b9c?s=96&d=mm&r=g","contentUrl":"https:\/\/secure.gravatar.com\/avatar\/e14a39081cff84ca4b5657918d3e15ebebf0ca4cee0bb3b81200271ee78d4b9c?s=96&d=mm&r=g","caption":"El Sol"},"url":"https:\/\/elsol.ps.org.uy\/index.php\/author\/eugenia\/"}]}},"jetpack_featured_media_url":"https:\/\/elsol.ps.org.uy\/wp-content\/uploads\/2023\/09\/Apuntes-de-las-recientes-elecciones-en-Espana.jpeg","_links":{"self":[{"href":"https:\/\/elsol.ps.org.uy\/index.php\/wp-json\/wp\/v2\/posts\/13108","targetHints":{"allow":["GET"]}}],"collection":[{"href":"https:\/\/elsol.ps.org.uy\/index.php\/wp-json\/wp\/v2\/posts"}],"about":[{"href":"https:\/\/elsol.ps.org.uy\/index.php\/wp-json\/wp\/v2\/types\/post"}],"author":[{"embeddable":true,"href":"https:\/\/elsol.ps.org.uy\/index.php\/wp-json\/wp\/v2\/users\/2"}],"replies":[{"embeddable":true,"href":"https:\/\/elsol.ps.org.uy\/index.php\/wp-json\/wp\/v2\/comments?post=13108"}],"version-history":[{"count":1,"href":"https:\/\/elsol.ps.org.uy\/index.php\/wp-json\/wp\/v2\/posts\/13108\/revisions"}],"predecessor-version":[{"id":13567,"href":"https:\/\/elsol.ps.org.uy\/index.php\/wp-json\/wp\/v2\/posts\/13108\/revisions\/13567"}],"wp:featuredmedia":[{"embeddable":true,"href":"https:\/\/elsol.ps.org.uy\/index.php\/wp-json\/wp\/v2\/media\/13566"}],"wp:attachment":[{"href":"https:\/\/elsol.ps.org.uy\/index.php\/wp-json\/wp\/v2\/media?parent=13108"}],"wp:term":[{"taxonomy":"category","embeddable":true,"href":"https:\/\/elsol.ps.org.uy\/index.php\/wp-json\/wp\/v2\/categories?post=13108"},{"taxonomy":"post_tag","embeddable":true,"href":"https:\/\/elsol.ps.org.uy\/index.php\/wp-json\/wp\/v2\/tags?post=13108"}],"curies":[{"name":"wp","href":"https:\/\/api.w.org\/{rel}","templated":true}]}}