{"id":13110,"date":"2023-09-13T12:11:29","date_gmt":"2023-09-13T15:11:29","guid":{"rendered":"https:\/\/ps.org.uy\/?p=13110"},"modified":"2024-02-28T16:02:53","modified_gmt":"2024-02-28T16:02:53","slug":"companeras-y-companeros-a-caminar","status":"publish","type":"post","link":"https:\/\/elsol.ps.org.uy\/index.php\/2023\/09\/13\/companeras-y-companeros-a-caminar\/","title":{"rendered":"Compa\u00f1eras y compa\u00f1eros: a caminar"},"content":{"rendered":"<p style=\"text-align: right;\"><em>Escribe Enzo Poggio Secretar\u00eda de Comunicaci\u00f3n, Departamental Colonia<\/em><\/p>\n<p>Despu\u00e9s de haberse presentado en la ciudad de Mercedes el pasado 30 de agosto, la precandidata presidencial Carolina Cosse visit\u00f3 el d\u00eda 31 la localidad de Juan Lacaze.<span class=\"Apple-converted-space\">\u00a0<\/span><\/p>\n<p>En la sede del CUOPYC (Centro Uni\u00f3n de Obreros, Papeleros y Celulosa), y en una mesa de la que particip\u00f3 la Direcci\u00f3n Departamental del PS, Carolina hizo su presentaci\u00f3n.<span class=\"Apple-converted-space\">\u00a0<\/span><\/p>\n<p>La precandidata, manifest\u00f3 su gran alegr\u00eda de hablar en esa ciudad, alegando que es importante trabajar en los territorios, ya que <b>\u201csiempre quedan puentes tendidos\u201d<\/b>, para continuar haci\u00e9ndolo.<span class=\"Apple-converted-space\">\u00a0<\/span><\/p>\n<p>Se mostr\u00f3 con mucho conocimiento de la realidad de la zona, preocupada por su desarrollo, y presentando algunos aspectos del trabajo que se encuentra llevando a cabo en la Intendencia de Montevideo.<span class=\"Apple-converted-space\">\u00a0<\/span><\/p>\n<p>Respecto a su posible candidatura, aleg\u00f3 que existen una enorme cantidad de desaf\u00edos, para los que <b>el pa\u00eds necesita un nuevo ciclo de gobiernos del Frente Amplio<\/b>, que logre afrontar la coyuntura en la que nos encontramos despu\u00e9s de un gobierno de retrocesos y desparpajos. En este sentido, la mandataria se refiri\u00f3 a la idea de que no se trata de ganar por ganar, sino que, por el contrario, <b>hay que ganar para gobernar, y gobernar bien para volver a ganar.<span class=\"Apple-converted-space\">\u00a0<\/span><\/b><\/p>\n<p>Cosse, hizo alusi\u00f3n a la <b>importancia de la<\/b> <b>existencia de una alianza program\u00e1tica<\/b> de partidos de izquierda, que se plantea objetivos a largo plazo de verdadero cambio social, y no una mera coalici\u00f3n para ganar las elecciones. El programa, es el factor diferencial del Frente Amplio, y para este,<b> los Comit\u00e9 de Base son un factor determinante<\/b>, \u201ctienen esa cosa empecinadamente territorial\u201d, necesaria para desarrollar pol\u00edticas a nivel nacional.<\/p>\n<p>En este sentido, la importancia de ganar, y gobernar, es, seg\u00fan ella, y la mayor\u00eda de quienes nos consideramos frenteamplistas, recomponer el futuro, reconstruir el Uruguay, recuperando la seriedad institucional, y, sobre todo, la honestidad como pa\u00eds.<span class=\"Apple-converted-space\">\u00a0<\/span><\/p>\n<p>Se refiri\u00f3 a los logros del ciclo de gobiernos de izquierda, que hicieron posible afrontar la pandemia de la manera en que se hizo. Estamos hablando del <b>Sistema integrado de salud<\/b>, que signific\u00f3 la universalizaci\u00f3n del acceso a la salud, que <b>es un tema de Estado<\/b>, para esto <b>se presenta fundamental construir infraestructura<\/b>, tambi\u00e9n se destaca en esta l\u00ednea el hecho de <b>haber cambiado la matriz energ\u00e9tica <\/b>del pa\u00eds, donde se encontr\u00f3 otro de los factores que posibilitaron el enfrentamiento m\u00e1s eficaz de la pandemia, <b>\u201c\u00bfqu\u00e9 hubiera pasado si hoy depend\u00edamos en un 50% de la energ\u00eda del petr\u00f3leo?\u201d <\/b>expres\u00f3 Carolina.<span class=\"Apple-converted-space\">\u00a0<\/span><\/p>\n<p>A este respecto, se refiri\u00f3 a la importancia de desarrollar pol\u00edticas a futuro, tratando de prever los cambios del mundo, adelant\u00e1ndose a ellos. El cambio clim\u00e1tico <b>es algo que ya est\u00e1 en la agenda. Hay que prepararse para el futuro, <\/b>as\u00ed es que tambi\u00e9n debemos tener presente la <b>adecuaci\u00f3n del trabajo, y de las fuentes laborales a las nuevas tecnolog\u00edas.<\/b> En este \u00e1mbito, se presenta el desaf\u00edo de la recuperaci\u00f3n de empleos en Juan Lacaze, donde seg\u00fan la precandidata, hay que encontrar otro rumbo, para el cual <b>se requiere di\u00e1logo e inversi\u00f3n<\/b>, y esto aplica para muchos lugares del interior. \u201cEl interior no necesita ni l\u00e1stima, ni pena, necesita tecnolog\u00eda e inversi\u00f3n\u201d. \u201cEl trabajo del futuro, no debe dejar a nadie atr\u00e1s\u201d, y este requiere pol\u00edtica y coordinaci\u00f3n.<span class=\"Apple-converted-space\">\u00a0<\/span><\/p>\n<p><b>Coordinaci\u00f3n, territorialidad, y participaci\u00f3n, fueron los ejes que abord\u00f3 en su presentaci\u00f3n<\/b> Carolina Cosse, en un discurso con una fuerte mirada hacia el futuro, que apunta a reconstruir lo derrumbado, para continuar avanzando hacia<span class=\"Apple-converted-space\">\u00a0 <\/span>un pa\u00eds m\u00e1s justo. Hoy, son importantes los desaf\u00edos a los que quien tome el gobierno se enfrentar\u00e1, pero eso solo refuerza nuestros \u00edmpetus. \u201cCompa\u00f1eras y compa\u00f1eros, no me bajen los brazos, y a caminar\u201d<\/p>\n","protected":false},"excerpt":{"rendered":"Escribe Enzo Poggio Secretar\u00eda de Comunicaci\u00f3n, Departamental Colonia Despu\u00e9s de haberse presentado en la ciudad de Mercedes el pasado 30 de agosto, la \n<a class=\"moretag\" href=\"https:\/\/elsol.ps.org.uy\/index.php\/2023\/09\/13\/companeras-y-companeros-a-caminar\/\"> [...]<\/a>","protected":false},"author":2,"featured_media":13562,"comment_status":"closed","ping_status":"closed","sticky":false,"template":"","format":"standard","meta":{"footnotes":""},"categories":[36,51,70,1],"tags":[],"class_list":["post-13110","post","type-post","status-publish","format-standard","has-post-thumbnail","hentry","category-el-sol","category-el-sol-no-35-setiembre-2023","category-enzo-poggio","category-nacional"],"yoast_head":"<!-- This site is optimized with the Yoast SEO plugin v27.5 - https:\/\/yoast.com\/product\/yoast-seo-wordpress\/ -->\n<title>Compa\u00f1eras y compa\u00f1eros: a caminar - El Sol<\/title>\n<meta name=\"robots\" content=\"index, follow, max-snippet:-1, max-image-preview:large, max-video-preview:-1\" \/>\n<link rel=\"canonical\" href=\"https:\/\/elsol.ps.org.uy\/index.php\/2023\/09\/13\/companeras-y-companeros-a-caminar\/\" \/>\n<meta property=\"og:locale\" content=\"es_ES\" \/>\n<meta property=\"og:type\" content=\"article\" \/>\n<meta property=\"og:title\" content=\"Compa\u00f1eras y compa\u00f1eros: a caminar - El Sol\" \/>\n<meta property=\"og:description\" content=\"Escribe Enzo Poggio Secretar\u00eda de Comunicaci\u00f3n, Departamental Colonia Despu\u00e9s de haberse presentado en la ciudad de Mercedes el pasado 30 de agosto, la\" \/>\n<meta property=\"og:url\" content=\"https:\/\/elsol.ps.org.uy\/index.php\/2023\/09\/13\/companeras-y-companeros-a-caminar\/\" \/>\n<meta property=\"og:site_name\" content=\"El Sol\" \/>\n<meta property=\"article:published_time\" content=\"2023-09-13T15:11:29+00:00\" \/>\n<meta property=\"article:modified_time\" content=\"2024-02-28T16:02:53+00:00\" \/>\n<meta property=\"og:image\" content=\"https:\/\/elsol.ps.org.uy\/wp-content\/uploads\/2023\/09\/Companeras-y-companeros-a-caminar.png\" \/>\n\t<meta property=\"og:image:width\" content=\"735\" \/>\n\t<meta property=\"og:image:height\" content=\"400\" \/>\n\t<meta property=\"og:image:type\" content=\"image\/png\" \/>\n<meta name=\"author\" content=\"El Sol\" \/>\n<meta name=\"twitter:card\" content=\"summary_large_image\" \/>\n<meta name=\"twitter:label1\" content=\"Escrito por\" \/>\n\t<meta name=\"twitter:data1\" content=\"El Sol\" \/>\n\t<meta name=\"twitter:label2\" content=\"Tiempo de lectura\" \/>\n\t<meta name=\"twitter:data2\" content=\"3 minutos\" \/>\n<script type=\"application\/ld+json\" class=\"yoast-schema-graph\">{\"@context\":\"https:\\\/\\\/schema.org\",\"@graph\":[{\"@type\":\"Article\",\"@id\":\"https:\\\/\\\/elsol.ps.org.uy\\\/index.php\\\/2023\\\/09\\\/13\\\/companeras-y-companeros-a-caminar\\\/#article\",\"isPartOf\":{\"@id\":\"https:\\\/\\\/elsol.ps.org.uy\\\/index.php\\\/2023\\\/09\\\/13\\\/companeras-y-companeros-a-caminar\\\/\"},\"author\":{\"name\":\"El Sol\",\"@id\":\"https:\\\/\\\/elsol.ps.org.uy\\\/#\\\/schema\\\/person\\\/9642a61f31473fe97857228bf33277f6\"},\"headline\":\"Compa\u00f1eras y compa\u00f1eros: a caminar\",\"datePublished\":\"2023-09-13T15:11:29+00:00\",\"dateModified\":\"2024-02-28T16:02:53+00:00\",\"mainEntityOfPage\":{\"@id\":\"https:\\\/\\\/elsol.ps.org.uy\\\/index.php\\\/2023\\\/09\\\/13\\\/companeras-y-companeros-a-caminar\\\/\"},\"wordCount\":667,\"image\":{\"@id\":\"https:\\\/\\\/elsol.ps.org.uy\\\/index.php\\\/2023\\\/09\\\/13\\\/companeras-y-companeros-a-caminar\\\/#primaryimage\"},\"thumbnailUrl\":\"https:\\\/\\\/elsol.ps.org.uy\\\/wp-content\\\/uploads\\\/2023\\\/09\\\/Companeras-y-companeros-a-caminar.png\",\"articleSection\":[\"El Sol\",\"El Sol \u2013 N\u00ba 35 \u2013 Setiembre 2023\",\"Enzo Poggio\",\"Nacional\"],\"inLanguage\":\"es\"},{\"@type\":\"WebPage\",\"@id\":\"https:\\\/\\\/elsol.ps.org.uy\\\/index.php\\\/2023\\\/09\\\/13\\\/companeras-y-companeros-a-caminar\\\/\",\"url\":\"https:\\\/\\\/elsol.ps.org.uy\\\/index.php\\\/2023\\\/09\\\/13\\\/companeras-y-companeros-a-caminar\\\/\",\"name\":\"Compa\u00f1eras y compa\u00f1eros: a caminar - El Sol\",\"isPartOf\":{\"@id\":\"https:\\\/\\\/elsol.ps.org.uy\\\/#website\"},\"primaryImageOfPage\":{\"@id\":\"https:\\\/\\\/elsol.ps.org.uy\\\/index.php\\\/2023\\\/09\\\/13\\\/companeras-y-companeros-a-caminar\\\/#primaryimage\"},\"image\":{\"@id\":\"https:\\\/\\\/elsol.ps.org.uy\\\/index.php\\\/2023\\\/09\\\/13\\\/companeras-y-companeros-a-caminar\\\/#primaryimage\"},\"thumbnailUrl\":\"https:\\\/\\\/elsol.ps.org.uy\\\/wp-content\\\/uploads\\\/2023\\\/09\\\/Companeras-y-companeros-a-caminar.png\",\"datePublished\":\"2023-09-13T15:11:29+00:00\",\"dateModified\":\"2024-02-28T16:02:53+00:00\",\"author\":{\"@id\":\"https:\\\/\\\/elsol.ps.org.uy\\\/#\\\/schema\\\/person\\\/9642a61f31473fe97857228bf33277f6\"},\"breadcrumb\":{\"@id\":\"https:\\\/\\\/elsol.ps.org.uy\\\/index.php\\\/2023\\\/09\\\/13\\\/companeras-y-companeros-a-caminar\\\/#breadcrumb\"},\"inLanguage\":\"es\",\"potentialAction\":[{\"@type\":\"ReadAction\",\"target\":[\"https:\\\/\\\/elsol.ps.org.uy\\\/index.php\\\/2023\\\/09\\\/13\\\/companeras-y-companeros-a-caminar\\\/\"]}]},{\"@type\":\"ImageObject\",\"inLanguage\":\"es\",\"@id\":\"https:\\\/\\\/elsol.ps.org.uy\\\/index.php\\\/2023\\\/09\\\/13\\\/companeras-y-companeros-a-caminar\\\/#primaryimage\",\"url\":\"https:\\\/\\\/elsol.ps.org.uy\\\/wp-content\\\/uploads\\\/2023\\\/09\\\/Companeras-y-companeros-a-caminar.png\",\"contentUrl\":\"https:\\\/\\\/elsol.ps.org.uy\\\/wp-content\\\/uploads\\\/2023\\\/09\\\/Companeras-y-companeros-a-caminar.png\",\"width\":735,\"height\":400},{\"@type\":\"BreadcrumbList\",\"@id\":\"https:\\\/\\\/elsol.ps.org.uy\\\/index.php\\\/2023\\\/09\\\/13\\\/companeras-y-companeros-a-caminar\\\/#breadcrumb\",\"itemListElement\":[{\"@type\":\"ListItem\",\"position\":1,\"name\":\"Portada\",\"item\":\"https:\\\/\\\/elsol.ps.org.uy\\\/\"},{\"@type\":\"ListItem\",\"position\":2,\"name\":\"Compa\u00f1eras y compa\u00f1eros: a caminar\"}]},{\"@type\":\"WebSite\",\"@id\":\"https:\\\/\\\/elsol.ps.org.uy\\\/#website\",\"url\":\"https:\\\/\\\/elsol.ps.org.uy\\\/\",\"name\":\"El Sol\",\"description\":\"Organo del Partido Socialista - Frente Amplio\",\"potentialAction\":[{\"@type\":\"SearchAction\",\"target\":{\"@type\":\"EntryPoint\",\"urlTemplate\":\"https:\\\/\\\/elsol.ps.org.uy\\\/?s={search_term_string}\"},\"query-input\":{\"@type\":\"PropertyValueSpecification\",\"valueRequired\":true,\"valueName\":\"search_term_string\"}}],\"inLanguage\":\"es\"},{\"@type\":\"Person\",\"@id\":\"https:\\\/\\\/elsol.ps.org.uy\\\/#\\\/schema\\\/person\\\/9642a61f31473fe97857228bf33277f6\",\"name\":\"El Sol\",\"image\":{\"@type\":\"ImageObject\",\"inLanguage\":\"es\",\"@id\":\"https:\\\/\\\/secure.gravatar.com\\\/avatar\\\/e14a39081cff84ca4b5657918d3e15ebebf0ca4cee0bb3b81200271ee78d4b9c?s=96&d=mm&r=g\",\"url\":\"https:\\\/\\\/secure.gravatar.com\\\/avatar\\\/e14a39081cff84ca4b5657918d3e15ebebf0ca4cee0bb3b81200271ee78d4b9c?s=96&d=mm&r=g\",\"contentUrl\":\"https:\\\/\\\/secure.gravatar.com\\\/avatar\\\/e14a39081cff84ca4b5657918d3e15ebebf0ca4cee0bb3b81200271ee78d4b9c?s=96&d=mm&r=g\",\"caption\":\"El Sol\"},\"url\":\"https:\\\/\\\/elsol.ps.org.uy\\\/index.php\\\/author\\\/eugenia\\\/\"}]}<\/script>\n<!-- \/ Yoast SEO plugin. -->","yoast_head_json":{"title":"Compa\u00f1eras y compa\u00f1eros: a caminar - El Sol","robots":{"index":"index","follow":"follow","max-snippet":"max-snippet:-1","max-image-preview":"max-image-preview:large","max-video-preview":"max-video-preview:-1"},"canonical":"https:\/\/elsol.ps.org.uy\/index.php\/2023\/09\/13\/companeras-y-companeros-a-caminar\/","og_locale":"es_ES","og_type":"article","og_title":"Compa\u00f1eras y compa\u00f1eros: a caminar - El Sol","og_description":"Escribe Enzo Poggio Secretar\u00eda de Comunicaci\u00f3n, Departamental Colonia Despu\u00e9s de haberse presentado en la ciudad de Mercedes el pasado 30 de agosto, la","og_url":"https:\/\/elsol.ps.org.uy\/index.php\/2023\/09\/13\/companeras-y-companeros-a-caminar\/","og_site_name":"El Sol","article_published_time":"2023-09-13T15:11:29+00:00","article_modified_time":"2024-02-28T16:02:53+00:00","og_image":[{"width":735,"height":400,"url":"https:\/\/elsol.ps.org.uy\/wp-content\/uploads\/2023\/09\/Companeras-y-companeros-a-caminar.png","type":"image\/png"}],"author":"El Sol","twitter_card":"summary_large_image","twitter_misc":{"Escrito por":"El Sol","Tiempo de lectura":"3 minutos"},"schema":{"@context":"https:\/\/schema.org","@graph":[{"@type":"Article","@id":"https:\/\/elsol.ps.org.uy\/index.php\/2023\/09\/13\/companeras-y-companeros-a-caminar\/#article","isPartOf":{"@id":"https:\/\/elsol.ps.org.uy\/index.php\/2023\/09\/13\/companeras-y-companeros-a-caminar\/"},"author":{"name":"El Sol","@id":"https:\/\/elsol.ps.org.uy\/#\/schema\/person\/9642a61f31473fe97857228bf33277f6"},"headline":"Compa\u00f1eras y compa\u00f1eros: a caminar","datePublished":"2023-09-13T15:11:29+00:00","dateModified":"2024-02-28T16:02:53+00:00","mainEntityOfPage":{"@id":"https:\/\/elsol.ps.org.uy\/index.php\/2023\/09\/13\/companeras-y-companeros-a-caminar\/"},"wordCount":667,"image":{"@id":"https:\/\/elsol.ps.org.uy\/index.php\/2023\/09\/13\/companeras-y-companeros-a-caminar\/#primaryimage"},"thumbnailUrl":"https:\/\/elsol.ps.org.uy\/wp-content\/uploads\/2023\/09\/Companeras-y-companeros-a-caminar.png","articleSection":["El Sol","El Sol \u2013 N\u00ba 35 \u2013 Setiembre 2023","Enzo Poggio","Nacional"],"inLanguage":"es"},{"@type":"WebPage","@id":"https:\/\/elsol.ps.org.uy\/index.php\/2023\/09\/13\/companeras-y-companeros-a-caminar\/","url":"https:\/\/elsol.ps.org.uy\/index.php\/2023\/09\/13\/companeras-y-companeros-a-caminar\/","name":"Compa\u00f1eras y compa\u00f1eros: a caminar - El Sol","isPartOf":{"@id":"https:\/\/elsol.ps.org.uy\/#website"},"primaryImageOfPage":{"@id":"https:\/\/elsol.ps.org.uy\/index.php\/2023\/09\/13\/companeras-y-companeros-a-caminar\/#primaryimage"},"image":{"@id":"https:\/\/elsol.ps.org.uy\/index.php\/2023\/09\/13\/companeras-y-companeros-a-caminar\/#primaryimage"},"thumbnailUrl":"https:\/\/elsol.ps.org.uy\/wp-content\/uploads\/2023\/09\/Companeras-y-companeros-a-caminar.png","datePublished":"2023-09-13T15:11:29+00:00","dateModified":"2024-02-28T16:02:53+00:00","author":{"@id":"https:\/\/elsol.ps.org.uy\/#\/schema\/person\/9642a61f31473fe97857228bf33277f6"},"breadcrumb":{"@id":"https:\/\/elsol.ps.org.uy\/index.php\/2023\/09\/13\/companeras-y-companeros-a-caminar\/#breadcrumb"},"inLanguage":"es","potentialAction":[{"@type":"ReadAction","target":["https:\/\/elsol.ps.org.uy\/index.php\/2023\/09\/13\/companeras-y-companeros-a-caminar\/"]}]},{"@type":"ImageObject","inLanguage":"es","@id":"https:\/\/elsol.ps.org.uy\/index.php\/2023\/09\/13\/companeras-y-companeros-a-caminar\/#primaryimage","url":"https:\/\/elsol.ps.org.uy\/wp-content\/uploads\/2023\/09\/Companeras-y-companeros-a-caminar.png","contentUrl":"https:\/\/elsol.ps.org.uy\/wp-content\/uploads\/2023\/09\/Companeras-y-companeros-a-caminar.png","width":735,"height":400},{"@type":"BreadcrumbList","@id":"https:\/\/elsol.ps.org.uy\/index.php\/2023\/09\/13\/companeras-y-companeros-a-caminar\/#breadcrumb","itemListElement":[{"@type":"ListItem","position":1,"name":"Portada","item":"https:\/\/elsol.ps.org.uy\/"},{"@type":"ListItem","position":2,"name":"Compa\u00f1eras y compa\u00f1eros: a caminar"}]},{"@type":"WebSite","@id":"https:\/\/elsol.ps.org.uy\/#website","url":"https:\/\/elsol.ps.org.uy\/","name":"El Sol","description":"Organo del Partido Socialista - Frente Amplio","potentialAction":[{"@type":"SearchAction","target":{"@type":"EntryPoint","urlTemplate":"https:\/\/elsol.ps.org.uy\/?s={search_term_string}"},"query-input":{"@type":"PropertyValueSpecification","valueRequired":true,"valueName":"search_term_string"}}],"inLanguage":"es"},{"@type":"Person","@id":"https:\/\/elsol.ps.org.uy\/#\/schema\/person\/9642a61f31473fe97857228bf33277f6","name":"El Sol","image":{"@type":"ImageObject","inLanguage":"es","@id":"https:\/\/secure.gravatar.com\/avatar\/e14a39081cff84ca4b5657918d3e15ebebf0ca4cee0bb3b81200271ee78d4b9c?s=96&d=mm&r=g","url":"https:\/\/secure.gravatar.com\/avatar\/e14a39081cff84ca4b5657918d3e15ebebf0ca4cee0bb3b81200271ee78d4b9c?s=96&d=mm&r=g","contentUrl":"https:\/\/secure.gravatar.com\/avatar\/e14a39081cff84ca4b5657918d3e15ebebf0ca4cee0bb3b81200271ee78d4b9c?s=96&d=mm&r=g","caption":"El Sol"},"url":"https:\/\/elsol.ps.org.uy\/index.php\/author\/eugenia\/"}]}},"jetpack_featured_media_url":"https:\/\/elsol.ps.org.uy\/wp-content\/uploads\/2023\/09\/Companeras-y-companeros-a-caminar.png","_links":{"self":[{"href":"https:\/\/elsol.ps.org.uy\/index.php\/wp-json\/wp\/v2\/posts\/13110","targetHints":{"allow":["GET"]}}],"collection":[{"href":"https:\/\/elsol.ps.org.uy\/index.php\/wp-json\/wp\/v2\/posts"}],"about":[{"href":"https:\/\/elsol.ps.org.uy\/index.php\/wp-json\/wp\/v2\/types\/post"}],"author":[{"embeddable":true,"href":"https:\/\/elsol.ps.org.uy\/index.php\/wp-json\/wp\/v2\/users\/2"}],"replies":[{"embeddable":true,"href":"https:\/\/elsol.ps.org.uy\/index.php\/wp-json\/wp\/v2\/comments?post=13110"}],"version-history":[{"count":1,"href":"https:\/\/elsol.ps.org.uy\/index.php\/wp-json\/wp\/v2\/posts\/13110\/revisions"}],"predecessor-version":[{"id":13563,"href":"https:\/\/elsol.ps.org.uy\/index.php\/wp-json\/wp\/v2\/posts\/13110\/revisions\/13563"}],"wp:featuredmedia":[{"embeddable":true,"href":"https:\/\/elsol.ps.org.uy\/index.php\/wp-json\/wp\/v2\/media\/13562"}],"wp:attachment":[{"href":"https:\/\/elsol.ps.org.uy\/index.php\/wp-json\/wp\/v2\/media?parent=13110"}],"wp:term":[{"taxonomy":"category","embeddable":true,"href":"https:\/\/elsol.ps.org.uy\/index.php\/wp-json\/wp\/v2\/categories?post=13110"},{"taxonomy":"post_tag","embeddable":true,"href":"https:\/\/elsol.ps.org.uy\/index.php\/wp-json\/wp\/v2\/tags?post=13110"}],"curies":[{"name":"wp","href":"https:\/\/api.w.org\/{rel}","templated":true}]}}