{"id":13113,"date":"2023-09-13T12:11:29","date_gmt":"2023-09-13T15:11:29","guid":{"rendered":"https:\/\/ps.org.uy\/?p=13113"},"modified":"2024-02-28T16:55:45","modified_gmt":"2024-02-28T16:55:45","slug":"25-de-agosto-dia-del-comite-de-base-2","status":"publish","type":"post","link":"https:\/\/elsol.ps.org.uy\/index.php\/2023\/09\/13\/25-de-agosto-dia-del-comite-de-base-2\/","title":{"rendered":"25 de agosto D\u00eda del Comit\u00e9 de Base"},"content":{"rendered":"<p>Desde el Partido Socialista de Uruguay queremos saludar a todos los Comit\u00e9 de Base del pa\u00eds en su d\u00eda.<span class=\"Apple-converted-space\">\u00a0<\/span><\/p>\n<p>El 25 de agosto nuestro pa\u00eds celebr\u00f3 su independencia, proclamada como un grito de dignidad, libertad e integraci\u00f3n.<span class=\"Apple-converted-space\">\u00a0<\/span><\/p>\n<p>A su vez las y los frenteamplistas celebramos la militancia de todas las compa\u00f1eras y compa\u00f1eros que en cada barrio o pueblo de la Rep\u00fablica transforman la realidad d\u00eda a d\u00eda desde sus comunidades, construyendo esa Naci\u00f3n libre, justa y solidaria que so\u00f1amos. Compa\u00f1eras y compa\u00f1eros socialistas a lo largo y ancho de nuestro pa\u00eds, fueron tambi\u00e9n protagonistas una vez m\u00e1s de esta jornada, aportando desde sus sue\u00f1os de cambio social y de una vida digna para todas y todos.<\/p>\n<p>Asimismo, nuestras y nuestros referentes socialistas recorrieron diversos territorios compartiendo con compa\u00f1eras y compa\u00f1eros locales. Conversar, discutir y pensar desde los diversos territorios es vital para un proyecto de pa\u00eds verdaderamente transformador.<\/p>\n<p>No hay izquierda ni unidad sin base social organizada, discutiendo, luchando y haciendo historia desde abajo.<span class=\"Apple-converted-space\">\u00a0<\/span><\/p>\n<p>\u00a1Qu\u00e9 vivan los comit\u00e9s de base!<\/p>\n<p><img loading=\"lazy\" decoding=\"async\" class=\"alignnone size-medium wp-image-13114\" src=\"https:\/\/ps.org.uy\/wp-content\/uploads\/2023\/09\/WhatsApp-Image-2023-09-05-at-2.04.44-PM-205x300.jpeg\" alt=\"\" width=\"205\" height=\"300\" \/> <img loading=\"lazy\" decoding=\"async\" class=\"alignnone size-medium wp-image-13115\" src=\"https:\/\/ps.org.uy\/wp-content\/uploads\/2023\/09\/WhatsApp-Image-2023-09-05-at-2.04.45-PM-225x300.jpeg\" alt=\"\" width=\"225\" height=\"300\" \/> <img loading=\"lazy\" decoding=\"async\" class=\"alignnone size-medium wp-image-13116\" src=\"https:\/\/ps.org.uy\/wp-content\/uploads\/2023\/09\/WhatsApp-Image-2023-09-05-at-2.04.46-PM-1-153x300.jpeg\" alt=\"\" width=\"153\" height=\"300\" \/> <img loading=\"lazy\" decoding=\"async\" class=\"alignnone size-medium wp-image-13117\" src=\"https:\/\/ps.org.uy\/wp-content\/uploads\/2023\/09\/WhatsApp-Image-2023-09-05-at-2.04.46-PM-2-300x300.jpeg\" alt=\"\" width=\"300\" height=\"300\" \/> <img loading=\"lazy\" decoding=\"async\" class=\"alignnone size-medium wp-image-13118\" src=\"https:\/\/ps.org.uy\/wp-content\/uploads\/2023\/09\/WhatsApp-Image-2023-09-05-at-2.04.46-PM-225x300.jpeg\" alt=\"\" width=\"225\" height=\"300\" \/> <img loading=\"lazy\" decoding=\"async\" class=\"alignnone size-medium wp-image-13119\" src=\"https:\/\/ps.org.uy\/wp-content\/uploads\/2023\/09\/WhatsApp-Image-2023-09-05-at-2.04.48-PM-1-300x225.jpeg\" alt=\"\" width=\"300\" height=\"225\" \/> <img loading=\"lazy\" decoding=\"async\" class=\"alignnone size-medium wp-image-13120\" src=\"https:\/\/ps.org.uy\/wp-content\/uploads\/2023\/09\/WhatsApp-Image-2023-09-05-at-2.04.48-PM-300x226.jpeg\" alt=\"\" width=\"300\" height=\"226\" \/> <img loading=\"lazy\" decoding=\"async\" class=\"alignnone size-medium wp-image-13121\" src=\"https:\/\/ps.org.uy\/wp-content\/uploads\/2023\/09\/WhatsApp-Image-2023-09-05-at-2.04.49-PM-1-300x225.jpeg\" alt=\"\" width=\"300\" height=\"225\" \/> <img loading=\"lazy\" decoding=\"async\" class=\"alignnone size-medium wp-image-13122\" src=\"https:\/\/ps.org.uy\/wp-content\/uploads\/2023\/09\/WhatsApp-Image-2023-09-05-at-2.04.49-PM-2-300x225.jpeg\" alt=\"\" width=\"300\" height=\"225\" \/> <img loading=\"lazy\" decoding=\"async\" class=\"alignnone size-medium wp-image-13123\" src=\"https:\/\/ps.org.uy\/wp-content\/uploads\/2023\/09\/WhatsApp-Image-2023-09-05-at-2.04.49-PM-3-300x225.jpeg\" alt=\"\" width=\"300\" height=\"225\" \/> <img loading=\"lazy\" decoding=\"async\" class=\"alignnone size-medium wp-image-13124\" src=\"https:\/\/ps.org.uy\/wp-content\/uploads\/2023\/09\/WhatsApp-Image-2023-09-05-at-2.04.49-PM-300x225.jpeg\" alt=\"\" width=\"300\" height=\"225\" \/> <img loading=\"lazy\" decoding=\"async\" class=\"alignnone size-medium wp-image-13125\" src=\"https:\/\/ps.org.uy\/wp-content\/uploads\/2023\/09\/WhatsApp-Image-2023-09-05-at-2.04.50-PM-254x300.jpeg\" alt=\"\" width=\"254\" height=\"300\" \/> <img loading=\"lazy\" decoding=\"async\" class=\"alignnone size-medium wp-image-13126\" src=\"https:\/\/ps.org.uy\/wp-content\/uploads\/2023\/09\/WhatsApp-Image-2023-09-05-at-2.12.55-PM-1-300x225.jpeg\" alt=\"\" width=\"300\" height=\"225\" \/> <img loading=\"lazy\" decoding=\"async\" class=\"alignnone size-medium wp-image-13127\" src=\"https:\/\/ps.org.uy\/wp-content\/uploads\/2023\/09\/WhatsApp-Image-2023-09-05-at-2.12.55-PM-300x225.jpeg\" alt=\"\" width=\"300\" height=\"225\" \/><\/p>\n","protected":false},"excerpt":{"rendered":"Desde el Partido Socialista de Uruguay queremos saludar a todos los Comit\u00e9 de Base del pa\u00eds en su d\u00eda.\u00a0 El 25 de agosto \n<a class=\"moretag\" href=\"https:\/\/elsol.ps.org.uy\/index.php\/2023\/09\/13\/25-de-agosto-dia-del-comite-de-base-2\/\"> [...]<\/a>","protected":false},"author":2,"featured_media":13091,"comment_status":"closed","ping_status":"closed","sticky":false,"template":"","format":"standard","meta":{"footnotes":""},"categories":[36,51,1],"tags":[],"class_list":["post-13113","post","type-post","status-publish","format-standard","has-post-thumbnail","hentry","category-el-sol","category-el-sol-no-35-setiembre-2023","category-nacional"],"yoast_head":"<!-- This site is optimized with the Yoast SEO plugin v27.5 - https:\/\/yoast.com\/product\/yoast-seo-wordpress\/ -->\n<title>25 de agosto D\u00eda del Comit\u00e9 de Base - El Sol<\/title>\n<meta name=\"robots\" content=\"index, follow, max-snippet:-1, max-image-preview:large, max-video-preview:-1\" \/>\n<link rel=\"canonical\" href=\"https:\/\/elsol.ps.org.uy\/index.php\/2023\/09\/13\/25-de-agosto-dia-del-comite-de-base-2\/\" \/>\n<meta property=\"og:locale\" content=\"es_ES\" \/>\n<meta property=\"og:type\" content=\"article\" \/>\n<meta property=\"og:title\" content=\"25 de agosto D\u00eda del Comit\u00e9 de Base - El Sol\" \/>\n<meta property=\"og:description\" content=\"Desde el Partido Socialista de Uruguay queremos saludar a todos los Comit\u00e9 de Base del pa\u00eds en su d\u00eda.\u00a0 El 25 de agosto\" \/>\n<meta property=\"og:url\" content=\"https:\/\/elsol.ps.org.uy\/index.php\/2023\/09\/13\/25-de-agosto-dia-del-comite-de-base-2\/\" \/>\n<meta property=\"og:site_name\" content=\"El Sol\" \/>\n<meta property=\"article:published_time\" content=\"2023-09-13T15:11:29+00:00\" \/>\n<meta property=\"article:modified_time\" content=\"2024-02-28T16:55:45+00:00\" \/>\n<meta name=\"author\" content=\"El Sol\" \/>\n<meta name=\"twitter:card\" content=\"summary_large_image\" \/>\n<meta name=\"twitter:label1\" content=\"Escrito por\" \/>\n\t<meta name=\"twitter:data1\" content=\"El Sol\" \/>\n\t<meta name=\"twitter:label2\" content=\"Tiempo de lectura\" \/>\n\t<meta name=\"twitter:data2\" content=\"4 minutos\" \/>\n<script type=\"application\/ld+json\" class=\"yoast-schema-graph\">{\"@context\":\"https:\\\/\\\/schema.org\",\"@graph\":[{\"@type\":\"Article\",\"@id\":\"https:\\\/\\\/elsol.ps.org.uy\\\/index.php\\\/2023\\\/09\\\/13\\\/25-de-agosto-dia-del-comite-de-base-2\\\/#article\",\"isPartOf\":{\"@id\":\"https:\\\/\\\/elsol.ps.org.uy\\\/index.php\\\/2023\\\/09\\\/13\\\/25-de-agosto-dia-del-comite-de-base-2\\\/\"},\"author\":{\"name\":\"El Sol\",\"@id\":\"https:\\\/\\\/elsol.ps.org.uy\\\/#\\\/schema\\\/person\\\/9642a61f31473fe97857228bf33277f6\"},\"headline\":\"25 de agosto D\u00eda del Comit\u00e9 de Base\",\"datePublished\":\"2023-09-13T15:11:29+00:00\",\"dateModified\":\"2024-02-28T16:55:45+00:00\",\"mainEntityOfPage\":{\"@id\":\"https:\\\/\\\/elsol.ps.org.uy\\\/index.php\\\/2023\\\/09\\\/13\\\/25-de-agosto-dia-del-comite-de-base-2\\\/\"},\"wordCount\":199,\"image\":{\"@id\":\"https:\\\/\\\/elsol.ps.org.uy\\\/index.php\\\/2023\\\/09\\\/13\\\/25-de-agosto-dia-del-comite-de-base-2\\\/#primaryimage\"},\"thumbnailUrl\":\"\",\"articleSection\":[\"El Sol\",\"El Sol \u2013 N\u00ba 35 \u2013 Setiembre 2023\",\"Nacional\"],\"inLanguage\":\"es\"},{\"@type\":\"WebPage\",\"@id\":\"https:\\\/\\\/elsol.ps.org.uy\\\/index.php\\\/2023\\\/09\\\/13\\\/25-de-agosto-dia-del-comite-de-base-2\\\/\",\"url\":\"https:\\\/\\\/elsol.ps.org.uy\\\/index.php\\\/2023\\\/09\\\/13\\\/25-de-agosto-dia-del-comite-de-base-2\\\/\",\"name\":\"25 de agosto D\u00eda del Comit\u00e9 de Base - El Sol\",\"isPartOf\":{\"@id\":\"https:\\\/\\\/elsol.ps.org.uy\\\/#website\"},\"primaryImageOfPage\":{\"@id\":\"https:\\\/\\\/elsol.ps.org.uy\\\/index.php\\\/2023\\\/09\\\/13\\\/25-de-agosto-dia-del-comite-de-base-2\\\/#primaryimage\"},\"image\":{\"@id\":\"https:\\\/\\\/elsol.ps.org.uy\\\/index.php\\\/2023\\\/09\\\/13\\\/25-de-agosto-dia-del-comite-de-base-2\\\/#primaryimage\"},\"thumbnailUrl\":\"\",\"datePublished\":\"2023-09-13T15:11:29+00:00\",\"dateModified\":\"2024-02-28T16:55:45+00:00\",\"author\":{\"@id\":\"https:\\\/\\\/elsol.ps.org.uy\\\/#\\\/schema\\\/person\\\/9642a61f31473fe97857228bf33277f6\"},\"breadcrumb\":{\"@id\":\"https:\\\/\\\/elsol.ps.org.uy\\\/index.php\\\/2023\\\/09\\\/13\\\/25-de-agosto-dia-del-comite-de-base-2\\\/#breadcrumb\"},\"inLanguage\":\"es\",\"potentialAction\":[{\"@type\":\"ReadAction\",\"target\":[\"https:\\\/\\\/elsol.ps.org.uy\\\/index.php\\\/2023\\\/09\\\/13\\\/25-de-agosto-dia-del-comite-de-base-2\\\/\"]}]},{\"@type\":\"ImageObject\",\"inLanguage\":\"es\",\"@id\":\"https:\\\/\\\/elsol.ps.org.uy\\\/index.php\\\/2023\\\/09\\\/13\\\/25-de-agosto-dia-del-comite-de-base-2\\\/#primaryimage\",\"url\":\"\",\"contentUrl\":\"\"},{\"@type\":\"BreadcrumbList\",\"@id\":\"https:\\\/\\\/elsol.ps.org.uy\\\/index.php\\\/2023\\\/09\\\/13\\\/25-de-agosto-dia-del-comite-de-base-2\\\/#breadcrumb\",\"itemListElement\":[{\"@type\":\"ListItem\",\"position\":1,\"name\":\"Portada\",\"item\":\"https:\\\/\\\/elsol.ps.org.uy\\\/\"},{\"@type\":\"ListItem\",\"position\":2,\"name\":\"25 de agosto D\u00eda del Comit\u00e9 de Base\"}]},{\"@type\":\"WebSite\",\"@id\":\"https:\\\/\\\/elsol.ps.org.uy\\\/#website\",\"url\":\"https:\\\/\\\/elsol.ps.org.uy\\\/\",\"name\":\"El Sol\",\"description\":\"Organo del Partido Socialista - Frente Amplio\",\"potentialAction\":[{\"@type\":\"SearchAction\",\"target\":{\"@type\":\"EntryPoint\",\"urlTemplate\":\"https:\\\/\\\/elsol.ps.org.uy\\\/?s={search_term_string}\"},\"query-input\":{\"@type\":\"PropertyValueSpecification\",\"valueRequired\":true,\"valueName\":\"search_term_string\"}}],\"inLanguage\":\"es\"},{\"@type\":\"Person\",\"@id\":\"https:\\\/\\\/elsol.ps.org.uy\\\/#\\\/schema\\\/person\\\/9642a61f31473fe97857228bf33277f6\",\"name\":\"El Sol\",\"image\":{\"@type\":\"ImageObject\",\"inLanguage\":\"es\",\"@id\":\"https:\\\/\\\/secure.gravatar.com\\\/avatar\\\/e14a39081cff84ca4b5657918d3e15ebebf0ca4cee0bb3b81200271ee78d4b9c?s=96&d=mm&r=g\",\"url\":\"https:\\\/\\\/secure.gravatar.com\\\/avatar\\\/e14a39081cff84ca4b5657918d3e15ebebf0ca4cee0bb3b81200271ee78d4b9c?s=96&d=mm&r=g\",\"contentUrl\":\"https:\\\/\\\/secure.gravatar.com\\\/avatar\\\/e14a39081cff84ca4b5657918d3e15ebebf0ca4cee0bb3b81200271ee78d4b9c?s=96&d=mm&r=g\",\"caption\":\"El Sol\"},\"url\":\"https:\\\/\\\/elsol.ps.org.uy\\\/index.php\\\/author\\\/eugenia\\\/\"}]}<\/script>\n<!-- \/ Yoast SEO plugin. -->","yoast_head_json":{"title":"25 de agosto D\u00eda del Comit\u00e9 de Base - El Sol","robots":{"index":"index","follow":"follow","max-snippet":"max-snippet:-1","max-image-preview":"max-image-preview:large","max-video-preview":"max-video-preview:-1"},"canonical":"https:\/\/elsol.ps.org.uy\/index.php\/2023\/09\/13\/25-de-agosto-dia-del-comite-de-base-2\/","og_locale":"es_ES","og_type":"article","og_title":"25 de agosto D\u00eda del Comit\u00e9 de Base - El Sol","og_description":"Desde el Partido Socialista de Uruguay queremos saludar a todos los Comit\u00e9 de Base del pa\u00eds en su d\u00eda.\u00a0 El 25 de agosto","og_url":"https:\/\/elsol.ps.org.uy\/index.php\/2023\/09\/13\/25-de-agosto-dia-del-comite-de-base-2\/","og_site_name":"El Sol","article_published_time":"2023-09-13T15:11:29+00:00","article_modified_time":"2024-02-28T16:55:45+00:00","author":"El Sol","twitter_card":"summary_large_image","twitter_misc":{"Escrito por":"El Sol","Tiempo de lectura":"4 minutos"},"schema":{"@context":"https:\/\/schema.org","@graph":[{"@type":"Article","@id":"https:\/\/elsol.ps.org.uy\/index.php\/2023\/09\/13\/25-de-agosto-dia-del-comite-de-base-2\/#article","isPartOf":{"@id":"https:\/\/elsol.ps.org.uy\/index.php\/2023\/09\/13\/25-de-agosto-dia-del-comite-de-base-2\/"},"author":{"name":"El Sol","@id":"https:\/\/elsol.ps.org.uy\/#\/schema\/person\/9642a61f31473fe97857228bf33277f6"},"headline":"25 de agosto D\u00eda del Comit\u00e9 de Base","datePublished":"2023-09-13T15:11:29+00:00","dateModified":"2024-02-28T16:55:45+00:00","mainEntityOfPage":{"@id":"https:\/\/elsol.ps.org.uy\/index.php\/2023\/09\/13\/25-de-agosto-dia-del-comite-de-base-2\/"},"wordCount":199,"image":{"@id":"https:\/\/elsol.ps.org.uy\/index.php\/2023\/09\/13\/25-de-agosto-dia-del-comite-de-base-2\/#primaryimage"},"thumbnailUrl":"","articleSection":["El Sol","El Sol \u2013 N\u00ba 35 \u2013 Setiembre 2023","Nacional"],"inLanguage":"es"},{"@type":"WebPage","@id":"https:\/\/elsol.ps.org.uy\/index.php\/2023\/09\/13\/25-de-agosto-dia-del-comite-de-base-2\/","url":"https:\/\/elsol.ps.org.uy\/index.php\/2023\/09\/13\/25-de-agosto-dia-del-comite-de-base-2\/","name":"25 de agosto D\u00eda del Comit\u00e9 de Base - El Sol","isPartOf":{"@id":"https:\/\/elsol.ps.org.uy\/#website"},"primaryImageOfPage":{"@id":"https:\/\/elsol.ps.org.uy\/index.php\/2023\/09\/13\/25-de-agosto-dia-del-comite-de-base-2\/#primaryimage"},"image":{"@id":"https:\/\/elsol.ps.org.uy\/index.php\/2023\/09\/13\/25-de-agosto-dia-del-comite-de-base-2\/#primaryimage"},"thumbnailUrl":"","datePublished":"2023-09-13T15:11:29+00:00","dateModified":"2024-02-28T16:55:45+00:00","author":{"@id":"https:\/\/elsol.ps.org.uy\/#\/schema\/person\/9642a61f31473fe97857228bf33277f6"},"breadcrumb":{"@id":"https:\/\/elsol.ps.org.uy\/index.php\/2023\/09\/13\/25-de-agosto-dia-del-comite-de-base-2\/#breadcrumb"},"inLanguage":"es","potentialAction":[{"@type":"ReadAction","target":["https:\/\/elsol.ps.org.uy\/index.php\/2023\/09\/13\/25-de-agosto-dia-del-comite-de-base-2\/"]}]},{"@type":"ImageObject","inLanguage":"es","@id":"https:\/\/elsol.ps.org.uy\/index.php\/2023\/09\/13\/25-de-agosto-dia-del-comite-de-base-2\/#primaryimage","url":"","contentUrl":""},{"@type":"BreadcrumbList","@id":"https:\/\/elsol.ps.org.uy\/index.php\/2023\/09\/13\/25-de-agosto-dia-del-comite-de-base-2\/#breadcrumb","itemListElement":[{"@type":"ListItem","position":1,"name":"Portada","item":"https:\/\/elsol.ps.org.uy\/"},{"@type":"ListItem","position":2,"name":"25 de agosto D\u00eda del Comit\u00e9 de Base"}]},{"@type":"WebSite","@id":"https:\/\/elsol.ps.org.uy\/#website","url":"https:\/\/elsol.ps.org.uy\/","name":"El Sol","description":"Organo del Partido Socialista - Frente Amplio","potentialAction":[{"@type":"SearchAction","target":{"@type":"EntryPoint","urlTemplate":"https:\/\/elsol.ps.org.uy\/?s={search_term_string}"},"query-input":{"@type":"PropertyValueSpecification","valueRequired":true,"valueName":"search_term_string"}}],"inLanguage":"es"},{"@type":"Person","@id":"https:\/\/elsol.ps.org.uy\/#\/schema\/person\/9642a61f31473fe97857228bf33277f6","name":"El Sol","image":{"@type":"ImageObject","inLanguage":"es","@id":"https:\/\/secure.gravatar.com\/avatar\/e14a39081cff84ca4b5657918d3e15ebebf0ca4cee0bb3b81200271ee78d4b9c?s=96&d=mm&r=g","url":"https:\/\/secure.gravatar.com\/avatar\/e14a39081cff84ca4b5657918d3e15ebebf0ca4cee0bb3b81200271ee78d4b9c?s=96&d=mm&r=g","contentUrl":"https:\/\/secure.gravatar.com\/avatar\/e14a39081cff84ca4b5657918d3e15ebebf0ca4cee0bb3b81200271ee78d4b9c?s=96&d=mm&r=g","caption":"El Sol"},"url":"https:\/\/elsol.ps.org.uy\/index.php\/author\/eugenia\/"}]}},"jetpack_featured_media_url":"","_links":{"self":[{"href":"https:\/\/elsol.ps.org.uy\/index.php\/wp-json\/wp\/v2\/posts\/13113","targetHints":{"allow":["GET"]}}],"collection":[{"href":"https:\/\/elsol.ps.org.uy\/index.php\/wp-json\/wp\/v2\/posts"}],"about":[{"href":"https:\/\/elsol.ps.org.uy\/index.php\/wp-json\/wp\/v2\/types\/post"}],"author":[{"embeddable":true,"href":"https:\/\/elsol.ps.org.uy\/index.php\/wp-json\/wp\/v2\/users\/2"}],"replies":[{"embeddable":true,"href":"https:\/\/elsol.ps.org.uy\/index.php\/wp-json\/wp\/v2\/comments?post=13113"}],"version-history":[{"count":1,"href":"https:\/\/elsol.ps.org.uy\/index.php\/wp-json\/wp\/v2\/posts\/13113\/revisions"}],"predecessor-version":[{"id":13573,"href":"https:\/\/elsol.ps.org.uy\/index.php\/wp-json\/wp\/v2\/posts\/13113\/revisions\/13573"}],"wp:featuredmedia":[{"embeddable":true,"href":"https:\/\/elsol.ps.org.uy\/index.php\/wp-json\/"}],"wp:attachment":[{"href":"https:\/\/elsol.ps.org.uy\/index.php\/wp-json\/wp\/v2\/media?parent=13113"}],"wp:term":[{"taxonomy":"category","embeddable":true,"href":"https:\/\/elsol.ps.org.uy\/index.php\/wp-json\/wp\/v2\/categories?post=13113"},{"taxonomy":"post_tag","embeddable":true,"href":"https:\/\/elsol.ps.org.uy\/index.php\/wp-json\/wp\/v2\/tags?post=13113"}],"curies":[{"name":"wp","href":"https:\/\/api.w.org\/{rel}","templated":true}]}}