{"id":13138,"date":"2023-09-08T07:08:47","date_gmt":"2023-09-08T10:08:47","guid":{"rendered":"https:\/\/ps.org.uy\/?p=13138"},"modified":"2023-09-08T07:08:47","modified_gmt":"2023-09-08T10:08:47","slug":"el-partido-socialista-y-el-plebiscito-por-la-seguridad-social-declaracion-publica","status":"publish","type":"post","link":"https:\/\/elsol.ps.org.uy\/index.php\/2023\/09\/08\/el-partido-socialista-y-el-plebiscito-por-la-seguridad-social-declaracion-publica\/","title":{"rendered":"El Partido Socialista y el plebiscito por la seguridad social &#8211; Declaraci\u00f3n P\u00fablica"},"content":{"rendered":"<blockquote><p><b>EL PARTIDO SOCIALISTA Y EL PLEBISCITO POR LA SEGURIDAD SOCIAL\u00a0<\/b><\/p><\/blockquote>\n<p>&nbsp;<\/p>\n<p><b>El Comit\u00e9 Ejecutivo Nacional del Partido Socialista reunido en el d\u00eda de la fecha, declara:<\/b><\/p>\n<p><span style=\"font-size: 1rem;\">1. Las y los socialistas siempre hemos defendido la importancia de la participaci\u00f3n directa de la ciudadan\u00eda en la toma de decisiones relevantes para el pa\u00eds. Estamos convencidos y convencidas de que no es posible transitar un camino de transformaciones profundas a favor del pueblo sin el involucramiento del pueblo mismo.\u00a0<\/span><\/p>\n<p><i><span style=\"font-weight: 400;\">\u201cNada sobre nosotros sin nosotros\u201d<\/span><\/i><span style=\"font-weight: 400;\"> dice una vieja m\u00e1xima que consideramos totalmente vigente.\u00a0<\/span><\/p>\n<p><span style=\"font-weight: 400;\">Por eso <\/span><b>alentamos el uso de instrumentos<\/b> de<b> democracia directa<\/b> <b>y no aceptamos la idea de que determinados temas est\u00e9n vedados al pronunciamiento democr\u00e1tico de la ciudadan\u00eda.<\/b><span style=\"font-weight: 400;\">\u00a0<\/span><\/p>\n<p><span style=\"font-weight: 400;\">A su vez <\/span><b>nuestra concepci\u00f3n de republicanismo c\u00edvico nos lleva a afirmar el poder de la ciudadan\u00eda por sobre el poder econ\u00f3mico, tecnocr\u00e1tico o corporativo de cualquier tipo<\/b><span style=\"font-weight: 400;\">, y a considerar los debates sobre la Constituci\u00f3n de la Rep\u00fablica como debates centrales para la democracia.<\/span><\/p>\n<p><span style=\"font-weight: 400;\">2. En este marco <\/span><b style=\"font-size: 1rem;\">hemos sostenido y seguimos sosteniendo la necesidad de promover una reforma integral de la Constituci\u00f3n <\/b><span style=\"font-weight: 400;\">tendiente a desmercantilizar bienes comunes injustamente controlados por \u00e9lites de poder, a abrir mayores espacios de participaci\u00f3n y a garantizar derechos sociales. Todas las iniciativas que avancen en esa direcci\u00f3n son para nosotros y nosotras bienvenidas. <\/span><\/p>\n<p>3. En<b style=\"font-size: 1rem;\"> relaci\u00f3n al debate que transita el pa\u00eds sobre seguridad social reafirmamos la resoluci\u00f3n de nuestro Comit\u00e9 Central del pasado 24 de junio<\/b><span style=\"font-weight: 400;\">: \u201c<\/span><i style=\"font-size: 1rem;\">el Partido Socialista se expresa a favor de impulsar un recurso de democracia directa, en este caso un plebiscito constitucional junto con la pr\u00f3xima elecci\u00f3n nacional. Nuestro Partido plante\u00f3 en su momento la posici\u00f3n de no votar ning\u00fan articulo de la reforma regresiva del gobierno, siendo su postura minoritaria dentro del Frente Amplio. Hoy consideramos que es imprescindible establecer en la Constituci\u00f3n de la Rep\u00fablica garant\u00edas para que, adem\u00e1s de desmontar los retrocesos consumados en los \u00faltimos meses, se vaya m\u00e1s a fondo, modificando aspectos estructurales del sistema. Esto colocar\u00eda al movimiento popular en una posici\u00f3n propositiva y de avance. En ese sentido \u2013 y en funci\u00f3n de las resoluciones que hemos adoptado e impulsado durante a\u00f1os \u2013 <\/i><b style=\"font-size: 1rem;\"><i>nos manifestamos a favor de plebiscitar una propuesta con contenidos, que defina que no se puede obligar a las y los trabajadores uruguayos a trabajar m\u00e1s all\u00e1 de los 60 a\u00f1os para jubilarse, elimine las AFAP con sus componentes individualistas y de lucro, garantice una mejora en las jubilaciones y pensiones m\u00ednimas, y ampl\u00ede las posibilidades de participaci\u00f3n de la ciudadan\u00eda en la toma de decisiones sobre temas de seguridad social<\/i><\/b><i style=\"font-size: 1rem;\">.<\/i><span style=\"font-weight: 400;\">\u201d<\/span><\/p>\n<p><span style=\"font-weight: 400;\">Al respecto no puede aducirse que las discusiones sobre los principios y la organizaci\u00f3n del sistema de seguridad social, sobre c\u00f3mo se administran sus fondos o sobre el tiempo de vida que destinamos a trabajar, son menores o poco pertinentes. En estos debates la participaci\u00f3n nunca sobra ni es un problema. En los mismos <\/span><b>la diversidad de opiniones y el intercambio honesto y argumentado -dentro del movimiento popular y en la sociedad en general- tampoco es una debilidad sino una fortaleza<\/b><span style=\"font-weight: 400;\">. <\/span><\/p>\n<p><span style=\"font-weight: 400;\">4. La oposici\u00f3n de las y los socialistas a la intervenci\u00f3n del capital financiero en la seguridad social, al lucro con los aportes de las y los trabajadores, a la erosi\u00f3n del sistema solidario, al aumento de la edad jubilatoria como variable de ajuste, es ampliamente conocida. <\/span><b style=\"font-size: 1rem;\">La historia <\/b><span style=\"font-weight: 400;\">adem\u00e1s<\/span><b style=\"font-size: 1rem;\"> ha demostrado que el negocio de algunas pocas corporaciones<\/b><span style=\"font-weight: 400;\"> -asegurado por el Estado y con recursos extra\u00eddos de los trabajadores- <\/span><b style=\"font-size: 1rem;\">no resuelve la sustentabilidad del sistema y a su vez tiene como contracara un p\u00e9simo resultado para las mayor\u00edas<\/b><span style=\"font-weight: 400;\">. <\/span><b style=\"font-size: 1rem;\">Por eso varios pa\u00edses del mundo han desmontado este tipo de reg\u00edmenes.\u00a0<\/b><\/p>\n<p><b>Debemos ser claros: no es cierto que los trabajadores dispongamos hoy libremente de esos recursos, por el contrario nos vemos obligados a destinar una parte de nuestros aportes jubilatorios para que terceros hagan dinero con ellos. Esa es la verdadera expropiaci\u00f3n de la que venimos siendo v\u00edctimas <\/b><span style=\"font-weight: 400;\">desde que se crearon las AFAP, y que ahora culmina con sus creadores restringiendo todav\u00eda m\u00e1s nuestras opciones, obligando a m\u00e1s personas a afiliarse y aumentando compulsivamente la edad jubilatoria.\u00a0<\/span><\/p>\n<p><span style=\"font-weight: 400;\">El aumento de la edad se argumenta falazmente en una raz\u00f3n demogr\u00e1fica, perdiendo de vista el impacto de estas decisiones sobre el acceso al trabajo de las nuevas generaciones, e ignorando que los enormes avances tecnol\u00f3gicos y sus frutos econ\u00f3micos deber\u00edan estar al servicio del ser humano, para que todas las personas podamos disfrutar del tiempo libre y de nuestra libertad sin estar coaccionados por tener que trabajar cada vez m\u00e1s a\u00f1os para poder vivir. <\/span><\/p>\n<p><span style=\"font-weight: 400;\">5. En funci\u00f3n de todo lo anterior <\/span><b style=\"font-size: 1rem;\">celebramos la decisi\u00f3n que con independencia pol\u00edtica ha tomado el movimiento sindical uruguayo<\/b><span style=\"font-weight: 400;\">, apoyada hoy por m\u00e1s del 70% de los integrantes de la Mesa Representativa Nacional Ampliada del PIT-CNT, de impulsar la recolecci\u00f3n de firmas para realizar un plebiscito constitucional que incluye tres puntos que consideramos prioritarios, que garantiza que ning\u00fan trabajador o trabajadora va a perder ni un solo peso y que eleva las jubilaciones y pensiones m\u00e1s bajas.<\/span><\/p>\n<p><span style=\"font-weight: 400;\">6. Desde el punto de vista de nuestro Partido <\/span><b style=\"font-size: 1rem;\">esta propuesta ensancha el debate democr\u00e1tico y no es en absoluto contradictoria con la necesidad de que un pr\u00f3ximo gobierno impulse una reforma integral de la seguridad social<\/b><span style=\"font-weight: 400;\">. Por el contrario establece la base, justa y solidaria, sobre la que deber\u00e1 realizarse esa reforma que promover\u00e1 un futuro gobierno del Frente Amplio, por el que lucharemos con toda nuestra fuerza. A esos efectos <\/span><b style=\"font-size: 1rem;\">hemos hecho y seguiremos haciendo propuestas respecto de c\u00f3mo mejorar y financiar con criterios de justicia el sistema de seguridad y protecci\u00f3n social, terminando a su vez con cualquier r\u00e9gimen de privilegio. <\/b><\/p>\n<p><span style=\"font-weight: 400;\">7. La campa\u00f1a por las firmas y el plebiscito ser\u00e1 dura: tocar al capital financiero que ha ganado decenas de millones de d\u00f3lares a costa de las y los trabajadores, es mucho m\u00e1s que cuestionar una decisi\u00f3n puntual de un gobierno, es defender los derechos de la gente contra estructuras y factores muy poderosos que no permanecer\u00e1n pasivos y distorsionar\u00e1n la realidad. <\/span><b style=\"font-size: 1rem;\">Esta causa no es la causa de un partido pol\u00edtico, sino de todos los trabajadores y las trabajadoras del pa\u00eds. Desde el Partido Socialista comprometemos nuestro m\u00e1ximo esfuerzo militante para llevarla adelante. <\/b><\/p>\n<p><span style=\"font-size: 1rem;\">8. El pa\u00eds necesita de fuerzas sociales y pol\u00edticas, que dentro de sus autonom\u00edas y procesos, sean promotoras de cambios profundos, proponiendo y pronunci\u00e1ndose sin miedo sobre los temas que le importan a la gente y que impactan en la vida cotidiana de todas y de todos.\u00a0<\/span><\/p>\n<p><b>Las democracias se consolidan y se profundizan con estos debates<\/b><span style=\"font-weight: 400;\"> que cierran brechas entre quienes militamos social o pol\u00edticamente y nuestros vecinos y vecinas en cada pueblo y barrio del pa\u00eds.\u00a0<\/span><\/p>\n<p><span style=\"font-weight: 400;\">Se nos abre una gran pregunta: <\/span><b>\u00bffrente a los avances productivos, tecnol\u00f3gicos y cient\u00edficos vamos a aceptar que un pu\u00f1ado de personas y grupos econ\u00f3micos se sigan apropiando de lo que es de todos y todas, oblig\u00e1ndonos incluso a trabajar m\u00e1s a\u00f1os por menos dinero, o daremos una lucha abierta y colectiva por nuestros derechos y por una vida digna?\u00a0<\/b><\/p>\n<p>&nbsp;<\/p>\n<p><span style=\"font-weight: 400;\">Casa del Pueblo, 7 de setiembre de 2023<\/span><\/p>\n","protected":false},"excerpt":{"rendered":"EL PARTIDO SOCIALISTA Y EL PLEBISCITO POR LA SEGURIDAD SOCIAL\u00a0 &nbsp; El Comit\u00e9 Ejecutivo Nacional del Partido Socialista reunido en el d\u00eda de \n<a class=\"moretag\" href=\"https:\/\/elsol.ps.org.uy\/index.php\/2023\/09\/08\/el-partido-socialista-y-el-plebiscito-por-la-seguridad-social-declaracion-publica\/\"> [...]<\/a>","protected":false},"author":2,"featured_media":13139,"comment_status":"closed","ping_status":"closed","sticky":false,"template":"","format":"standard","meta":{"footnotes":""},"categories":[53,54,30,36,51,55,33,56],"tags":[52,29],"class_list":["post-13138","post","type-post","status-publish","format-standard","has-post-thumbnail","hentry","category-cen","category-declaracion","category-destacadas","category-el-sol","category-el-sol-no-35-setiembre-2023","category-institucional","category-noticias","category-plebiscito-seguridad-social","tag-comite-ejecutivo-nacional","tag-declaracion"],"yoast_head":"<!-- This site is optimized with the Yoast SEO plugin v27.4 - https:\/\/yoast.com\/product\/yoast-seo-wordpress\/ -->\n<title>El Partido Socialista y el plebiscito por la seguridad social - Declaraci\u00f3n P\u00fablica - El Sol<\/title>\n<meta name=\"robots\" content=\"index, follow, max-snippet:-1, max-image-preview:large, max-video-preview:-1\" \/>\n<link rel=\"canonical\" href=\"https:\/\/elsol.ps.org.uy\/index.php\/2023\/09\/08\/el-partido-socialista-y-el-plebiscito-por-la-seguridad-social-declaracion-publica\/\" \/>\n<meta property=\"og:locale\" content=\"es_ES\" \/>\n<meta property=\"og:type\" content=\"article\" \/>\n<meta property=\"og:title\" content=\"El Partido Socialista y el plebiscito por la seguridad social - Declaraci\u00f3n P\u00fablica - El Sol\" \/>\n<meta property=\"og:description\" content=\"EL PARTIDO SOCIALISTA Y EL PLEBISCITO POR LA SEGURIDAD SOCIAL\u00a0 &nbsp; El Comit\u00e9 Ejecutivo Nacional del Partido Socialista reunido en el d\u00eda de\" \/>\n<meta property=\"og:url\" content=\"https:\/\/elsol.ps.org.uy\/index.php\/2023\/09\/08\/el-partido-socialista-y-el-plebiscito-por-la-seguridad-social-declaracion-publica\/\" \/>\n<meta property=\"og:site_name\" content=\"El Sol\" \/>\n<meta property=\"article:published_time\" content=\"2023-09-08T10:08:47+00:00\" \/>\n<meta name=\"author\" content=\"El Sol\" \/>\n<meta name=\"twitter:card\" content=\"summary_large_image\" \/>\n<meta name=\"twitter:label1\" content=\"Escrito por\" \/>\n\t<meta name=\"twitter:data1\" content=\"El Sol\" \/>\n\t<meta name=\"twitter:label2\" content=\"Tiempo de lectura\" \/>\n\t<meta name=\"twitter:data2\" content=\"6 minutos\" \/>\n<script type=\"application\/ld+json\" class=\"yoast-schema-graph\">{\"@context\":\"https:\\\/\\\/schema.org\",\"@graph\":[{\"@type\":\"Article\",\"@id\":\"https:\\\/\\\/elsol.ps.org.uy\\\/index.php\\\/2023\\\/09\\\/08\\\/el-partido-socialista-y-el-plebiscito-por-la-seguridad-social-declaracion-publica\\\/#article\",\"isPartOf\":{\"@id\":\"https:\\\/\\\/elsol.ps.org.uy\\\/index.php\\\/2023\\\/09\\\/08\\\/el-partido-socialista-y-el-plebiscito-por-la-seguridad-social-declaracion-publica\\\/\"},\"author\":{\"name\":\"El Sol\",\"@id\":\"https:\\\/\\\/elsol.ps.org.uy\\\/#\\\/schema\\\/person\\\/9642a61f31473fe97857228bf33277f6\"},\"headline\":\"El Partido Socialista y el plebiscito por la seguridad social &#8211; Declaraci\u00f3n P\u00fablica\",\"datePublished\":\"2023-09-08T10:08:47+00:00\",\"mainEntityOfPage\":{\"@id\":\"https:\\\/\\\/elsol.ps.org.uy\\\/index.php\\\/2023\\\/09\\\/08\\\/el-partido-socialista-y-el-plebiscito-por-la-seguridad-social-declaracion-publica\\\/\"},\"wordCount\":1285,\"image\":{\"@id\":\"https:\\\/\\\/elsol.ps.org.uy\\\/index.php\\\/2023\\\/09\\\/08\\\/el-partido-socialista-y-el-plebiscito-por-la-seguridad-social-declaracion-publica\\\/#primaryimage\"},\"thumbnailUrl\":\"\",\"keywords\":[\"Comit\u00e9 Ejecutivo Nacional\",\"Declaraci\u00f3n\"],\"articleSection\":[\"Comit\u00e9 Ejecutivo Nacional\",\"Declaraci\u00f3n\",\"Destacadas\",\"El Sol\",\"El Sol \u2013 N\u00ba 35 \u2013 Setiembre 2023\",\"Institucional\",\"Noticias\",\"Plebiscito Seguridad Social\"],\"inLanguage\":\"es\"},{\"@type\":\"WebPage\",\"@id\":\"https:\\\/\\\/elsol.ps.org.uy\\\/index.php\\\/2023\\\/09\\\/08\\\/el-partido-socialista-y-el-plebiscito-por-la-seguridad-social-declaracion-publica\\\/\",\"url\":\"https:\\\/\\\/elsol.ps.org.uy\\\/index.php\\\/2023\\\/09\\\/08\\\/el-partido-socialista-y-el-plebiscito-por-la-seguridad-social-declaracion-publica\\\/\",\"name\":\"El Partido Socialista y el plebiscito por la seguridad social - Declaraci\u00f3n P\u00fablica - El Sol\",\"isPartOf\":{\"@id\":\"https:\\\/\\\/elsol.ps.org.uy\\\/#website\"},\"primaryImageOfPage\":{\"@id\":\"https:\\\/\\\/elsol.ps.org.uy\\\/index.php\\\/2023\\\/09\\\/08\\\/el-partido-socialista-y-el-plebiscito-por-la-seguridad-social-declaracion-publica\\\/#primaryimage\"},\"image\":{\"@id\":\"https:\\\/\\\/elsol.ps.org.uy\\\/index.php\\\/2023\\\/09\\\/08\\\/el-partido-socialista-y-el-plebiscito-por-la-seguridad-social-declaracion-publica\\\/#primaryimage\"},\"thumbnailUrl\":\"\",\"datePublished\":\"2023-09-08T10:08:47+00:00\",\"author\":{\"@id\":\"https:\\\/\\\/elsol.ps.org.uy\\\/#\\\/schema\\\/person\\\/9642a61f31473fe97857228bf33277f6\"},\"breadcrumb\":{\"@id\":\"https:\\\/\\\/elsol.ps.org.uy\\\/index.php\\\/2023\\\/09\\\/08\\\/el-partido-socialista-y-el-plebiscito-por-la-seguridad-social-declaracion-publica\\\/#breadcrumb\"},\"inLanguage\":\"es\",\"potentialAction\":[{\"@type\":\"ReadAction\",\"target\":[\"https:\\\/\\\/elsol.ps.org.uy\\\/index.php\\\/2023\\\/09\\\/08\\\/el-partido-socialista-y-el-plebiscito-por-la-seguridad-social-declaracion-publica\\\/\"]}]},{\"@type\":\"ImageObject\",\"inLanguage\":\"es\",\"@id\":\"https:\\\/\\\/elsol.ps.org.uy\\\/index.php\\\/2023\\\/09\\\/08\\\/el-partido-socialista-y-el-plebiscito-por-la-seguridad-social-declaracion-publica\\\/#primaryimage\",\"url\":\"\",\"contentUrl\":\"\"},{\"@type\":\"BreadcrumbList\",\"@id\":\"https:\\\/\\\/elsol.ps.org.uy\\\/index.php\\\/2023\\\/09\\\/08\\\/el-partido-socialista-y-el-plebiscito-por-la-seguridad-social-declaracion-publica\\\/#breadcrumb\",\"itemListElement\":[{\"@type\":\"ListItem\",\"position\":1,\"name\":\"Portada\",\"item\":\"https:\\\/\\\/elsol.ps.org.uy\\\/\"},{\"@type\":\"ListItem\",\"position\":2,\"name\":\"El Partido Socialista y el plebiscito por la seguridad social &#8211; Declaraci\u00f3n P\u00fablica\"}]},{\"@type\":\"WebSite\",\"@id\":\"https:\\\/\\\/elsol.ps.org.uy\\\/#website\",\"url\":\"https:\\\/\\\/elsol.ps.org.uy\\\/\",\"name\":\"El Sol\",\"description\":\"Organo del Partido Socialista - Frente Amplio\",\"potentialAction\":[{\"@type\":\"SearchAction\",\"target\":{\"@type\":\"EntryPoint\",\"urlTemplate\":\"https:\\\/\\\/elsol.ps.org.uy\\\/?s={search_term_string}\"},\"query-input\":{\"@type\":\"PropertyValueSpecification\",\"valueRequired\":true,\"valueName\":\"search_term_string\"}}],\"inLanguage\":\"es\"},{\"@type\":\"Person\",\"@id\":\"https:\\\/\\\/elsol.ps.org.uy\\\/#\\\/schema\\\/person\\\/9642a61f31473fe97857228bf33277f6\",\"name\":\"El Sol\",\"image\":{\"@type\":\"ImageObject\",\"inLanguage\":\"es\",\"@id\":\"https:\\\/\\\/secure.gravatar.com\\\/avatar\\\/e14a39081cff84ca4b5657918d3e15ebebf0ca4cee0bb3b81200271ee78d4b9c?s=96&d=mm&r=g\",\"url\":\"https:\\\/\\\/secure.gravatar.com\\\/avatar\\\/e14a39081cff84ca4b5657918d3e15ebebf0ca4cee0bb3b81200271ee78d4b9c?s=96&d=mm&r=g\",\"contentUrl\":\"https:\\\/\\\/secure.gravatar.com\\\/avatar\\\/e14a39081cff84ca4b5657918d3e15ebebf0ca4cee0bb3b81200271ee78d4b9c?s=96&d=mm&r=g\",\"caption\":\"El Sol\"},\"url\":\"https:\\\/\\\/elsol.ps.org.uy\\\/index.php\\\/author\\\/eugenia\\\/\"}]}<\/script>\n<!-- \/ Yoast SEO plugin. -->","yoast_head_json":{"title":"El Partido Socialista y el plebiscito por la seguridad social - Declaraci\u00f3n P\u00fablica - El Sol","robots":{"index":"index","follow":"follow","max-snippet":"max-snippet:-1","max-image-preview":"max-image-preview:large","max-video-preview":"max-video-preview:-1"},"canonical":"https:\/\/elsol.ps.org.uy\/index.php\/2023\/09\/08\/el-partido-socialista-y-el-plebiscito-por-la-seguridad-social-declaracion-publica\/","og_locale":"es_ES","og_type":"article","og_title":"El Partido Socialista y el plebiscito por la seguridad social - Declaraci\u00f3n P\u00fablica - El Sol","og_description":"EL PARTIDO SOCIALISTA Y EL PLEBISCITO POR LA SEGURIDAD SOCIAL\u00a0 &nbsp; El Comit\u00e9 Ejecutivo Nacional del Partido Socialista reunido en el d\u00eda de","og_url":"https:\/\/elsol.ps.org.uy\/index.php\/2023\/09\/08\/el-partido-socialista-y-el-plebiscito-por-la-seguridad-social-declaracion-publica\/","og_site_name":"El Sol","article_published_time":"2023-09-08T10:08:47+00:00","author":"El Sol","twitter_card":"summary_large_image","twitter_misc":{"Escrito por":"El Sol","Tiempo de lectura":"6 minutos"},"schema":{"@context":"https:\/\/schema.org","@graph":[{"@type":"Article","@id":"https:\/\/elsol.ps.org.uy\/index.php\/2023\/09\/08\/el-partido-socialista-y-el-plebiscito-por-la-seguridad-social-declaracion-publica\/#article","isPartOf":{"@id":"https:\/\/elsol.ps.org.uy\/index.php\/2023\/09\/08\/el-partido-socialista-y-el-plebiscito-por-la-seguridad-social-declaracion-publica\/"},"author":{"name":"El Sol","@id":"https:\/\/elsol.ps.org.uy\/#\/schema\/person\/9642a61f31473fe97857228bf33277f6"},"headline":"El Partido Socialista y el plebiscito por la seguridad social &#8211; Declaraci\u00f3n P\u00fablica","datePublished":"2023-09-08T10:08:47+00:00","mainEntityOfPage":{"@id":"https:\/\/elsol.ps.org.uy\/index.php\/2023\/09\/08\/el-partido-socialista-y-el-plebiscito-por-la-seguridad-social-declaracion-publica\/"},"wordCount":1285,"image":{"@id":"https:\/\/elsol.ps.org.uy\/index.php\/2023\/09\/08\/el-partido-socialista-y-el-plebiscito-por-la-seguridad-social-declaracion-publica\/#primaryimage"},"thumbnailUrl":"","keywords":["Comit\u00e9 Ejecutivo Nacional","Declaraci\u00f3n"],"articleSection":["Comit\u00e9 Ejecutivo Nacional","Declaraci\u00f3n","Destacadas","El Sol","El Sol \u2013 N\u00ba 35 \u2013 Setiembre 2023","Institucional","Noticias","Plebiscito Seguridad Social"],"inLanguage":"es"},{"@type":"WebPage","@id":"https:\/\/elsol.ps.org.uy\/index.php\/2023\/09\/08\/el-partido-socialista-y-el-plebiscito-por-la-seguridad-social-declaracion-publica\/","url":"https:\/\/elsol.ps.org.uy\/index.php\/2023\/09\/08\/el-partido-socialista-y-el-plebiscito-por-la-seguridad-social-declaracion-publica\/","name":"El Partido Socialista y el plebiscito por la seguridad social - Declaraci\u00f3n P\u00fablica - El Sol","isPartOf":{"@id":"https:\/\/elsol.ps.org.uy\/#website"},"primaryImageOfPage":{"@id":"https:\/\/elsol.ps.org.uy\/index.php\/2023\/09\/08\/el-partido-socialista-y-el-plebiscito-por-la-seguridad-social-declaracion-publica\/#primaryimage"},"image":{"@id":"https:\/\/elsol.ps.org.uy\/index.php\/2023\/09\/08\/el-partido-socialista-y-el-plebiscito-por-la-seguridad-social-declaracion-publica\/#primaryimage"},"thumbnailUrl":"","datePublished":"2023-09-08T10:08:47+00:00","author":{"@id":"https:\/\/elsol.ps.org.uy\/#\/schema\/person\/9642a61f31473fe97857228bf33277f6"},"breadcrumb":{"@id":"https:\/\/elsol.ps.org.uy\/index.php\/2023\/09\/08\/el-partido-socialista-y-el-plebiscito-por-la-seguridad-social-declaracion-publica\/#breadcrumb"},"inLanguage":"es","potentialAction":[{"@type":"ReadAction","target":["https:\/\/elsol.ps.org.uy\/index.php\/2023\/09\/08\/el-partido-socialista-y-el-plebiscito-por-la-seguridad-social-declaracion-publica\/"]}]},{"@type":"ImageObject","inLanguage":"es","@id":"https:\/\/elsol.ps.org.uy\/index.php\/2023\/09\/08\/el-partido-socialista-y-el-plebiscito-por-la-seguridad-social-declaracion-publica\/#primaryimage","url":"","contentUrl":""},{"@type":"BreadcrumbList","@id":"https:\/\/elsol.ps.org.uy\/index.php\/2023\/09\/08\/el-partido-socialista-y-el-plebiscito-por-la-seguridad-social-declaracion-publica\/#breadcrumb","itemListElement":[{"@type":"ListItem","position":1,"name":"Portada","item":"https:\/\/elsol.ps.org.uy\/"},{"@type":"ListItem","position":2,"name":"El Partido Socialista y el plebiscito por la seguridad social &#8211; Declaraci\u00f3n P\u00fablica"}]},{"@type":"WebSite","@id":"https:\/\/elsol.ps.org.uy\/#website","url":"https:\/\/elsol.ps.org.uy\/","name":"El Sol","description":"Organo del Partido Socialista - Frente Amplio","potentialAction":[{"@type":"SearchAction","target":{"@type":"EntryPoint","urlTemplate":"https:\/\/elsol.ps.org.uy\/?s={search_term_string}"},"query-input":{"@type":"PropertyValueSpecification","valueRequired":true,"valueName":"search_term_string"}}],"inLanguage":"es"},{"@type":"Person","@id":"https:\/\/elsol.ps.org.uy\/#\/schema\/person\/9642a61f31473fe97857228bf33277f6","name":"El Sol","image":{"@type":"ImageObject","inLanguage":"es","@id":"https:\/\/secure.gravatar.com\/avatar\/e14a39081cff84ca4b5657918d3e15ebebf0ca4cee0bb3b81200271ee78d4b9c?s=96&d=mm&r=g","url":"https:\/\/secure.gravatar.com\/avatar\/e14a39081cff84ca4b5657918d3e15ebebf0ca4cee0bb3b81200271ee78d4b9c?s=96&d=mm&r=g","contentUrl":"https:\/\/secure.gravatar.com\/avatar\/e14a39081cff84ca4b5657918d3e15ebebf0ca4cee0bb3b81200271ee78d4b9c?s=96&d=mm&r=g","caption":"El Sol"},"url":"https:\/\/elsol.ps.org.uy\/index.php\/author\/eugenia\/"}]}},"jetpack_featured_media_url":"","_links":{"self":[{"href":"https:\/\/elsol.ps.org.uy\/index.php\/wp-json\/wp\/v2\/posts\/13138","targetHints":{"allow":["GET"]}}],"collection":[{"href":"https:\/\/elsol.ps.org.uy\/index.php\/wp-json\/wp\/v2\/posts"}],"about":[{"href":"https:\/\/elsol.ps.org.uy\/index.php\/wp-json\/wp\/v2\/types\/post"}],"author":[{"embeddable":true,"href":"https:\/\/elsol.ps.org.uy\/index.php\/wp-json\/wp\/v2\/users\/2"}],"replies":[{"embeddable":true,"href":"https:\/\/elsol.ps.org.uy\/index.php\/wp-json\/wp\/v2\/comments?post=13138"}],"version-history":[{"count":0,"href":"https:\/\/elsol.ps.org.uy\/index.php\/wp-json\/wp\/v2\/posts\/13138\/revisions"}],"wp:featuredmedia":[{"embeddable":true,"href":"https:\/\/elsol.ps.org.uy\/index.php\/wp-json\/"}],"wp:attachment":[{"href":"https:\/\/elsol.ps.org.uy\/index.php\/wp-json\/wp\/v2\/media?parent=13138"}],"wp:term":[{"taxonomy":"category","embeddable":true,"href":"https:\/\/elsol.ps.org.uy\/index.php\/wp-json\/wp\/v2\/categories?post=13138"},{"taxonomy":"post_tag","embeddable":true,"href":"https:\/\/elsol.ps.org.uy\/index.php\/wp-json\/wp\/v2\/tags?post=13138"}],"curies":[{"name":"wp","href":"https:\/\/api.w.org\/{rel}","templated":true}]}}