{"id":13148,"date":"2023-09-13T12:11:28","date_gmt":"2023-09-13T15:11:28","guid":{"rendered":"https:\/\/ps.org.uy\/?p=13148"},"modified":"2024-02-28T15:52:30","modified_gmt":"2024-02-28T15:52:30","slug":"hechos-interpretaciones-chamuyo-y-alternativas","status":"publish","type":"post","link":"https:\/\/elsol.ps.org.uy\/index.php\/2023\/09\/13\/hechos-interpretaciones-chamuyo-y-alternativas\/","title":{"rendered":"Hechos, interpretaciones, chamuyo y alternativas"},"content":{"rendered":"<p style=\"text-align: right;\"><em>Escribe Federico P\u00e9rez C\u00e9spedes | Secretario de Comunicaci\u00f3n PS<\/em><\/p>\n<p>A pesar del t\u00edtulo, no vamos a desarrollar o discutir posturas filos\u00f3ficas&#8230; al menos no en una primera instancia. Vamos a pensar la posverdad, observarla en funcionamiento e intentar ver su relaci\u00f3n con los discursos de izquierda.<\/p>\n<p>Para poder realizar el cometido del primer p\u00e1rrafo necesitamos responder una pregunta b\u00e1sica: \u00bfqu\u00e9 es la posverdad?<span class=\"Apple-converted-space\">\u00a0<\/span><\/p>\n<p>Una definici\u00f3n bastante difundida sostiene que la posverdad es una distorsi\u00f3n premeditada de la realidad en la que se busca que primen las emociones y las creencias personales por encima de los hechos acaecidos, con la intenci\u00f3n de incidir sobre la opini\u00f3n p\u00fablica e influir en las actitudes sociales. Por lo tanto, en el caso de la posverdad, no es relevante si un hecho sucedi\u00f3 o sucede, sino que lo importante es activar las emotividades para que un grupo especifico de personas confirme o no creencias que ya ten\u00eda previamente.<\/p>\n<p>Un caso muy obvio y conocido de esto son las fake news. Seguramente, todas y todos hayamos le\u00eddo o visto en los diferentes medios de comunicaci\u00f3n informes sobre las fake news y su impacto, por ejemplo, en las elecciones de Estados Unidos o Brasil. Pero las fake news no son solo eso. Funcionan en m\u00faltiples temas y escalas. Se utilizan webs, portales de noticias, radios, blogs, medios televisivos y redes para comunicar y viralizar noticias falsas en temas pol\u00edticos, sanitarios, conspirativos, etc. Tambi\u00e9n se utilizan cadenas por WhatsApp, Telegram, Facebook, u otras redes sociales para divulgar fake news en tem\u00e1ticas diversas, incluyendo t\u00f3picos m\u00e1s \u201cmicro\u201d como asuntos sindicales, temas pol\u00edticos regionales o locales y asuntos sociales. Esto \u00faltimo en ocasiones pasa desapercibido. Varias veces, en grupos con motivos pol\u00edticos, vemos como compa\u00f1eras o compa\u00f1eros comparten informaciones o reenv\u00edan mensajes que les llegaron sin comprobar su procedencia o veracidad justamente porque refieren a tem\u00e1ticas que sensibilizan o son de relevancia desde una perspectiva humanista.<\/p>\n<p>\u00bfQu\u00e9 peligro reviste compartir mensajes sin chequear su veracidad o si los mensajes se deb\u00edan o no compartir? Muchos. Desde entorpecer negociaciones con informaci\u00f3n falsa, trabar discusiones, llevar a compa\u00f1eras o compa\u00f1eros a cometer errores, caer en estafas, riesgos de muchos tipos.<span class=\"Apple-converted-space\">\u00a0<\/span><\/p>\n<p>Teniendo en cuenta lo anterior, si las fake news son el caso m\u00e1s obvio y conocido de posverdad \u00bfhay otros ejemplos? \u00bfd\u00f3nde podemos encontrarlos?<\/p>\n<p>En cualquier \u00e1mbito de nuestras vidas, escuchamos cotidianamente enunciados o afirmaciones que no se desprenden de alguna constataci\u00f3n emp\u00edrica. Eso por s\u00ed mismo no configura una acci\u00f3n posver\u00eddica. Todas y todos en alg\u00fan punto afirmamos intuiciones, impresiones, cosas de las que no tenemos seguridad. Las opiniones en todos los casos son un punto de vista sobre los m\u00faltiples posibles.<span class=\"Apple-converted-space\">\u00a0<\/span><\/p>\n<p>Sin embargo, en muchas oportunidades hay afirmaciones que no tienen sustento emp\u00edrico constatable, pero que s\u00ed cuentan con un trasfondo ideol\u00f3gico claro. Eso a priori no es algo negativo. En cambio, si a eso le agregamos la estrategia de repetirlas una y otra vez como una verdad revelada y a\u00fan m\u00e1s, la combinamos con la estrategia de trasladar la misma afirmaci\u00f3n a diferentes lugares donde se intercambie sobre la misma tem\u00e1tica o relacionadas, paulatinamente se puede ir construyendo una \u201cverdad\u201d sobre algo que es incomprobable o llanamente falso.<span class=\"Apple-converted-space\">\u00a0<\/span><\/p>\n<p>La repetici\u00f3n o viralizaci\u00f3n de enunciados o conceptos sin fundamentos \u2013o que no se desprenden de ning\u00fan hecho comprobable- es una de las partes de la posverdad. Otra de las partes m\u00e1s relevantes es el sesgo de confirmaci\u00f3n.<\/p>\n<p>\u00bfQu\u00e9 es el sesgo de confirmaci\u00f3n?<\/p>\n<p>El sesgo de confirmaci\u00f3n es una tendencia en las personas a acercarse a informaci\u00f3n que respalde o asevere cosas que ya sent\u00edan o pensaban previamente. Esta tendencia tambi\u00e9n provoca que interpretemos la evidencia f\u00e1ctica en algunos casos m\u00e1s flexiblemente, de modo que la conclusi\u00f3n apoye nuestras expectativas, creencias o hip\u00f3tesis previas. En s\u00edntesis, mediante este sesgo buscamos informaci\u00f3n exclusivamente en lugares que sean favorables a nuestras ideas o posturas y al mismo tiempo somos menos cr\u00edticos o met\u00f3dicos para comprobar la veracidad o procedencia de la informaci\u00f3n que confirma lo que ya pens\u00e1bamos.<\/p>\n<p>El puzzle se completa por s\u00ed mismo. Tenemos en primer lugar la repetici\u00f3n o viralizaci\u00f3n de afirmaciones no contrastadas en los hechos, y en segundo lugar una tendencia a confirmar lo pensado a priori con cierta facilidad. Al mismo tiempo, la elecci\u00f3n de lugares donde buscar informaci\u00f3n, y c\u00f3mo esa informaci\u00f3n se brinda en esos lugares tambi\u00e9n se vincula al sesgo de confirmaci\u00f3n.<\/p>\n<p>Entonces \u00bfnos encontramos con afirmaciones o conceptos posver\u00eddicos en nuestras militancias? Es discutible. Tenemos que pararnos a analizar la multiplicidad de informaciones y afirmaciones que recibimos todos los d\u00edas. \u00bfD\u00f3nde nos informamos?, \u00bfc\u00f3mo construimos nuestros argumentos?, \u00bfcontrastamos lo que leemos en diferentes fuentes? \u00bfcuando queremos justificar una posici\u00f3n repetimos alg\u00fan enunciado que hayamos escuchado muchas veces o intentamos construir una formulaci\u00f3n propia? Son muchas las preguntas, pero hay algunos ejemplos macro y micro.<span class=\"Apple-converted-space\">\u00a0<\/span><\/p>\n<p>M\u00e1s all\u00e1 de la reflexi\u00f3n propuesta, el campo de la lucha por la hegemon\u00eda cultural nos puede dar un ejemplo de lo que venimos desarrollando. Para nosotras y nosotros, que somos socialistas y sostenemos una postura poscapitalista, el problema del realismo capitalista nos enciende un sinf\u00edn de alarmas. En este caso, a la luz de los conceptos vertidos anteriormente, la internalizaci\u00f3n y reproducci\u00f3n discursiva del realismo capitalista se construye como un hecho posver\u00eddico. Escuchamos en los espacios que transitamos afirmaciones del tipo: \u201clas elecciones se ganan en el centro\u201d, \u201cyo soy realista entonces pienso en medidas reales\u201d, \u201clo \u00fanico que podemos hacer es gestionar bien y distribuir un poco mejor\u201d, \u201cla estrategia es irse hacia el centro\u201d. \u00bfDe d\u00f3nde salen estas afirmaciones? \u00bfEst\u00e1n comprobadas? \u00bfCu\u00e1les son los casos concretos de los que se desprenden?<span class=\"Apple-converted-space\">\u00a0 <\/span>Se repiten una y otra vez en m\u00faltiples subespacios del universo militante. Se hacen pasar por algo concreto, tangible, \u201creal\u201d, pero por el contrario esconden una firme y clara postura ideol\u00f3gica. Estas afirmaciones sin correlato emp\u00edrico entran en el universo discursivo de las esferas militantes, se repiten, y lentamente se van internalizando, constituyendo para algunas y algunos una verdad inequ\u00edvoca. Este es uno de los ejemplos m\u00e1s macro. Tambi\u00e9n hay cuestiones m\u00e1s micro o cotidianas que tienen que ver, por ejemplo, en c\u00f3mo ganar o no elecciones, en qu\u00e9 candidata\/o es mejor o no porque habla de tal o cual manera o naci\u00f3 en tal o cu\u00e1l lado, o en qu\u00e9 hacer o no para ganar elecciones o modificar normativas.<\/p>\n<p>Por otro lado, complementando lo anterior, el sesgo de confirmaci\u00f3n en algunos casos tambi\u00e9n act\u00faa en conjunto con el doble flujo comunicativo. \u00bfQu\u00e9 es el doble flujo de la comunicaci\u00f3n?<\/p>\n<p>El doble flujo en la comunicaci\u00f3n es una teor\u00eda que sostiene que la comunicaci\u00f3n medi\u00e1tica funciona en dos pasos. En una primera instancia la comunicaci\u00f3n llega a personas que por sus caracter\u00edsticas -carisma, liderazgo, fiabilidad, poder de convencimiento, locuacidad- son l\u00edderes de opini\u00f3n. En segunda instancia, son estos l\u00edderes quienes terminan informando a otras personas que tienen un contacto menos directo con la informaci\u00f3n. Los l\u00edderes de opini\u00f3n en ocasiones se convierten en la fuente de informaci\u00f3n m\u00e1s cercana a algunas personas y todo lo que diga este l\u00edder de opini\u00f3n puede pasar por verdad absoluta por el sesgo de confirmaci\u00f3n.<\/p>\n<p>Vemos a trav\u00e9s de lo que reflexionamos, que se delinea una circularidad un tanto oscura. La complejidad, dinamismo y sobreoferta en la informaci\u00f3n disponible nos resulta abrumadora; y la oferta enga\u00f1osa y sesgo acr\u00edtico de confirmaci\u00f3n nos limita en las opciones. \u00bfTenemos alternativas? \u00bfPodemos construir un modelo de comunicaci\u00f3n que pueda circular flujos m\u00e1s inclusivos y extensos? \u00bfQu\u00e9 compromisos requiere la apuesta a una comunicaci\u00f3n cr\u00edtica y popular?<\/p>\n<p>Otra comunicaci\u00f3n es posible. Para eso se necesita de todas y todos. Tanto en c\u00f3mo construimos comunicaci\u00f3n, como en qu\u00e9 forma la compartimos y la hacemos circular. Si nuestro proyecto pol\u00edtico busca convertirse en un proyecto emancipador de las grandes mayor\u00edas, necesita construir un veh\u00edculo de expresi\u00f3n, alcance y representaci\u00f3n de las distintas subjetividades. Es menester que se erija sin reproducci\u00f3n acr\u00edtica ni posverdades. Para ello la comunicaci\u00f3n popular no puede construirse desde las normas est\u00e9ticas-t\u00f3picas de la comunicaci\u00f3n en funci\u00f3n del mercado. Es fundamental que subvierta y atraviese los compartimientos estancos de los modos est\u00e9ticos congelados reproducidos por los medios hegem\u00f3nicos. Al mismo tiempo, es vital que se sostenga en una \u00e9tica realmente transformadora.<\/p>\n<p>El desaf\u00edo es como siempre, pensar, debatir y construir.<\/p>\n","protected":false},"excerpt":{"rendered":"Escribe Federico P\u00e9rez C\u00e9spedes | Secretario de Comunicaci\u00f3n PS A pesar del t\u00edtulo, no vamos a desarrollar o discutir posturas filos\u00f3ficas&#8230; al menos \n<a class=\"moretag\" href=\"https:\/\/elsol.ps.org.uy\/index.php\/2023\/09\/13\/hechos-interpretaciones-chamuyo-y-alternativas\/\"> [...]<\/a>","protected":false},"author":2,"featured_media":13555,"comment_status":"closed","ping_status":"closed","sticky":false,"template":"","format":"standard","meta":{"footnotes":""},"categories":[36,51,61,1],"tags":[],"class_list":["post-13148","post","type-post","status-publish","format-standard","has-post-thumbnail","hentry","category-el-sol","category-el-sol-no-35-setiembre-2023","category-federico-perez-cespedes","category-nacional"],"yoast_head":"<!-- This site is optimized with the Yoast SEO plugin v27.5 - https:\/\/yoast.com\/product\/yoast-seo-wordpress\/ -->\n<title>Hechos, interpretaciones, chamuyo y alternativas - El Sol<\/title>\n<meta name=\"robots\" content=\"index, follow, max-snippet:-1, max-image-preview:large, max-video-preview:-1\" \/>\n<link rel=\"canonical\" href=\"https:\/\/elsol.ps.org.uy\/index.php\/2023\/09\/13\/hechos-interpretaciones-chamuyo-y-alternativas\/\" \/>\n<meta property=\"og:locale\" content=\"es_ES\" \/>\n<meta property=\"og:type\" content=\"article\" \/>\n<meta property=\"og:title\" content=\"Hechos, interpretaciones, chamuyo y alternativas - El Sol\" \/>\n<meta property=\"og:description\" content=\"Escribe Federico P\u00e9rez C\u00e9spedes | Secretario de Comunicaci\u00f3n PS A pesar del t\u00edtulo, no vamos a desarrollar o discutir posturas filos\u00f3ficas&#8230; al menos\" \/>\n<meta property=\"og:url\" content=\"https:\/\/elsol.ps.org.uy\/index.php\/2023\/09\/13\/hechos-interpretaciones-chamuyo-y-alternativas\/\" \/>\n<meta property=\"og:site_name\" content=\"El Sol\" \/>\n<meta property=\"article:published_time\" content=\"2023-09-13T15:11:28+00:00\" \/>\n<meta property=\"article:modified_time\" content=\"2024-02-28T15:52:30+00:00\" \/>\n<meta property=\"og:image\" content=\"https:\/\/elsol.ps.org.uy\/wp-content\/uploads\/2023\/09\/Hechos-interpretaciones-chamuyo-y-alternativas.jpeg\" \/>\n\t<meta property=\"og:image:width\" content=\"735\" \/>\n\t<meta property=\"og:image:height\" content=\"400\" \/>\n\t<meta property=\"og:image:type\" content=\"image\/jpeg\" \/>\n<meta name=\"author\" content=\"El Sol\" \/>\n<meta name=\"twitter:card\" content=\"summary_large_image\" \/>\n<meta name=\"twitter:label1\" content=\"Escrito por\" \/>\n\t<meta name=\"twitter:data1\" content=\"El Sol\" \/>\n\t<meta name=\"twitter:label2\" content=\"Tiempo de lectura\" \/>\n\t<meta name=\"twitter:data2\" content=\"7 minutos\" \/>\n<script type=\"application\/ld+json\" class=\"yoast-schema-graph\">{\"@context\":\"https:\\\/\\\/schema.org\",\"@graph\":[{\"@type\":\"Article\",\"@id\":\"https:\\\/\\\/elsol.ps.org.uy\\\/index.php\\\/2023\\\/09\\\/13\\\/hechos-interpretaciones-chamuyo-y-alternativas\\\/#article\",\"isPartOf\":{\"@id\":\"https:\\\/\\\/elsol.ps.org.uy\\\/index.php\\\/2023\\\/09\\\/13\\\/hechos-interpretaciones-chamuyo-y-alternativas\\\/\"},\"author\":{\"name\":\"El Sol\",\"@id\":\"https:\\\/\\\/elsol.ps.org.uy\\\/#\\\/schema\\\/person\\\/9642a61f31473fe97857228bf33277f6\"},\"headline\":\"Hechos, interpretaciones, chamuyo y alternativas\",\"datePublished\":\"2023-09-13T15:11:28+00:00\",\"dateModified\":\"2024-02-28T15:52:30+00:00\",\"mainEntityOfPage\":{\"@id\":\"https:\\\/\\\/elsol.ps.org.uy\\\/index.php\\\/2023\\\/09\\\/13\\\/hechos-interpretaciones-chamuyo-y-alternativas\\\/\"},\"wordCount\":1532,\"image\":{\"@id\":\"https:\\\/\\\/elsol.ps.org.uy\\\/index.php\\\/2023\\\/09\\\/13\\\/hechos-interpretaciones-chamuyo-y-alternativas\\\/#primaryimage\"},\"thumbnailUrl\":\"https:\\\/\\\/elsol.ps.org.uy\\\/wp-content\\\/uploads\\\/2023\\\/09\\\/Hechos-interpretaciones-chamuyo-y-alternativas.jpeg\",\"articleSection\":[\"El Sol\",\"El Sol \u2013 N\u00ba 35 \u2013 Setiembre 2023\",\"Federico P\u00e9rez C\u00e9spedes\",\"Nacional\"],\"inLanguage\":\"es\"},{\"@type\":\"WebPage\",\"@id\":\"https:\\\/\\\/elsol.ps.org.uy\\\/index.php\\\/2023\\\/09\\\/13\\\/hechos-interpretaciones-chamuyo-y-alternativas\\\/\",\"url\":\"https:\\\/\\\/elsol.ps.org.uy\\\/index.php\\\/2023\\\/09\\\/13\\\/hechos-interpretaciones-chamuyo-y-alternativas\\\/\",\"name\":\"Hechos, interpretaciones, chamuyo y alternativas - El Sol\",\"isPartOf\":{\"@id\":\"https:\\\/\\\/elsol.ps.org.uy\\\/#website\"},\"primaryImageOfPage\":{\"@id\":\"https:\\\/\\\/elsol.ps.org.uy\\\/index.php\\\/2023\\\/09\\\/13\\\/hechos-interpretaciones-chamuyo-y-alternativas\\\/#primaryimage\"},\"image\":{\"@id\":\"https:\\\/\\\/elsol.ps.org.uy\\\/index.php\\\/2023\\\/09\\\/13\\\/hechos-interpretaciones-chamuyo-y-alternativas\\\/#primaryimage\"},\"thumbnailUrl\":\"https:\\\/\\\/elsol.ps.org.uy\\\/wp-content\\\/uploads\\\/2023\\\/09\\\/Hechos-interpretaciones-chamuyo-y-alternativas.jpeg\",\"datePublished\":\"2023-09-13T15:11:28+00:00\",\"dateModified\":\"2024-02-28T15:52:30+00:00\",\"author\":{\"@id\":\"https:\\\/\\\/elsol.ps.org.uy\\\/#\\\/schema\\\/person\\\/9642a61f31473fe97857228bf33277f6\"},\"breadcrumb\":{\"@id\":\"https:\\\/\\\/elsol.ps.org.uy\\\/index.php\\\/2023\\\/09\\\/13\\\/hechos-interpretaciones-chamuyo-y-alternativas\\\/#breadcrumb\"},\"inLanguage\":\"es\",\"potentialAction\":[{\"@type\":\"ReadAction\",\"target\":[\"https:\\\/\\\/elsol.ps.org.uy\\\/index.php\\\/2023\\\/09\\\/13\\\/hechos-interpretaciones-chamuyo-y-alternativas\\\/\"]}]},{\"@type\":\"ImageObject\",\"inLanguage\":\"es\",\"@id\":\"https:\\\/\\\/elsol.ps.org.uy\\\/index.php\\\/2023\\\/09\\\/13\\\/hechos-interpretaciones-chamuyo-y-alternativas\\\/#primaryimage\",\"url\":\"https:\\\/\\\/elsol.ps.org.uy\\\/wp-content\\\/uploads\\\/2023\\\/09\\\/Hechos-interpretaciones-chamuyo-y-alternativas.jpeg\",\"contentUrl\":\"https:\\\/\\\/elsol.ps.org.uy\\\/wp-content\\\/uploads\\\/2023\\\/09\\\/Hechos-interpretaciones-chamuyo-y-alternativas.jpeg\",\"width\":735,\"height\":400},{\"@type\":\"BreadcrumbList\",\"@id\":\"https:\\\/\\\/elsol.ps.org.uy\\\/index.php\\\/2023\\\/09\\\/13\\\/hechos-interpretaciones-chamuyo-y-alternativas\\\/#breadcrumb\",\"itemListElement\":[{\"@type\":\"ListItem\",\"position\":1,\"name\":\"Portada\",\"item\":\"https:\\\/\\\/elsol.ps.org.uy\\\/\"},{\"@type\":\"ListItem\",\"position\":2,\"name\":\"Hechos, interpretaciones, chamuyo y alternativas\"}]},{\"@type\":\"WebSite\",\"@id\":\"https:\\\/\\\/elsol.ps.org.uy\\\/#website\",\"url\":\"https:\\\/\\\/elsol.ps.org.uy\\\/\",\"name\":\"El Sol\",\"description\":\"Organo del Partido Socialista - Frente Amplio\",\"potentialAction\":[{\"@type\":\"SearchAction\",\"target\":{\"@type\":\"EntryPoint\",\"urlTemplate\":\"https:\\\/\\\/elsol.ps.org.uy\\\/?s={search_term_string}\"},\"query-input\":{\"@type\":\"PropertyValueSpecification\",\"valueRequired\":true,\"valueName\":\"search_term_string\"}}],\"inLanguage\":\"es\"},{\"@type\":\"Person\",\"@id\":\"https:\\\/\\\/elsol.ps.org.uy\\\/#\\\/schema\\\/person\\\/9642a61f31473fe97857228bf33277f6\",\"name\":\"El Sol\",\"image\":{\"@type\":\"ImageObject\",\"inLanguage\":\"es\",\"@id\":\"https:\\\/\\\/secure.gravatar.com\\\/avatar\\\/e14a39081cff84ca4b5657918d3e15ebebf0ca4cee0bb3b81200271ee78d4b9c?s=96&d=mm&r=g\",\"url\":\"https:\\\/\\\/secure.gravatar.com\\\/avatar\\\/e14a39081cff84ca4b5657918d3e15ebebf0ca4cee0bb3b81200271ee78d4b9c?s=96&d=mm&r=g\",\"contentUrl\":\"https:\\\/\\\/secure.gravatar.com\\\/avatar\\\/e14a39081cff84ca4b5657918d3e15ebebf0ca4cee0bb3b81200271ee78d4b9c?s=96&d=mm&r=g\",\"caption\":\"El Sol\"},\"url\":\"https:\\\/\\\/elsol.ps.org.uy\\\/index.php\\\/author\\\/eugenia\\\/\"}]}<\/script>\n<!-- \/ Yoast SEO plugin. -->","yoast_head_json":{"title":"Hechos, interpretaciones, chamuyo y alternativas - El Sol","robots":{"index":"index","follow":"follow","max-snippet":"max-snippet:-1","max-image-preview":"max-image-preview:large","max-video-preview":"max-video-preview:-1"},"canonical":"https:\/\/elsol.ps.org.uy\/index.php\/2023\/09\/13\/hechos-interpretaciones-chamuyo-y-alternativas\/","og_locale":"es_ES","og_type":"article","og_title":"Hechos, interpretaciones, chamuyo y alternativas - El Sol","og_description":"Escribe Federico P\u00e9rez C\u00e9spedes | Secretario de Comunicaci\u00f3n PS A pesar del t\u00edtulo, no vamos a desarrollar o discutir posturas filos\u00f3ficas&#8230; al menos","og_url":"https:\/\/elsol.ps.org.uy\/index.php\/2023\/09\/13\/hechos-interpretaciones-chamuyo-y-alternativas\/","og_site_name":"El Sol","article_published_time":"2023-09-13T15:11:28+00:00","article_modified_time":"2024-02-28T15:52:30+00:00","og_image":[{"width":735,"height":400,"url":"https:\/\/elsol.ps.org.uy\/wp-content\/uploads\/2023\/09\/Hechos-interpretaciones-chamuyo-y-alternativas.jpeg","type":"image\/jpeg"}],"author":"El Sol","twitter_card":"summary_large_image","twitter_misc":{"Escrito por":"El Sol","Tiempo de lectura":"7 minutos"},"schema":{"@context":"https:\/\/schema.org","@graph":[{"@type":"Article","@id":"https:\/\/elsol.ps.org.uy\/index.php\/2023\/09\/13\/hechos-interpretaciones-chamuyo-y-alternativas\/#article","isPartOf":{"@id":"https:\/\/elsol.ps.org.uy\/index.php\/2023\/09\/13\/hechos-interpretaciones-chamuyo-y-alternativas\/"},"author":{"name":"El Sol","@id":"https:\/\/elsol.ps.org.uy\/#\/schema\/person\/9642a61f31473fe97857228bf33277f6"},"headline":"Hechos, interpretaciones, chamuyo y alternativas","datePublished":"2023-09-13T15:11:28+00:00","dateModified":"2024-02-28T15:52:30+00:00","mainEntityOfPage":{"@id":"https:\/\/elsol.ps.org.uy\/index.php\/2023\/09\/13\/hechos-interpretaciones-chamuyo-y-alternativas\/"},"wordCount":1532,"image":{"@id":"https:\/\/elsol.ps.org.uy\/index.php\/2023\/09\/13\/hechos-interpretaciones-chamuyo-y-alternativas\/#primaryimage"},"thumbnailUrl":"https:\/\/elsol.ps.org.uy\/wp-content\/uploads\/2023\/09\/Hechos-interpretaciones-chamuyo-y-alternativas.jpeg","articleSection":["El Sol","El Sol \u2013 N\u00ba 35 \u2013 Setiembre 2023","Federico P\u00e9rez C\u00e9spedes","Nacional"],"inLanguage":"es"},{"@type":"WebPage","@id":"https:\/\/elsol.ps.org.uy\/index.php\/2023\/09\/13\/hechos-interpretaciones-chamuyo-y-alternativas\/","url":"https:\/\/elsol.ps.org.uy\/index.php\/2023\/09\/13\/hechos-interpretaciones-chamuyo-y-alternativas\/","name":"Hechos, interpretaciones, chamuyo y alternativas - El Sol","isPartOf":{"@id":"https:\/\/elsol.ps.org.uy\/#website"},"primaryImageOfPage":{"@id":"https:\/\/elsol.ps.org.uy\/index.php\/2023\/09\/13\/hechos-interpretaciones-chamuyo-y-alternativas\/#primaryimage"},"image":{"@id":"https:\/\/elsol.ps.org.uy\/index.php\/2023\/09\/13\/hechos-interpretaciones-chamuyo-y-alternativas\/#primaryimage"},"thumbnailUrl":"https:\/\/elsol.ps.org.uy\/wp-content\/uploads\/2023\/09\/Hechos-interpretaciones-chamuyo-y-alternativas.jpeg","datePublished":"2023-09-13T15:11:28+00:00","dateModified":"2024-02-28T15:52:30+00:00","author":{"@id":"https:\/\/elsol.ps.org.uy\/#\/schema\/person\/9642a61f31473fe97857228bf33277f6"},"breadcrumb":{"@id":"https:\/\/elsol.ps.org.uy\/index.php\/2023\/09\/13\/hechos-interpretaciones-chamuyo-y-alternativas\/#breadcrumb"},"inLanguage":"es","potentialAction":[{"@type":"ReadAction","target":["https:\/\/elsol.ps.org.uy\/index.php\/2023\/09\/13\/hechos-interpretaciones-chamuyo-y-alternativas\/"]}]},{"@type":"ImageObject","inLanguage":"es","@id":"https:\/\/elsol.ps.org.uy\/index.php\/2023\/09\/13\/hechos-interpretaciones-chamuyo-y-alternativas\/#primaryimage","url":"https:\/\/elsol.ps.org.uy\/wp-content\/uploads\/2023\/09\/Hechos-interpretaciones-chamuyo-y-alternativas.jpeg","contentUrl":"https:\/\/elsol.ps.org.uy\/wp-content\/uploads\/2023\/09\/Hechos-interpretaciones-chamuyo-y-alternativas.jpeg","width":735,"height":400},{"@type":"BreadcrumbList","@id":"https:\/\/elsol.ps.org.uy\/index.php\/2023\/09\/13\/hechos-interpretaciones-chamuyo-y-alternativas\/#breadcrumb","itemListElement":[{"@type":"ListItem","position":1,"name":"Portada","item":"https:\/\/elsol.ps.org.uy\/"},{"@type":"ListItem","position":2,"name":"Hechos, interpretaciones, chamuyo y alternativas"}]},{"@type":"WebSite","@id":"https:\/\/elsol.ps.org.uy\/#website","url":"https:\/\/elsol.ps.org.uy\/","name":"El Sol","description":"Organo del Partido Socialista - Frente Amplio","potentialAction":[{"@type":"SearchAction","target":{"@type":"EntryPoint","urlTemplate":"https:\/\/elsol.ps.org.uy\/?s={search_term_string}"},"query-input":{"@type":"PropertyValueSpecification","valueRequired":true,"valueName":"search_term_string"}}],"inLanguage":"es"},{"@type":"Person","@id":"https:\/\/elsol.ps.org.uy\/#\/schema\/person\/9642a61f31473fe97857228bf33277f6","name":"El Sol","image":{"@type":"ImageObject","inLanguage":"es","@id":"https:\/\/secure.gravatar.com\/avatar\/e14a39081cff84ca4b5657918d3e15ebebf0ca4cee0bb3b81200271ee78d4b9c?s=96&d=mm&r=g","url":"https:\/\/secure.gravatar.com\/avatar\/e14a39081cff84ca4b5657918d3e15ebebf0ca4cee0bb3b81200271ee78d4b9c?s=96&d=mm&r=g","contentUrl":"https:\/\/secure.gravatar.com\/avatar\/e14a39081cff84ca4b5657918d3e15ebebf0ca4cee0bb3b81200271ee78d4b9c?s=96&d=mm&r=g","caption":"El Sol"},"url":"https:\/\/elsol.ps.org.uy\/index.php\/author\/eugenia\/"}]}},"jetpack_featured_media_url":"https:\/\/elsol.ps.org.uy\/wp-content\/uploads\/2023\/09\/Hechos-interpretaciones-chamuyo-y-alternativas.jpeg","_links":{"self":[{"href":"https:\/\/elsol.ps.org.uy\/index.php\/wp-json\/wp\/v2\/posts\/13148","targetHints":{"allow":["GET"]}}],"collection":[{"href":"https:\/\/elsol.ps.org.uy\/index.php\/wp-json\/wp\/v2\/posts"}],"about":[{"href":"https:\/\/elsol.ps.org.uy\/index.php\/wp-json\/wp\/v2\/types\/post"}],"author":[{"embeddable":true,"href":"https:\/\/elsol.ps.org.uy\/index.php\/wp-json\/wp\/v2\/users\/2"}],"replies":[{"embeddable":true,"href":"https:\/\/elsol.ps.org.uy\/index.php\/wp-json\/wp\/v2\/comments?post=13148"}],"version-history":[{"count":1,"href":"https:\/\/elsol.ps.org.uy\/index.php\/wp-json\/wp\/v2\/posts\/13148\/revisions"}],"predecessor-version":[{"id":13556,"href":"https:\/\/elsol.ps.org.uy\/index.php\/wp-json\/wp\/v2\/posts\/13148\/revisions\/13556"}],"wp:featuredmedia":[{"embeddable":true,"href":"https:\/\/elsol.ps.org.uy\/index.php\/wp-json\/wp\/v2\/media\/13555"}],"wp:attachment":[{"href":"https:\/\/elsol.ps.org.uy\/index.php\/wp-json\/wp\/v2\/media?parent=13148"}],"wp:term":[{"taxonomy":"category","embeddable":true,"href":"https:\/\/elsol.ps.org.uy\/index.php\/wp-json\/wp\/v2\/categories?post=13148"},{"taxonomy":"post_tag","embeddable":true,"href":"https:\/\/elsol.ps.org.uy\/index.php\/wp-json\/wp\/v2\/tags?post=13148"}],"curies":[{"name":"wp","href":"https:\/\/api.w.org\/{rel}","templated":true}]}}