{"id":13198,"date":"2023-10-24T13:28:49","date_gmt":"2023-10-24T16:28:49","guid":{"rendered":"https:\/\/ps.org.uy\/?p=13198"},"modified":"2024-02-27T21:00:24","modified_gmt":"2024-02-27T21:00:24","slug":"karai-marangatu-versus-los-malla-oro","status":"publish","type":"post","link":"https:\/\/elsol.ps.org.uy\/index.php\/2023\/10\/24\/karai-marangatu-versus-los-malla-oro\/","title":{"rendered":"Kara\u00ed Marangat\u00fa versus \u201clos malla oro\u201d"},"content":{"rendered":"<p style=\"text-align: right;\"><em>Escribe Enzo Mal\u00e1n Castro &#8211; Diputado PS-FA por Sorian<\/em>o<\/p>\n<p>Hace unos d\u00edas me toc\u00f3 en un acto patrio recordar a Jos\u00e9 Gervasio Artigas Arnal. En ese acto me preguntaba \u00bfqu\u00e9 sabemos de \u00e9l? O si lo que sabemos es lo que conven\u00eda que supi\u00e9ramos\u2026<\/p>\n<p>Les invito a hacer un ejercicio de rescatar a Artigas del bronce,<span class=\"Apple-converted-space\">\u00a0 <\/span>de su elevaci\u00f3n a h\u00e9roe, que respondi\u00f3 a la necesidad de un pa\u00eds que necesitaba construir su idea de naci\u00f3n, de sentirse parte de un mismo proyecto.<span class=\"Apple-converted-space\">\u00a0<\/span><\/p>\n<p>Artigas reun\u00eda para los historiadores de aquel momento varias cualidades para ocupar ese lugar: representaba el sentir popular,<span class=\"Apple-converted-space\">\u00a0 <\/span>se identificaba con la vida del campo, pertenec\u00eda a una familia fundadora de Montevideo, era valiente, luchador contra los invasores del territorio y por la libertad del mismo.<\/p>\n<p>Por supuesto, en un pa\u00eds de enfrentamientos entre las divisas blanca y colorada, no era posible ubicarlo en ninguna de ellas, estaba por encima de las disputas partidarias.<span class=\"Apple-converted-space\">\u00a0<\/span><\/p>\n<p>As\u00ed naci\u00f3 y permaneci\u00f3 por mucho tiempo ese Artigas, inmaculado, ubicado en el altar de la patria, una expresi\u00f3n que el \u201cHimno a Artigas\u201d nos deja: \u201cPara la historia un genio, para la Patria un dios\u201d.<\/p>\n<p>Por mucho tiempo convivimos con ese h\u00e9roe de bronce en las plazas y con esa figura del cuadro de Blanes, un Artigas cruzado de brazos, vestido de blandengue, en la puerta de la ciudadela. Pero Artigas fue mucho m\u00e1s que eso.<\/p>\n<p>Por eso se enfrent\u00f3 a todos los poderes: a la espa\u00f1olista Montevideo, a la centralista Buenos Aires,<span class=\"Apple-converted-space\">\u00a0 <\/span>al imperialismo portugu\u00e9s y, cuando radicaliz\u00f3 sus posiciones, a los terratenientes orientales.<span class=\"Apple-converted-space\">\u00a0<\/span><\/p>\n<p>No hay m\u00e1s claro ejemplo de esto que el \u201cReglamento Provisorio de la Provincia Oriental para el Fomento de la Campa\u00f1a y Seguridad de sus hacendados\u201d de 1815, m\u00e1s conocido como el Reglamento de Tierras, proyecto de reforma agraria que prioriz\u00f3 a los criollos pobres, a los negros libres, a los zambos de igual clase y a los indios.<\/p>\n<p>De ah\u00ed viene la contundente sentencia \u201cLos infelices ser\u00e1n los m\u00e1s privilegiados\u201d. En tiempos en que se prioriza a los \u201cmalla oro\u201d, el marketing, el tener sobre el ser o la imagen sobre la realidad, es bueno recordarlo.<\/p>\n<p>Artigas impuls\u00f3 esta reforma, en un contexto de guerra, mientras pudo y varias familias pobres recibieron tierras para trabajarla. Despu\u00e9s las clases propietarias se encargaron de desmantelar el proyecto y despojarlas.<\/p>\n<p>Ese a\u00f1o de 1815 se realiz\u00f3 el Congreso de Oriente y es cuando las provincias de la Liga Federal, proclaman la independencia de Espa\u00f1a y nombran a Artigas como el \u201cProtector de los Pueblos Libres\u201d. Es quiz\u00e1s uno de los honores m\u00e1s grandes para un luchador por las libertades y las soberan\u00edas de los pueblos recibir ese reconocimiento: \u201cProtector de los Pueblos Libres\u201d.<\/p>\n<p>Ese Artigas radical, esencialmente revolucionario, en muchas \u00e9pocas ha sido inc\u00f3modo para el poder de turno, basta mencionar la inauguraci\u00f3n en 1977, en plena dictadura civil militar, del mausoleo de granito y bronce en la plaza Independencia de Montevideo.<\/p>\n<p>En el momento inaugural, en un marco de falta de libertades, se eligi\u00f3 ubicar en las paredes solo fechas de hechos importantes de la vida de Artigas y no sus frases m\u00e1s conocidas porque invocaban a la libertad y a los derechos, invocaban a la rep\u00fablica y no a la tiran\u00eda.<span class=\"Apple-converted-space\">\u00a0<\/span><\/p>\n<p>Esta estructura del mausoleo tiene poco que ver con el jefe de Purificaci\u00f3n que describe el comerciante escoces John Robertson que cuando se present\u00f3 ante Artigas en busca de permisos para comerciar lo vio (invito a imaginar la escena) \u201csentado en un cr\u00e1neo de novillo, junto al fog\u00f3n encendido en el piso del rancho, comiendo carne de un asador y bebiendo ginebra en guampa. Lo rodeaban una docena de oficiales mal vestidos, en posturas semejantes, y ocupados lo mismo que su jefe. Todos estaban fumando y charlando. El Protector dictaba a dos secretarios que ocupaban junto a una mesa de pino las dos \u00fanicas desvencijadas sillas con asiento de paja que hab\u00eda en la choza.\u201d Como sabemos Artigas muri\u00f3 en el Paraguay, alejado de su tierra, derrotado su proyecto, olvidado por muchos y despreciado por otros.<span class=\"Apple-converted-space\">\u00a0 <\/span>Fueron treinta a\u00f1os en Paraguay en que logr\u00f3 asentarse y vivir en comunidad, cercano a humildes guaran\u00edes que tambi\u00e9n vieron algo especial, porque lo llamaban \u201cKara\u00ed Marangat\u00fa\u201d, es decir el<span class=\"Apple-converted-space\">\u00a0 <\/span>\u201cpadre de los pobres\u201d.<\/p>\n<p>En fin, cuando escuchamos que alguien o un sector o partido decir que es \u201cartiguista\u201d\u2026 deber\u00edamos pensar si ser\u00e1 referido al Artigas del bronce y de las plazas o al Artigas que luch\u00f3 por las libertades, que prioriz\u00f3 los m\u00e1s infelices, que fue el padre de los pobres; el<span class=\"Apple-converted-space\">\u00a0 <\/span>Kara\u00ed Marangat\u00fa. Porque claramente son dos modelos distintos y tienen consecuencias cotidianas distintas.<\/p>\n","protected":false},"excerpt":{"rendered":"Escribe Enzo Mal\u00e1n Castro &#8211; Diputado PS-FA por Soriano Hace unos d\u00edas me toc\u00f3 en un acto patrio recordar a Jos\u00e9 Gervasio Artigas \n<a class=\"moretag\" href=\"https:\/\/elsol.ps.org.uy\/index.php\/2023\/10\/24\/karai-marangatu-versus-los-malla-oro\/\"> [...]<\/a>","protected":false},"author":2,"featured_media":13455,"comment_status":"closed","ping_status":"closed","sticky":false,"template":"","format":"standard","meta":{"footnotes":""},"categories":[30,36,57,65,1],"tags":[],"class_list":["post-13198","post","type-post","status-publish","format-standard","has-post-thumbnail","hentry","category-destacadas","category-el-sol","category-el-sol-no-36-octubre-2023","category-enzo-malan-castro","category-nacional"],"yoast_head":"<!-- This site is optimized with the Yoast SEO plugin v27.5 - https:\/\/yoast.com\/product\/yoast-seo-wordpress\/ -->\n<title>Kara\u00ed Marangat\u00fa versus \u201clos malla oro\u201d - El Sol<\/title>\n<meta name=\"robots\" content=\"index, follow, max-snippet:-1, max-image-preview:large, max-video-preview:-1\" \/>\n<link rel=\"canonical\" href=\"https:\/\/elsol.ps.org.uy\/index.php\/2023\/10\/24\/karai-marangatu-versus-los-malla-oro\/\" \/>\n<meta property=\"og:locale\" content=\"es_ES\" \/>\n<meta property=\"og:type\" content=\"article\" \/>\n<meta property=\"og:title\" content=\"Kara\u00ed Marangat\u00fa versus \u201clos malla oro\u201d - El Sol\" \/>\n<meta property=\"og:description\" content=\"Escribe Enzo Mal\u00e1n Castro &#8211; Diputado PS-FA por Soriano Hace unos d\u00edas me toc\u00f3 en un acto patrio recordar a Jos\u00e9 Gervasio Artigas\" \/>\n<meta property=\"og:url\" content=\"https:\/\/elsol.ps.org.uy\/index.php\/2023\/10\/24\/karai-marangatu-versus-los-malla-oro\/\" \/>\n<meta property=\"og:site_name\" content=\"El Sol\" \/>\n<meta property=\"article:published_time\" content=\"2023-10-24T16:28:49+00:00\" \/>\n<meta property=\"article:modified_time\" content=\"2024-02-27T21:00:24+00:00\" \/>\n<meta property=\"og:image\" content=\"https:\/\/elsol.ps.org.uy\/wp-content\/uploads\/2023\/10\/Karai-Marangatu-versus-los-malla-oro.png\" \/>\n\t<meta property=\"og:image:width\" content=\"735\" \/>\n\t<meta property=\"og:image:height\" content=\"360\" \/>\n\t<meta property=\"og:image:type\" content=\"image\/png\" \/>\n<meta name=\"author\" content=\"El Sol\" \/>\n<meta name=\"twitter:card\" content=\"summary_large_image\" \/>\n<meta name=\"twitter:label1\" content=\"Escrito por\" \/>\n\t<meta name=\"twitter:data1\" content=\"El Sol\" \/>\n\t<meta name=\"twitter:label2\" content=\"Tiempo de lectura\" \/>\n\t<meta name=\"twitter:data2\" content=\"4 minutos\" \/>\n<script type=\"application\/ld+json\" class=\"yoast-schema-graph\">{\"@context\":\"https:\\\/\\\/schema.org\",\"@graph\":[{\"@type\":\"Article\",\"@id\":\"https:\\\/\\\/elsol.ps.org.uy\\\/index.php\\\/2023\\\/10\\\/24\\\/karai-marangatu-versus-los-malla-oro\\\/#article\",\"isPartOf\":{\"@id\":\"https:\\\/\\\/elsol.ps.org.uy\\\/index.php\\\/2023\\\/10\\\/24\\\/karai-marangatu-versus-los-malla-oro\\\/\"},\"author\":{\"name\":\"El Sol\",\"@id\":\"https:\\\/\\\/elsol.ps.org.uy\\\/#\\\/schema\\\/person\\\/9642a61f31473fe97857228bf33277f6\"},\"headline\":\"Kara\u00ed Marangat\u00fa versus \u201clos malla oro\u201d\",\"datePublished\":\"2023-10-24T16:28:49+00:00\",\"dateModified\":\"2024-02-27T21:00:24+00:00\",\"mainEntityOfPage\":{\"@id\":\"https:\\\/\\\/elsol.ps.org.uy\\\/index.php\\\/2023\\\/10\\\/24\\\/karai-marangatu-versus-los-malla-oro\\\/\"},\"wordCount\":820,\"image\":{\"@id\":\"https:\\\/\\\/elsol.ps.org.uy\\\/index.php\\\/2023\\\/10\\\/24\\\/karai-marangatu-versus-los-malla-oro\\\/#primaryimage\"},\"thumbnailUrl\":\"https:\\\/\\\/elsol.ps.org.uy\\\/wp-content\\\/uploads\\\/2023\\\/10\\\/Karai-Marangatu-versus-los-malla-oro.png\",\"articleSection\":[\"Destacadas\",\"El Sol\",\"El Sol \u2013 N\u00ba 36 \u2013 Octubre 2023\",\"Enzo Mal\u00e1n Castro\",\"Nacional\"],\"inLanguage\":\"es\"},{\"@type\":\"WebPage\",\"@id\":\"https:\\\/\\\/elsol.ps.org.uy\\\/index.php\\\/2023\\\/10\\\/24\\\/karai-marangatu-versus-los-malla-oro\\\/\",\"url\":\"https:\\\/\\\/elsol.ps.org.uy\\\/index.php\\\/2023\\\/10\\\/24\\\/karai-marangatu-versus-los-malla-oro\\\/\",\"name\":\"Kara\u00ed Marangat\u00fa versus \u201clos malla oro\u201d - El Sol\",\"isPartOf\":{\"@id\":\"https:\\\/\\\/elsol.ps.org.uy\\\/#website\"},\"primaryImageOfPage\":{\"@id\":\"https:\\\/\\\/elsol.ps.org.uy\\\/index.php\\\/2023\\\/10\\\/24\\\/karai-marangatu-versus-los-malla-oro\\\/#primaryimage\"},\"image\":{\"@id\":\"https:\\\/\\\/elsol.ps.org.uy\\\/index.php\\\/2023\\\/10\\\/24\\\/karai-marangatu-versus-los-malla-oro\\\/#primaryimage\"},\"thumbnailUrl\":\"https:\\\/\\\/elsol.ps.org.uy\\\/wp-content\\\/uploads\\\/2023\\\/10\\\/Karai-Marangatu-versus-los-malla-oro.png\",\"datePublished\":\"2023-10-24T16:28:49+00:00\",\"dateModified\":\"2024-02-27T21:00:24+00:00\",\"author\":{\"@id\":\"https:\\\/\\\/elsol.ps.org.uy\\\/#\\\/schema\\\/person\\\/9642a61f31473fe97857228bf33277f6\"},\"breadcrumb\":{\"@id\":\"https:\\\/\\\/elsol.ps.org.uy\\\/index.php\\\/2023\\\/10\\\/24\\\/karai-marangatu-versus-los-malla-oro\\\/#breadcrumb\"},\"inLanguage\":\"es\",\"potentialAction\":[{\"@type\":\"ReadAction\",\"target\":[\"https:\\\/\\\/elsol.ps.org.uy\\\/index.php\\\/2023\\\/10\\\/24\\\/karai-marangatu-versus-los-malla-oro\\\/\"]}]},{\"@type\":\"ImageObject\",\"inLanguage\":\"es\",\"@id\":\"https:\\\/\\\/elsol.ps.org.uy\\\/index.php\\\/2023\\\/10\\\/24\\\/karai-marangatu-versus-los-malla-oro\\\/#primaryimage\",\"url\":\"https:\\\/\\\/elsol.ps.org.uy\\\/wp-content\\\/uploads\\\/2023\\\/10\\\/Karai-Marangatu-versus-los-malla-oro.png\",\"contentUrl\":\"https:\\\/\\\/elsol.ps.org.uy\\\/wp-content\\\/uploads\\\/2023\\\/10\\\/Karai-Marangatu-versus-los-malla-oro.png\",\"width\":735,\"height\":360},{\"@type\":\"BreadcrumbList\",\"@id\":\"https:\\\/\\\/elsol.ps.org.uy\\\/index.php\\\/2023\\\/10\\\/24\\\/karai-marangatu-versus-los-malla-oro\\\/#breadcrumb\",\"itemListElement\":[{\"@type\":\"ListItem\",\"position\":1,\"name\":\"Portada\",\"item\":\"https:\\\/\\\/elsol.ps.org.uy\\\/\"},{\"@type\":\"ListItem\",\"position\":2,\"name\":\"Kara\u00ed Marangat\u00fa versus \u201clos malla oro\u201d\"}]},{\"@type\":\"WebSite\",\"@id\":\"https:\\\/\\\/elsol.ps.org.uy\\\/#website\",\"url\":\"https:\\\/\\\/elsol.ps.org.uy\\\/\",\"name\":\"El Sol\",\"description\":\"Organo del Partido Socialista - Frente Amplio\",\"potentialAction\":[{\"@type\":\"SearchAction\",\"target\":{\"@type\":\"EntryPoint\",\"urlTemplate\":\"https:\\\/\\\/elsol.ps.org.uy\\\/?s={search_term_string}\"},\"query-input\":{\"@type\":\"PropertyValueSpecification\",\"valueRequired\":true,\"valueName\":\"search_term_string\"}}],\"inLanguage\":\"es\"},{\"@type\":\"Person\",\"@id\":\"https:\\\/\\\/elsol.ps.org.uy\\\/#\\\/schema\\\/person\\\/9642a61f31473fe97857228bf33277f6\",\"name\":\"El Sol\",\"image\":{\"@type\":\"ImageObject\",\"inLanguage\":\"es\",\"@id\":\"https:\\\/\\\/secure.gravatar.com\\\/avatar\\\/e14a39081cff84ca4b5657918d3e15ebebf0ca4cee0bb3b81200271ee78d4b9c?s=96&d=mm&r=g\",\"url\":\"https:\\\/\\\/secure.gravatar.com\\\/avatar\\\/e14a39081cff84ca4b5657918d3e15ebebf0ca4cee0bb3b81200271ee78d4b9c?s=96&d=mm&r=g\",\"contentUrl\":\"https:\\\/\\\/secure.gravatar.com\\\/avatar\\\/e14a39081cff84ca4b5657918d3e15ebebf0ca4cee0bb3b81200271ee78d4b9c?s=96&d=mm&r=g\",\"caption\":\"El Sol\"},\"url\":\"https:\\\/\\\/elsol.ps.org.uy\\\/index.php\\\/author\\\/eugenia\\\/\"}]}<\/script>\n<!-- \/ Yoast SEO plugin. -->","yoast_head_json":{"title":"Kara\u00ed Marangat\u00fa versus \u201clos malla oro\u201d - El Sol","robots":{"index":"index","follow":"follow","max-snippet":"max-snippet:-1","max-image-preview":"max-image-preview:large","max-video-preview":"max-video-preview:-1"},"canonical":"https:\/\/elsol.ps.org.uy\/index.php\/2023\/10\/24\/karai-marangatu-versus-los-malla-oro\/","og_locale":"es_ES","og_type":"article","og_title":"Kara\u00ed Marangat\u00fa versus \u201clos malla oro\u201d - El Sol","og_description":"Escribe Enzo Mal\u00e1n Castro &#8211; Diputado PS-FA por Soriano Hace unos d\u00edas me toc\u00f3 en un acto patrio recordar a Jos\u00e9 Gervasio Artigas","og_url":"https:\/\/elsol.ps.org.uy\/index.php\/2023\/10\/24\/karai-marangatu-versus-los-malla-oro\/","og_site_name":"El Sol","article_published_time":"2023-10-24T16:28:49+00:00","article_modified_time":"2024-02-27T21:00:24+00:00","og_image":[{"width":735,"height":360,"url":"https:\/\/elsol.ps.org.uy\/wp-content\/uploads\/2023\/10\/Karai-Marangatu-versus-los-malla-oro.png","type":"image\/png"}],"author":"El Sol","twitter_card":"summary_large_image","twitter_misc":{"Escrito por":"El Sol","Tiempo de lectura":"4 minutos"},"schema":{"@context":"https:\/\/schema.org","@graph":[{"@type":"Article","@id":"https:\/\/elsol.ps.org.uy\/index.php\/2023\/10\/24\/karai-marangatu-versus-los-malla-oro\/#article","isPartOf":{"@id":"https:\/\/elsol.ps.org.uy\/index.php\/2023\/10\/24\/karai-marangatu-versus-los-malla-oro\/"},"author":{"name":"El Sol","@id":"https:\/\/elsol.ps.org.uy\/#\/schema\/person\/9642a61f31473fe97857228bf33277f6"},"headline":"Kara\u00ed Marangat\u00fa versus \u201clos malla oro\u201d","datePublished":"2023-10-24T16:28:49+00:00","dateModified":"2024-02-27T21:00:24+00:00","mainEntityOfPage":{"@id":"https:\/\/elsol.ps.org.uy\/index.php\/2023\/10\/24\/karai-marangatu-versus-los-malla-oro\/"},"wordCount":820,"image":{"@id":"https:\/\/elsol.ps.org.uy\/index.php\/2023\/10\/24\/karai-marangatu-versus-los-malla-oro\/#primaryimage"},"thumbnailUrl":"https:\/\/elsol.ps.org.uy\/wp-content\/uploads\/2023\/10\/Karai-Marangatu-versus-los-malla-oro.png","articleSection":["Destacadas","El Sol","El Sol \u2013 N\u00ba 36 \u2013 Octubre 2023","Enzo Mal\u00e1n Castro","Nacional"],"inLanguage":"es"},{"@type":"WebPage","@id":"https:\/\/elsol.ps.org.uy\/index.php\/2023\/10\/24\/karai-marangatu-versus-los-malla-oro\/","url":"https:\/\/elsol.ps.org.uy\/index.php\/2023\/10\/24\/karai-marangatu-versus-los-malla-oro\/","name":"Kara\u00ed Marangat\u00fa versus \u201clos malla oro\u201d - El Sol","isPartOf":{"@id":"https:\/\/elsol.ps.org.uy\/#website"},"primaryImageOfPage":{"@id":"https:\/\/elsol.ps.org.uy\/index.php\/2023\/10\/24\/karai-marangatu-versus-los-malla-oro\/#primaryimage"},"image":{"@id":"https:\/\/elsol.ps.org.uy\/index.php\/2023\/10\/24\/karai-marangatu-versus-los-malla-oro\/#primaryimage"},"thumbnailUrl":"https:\/\/elsol.ps.org.uy\/wp-content\/uploads\/2023\/10\/Karai-Marangatu-versus-los-malla-oro.png","datePublished":"2023-10-24T16:28:49+00:00","dateModified":"2024-02-27T21:00:24+00:00","author":{"@id":"https:\/\/elsol.ps.org.uy\/#\/schema\/person\/9642a61f31473fe97857228bf33277f6"},"breadcrumb":{"@id":"https:\/\/elsol.ps.org.uy\/index.php\/2023\/10\/24\/karai-marangatu-versus-los-malla-oro\/#breadcrumb"},"inLanguage":"es","potentialAction":[{"@type":"ReadAction","target":["https:\/\/elsol.ps.org.uy\/index.php\/2023\/10\/24\/karai-marangatu-versus-los-malla-oro\/"]}]},{"@type":"ImageObject","inLanguage":"es","@id":"https:\/\/elsol.ps.org.uy\/index.php\/2023\/10\/24\/karai-marangatu-versus-los-malla-oro\/#primaryimage","url":"https:\/\/elsol.ps.org.uy\/wp-content\/uploads\/2023\/10\/Karai-Marangatu-versus-los-malla-oro.png","contentUrl":"https:\/\/elsol.ps.org.uy\/wp-content\/uploads\/2023\/10\/Karai-Marangatu-versus-los-malla-oro.png","width":735,"height":360},{"@type":"BreadcrumbList","@id":"https:\/\/elsol.ps.org.uy\/index.php\/2023\/10\/24\/karai-marangatu-versus-los-malla-oro\/#breadcrumb","itemListElement":[{"@type":"ListItem","position":1,"name":"Portada","item":"https:\/\/elsol.ps.org.uy\/"},{"@type":"ListItem","position":2,"name":"Kara\u00ed Marangat\u00fa versus \u201clos malla oro\u201d"}]},{"@type":"WebSite","@id":"https:\/\/elsol.ps.org.uy\/#website","url":"https:\/\/elsol.ps.org.uy\/","name":"El Sol","description":"Organo del Partido Socialista - Frente Amplio","potentialAction":[{"@type":"SearchAction","target":{"@type":"EntryPoint","urlTemplate":"https:\/\/elsol.ps.org.uy\/?s={search_term_string}"},"query-input":{"@type":"PropertyValueSpecification","valueRequired":true,"valueName":"search_term_string"}}],"inLanguage":"es"},{"@type":"Person","@id":"https:\/\/elsol.ps.org.uy\/#\/schema\/person\/9642a61f31473fe97857228bf33277f6","name":"El Sol","image":{"@type":"ImageObject","inLanguage":"es","@id":"https:\/\/secure.gravatar.com\/avatar\/e14a39081cff84ca4b5657918d3e15ebebf0ca4cee0bb3b81200271ee78d4b9c?s=96&d=mm&r=g","url":"https:\/\/secure.gravatar.com\/avatar\/e14a39081cff84ca4b5657918d3e15ebebf0ca4cee0bb3b81200271ee78d4b9c?s=96&d=mm&r=g","contentUrl":"https:\/\/secure.gravatar.com\/avatar\/e14a39081cff84ca4b5657918d3e15ebebf0ca4cee0bb3b81200271ee78d4b9c?s=96&d=mm&r=g","caption":"El Sol"},"url":"https:\/\/elsol.ps.org.uy\/index.php\/author\/eugenia\/"}]}},"jetpack_featured_media_url":"https:\/\/elsol.ps.org.uy\/wp-content\/uploads\/2023\/10\/Karai-Marangatu-versus-los-malla-oro.png","_links":{"self":[{"href":"https:\/\/elsol.ps.org.uy\/index.php\/wp-json\/wp\/v2\/posts\/13198","targetHints":{"allow":["GET"]}}],"collection":[{"href":"https:\/\/elsol.ps.org.uy\/index.php\/wp-json\/wp\/v2\/posts"}],"about":[{"href":"https:\/\/elsol.ps.org.uy\/index.php\/wp-json\/wp\/v2\/types\/post"}],"author":[{"embeddable":true,"href":"https:\/\/elsol.ps.org.uy\/index.php\/wp-json\/wp\/v2\/users\/2"}],"replies":[{"embeddable":true,"href":"https:\/\/elsol.ps.org.uy\/index.php\/wp-json\/wp\/v2\/comments?post=13198"}],"version-history":[{"count":1,"href":"https:\/\/elsol.ps.org.uy\/index.php\/wp-json\/wp\/v2\/posts\/13198\/revisions"}],"predecessor-version":[{"id":13475,"href":"https:\/\/elsol.ps.org.uy\/index.php\/wp-json\/wp\/v2\/posts\/13198\/revisions\/13475"}],"wp:featuredmedia":[{"embeddable":true,"href":"https:\/\/elsol.ps.org.uy\/index.php\/wp-json\/wp\/v2\/media\/13455"}],"wp:attachment":[{"href":"https:\/\/elsol.ps.org.uy\/index.php\/wp-json\/wp\/v2\/media?parent=13198"}],"wp:term":[{"taxonomy":"category","embeddable":true,"href":"https:\/\/elsol.ps.org.uy\/index.php\/wp-json\/wp\/v2\/categories?post=13198"},{"taxonomy":"post_tag","embeddable":true,"href":"https:\/\/elsol.ps.org.uy\/index.php\/wp-json\/wp\/v2\/tags?post=13198"}],"curies":[{"name":"wp","href":"https:\/\/api.w.org\/{rel}","templated":true}]}}