{"id":13200,"date":"2023-10-24T13:32:34","date_gmt":"2023-10-24T16:32:34","guid":{"rendered":"https:\/\/ps.org.uy\/?p=13200"},"modified":"2024-02-27T20:59:03","modified_gmt":"2024-02-27T20:59:03","slug":"el-plebiscito-y-la-campana-electoral-del-frente-amplio","status":"publish","type":"post","link":"https:\/\/elsol.ps.org.uy\/index.php\/2023\/10\/24\/el-plebiscito-y-la-campana-electoral-del-frente-amplio\/","title":{"rendered":"El plebiscito y la campa\u00f1a electoral del Frente Amplio"},"content":{"rendered":"<p style=\"text-align: right;\"><em>Escribe Santiago Acu\u00f1a &#8211; CS Mercado Modelo<\/em><\/p>\n<p>La mayor\u00eda de las trabajadoras y trabajadores del Uruguay llegan a fin de mes nerviosos porque no saben si sus ingresos alcanzan para pagar el alquiler, los medicamentos, la entrada al Estadio y el surtido semanal en la feria, \u00a1Ocho horas de trabajo por d\u00eda y a\u00f1os de poner el despertador de madrugada para que la plata no sea suficiente para tener una vida digna! Por si fuera poco cada Reforma de la Seguridad Social que pasa nos aleja m\u00e1s del tan ansiado disfrute sin tener que trabajar. En este sentido, desde el Partido Socialista venimos insistiendo hace tiempo con que el marco normativo debe mejorar porque las trabajadoras y trabajadores <b>merecemos<\/b> una jubilaci\u00f3n digna para poder dedicarnos a pasear, cuidar, estudiar o lo que queramos hacer en esa etapa de la vida. Creemos que el derecho a una vida digna se defiende no por una cuesti\u00f3n de inter\u00e9s coyuntural sino por valores intr\u00ednsecamente humanos que trascienden cualquier c\u00e1lculo.<\/p>\n<p>Sin embargo, la propuesta de Reforma Constitucional para mejorar la Seguridad Social que respaldan el PIT-CNT, FUCVAM y otras organizaciones sociales y pol\u00edticas cae en \u00e9poca electoral y algunos entienden que puede generar ruido para un posible triunfo del Frente Amplio en 2024. Por ese motivo, y m\u00e1s all\u00e1 de que creemos que apoyar esta iniciativa tiene que ver con principios fundamentales m\u00e1s que con un cambio de gobierno, aqu\u00ed presentaremos algunos argumentos de por qu\u00e9 entendemos que este plebiscito le viene como anillo al dedo a la campa\u00f1a electoral frenteamplista.<\/p>\n<p><b>1- Es popular.<span class=\"Apple-converted-space\">\u00a0<\/span><\/b><\/p>\n<p>La mayor\u00eda de los uruguayos y uruguayas no est\u00e1n de acuerdo con el sistema jubilatorio vigente luego de la \u00faltima reforma<sup>[1]<\/sup>. Es l\u00f3gico, nuestros abuelos y abuelas se jubilaban a los 60 con 30 a\u00f1os de aportes y ahora nos obligan a trabajar como m\u00ednimo hasta los 65 a\u00f1os con 35 a\u00f1os de aportes por un monto m\u00e1s bajo. No es el Uruguay que queremos. Adem\u00e1s, la base inicial de cantidad de personas que afirman que est\u00e1n dispuestas a firmar por la iniciativa de Reforma Constitucional es mayor que la de anteriores instancias de democracia directa: un 45% manifiesta que seguro o probablemente firmar\u00eda<sup>[2]<\/sup>. Es que el contenido de la papeleta que firmaremos es claro y concreto: que no nos obliguen a trabajar m\u00e1s all\u00e1 de los 60 a\u00f1os con 30 de aportes, que las AFAP no se lleven parte de nuestro sueldo y que se eleven las jubilaciones m\u00ednimas. Nuestro pueblo sabe que, si se aprueba esta reforma, mejorar\u00e1 su vida.<\/p>\n<p><b>2- Mueve la agenda p\u00fablica hacia nuestra cancha.<span class=\"Apple-converted-space\">\u00a0<\/span><\/b><\/p>\n<p>Vemos con preocupaci\u00f3n como Milei dice que est\u00e1 bien vender \u00f3rganos y entonces salimos a las redes a defender que est\u00e1 mal vender \u00f3rganos. As\u00ed, cuando queremos acordar, estamos discutiendo algo que obviamente ya est\u00e1 saldado por la humanidad hace muchos a\u00f1os. Del mismo modo, ac\u00e1 en Uruguay, el Partido Nacional plantea desmonopolizar ANCAP. La noticia rueda por los informativos y terminamos defendiendo que no privaticen las empresas p\u00fablicas cuando en realidad deber\u00edamos estar discutiendo c\u00f3mo participan m\u00e1s en la econom\u00eda para el desarrollo nacional. En otras palabras, constantemente nos llevan a jugar al ludo cuando nosotros somos mejores jugando a las damas. El plebiscito justamente es una propuesta de Reforma Constitucional y como tal mira hacia el futuro. Se discute a partir del planteo de un modelo distinto de sociedad ni m\u00e1s ni menos que a trav\u00e9s de una nueva seguridad social que busca mejorar la vida a la mayor\u00eda de la ciudadan\u00eda. De esta forma, en un contexto donde parece que tuvi\u00e9ramos que defender lo ya conquistado todo el tiempo, avanzamos.<\/p>\n<p><b>3- Se fomenta el debate de contenidos program\u00e1ticos.<span class=\"Apple-converted-space\">\u00a0<\/span><\/b><\/p>\n<p>Las \u00faltimas campa\u00f1as electorales en la regi\u00f3n tuvieron como centro las acusaciones y discusiones personales: \u201caquel es corrupto\u201d, \u201caquella no tiene personalidad\u201d, \u201caquel otro es m\u00e1s duro\u201d y \u201caquella se viste mal\u201d. Es m\u00e1s, los formatos de los debates presidenciales televisados refuerzan las cualidades de los candidatos por encima de los proyectos colectivos que impulsan. As\u00ed, importa m\u00e1s la capacidad de meter una chicana que la idea que presenta el partido pol\u00edtico. Esta forma de ver la contienda electoral no es neutral. Generalmente los ricos tienen dificultades para defender los proyectos pol\u00edticos que van a perjudicar a la mayor\u00eda del electorado y apelan a estrategias que eviten el debate program\u00e1tico. En cambio, este plebiscito que impulsamos permite ordenar la discusi\u00f3n en torno a un tema ineludible, que le va a cambiar la cotidianeidad a trabajadores, jubilados y jubiladas y obliga a sus detractores a dar sus motivos de por qu\u00e9 quieren que vivamos peor.<\/p>\n<p><b>4- Construye tejido popular para el cambio.<span class=\"Apple-converted-space\">\u00a0<\/span><\/b><\/p>\n<p>En el a\u00f1o 2021 el Frente Amplio realiz\u00f3 un Congreso de \u201cbalance, evaluaci\u00f3n cr\u00edtica, autocr\u00edtica y perspectivas\u201d. No hay antecedentes de partidos pol\u00edticos en el Mundo que, despu\u00e9s de pasar por el gobierno, realicen un proceso de reflexi\u00f3n y aprendizaje colectivo de esta magnitud y de forma participativa. Una de las principales conclusiones de aquel Congreso fue que los gobiernos frenteamplistas se hab\u00edan alejado de las organizaciones y movimientos sociales. En tal sentido, la campa\u00f1a de recolecci\u00f3n de firmas contra la Ley de Urgente Consideraci\u00f3n fue la puesta en pr\u00e1ctica de la lecci\u00f3n aprendida. En las calles, militantes del Frente Amplio juntamos firmas codo a codo junto a la militancia del PIT-CNT, FUCVAM, Intersocial feminista entre otras organizaciones sociales. Nos acercamos m\u00e1s. Eso robusteci\u00f3 en general al campo popular que busca un cambio social pero tambi\u00e9n favoreci\u00f3 al Frente Amplio ya que los comit\u00e9s de base funcionaron como puerta de entrada para muchos compa\u00f1eros y compa\u00f1eras alejadas. Este plebiscito es una excelente oportunidad para masificar y tonificar la base militante necesaria para un cambio de gobierno a trav\u00e9s de las urnas. Como nos ense\u00f1a la tradici\u00f3n del Frente Amplio, la democracia participativa genera mayor legitimidad en las decisiones pol\u00edticas porque involucra m\u00e1s gente y a su vez es la puesta en pr\u00e1ctica de una pedagog\u00eda pol\u00edtica que fomenta la organizaci\u00f3n popular.<\/p>\n<p><b>5- Fortalece la propuesta de di\u00e1logo social.<span class=\"Apple-converted-space\">\u00a0<\/span><\/b><\/p>\n<p>Desde hace a\u00f1os, diversas organizaciones sociales y pol\u00edticas venimos planteando la necesidad de un plebiscito para mejorar el sistema de seguridad social en favor de las mayor\u00edas. A su vez, luego de que el gobierno actual propusiera una reforma regresiva del sistema jubilatorio, el Frente Amplio respondi\u00f3 que, de ser gobierno, impulsar\u00e1 un gran di\u00e1logo social sobre el tema. Ambas iniciativas son necesarias y se complementan. Los tres pilares del plebiscito son grandes l\u00edneas orientadoras que marcan el rumbo de la seguridad social de una de las formas m\u00e1s participativas posibles: a trav\u00e9s de la democracia directa. De ganar, se enmarcar\u00eda el sistema de leyes sobre el tema. En cambio, el escenario de m\u00ednima es el mismo que ya tenemos en este momento. En concreto, el di\u00e1logo social que impulsar\u00e1 el Frente Amplio va a buscar favorecer a las mayor\u00edas y si es acompa\u00f1ado de una constituci\u00f3n favorable, mejor. El di\u00e1logo por la Seguridad Social combinado con el plebiscito agranda los l\u00edmites de lo posible.<\/p>\n<p>Por todos estos motivos entendemos que lejos de ser un riesgo, el plebiscito por una mejor seguridad social es una oportunidad para quienes militamos para que haya un gobierno distinto a partir de 2025. En momentos de mucha incertidumbre y temor por el avance de la ultraderecha en la regi\u00f3n, esta iniciativa de reforma constitucional nos lleva a retomar la delantera y, desde nuestras diferencias, nos invita a trabajar detr\u00e1s de un objetivo com\u00fan. Una vez m\u00e1s reafirmamos que la unidad se teje en la diversidad y desde la base as\u00ed que ser\u00e1 un placer volver a encontrarnos juntando firmas para que mejore nuestra vida, la de la mayor\u00eda de las uruguayas y uruguayos. Vale la pena jug\u00e1rsela por nuestras convicciones.<\/p>\n<p><img decoding=\"async\" src=\"data:image\/png;base64,iVBORw0KGgoAAAANSUhEUgAAAdYAAAAECAYAAAAzmx7KAAABdWlDQ1BrQ0dDb2xvclNwYWNlRGlzcGxheVAzAAAokXWQvUvDUBTFT6tS0DqIDh0cMolD1NIKdnFoKxRFMFQFq1OafgltfCQpUnETVyn4H1jBWXCwiFRwcXAQRAcR3Zw6KbhoeN6XVNoi3sfl\/Ticc7lcwBtQGSv2AijplpFMxKS11Lrke4OHnlOqZrKooiwK\/v276\/PR9d5PiFlNu3YQ2U9cl84ul3aeAlN\/\/V3Vn8maGv3f1EGNGRbgkYmVbYsJ3iUeMWgp4qrgvMvHgtMunzuelWSc+JZY0gpqhrhJLKc79HwHl4plrbWD2N6f1VeXxRzqUcxhEyYYilBRgQQF4X\/8044\/ji1yV2BQLo8CLMpESRETssTz0KFhEjJxCEHqkLhz634PrfvJbW3vFZhtcM4v2tpCAzidoZPV29p4BBgaAG7qTDVUR+qh9uZywPsJMJgChu8os2HmwiF3e38M6Hvh\/GMM8B0CdpXzryPO7RqFn4Er\/QcXKWq8UwZBywAAADhlWElmTU0AKgAAAAgAAYdpAAQAAAABAAAAGgAAAAAAAqACAAQAAAABAAAB1qADAAQAAAABAAAABAAAAAAtUc1\/AAAATUlEQVRYCe3QwQkAIAwEQWOlKS2dKvaQh5C5AhZu1jICBAgQIECgTSBeqapOW1GIAAECBAgMFcjM2EO\/u02AAAECBAgQIECAAAECvwtcJjMEBBZr7f8AAAAASUVORK5CYII=\" alt=\"pastedGraphic.png\" \/><\/p>\n<p><sup>[1]<\/sup> https:\/\/equipos.com.uy\/reformas-seguridad-educacion\/<\/p>\n<p><sup>[2]<\/sup> https:\/\/www.cifra.com.uy\/index.php\/2023\/09\/19\/las-firmas-para-el-plebiscito-de-la-reforma-de-la-seguridad-social\/<\/p>\n","protected":false},"excerpt":{"rendered":"Escribe Santiago Acu\u00f1a &#8211; CS Mercado Modelo La mayor\u00eda de las trabajadoras y trabajadores del Uruguay llegan a fin de mes nerviosos porque \n<a class=\"moretag\" href=\"https:\/\/elsol.ps.org.uy\/index.php\/2023\/10\/24\/el-plebiscito-y-la-campana-electoral-del-frente-amplio\/\"> [...]<\/a>","protected":false},"author":2,"featured_media":13454,"comment_status":"closed","ping_status":"closed","sticky":false,"template":"","format":"standard","meta":{"footnotes":""},"categories":[30,36,57,1,56,64],"tags":[],"class_list":["post-13200","post","type-post","status-publish","format-standard","has-post-thumbnail","hentry","category-destacadas","category-el-sol","category-el-sol-no-36-octubre-2023","category-nacional","category-plebiscito-seguridad-social","category-santiago-acuna"],"yoast_head":"<!-- This site is optimized with the Yoast SEO plugin v27.5 - https:\/\/yoast.com\/product\/yoast-seo-wordpress\/ -->\n<title>El plebiscito y la campa\u00f1a electoral del Frente Amplio - El Sol<\/title>\n<meta name=\"robots\" content=\"index, follow, max-snippet:-1, max-image-preview:large, max-video-preview:-1\" \/>\n<link rel=\"canonical\" href=\"https:\/\/elsol.ps.org.uy\/index.php\/2023\/10\/24\/el-plebiscito-y-la-campana-electoral-del-frente-amplio\/\" \/>\n<meta property=\"og:locale\" content=\"es_ES\" \/>\n<meta property=\"og:type\" content=\"article\" \/>\n<meta property=\"og:title\" content=\"El plebiscito y la campa\u00f1a electoral del Frente Amplio - El Sol\" \/>\n<meta property=\"og:description\" content=\"Escribe Santiago Acu\u00f1a &#8211; CS Mercado Modelo La mayor\u00eda de las trabajadoras y trabajadores del Uruguay llegan a fin de mes nerviosos porque\" \/>\n<meta property=\"og:url\" content=\"https:\/\/elsol.ps.org.uy\/index.php\/2023\/10\/24\/el-plebiscito-y-la-campana-electoral-del-frente-amplio\/\" \/>\n<meta property=\"og:site_name\" content=\"El Sol\" \/>\n<meta property=\"article:published_time\" content=\"2023-10-24T16:32:34+00:00\" \/>\n<meta property=\"article:modified_time\" content=\"2024-02-27T20:59:03+00:00\" \/>\n<meta property=\"og:image\" content=\"https:\/\/elsol.ps.org.uy\/wp-content\/uploads\/2023\/10\/El-plebiscito-y-la-campana-electoral-del-Frente-Amplio.png\" \/>\n\t<meta property=\"og:image:width\" content=\"735\" \/>\n\t<meta property=\"og:image:height\" content=\"360\" \/>\n\t<meta property=\"og:image:type\" content=\"image\/png\" \/>\n<meta name=\"author\" content=\"El Sol\" \/>\n<meta name=\"twitter:card\" content=\"summary_large_image\" \/>\n<meta name=\"twitter:label1\" content=\"Escrito por\" \/>\n\t<meta name=\"twitter:data1\" content=\"El Sol\" \/>\n\t<meta name=\"twitter:label2\" content=\"Tiempo de lectura\" \/>\n\t<meta name=\"twitter:data2\" content=\"7 minutos\" \/>\n<script type=\"application\/ld+json\" class=\"yoast-schema-graph\">{\"@context\":\"https:\\\/\\\/schema.org\",\"@graph\":[{\"@type\":\"Article\",\"@id\":\"https:\\\/\\\/elsol.ps.org.uy\\\/index.php\\\/2023\\\/10\\\/24\\\/el-plebiscito-y-la-campana-electoral-del-frente-amplio\\\/#article\",\"isPartOf\":{\"@id\":\"https:\\\/\\\/elsol.ps.org.uy\\\/index.php\\\/2023\\\/10\\\/24\\\/el-plebiscito-y-la-campana-electoral-del-frente-amplio\\\/\"},\"author\":{\"name\":\"El Sol\",\"@id\":\"https:\\\/\\\/elsol.ps.org.uy\\\/#\\\/schema\\\/person\\\/9642a61f31473fe97857228bf33277f6\"},\"headline\":\"El plebiscito y la campa\u00f1a electoral del Frente Amplio\",\"datePublished\":\"2023-10-24T16:32:34+00:00\",\"dateModified\":\"2024-02-27T20:59:03+00:00\",\"mainEntityOfPage\":{\"@id\":\"https:\\\/\\\/elsol.ps.org.uy\\\/index.php\\\/2023\\\/10\\\/24\\\/el-plebiscito-y-la-campana-electoral-del-frente-amplio\\\/\"},\"wordCount\":1400,\"image\":{\"@id\":\"https:\\\/\\\/elsol.ps.org.uy\\\/index.php\\\/2023\\\/10\\\/24\\\/el-plebiscito-y-la-campana-electoral-del-frente-amplio\\\/#primaryimage\"},\"thumbnailUrl\":\"https:\\\/\\\/elsol.ps.org.uy\\\/wp-content\\\/uploads\\\/2023\\\/10\\\/El-plebiscito-y-la-campana-electoral-del-Frente-Amplio.png\",\"articleSection\":[\"Destacadas\",\"El Sol\",\"El Sol \u2013 N\u00ba 36 \u2013 Octubre 2023\",\"Nacional\",\"Plebiscito Seguridad Social\",\"Santiago Acu\u00f1a\"],\"inLanguage\":\"es\"},{\"@type\":\"WebPage\",\"@id\":\"https:\\\/\\\/elsol.ps.org.uy\\\/index.php\\\/2023\\\/10\\\/24\\\/el-plebiscito-y-la-campana-electoral-del-frente-amplio\\\/\",\"url\":\"https:\\\/\\\/elsol.ps.org.uy\\\/index.php\\\/2023\\\/10\\\/24\\\/el-plebiscito-y-la-campana-electoral-del-frente-amplio\\\/\",\"name\":\"El plebiscito y la campa\u00f1a electoral del Frente Amplio - El Sol\",\"isPartOf\":{\"@id\":\"https:\\\/\\\/elsol.ps.org.uy\\\/#website\"},\"primaryImageOfPage\":{\"@id\":\"https:\\\/\\\/elsol.ps.org.uy\\\/index.php\\\/2023\\\/10\\\/24\\\/el-plebiscito-y-la-campana-electoral-del-frente-amplio\\\/#primaryimage\"},\"image\":{\"@id\":\"https:\\\/\\\/elsol.ps.org.uy\\\/index.php\\\/2023\\\/10\\\/24\\\/el-plebiscito-y-la-campana-electoral-del-frente-amplio\\\/#primaryimage\"},\"thumbnailUrl\":\"https:\\\/\\\/elsol.ps.org.uy\\\/wp-content\\\/uploads\\\/2023\\\/10\\\/El-plebiscito-y-la-campana-electoral-del-Frente-Amplio.png\",\"datePublished\":\"2023-10-24T16:32:34+00:00\",\"dateModified\":\"2024-02-27T20:59:03+00:00\",\"author\":{\"@id\":\"https:\\\/\\\/elsol.ps.org.uy\\\/#\\\/schema\\\/person\\\/9642a61f31473fe97857228bf33277f6\"},\"breadcrumb\":{\"@id\":\"https:\\\/\\\/elsol.ps.org.uy\\\/index.php\\\/2023\\\/10\\\/24\\\/el-plebiscito-y-la-campana-electoral-del-frente-amplio\\\/#breadcrumb\"},\"inLanguage\":\"es\",\"potentialAction\":[{\"@type\":\"ReadAction\",\"target\":[\"https:\\\/\\\/elsol.ps.org.uy\\\/index.php\\\/2023\\\/10\\\/24\\\/el-plebiscito-y-la-campana-electoral-del-frente-amplio\\\/\"]}]},{\"@type\":\"ImageObject\",\"inLanguage\":\"es\",\"@id\":\"https:\\\/\\\/elsol.ps.org.uy\\\/index.php\\\/2023\\\/10\\\/24\\\/el-plebiscito-y-la-campana-electoral-del-frente-amplio\\\/#primaryimage\",\"url\":\"https:\\\/\\\/elsol.ps.org.uy\\\/wp-content\\\/uploads\\\/2023\\\/10\\\/El-plebiscito-y-la-campana-electoral-del-Frente-Amplio.png\",\"contentUrl\":\"https:\\\/\\\/elsol.ps.org.uy\\\/wp-content\\\/uploads\\\/2023\\\/10\\\/El-plebiscito-y-la-campana-electoral-del-Frente-Amplio.png\",\"width\":735,\"height\":360},{\"@type\":\"BreadcrumbList\",\"@id\":\"https:\\\/\\\/elsol.ps.org.uy\\\/index.php\\\/2023\\\/10\\\/24\\\/el-plebiscito-y-la-campana-electoral-del-frente-amplio\\\/#breadcrumb\",\"itemListElement\":[{\"@type\":\"ListItem\",\"position\":1,\"name\":\"Portada\",\"item\":\"https:\\\/\\\/elsol.ps.org.uy\\\/\"},{\"@type\":\"ListItem\",\"position\":2,\"name\":\"El plebiscito y la campa\u00f1a electoral del Frente Amplio\"}]},{\"@type\":\"WebSite\",\"@id\":\"https:\\\/\\\/elsol.ps.org.uy\\\/#website\",\"url\":\"https:\\\/\\\/elsol.ps.org.uy\\\/\",\"name\":\"El Sol\",\"description\":\"Organo del Partido Socialista - Frente Amplio\",\"potentialAction\":[{\"@type\":\"SearchAction\",\"target\":{\"@type\":\"EntryPoint\",\"urlTemplate\":\"https:\\\/\\\/elsol.ps.org.uy\\\/?s={search_term_string}\"},\"query-input\":{\"@type\":\"PropertyValueSpecification\",\"valueRequired\":true,\"valueName\":\"search_term_string\"}}],\"inLanguage\":\"es\"},{\"@type\":\"Person\",\"@id\":\"https:\\\/\\\/elsol.ps.org.uy\\\/#\\\/schema\\\/person\\\/9642a61f31473fe97857228bf33277f6\",\"name\":\"El Sol\",\"image\":{\"@type\":\"ImageObject\",\"inLanguage\":\"es\",\"@id\":\"https:\\\/\\\/secure.gravatar.com\\\/avatar\\\/e14a39081cff84ca4b5657918d3e15ebebf0ca4cee0bb3b81200271ee78d4b9c?s=96&d=mm&r=g\",\"url\":\"https:\\\/\\\/secure.gravatar.com\\\/avatar\\\/e14a39081cff84ca4b5657918d3e15ebebf0ca4cee0bb3b81200271ee78d4b9c?s=96&d=mm&r=g\",\"contentUrl\":\"https:\\\/\\\/secure.gravatar.com\\\/avatar\\\/e14a39081cff84ca4b5657918d3e15ebebf0ca4cee0bb3b81200271ee78d4b9c?s=96&d=mm&r=g\",\"caption\":\"El Sol\"},\"url\":\"https:\\\/\\\/elsol.ps.org.uy\\\/index.php\\\/author\\\/eugenia\\\/\"}]}<\/script>\n<!-- \/ Yoast SEO plugin. -->","yoast_head_json":{"title":"El plebiscito y la campa\u00f1a electoral del Frente Amplio - El Sol","robots":{"index":"index","follow":"follow","max-snippet":"max-snippet:-1","max-image-preview":"max-image-preview:large","max-video-preview":"max-video-preview:-1"},"canonical":"https:\/\/elsol.ps.org.uy\/index.php\/2023\/10\/24\/el-plebiscito-y-la-campana-electoral-del-frente-amplio\/","og_locale":"es_ES","og_type":"article","og_title":"El plebiscito y la campa\u00f1a electoral del Frente Amplio - El Sol","og_description":"Escribe Santiago Acu\u00f1a &#8211; CS Mercado Modelo La mayor\u00eda de las trabajadoras y trabajadores del Uruguay llegan a fin de mes nerviosos porque","og_url":"https:\/\/elsol.ps.org.uy\/index.php\/2023\/10\/24\/el-plebiscito-y-la-campana-electoral-del-frente-amplio\/","og_site_name":"El Sol","article_published_time":"2023-10-24T16:32:34+00:00","article_modified_time":"2024-02-27T20:59:03+00:00","og_image":[{"width":735,"height":360,"url":"https:\/\/elsol.ps.org.uy\/wp-content\/uploads\/2023\/10\/El-plebiscito-y-la-campana-electoral-del-Frente-Amplio.png","type":"image\/png"}],"author":"El Sol","twitter_card":"summary_large_image","twitter_misc":{"Escrito por":"El Sol","Tiempo de lectura":"7 minutos"},"schema":{"@context":"https:\/\/schema.org","@graph":[{"@type":"Article","@id":"https:\/\/elsol.ps.org.uy\/index.php\/2023\/10\/24\/el-plebiscito-y-la-campana-electoral-del-frente-amplio\/#article","isPartOf":{"@id":"https:\/\/elsol.ps.org.uy\/index.php\/2023\/10\/24\/el-plebiscito-y-la-campana-electoral-del-frente-amplio\/"},"author":{"name":"El Sol","@id":"https:\/\/elsol.ps.org.uy\/#\/schema\/person\/9642a61f31473fe97857228bf33277f6"},"headline":"El plebiscito y la campa\u00f1a electoral del Frente Amplio","datePublished":"2023-10-24T16:32:34+00:00","dateModified":"2024-02-27T20:59:03+00:00","mainEntityOfPage":{"@id":"https:\/\/elsol.ps.org.uy\/index.php\/2023\/10\/24\/el-plebiscito-y-la-campana-electoral-del-frente-amplio\/"},"wordCount":1400,"image":{"@id":"https:\/\/elsol.ps.org.uy\/index.php\/2023\/10\/24\/el-plebiscito-y-la-campana-electoral-del-frente-amplio\/#primaryimage"},"thumbnailUrl":"https:\/\/elsol.ps.org.uy\/wp-content\/uploads\/2023\/10\/El-plebiscito-y-la-campana-electoral-del-Frente-Amplio.png","articleSection":["Destacadas","El Sol","El Sol \u2013 N\u00ba 36 \u2013 Octubre 2023","Nacional","Plebiscito Seguridad Social","Santiago Acu\u00f1a"],"inLanguage":"es"},{"@type":"WebPage","@id":"https:\/\/elsol.ps.org.uy\/index.php\/2023\/10\/24\/el-plebiscito-y-la-campana-electoral-del-frente-amplio\/","url":"https:\/\/elsol.ps.org.uy\/index.php\/2023\/10\/24\/el-plebiscito-y-la-campana-electoral-del-frente-amplio\/","name":"El plebiscito y la campa\u00f1a electoral del Frente Amplio - El Sol","isPartOf":{"@id":"https:\/\/elsol.ps.org.uy\/#website"},"primaryImageOfPage":{"@id":"https:\/\/elsol.ps.org.uy\/index.php\/2023\/10\/24\/el-plebiscito-y-la-campana-electoral-del-frente-amplio\/#primaryimage"},"image":{"@id":"https:\/\/elsol.ps.org.uy\/index.php\/2023\/10\/24\/el-plebiscito-y-la-campana-electoral-del-frente-amplio\/#primaryimage"},"thumbnailUrl":"https:\/\/elsol.ps.org.uy\/wp-content\/uploads\/2023\/10\/El-plebiscito-y-la-campana-electoral-del-Frente-Amplio.png","datePublished":"2023-10-24T16:32:34+00:00","dateModified":"2024-02-27T20:59:03+00:00","author":{"@id":"https:\/\/elsol.ps.org.uy\/#\/schema\/person\/9642a61f31473fe97857228bf33277f6"},"breadcrumb":{"@id":"https:\/\/elsol.ps.org.uy\/index.php\/2023\/10\/24\/el-plebiscito-y-la-campana-electoral-del-frente-amplio\/#breadcrumb"},"inLanguage":"es","potentialAction":[{"@type":"ReadAction","target":["https:\/\/elsol.ps.org.uy\/index.php\/2023\/10\/24\/el-plebiscito-y-la-campana-electoral-del-frente-amplio\/"]}]},{"@type":"ImageObject","inLanguage":"es","@id":"https:\/\/elsol.ps.org.uy\/index.php\/2023\/10\/24\/el-plebiscito-y-la-campana-electoral-del-frente-amplio\/#primaryimage","url":"https:\/\/elsol.ps.org.uy\/wp-content\/uploads\/2023\/10\/El-plebiscito-y-la-campana-electoral-del-Frente-Amplio.png","contentUrl":"https:\/\/elsol.ps.org.uy\/wp-content\/uploads\/2023\/10\/El-plebiscito-y-la-campana-electoral-del-Frente-Amplio.png","width":735,"height":360},{"@type":"BreadcrumbList","@id":"https:\/\/elsol.ps.org.uy\/index.php\/2023\/10\/24\/el-plebiscito-y-la-campana-electoral-del-frente-amplio\/#breadcrumb","itemListElement":[{"@type":"ListItem","position":1,"name":"Portada","item":"https:\/\/elsol.ps.org.uy\/"},{"@type":"ListItem","position":2,"name":"El plebiscito y la campa\u00f1a electoral del Frente Amplio"}]},{"@type":"WebSite","@id":"https:\/\/elsol.ps.org.uy\/#website","url":"https:\/\/elsol.ps.org.uy\/","name":"El Sol","description":"Organo del Partido Socialista - Frente Amplio","potentialAction":[{"@type":"SearchAction","target":{"@type":"EntryPoint","urlTemplate":"https:\/\/elsol.ps.org.uy\/?s={search_term_string}"},"query-input":{"@type":"PropertyValueSpecification","valueRequired":true,"valueName":"search_term_string"}}],"inLanguage":"es"},{"@type":"Person","@id":"https:\/\/elsol.ps.org.uy\/#\/schema\/person\/9642a61f31473fe97857228bf33277f6","name":"El Sol","image":{"@type":"ImageObject","inLanguage":"es","@id":"https:\/\/secure.gravatar.com\/avatar\/e14a39081cff84ca4b5657918d3e15ebebf0ca4cee0bb3b81200271ee78d4b9c?s=96&d=mm&r=g","url":"https:\/\/secure.gravatar.com\/avatar\/e14a39081cff84ca4b5657918d3e15ebebf0ca4cee0bb3b81200271ee78d4b9c?s=96&d=mm&r=g","contentUrl":"https:\/\/secure.gravatar.com\/avatar\/e14a39081cff84ca4b5657918d3e15ebebf0ca4cee0bb3b81200271ee78d4b9c?s=96&d=mm&r=g","caption":"El Sol"},"url":"https:\/\/elsol.ps.org.uy\/index.php\/author\/eugenia\/"}]}},"jetpack_featured_media_url":"https:\/\/elsol.ps.org.uy\/wp-content\/uploads\/2023\/10\/El-plebiscito-y-la-campana-electoral-del-Frente-Amplio.png","_links":{"self":[{"href":"https:\/\/elsol.ps.org.uy\/index.php\/wp-json\/wp\/v2\/posts\/13200","targetHints":{"allow":["GET"]}}],"collection":[{"href":"https:\/\/elsol.ps.org.uy\/index.php\/wp-json\/wp\/v2\/posts"}],"about":[{"href":"https:\/\/elsol.ps.org.uy\/index.php\/wp-json\/wp\/v2\/types\/post"}],"author":[{"embeddable":true,"href":"https:\/\/elsol.ps.org.uy\/index.php\/wp-json\/wp\/v2\/users\/2"}],"replies":[{"embeddable":true,"href":"https:\/\/elsol.ps.org.uy\/index.php\/wp-json\/wp\/v2\/comments?post=13200"}],"version-history":[{"count":1,"href":"https:\/\/elsol.ps.org.uy\/index.php\/wp-json\/wp\/v2\/posts\/13200\/revisions"}],"predecessor-version":[{"id":13474,"href":"https:\/\/elsol.ps.org.uy\/index.php\/wp-json\/wp\/v2\/posts\/13200\/revisions\/13474"}],"wp:featuredmedia":[{"embeddable":true,"href":"https:\/\/elsol.ps.org.uy\/index.php\/wp-json\/wp\/v2\/media\/13454"}],"wp:attachment":[{"href":"https:\/\/elsol.ps.org.uy\/index.php\/wp-json\/wp\/v2\/media?parent=13200"}],"wp:term":[{"taxonomy":"category","embeddable":true,"href":"https:\/\/elsol.ps.org.uy\/index.php\/wp-json\/wp\/v2\/categories?post=13200"},{"taxonomy":"post_tag","embeddable":true,"href":"https:\/\/elsol.ps.org.uy\/index.php\/wp-json\/wp\/v2\/tags?post=13200"}],"curies":[{"name":"wp","href":"https:\/\/api.w.org\/{rel}","templated":true}]}}