{"id":13207,"date":"2023-10-24T13:41:11","date_gmt":"2023-10-24T16:41:11","guid":{"rendered":"https:\/\/ps.org.uy\/?p=13207"},"modified":"2024-02-27T20:51:26","modified_gmt":"2024-02-27T20:51:26","slug":"la-universidad-de-la-republica-hoy-es-antirracista","status":"publish","type":"post","link":"https:\/\/elsol.ps.org.uy\/index.php\/2023\/10\/24\/la-universidad-de-la-republica-hoy-es-antirracista\/","title":{"rendered":"La Universidad de la Rep\u00fablica hoy es antirracista"},"content":{"rendered":"<p style=\"text-align: right;\"><em>Escribe Federico P\u00e9rez C\u00e9spedes &#8211; Secretario de Comunicaci\u00f3n PS<\/em><\/p>\n<p>El jueves 12 de octubre en la Sala Maggiolo del edificio central de la Universidad de la Rep\u00fablica, la propia Udelar se declar\u00f3 antirracista.<span class=\"Apple-converted-space\">\u00a0<\/span><\/p>\n<p>Minutos pasadas las 15:00 la gente comenz\u00f3 a ingresar a la Sala Maggiolo entre c\u00e1lidos saludos, sonrisas y gestos de emoci\u00f3n. M\u00e1s all\u00e1 de la hora y el d\u00eda de semana, la importancia hist\u00f3rica de lo que ocurrir\u00eda en ese lugar fue aliciente para que la sala estuviera repleta. Se hicieron presentes autoridades universitarias, representantes de la sociedad civil, acad\u00e9micas y acad\u00e9micos, representantes de Naciones Unidas y tambi\u00e9n del Ministerio de Educaci\u00f3n de Brasil.<\/p>\n<p>Esta actividad, organizada por el \u00c1rea Social y Art\u00edstica de la Udelar, el Colectivo de Estudios Afrolatinoamericanos y la Facultad de Artes, se erigi\u00f3 como materializaci\u00f3n de un largo proceso de luchas por el reconocimiento que desembocaron en la declaraci\u00f3n aprobada por el Consejo Directivo Central de Udelar del 5 de setiembre de 2023. Estas luchas buscan visibilizar la necesidad de nuestro pa\u00eds de saldar la deuda hist\u00f3rica con la poblaci\u00f3n afrouruguaya, v\u00edctima de exclusi\u00f3n, discriminaci\u00f3n y desigualdades en varios planos. Asimismo, estas luchas contienen un fuerte componente decolonial, transformador e inclusivo. Es deseable que nuestra sociedad d\u00e9 cuenta de miradas, saberes y epistemes diversas -incluyendo las perspectivas afrocentradas y de los pueblos nativos- que puedan romper con las tramas discursivas euroc\u00e9ntricas que a\u00fan hoy seguimos reproduciendo.<\/p>\n<p>El Rector de la Udelar Prof. Rodrigo Arim<i> <\/i>fue quien abri\u00f3 la oratoria. Comenz\u00f3 con un agradecimiento al activismo de colectivos que desde la Udelar fueron imprescindibles para esta declaraci\u00f3n. Asimismo, subray\u00f3 que \u201c<i>Esto tiene un valor normativo\u2026\u00bfPor qu\u00e9 un valor normativo? Uno podr\u00eda partir de la base de que en las propias definiciones constitutivas de la Universidad de la Rep\u00fablica est\u00e1 impl\u00edcito y no es necesario explicitar la b\u00fasqueda de la equidad y de la igualdad como un valor supremo de la vida universitaria y como una apuesta tambi\u00e9n a colaborar en que la sociedad uruguaya transite los canales de la igualdad en todas las dimensiones constitutivas de la palabra. Sin embargo, ubicarse en ese plano, en alg\u00fan sentido implica, la pasividad ante el problema de lo que son brechas estructurales de desigualdad persistentes, entre ellas, raciales. Que la Universidad de la Rep\u00fablica tome la decisi\u00f3n de presentarse y reconocerse como una instituci\u00f3n antirracista presupone una posici\u00f3n activa. Normativamente activa\u201d.<\/i><\/p>\n<p>Por su parte, el Cr. Jorge Xavier coordinador de la Mesa del \u00c1rea Social y Art\u00edstica de Udelar manifest\u00f3 que <i>\u201cHay una suerte de deuda, creo que en t\u00e9rminos hist\u00f3ricos la sociedad toda tiene una deuda con la poblaci\u00f3n afrolatinoamericana. Y estamos de alguna manera con estos pasos reconociendo esa deuda hist\u00f3rica..hoy estamos marcando un hito en t\u00e9rminos del reconocimiento a una deuda hist\u00f3rica\u201d<\/i>. Complementando lo anterior, el Prof. Julio Pereyra, coordinador del Colectivo de Estudios Afrolatinoamericanos remarc\u00f3 <i>\u201cEsta Universidad antirracista no surge de la nada. No es un invento que hayamos hecho los miembros del colectivo, no es algo que generaron Fernanda Olivar, Florencia Gra\u00f1a, Lourdes Mart\u00ednez o Victoria Pereira. Forma parte de una larga lucha de la que en esta mesa y en esta sala hoy, hay algunos representantes, que me emociona que est\u00e9n ac\u00e1\u201d.<\/i><\/p>\n<p>En su turno, la Dra. Giane Vargas, directora de Pol\u00edticas de Educaci\u00f3n \u00c9tnico Racial y Educaci\u00f3n Escolar Quilombola del Ministerio de Educaci\u00f3n de Brasil, centr\u00f3 su discurso en su experiencia en Brasil. En ese marco, declar\u00f3 que <i>\u201cEsto que est\u00e1 pasando aqu\u00ed hoy, es parte de un proyecto de sociedad que nosotros imaginamos, y esa sociedad que nosotros imaginamos es una sociedad antirracista, y encima de todo en este lugar aqu\u00ed, una universidad antirracista\u201d.<\/i><span class=\"Apple-converted-space\">\u00a0<\/span><\/p>\n<p>Representando a la sociedad civil, la Dra. Alicia Esquivel nos dej\u00f3 una extensa y profunda reflexi\u00f3n. Desde el comienzo fue muy clara \u201c<i>Hoy en el contexto mundial que estamos, declararse antirracista es de orden\u201d. <\/i>Y ahondando sobre ello expres\u00f3<i> \u201cCuando hablamos de la Universidad hablamos de generaci\u00f3n de conocimiento, hablamos de desaf\u00edos, debates, tambi\u00e9n hablamos de cambio, transformaci\u00f3n social, investigaci\u00f3n, pensamiento cr\u00edtico. La Universidad es el reflejo de una sociedad en su conjunto, su crecimiento, luchas, reflejos de su resistencia, democracia y equidad. Sin embargo, no escapa a los flagelos negativos que anidan en la sociedad como el racismo estructural que nos transversaliza, que muta pero vive igual que el sexismo patriarcal\u201d. <\/i>Manifest\u00f3 tambi\u00e9n que<i> \u201cLa colonia gener\u00f3 la destrucci\u00f3n de un continente y la construcci\u00f3n de la mayor desigualdad social territorial del mundo que sufrimos hasta el presente\u2026siendo la Universidad el semillero por excelencia para que los pueblos se transformen socialmente y evolucionen, no habr\u00e1 una Universidad de calidad mientras su poblaci\u00f3n no refleje la multiculturalidad y la plurietnicidad de la sociedad. Mientras mantenga una perspectiva eurocentrada en la construcci\u00f3n del conocimiento que limita la diversidad del aporte de otros saberes que la enriquecen desde una perspectiva epistemol\u00f3gica\u201d.<\/i><\/p>\n<p>Por \u00faltimo, intervino la Dra. Mariana Achugar, coordinadora de la C\u00e1tedra Unesco de Derechos Humanos de la Udelar. En sus palabras resumi\u00f3 la importancia hist\u00f3rica del evento y de las luchas de los diferentes colectivos. Tambi\u00e9n resalt\u00f3 que esta declaraci\u00f3n de la Udelar es <i>\u201cpol\u00edticamente necesaria en un momento hist\u00f3rico en el que el racismo parece agudizarse a nivel nacional y global\u2026celebramos una definici\u00f3n \u00e9tico-pol\u00edtica de la Universidad de la Rep\u00fablica que manifiesta una aspiraci\u00f3n de mejor vida y un desaf\u00edo a las l\u00f3gicas coloniales que est\u00e1n todav\u00eda instaladas en nuestra instituci\u00f3n educativa\u201d.<\/i><\/p>\n","protected":false},"excerpt":{"rendered":"Escribe Federico P\u00e9rez C\u00e9spedes &#8211; Secretario de Comunicaci\u00f3n PS El jueves 12 de octubre en la Sala Maggiolo del edificio central de la \n<a class=\"moretag\" href=\"https:\/\/elsol.ps.org.uy\/index.php\/2023\/10\/24\/la-universidad-de-la-republica-hoy-es-antirracista\/\"> [...]<\/a>","protected":false},"author":2,"featured_media":13456,"comment_status":"closed","ping_status":"closed","sticky":false,"template":"","format":"standard","meta":{"footnotes":""},"categories":[36,57,61,1],"tags":[],"class_list":["post-13207","post","type-post","status-publish","format-standard","has-post-thumbnail","hentry","category-el-sol","category-el-sol-no-36-octubre-2023","category-federico-perez-cespedes","category-nacional"],"yoast_head":"<!-- This site is optimized with the Yoast SEO plugin v27.5 - https:\/\/yoast.com\/product\/yoast-seo-wordpress\/ -->\n<title>La Universidad de la Rep\u00fablica hoy es antirracista - El Sol<\/title>\n<meta name=\"robots\" content=\"index, follow, max-snippet:-1, max-image-preview:large, max-video-preview:-1\" \/>\n<link rel=\"canonical\" href=\"https:\/\/elsol.ps.org.uy\/index.php\/2023\/10\/24\/la-universidad-de-la-republica-hoy-es-antirracista\/\" \/>\n<meta property=\"og:locale\" content=\"es_ES\" \/>\n<meta property=\"og:type\" content=\"article\" \/>\n<meta property=\"og:title\" content=\"La Universidad de la Rep\u00fablica hoy es antirracista - El Sol\" \/>\n<meta property=\"og:description\" content=\"Escribe Federico P\u00e9rez C\u00e9spedes &#8211; Secretario de Comunicaci\u00f3n PS El jueves 12 de octubre en la Sala Maggiolo del edificio central de la\" \/>\n<meta property=\"og:url\" content=\"https:\/\/elsol.ps.org.uy\/index.php\/2023\/10\/24\/la-universidad-de-la-republica-hoy-es-antirracista\/\" \/>\n<meta property=\"og:site_name\" content=\"El Sol\" \/>\n<meta property=\"article:published_time\" content=\"2023-10-24T16:41:11+00:00\" \/>\n<meta property=\"article:modified_time\" content=\"2024-02-27T20:51:26+00:00\" \/>\n<meta property=\"og:image\" content=\"https:\/\/elsol.ps.org.uy\/wp-content\/uploads\/2023\/10\/La-Universidad-de-la-Republica-hoy-es-antirracista.png\" \/>\n\t<meta property=\"og:image:width\" content=\"735\" \/>\n\t<meta property=\"og:image:height\" content=\"360\" \/>\n\t<meta property=\"og:image:type\" content=\"image\/png\" \/>\n<meta name=\"author\" content=\"El Sol\" \/>\n<meta name=\"twitter:card\" content=\"summary_large_image\" \/>\n<meta name=\"twitter:label1\" content=\"Escrito por\" \/>\n\t<meta name=\"twitter:data1\" content=\"El Sol\" \/>\n\t<meta name=\"twitter:label2\" content=\"Tiempo de lectura\" \/>\n\t<meta name=\"twitter:data2\" content=\"5 minutos\" \/>\n<script type=\"application\/ld+json\" class=\"yoast-schema-graph\">{\"@context\":\"https:\\\/\\\/schema.org\",\"@graph\":[{\"@type\":\"Article\",\"@id\":\"https:\\\/\\\/elsol.ps.org.uy\\\/index.php\\\/2023\\\/10\\\/24\\\/la-universidad-de-la-republica-hoy-es-antirracista\\\/#article\",\"isPartOf\":{\"@id\":\"https:\\\/\\\/elsol.ps.org.uy\\\/index.php\\\/2023\\\/10\\\/24\\\/la-universidad-de-la-republica-hoy-es-antirracista\\\/\"},\"author\":{\"name\":\"El Sol\",\"@id\":\"https:\\\/\\\/elsol.ps.org.uy\\\/#\\\/schema\\\/person\\\/9642a61f31473fe97857228bf33277f6\"},\"headline\":\"La Universidad de la Rep\u00fablica hoy es antirracista\",\"datePublished\":\"2023-10-24T16:41:11+00:00\",\"dateModified\":\"2024-02-27T20:51:26+00:00\",\"mainEntityOfPage\":{\"@id\":\"https:\\\/\\\/elsol.ps.org.uy\\\/index.php\\\/2023\\\/10\\\/24\\\/la-universidad-de-la-republica-hoy-es-antirracista\\\/\"},\"wordCount\":985,\"image\":{\"@id\":\"https:\\\/\\\/elsol.ps.org.uy\\\/index.php\\\/2023\\\/10\\\/24\\\/la-universidad-de-la-republica-hoy-es-antirracista\\\/#primaryimage\"},\"thumbnailUrl\":\"https:\\\/\\\/elsol.ps.org.uy\\\/wp-content\\\/uploads\\\/2023\\\/10\\\/La-Universidad-de-la-Republica-hoy-es-antirracista.png\",\"articleSection\":[\"El Sol\",\"El Sol \u2013 N\u00ba 36 \u2013 Octubre 2023\",\"Federico P\u00e9rez C\u00e9spedes\",\"Nacional\"],\"inLanguage\":\"es\"},{\"@type\":\"WebPage\",\"@id\":\"https:\\\/\\\/elsol.ps.org.uy\\\/index.php\\\/2023\\\/10\\\/24\\\/la-universidad-de-la-republica-hoy-es-antirracista\\\/\",\"url\":\"https:\\\/\\\/elsol.ps.org.uy\\\/index.php\\\/2023\\\/10\\\/24\\\/la-universidad-de-la-republica-hoy-es-antirracista\\\/\",\"name\":\"La Universidad de la Rep\u00fablica hoy es antirracista - El Sol\",\"isPartOf\":{\"@id\":\"https:\\\/\\\/elsol.ps.org.uy\\\/#website\"},\"primaryImageOfPage\":{\"@id\":\"https:\\\/\\\/elsol.ps.org.uy\\\/index.php\\\/2023\\\/10\\\/24\\\/la-universidad-de-la-republica-hoy-es-antirracista\\\/#primaryimage\"},\"image\":{\"@id\":\"https:\\\/\\\/elsol.ps.org.uy\\\/index.php\\\/2023\\\/10\\\/24\\\/la-universidad-de-la-republica-hoy-es-antirracista\\\/#primaryimage\"},\"thumbnailUrl\":\"https:\\\/\\\/elsol.ps.org.uy\\\/wp-content\\\/uploads\\\/2023\\\/10\\\/La-Universidad-de-la-Republica-hoy-es-antirracista.png\",\"datePublished\":\"2023-10-24T16:41:11+00:00\",\"dateModified\":\"2024-02-27T20:51:26+00:00\",\"author\":{\"@id\":\"https:\\\/\\\/elsol.ps.org.uy\\\/#\\\/schema\\\/person\\\/9642a61f31473fe97857228bf33277f6\"},\"breadcrumb\":{\"@id\":\"https:\\\/\\\/elsol.ps.org.uy\\\/index.php\\\/2023\\\/10\\\/24\\\/la-universidad-de-la-republica-hoy-es-antirracista\\\/#breadcrumb\"},\"inLanguage\":\"es\",\"potentialAction\":[{\"@type\":\"ReadAction\",\"target\":[\"https:\\\/\\\/elsol.ps.org.uy\\\/index.php\\\/2023\\\/10\\\/24\\\/la-universidad-de-la-republica-hoy-es-antirracista\\\/\"]}]},{\"@type\":\"ImageObject\",\"inLanguage\":\"es\",\"@id\":\"https:\\\/\\\/elsol.ps.org.uy\\\/index.php\\\/2023\\\/10\\\/24\\\/la-universidad-de-la-republica-hoy-es-antirracista\\\/#primaryimage\",\"url\":\"https:\\\/\\\/elsol.ps.org.uy\\\/wp-content\\\/uploads\\\/2023\\\/10\\\/La-Universidad-de-la-Republica-hoy-es-antirracista.png\",\"contentUrl\":\"https:\\\/\\\/elsol.ps.org.uy\\\/wp-content\\\/uploads\\\/2023\\\/10\\\/La-Universidad-de-la-Republica-hoy-es-antirracista.png\",\"width\":735,\"height\":360},{\"@type\":\"BreadcrumbList\",\"@id\":\"https:\\\/\\\/elsol.ps.org.uy\\\/index.php\\\/2023\\\/10\\\/24\\\/la-universidad-de-la-republica-hoy-es-antirracista\\\/#breadcrumb\",\"itemListElement\":[{\"@type\":\"ListItem\",\"position\":1,\"name\":\"Portada\",\"item\":\"https:\\\/\\\/elsol.ps.org.uy\\\/\"},{\"@type\":\"ListItem\",\"position\":2,\"name\":\"La Universidad de la Rep\u00fablica hoy es antirracista\"}]},{\"@type\":\"WebSite\",\"@id\":\"https:\\\/\\\/elsol.ps.org.uy\\\/#website\",\"url\":\"https:\\\/\\\/elsol.ps.org.uy\\\/\",\"name\":\"El Sol\",\"description\":\"Organo del Partido Socialista - Frente Amplio\",\"potentialAction\":[{\"@type\":\"SearchAction\",\"target\":{\"@type\":\"EntryPoint\",\"urlTemplate\":\"https:\\\/\\\/elsol.ps.org.uy\\\/?s={search_term_string}\"},\"query-input\":{\"@type\":\"PropertyValueSpecification\",\"valueRequired\":true,\"valueName\":\"search_term_string\"}}],\"inLanguage\":\"es\"},{\"@type\":\"Person\",\"@id\":\"https:\\\/\\\/elsol.ps.org.uy\\\/#\\\/schema\\\/person\\\/9642a61f31473fe97857228bf33277f6\",\"name\":\"El Sol\",\"image\":{\"@type\":\"ImageObject\",\"inLanguage\":\"es\",\"@id\":\"https:\\\/\\\/secure.gravatar.com\\\/avatar\\\/e14a39081cff84ca4b5657918d3e15ebebf0ca4cee0bb3b81200271ee78d4b9c?s=96&d=mm&r=g\",\"url\":\"https:\\\/\\\/secure.gravatar.com\\\/avatar\\\/e14a39081cff84ca4b5657918d3e15ebebf0ca4cee0bb3b81200271ee78d4b9c?s=96&d=mm&r=g\",\"contentUrl\":\"https:\\\/\\\/secure.gravatar.com\\\/avatar\\\/e14a39081cff84ca4b5657918d3e15ebebf0ca4cee0bb3b81200271ee78d4b9c?s=96&d=mm&r=g\",\"caption\":\"El Sol\"},\"url\":\"https:\\\/\\\/elsol.ps.org.uy\\\/index.php\\\/author\\\/eugenia\\\/\"}]}<\/script>\n<!-- \/ Yoast SEO plugin. -->","yoast_head_json":{"title":"La Universidad de la Rep\u00fablica hoy es antirracista - El Sol","robots":{"index":"index","follow":"follow","max-snippet":"max-snippet:-1","max-image-preview":"max-image-preview:large","max-video-preview":"max-video-preview:-1"},"canonical":"https:\/\/elsol.ps.org.uy\/index.php\/2023\/10\/24\/la-universidad-de-la-republica-hoy-es-antirracista\/","og_locale":"es_ES","og_type":"article","og_title":"La Universidad de la Rep\u00fablica hoy es antirracista - El Sol","og_description":"Escribe Federico P\u00e9rez C\u00e9spedes &#8211; Secretario de Comunicaci\u00f3n PS El jueves 12 de octubre en la Sala Maggiolo del edificio central de la","og_url":"https:\/\/elsol.ps.org.uy\/index.php\/2023\/10\/24\/la-universidad-de-la-republica-hoy-es-antirracista\/","og_site_name":"El Sol","article_published_time":"2023-10-24T16:41:11+00:00","article_modified_time":"2024-02-27T20:51:26+00:00","og_image":[{"width":735,"height":360,"url":"https:\/\/elsol.ps.org.uy\/wp-content\/uploads\/2023\/10\/La-Universidad-de-la-Republica-hoy-es-antirracista.png","type":"image\/png"}],"author":"El Sol","twitter_card":"summary_large_image","twitter_misc":{"Escrito por":"El Sol","Tiempo de lectura":"5 minutos"},"schema":{"@context":"https:\/\/schema.org","@graph":[{"@type":"Article","@id":"https:\/\/elsol.ps.org.uy\/index.php\/2023\/10\/24\/la-universidad-de-la-republica-hoy-es-antirracista\/#article","isPartOf":{"@id":"https:\/\/elsol.ps.org.uy\/index.php\/2023\/10\/24\/la-universidad-de-la-republica-hoy-es-antirracista\/"},"author":{"name":"El Sol","@id":"https:\/\/elsol.ps.org.uy\/#\/schema\/person\/9642a61f31473fe97857228bf33277f6"},"headline":"La Universidad de la Rep\u00fablica hoy es antirracista","datePublished":"2023-10-24T16:41:11+00:00","dateModified":"2024-02-27T20:51:26+00:00","mainEntityOfPage":{"@id":"https:\/\/elsol.ps.org.uy\/index.php\/2023\/10\/24\/la-universidad-de-la-republica-hoy-es-antirracista\/"},"wordCount":985,"image":{"@id":"https:\/\/elsol.ps.org.uy\/index.php\/2023\/10\/24\/la-universidad-de-la-republica-hoy-es-antirracista\/#primaryimage"},"thumbnailUrl":"https:\/\/elsol.ps.org.uy\/wp-content\/uploads\/2023\/10\/La-Universidad-de-la-Republica-hoy-es-antirracista.png","articleSection":["El Sol","El Sol \u2013 N\u00ba 36 \u2013 Octubre 2023","Federico P\u00e9rez C\u00e9spedes","Nacional"],"inLanguage":"es"},{"@type":"WebPage","@id":"https:\/\/elsol.ps.org.uy\/index.php\/2023\/10\/24\/la-universidad-de-la-republica-hoy-es-antirracista\/","url":"https:\/\/elsol.ps.org.uy\/index.php\/2023\/10\/24\/la-universidad-de-la-republica-hoy-es-antirracista\/","name":"La Universidad de la Rep\u00fablica hoy es antirracista - El Sol","isPartOf":{"@id":"https:\/\/elsol.ps.org.uy\/#website"},"primaryImageOfPage":{"@id":"https:\/\/elsol.ps.org.uy\/index.php\/2023\/10\/24\/la-universidad-de-la-republica-hoy-es-antirracista\/#primaryimage"},"image":{"@id":"https:\/\/elsol.ps.org.uy\/index.php\/2023\/10\/24\/la-universidad-de-la-republica-hoy-es-antirracista\/#primaryimage"},"thumbnailUrl":"https:\/\/elsol.ps.org.uy\/wp-content\/uploads\/2023\/10\/La-Universidad-de-la-Republica-hoy-es-antirracista.png","datePublished":"2023-10-24T16:41:11+00:00","dateModified":"2024-02-27T20:51:26+00:00","author":{"@id":"https:\/\/elsol.ps.org.uy\/#\/schema\/person\/9642a61f31473fe97857228bf33277f6"},"breadcrumb":{"@id":"https:\/\/elsol.ps.org.uy\/index.php\/2023\/10\/24\/la-universidad-de-la-republica-hoy-es-antirracista\/#breadcrumb"},"inLanguage":"es","potentialAction":[{"@type":"ReadAction","target":["https:\/\/elsol.ps.org.uy\/index.php\/2023\/10\/24\/la-universidad-de-la-republica-hoy-es-antirracista\/"]}]},{"@type":"ImageObject","inLanguage":"es","@id":"https:\/\/elsol.ps.org.uy\/index.php\/2023\/10\/24\/la-universidad-de-la-republica-hoy-es-antirracista\/#primaryimage","url":"https:\/\/elsol.ps.org.uy\/wp-content\/uploads\/2023\/10\/La-Universidad-de-la-Republica-hoy-es-antirracista.png","contentUrl":"https:\/\/elsol.ps.org.uy\/wp-content\/uploads\/2023\/10\/La-Universidad-de-la-Republica-hoy-es-antirracista.png","width":735,"height":360},{"@type":"BreadcrumbList","@id":"https:\/\/elsol.ps.org.uy\/index.php\/2023\/10\/24\/la-universidad-de-la-republica-hoy-es-antirracista\/#breadcrumb","itemListElement":[{"@type":"ListItem","position":1,"name":"Portada","item":"https:\/\/elsol.ps.org.uy\/"},{"@type":"ListItem","position":2,"name":"La Universidad de la Rep\u00fablica hoy es antirracista"}]},{"@type":"WebSite","@id":"https:\/\/elsol.ps.org.uy\/#website","url":"https:\/\/elsol.ps.org.uy\/","name":"El Sol","description":"Organo del Partido Socialista - Frente Amplio","potentialAction":[{"@type":"SearchAction","target":{"@type":"EntryPoint","urlTemplate":"https:\/\/elsol.ps.org.uy\/?s={search_term_string}"},"query-input":{"@type":"PropertyValueSpecification","valueRequired":true,"valueName":"search_term_string"}}],"inLanguage":"es"},{"@type":"Person","@id":"https:\/\/elsol.ps.org.uy\/#\/schema\/person\/9642a61f31473fe97857228bf33277f6","name":"El Sol","image":{"@type":"ImageObject","inLanguage":"es","@id":"https:\/\/secure.gravatar.com\/avatar\/e14a39081cff84ca4b5657918d3e15ebebf0ca4cee0bb3b81200271ee78d4b9c?s=96&d=mm&r=g","url":"https:\/\/secure.gravatar.com\/avatar\/e14a39081cff84ca4b5657918d3e15ebebf0ca4cee0bb3b81200271ee78d4b9c?s=96&d=mm&r=g","contentUrl":"https:\/\/secure.gravatar.com\/avatar\/e14a39081cff84ca4b5657918d3e15ebebf0ca4cee0bb3b81200271ee78d4b9c?s=96&d=mm&r=g","caption":"El Sol"},"url":"https:\/\/elsol.ps.org.uy\/index.php\/author\/eugenia\/"}]}},"jetpack_featured_media_url":"https:\/\/elsol.ps.org.uy\/wp-content\/uploads\/2023\/10\/La-Universidad-de-la-Republica-hoy-es-antirracista.png","_links":{"self":[{"href":"https:\/\/elsol.ps.org.uy\/index.php\/wp-json\/wp\/v2\/posts\/13207","targetHints":{"allow":["GET"]}}],"collection":[{"href":"https:\/\/elsol.ps.org.uy\/index.php\/wp-json\/wp\/v2\/posts"}],"about":[{"href":"https:\/\/elsol.ps.org.uy\/index.php\/wp-json\/wp\/v2\/types\/post"}],"author":[{"embeddable":true,"href":"https:\/\/elsol.ps.org.uy\/index.php\/wp-json\/wp\/v2\/users\/2"}],"replies":[{"embeddable":true,"href":"https:\/\/elsol.ps.org.uy\/index.php\/wp-json\/wp\/v2\/comments?post=13207"}],"version-history":[{"count":1,"href":"https:\/\/elsol.ps.org.uy\/index.php\/wp-json\/wp\/v2\/posts\/13207\/revisions"}],"predecessor-version":[{"id":13467,"href":"https:\/\/elsol.ps.org.uy\/index.php\/wp-json\/wp\/v2\/posts\/13207\/revisions\/13467"}],"wp:featuredmedia":[{"embeddable":true,"href":"https:\/\/elsol.ps.org.uy\/index.php\/wp-json\/wp\/v2\/media\/13456"}],"wp:attachment":[{"href":"https:\/\/elsol.ps.org.uy\/index.php\/wp-json\/wp\/v2\/media?parent=13207"}],"wp:term":[{"taxonomy":"category","embeddable":true,"href":"https:\/\/elsol.ps.org.uy\/index.php\/wp-json\/wp\/v2\/categories?post=13207"},{"taxonomy":"post_tag","embeddable":true,"href":"https:\/\/elsol.ps.org.uy\/index.php\/wp-json\/wp\/v2\/tags?post=13207"}],"curies":[{"name":"wp","href":"https:\/\/api.w.org\/{rel}","templated":true}]}}