{"id":13386,"date":"2023-12-01T11:49:51","date_gmt":"2023-12-01T14:49:51","guid":{"rendered":"https:\/\/ps.org.uy\/?p=13386"},"modified":"2024-02-27T21:57:37","modified_gmt":"2024-02-27T21:57:37","slug":"fumar-es-un-placer-para-quien","status":"publish","type":"post","link":"https:\/\/elsol.ps.org.uy\/index.php\/2023\/12\/01\/fumar-es-un-placer-para-quien\/","title":{"rendered":"Fumar es un placer \u00bfpara qui\u00e9n?"},"content":{"rendered":"\n<p class=\"has-text-align-right\"><em>Escribe Liliana Queijo | Senadora suplente PS FA<\/em><\/p>\n\n\n\n<p>Las y los socialistas sostenemos que es incompatible la vida digna con el capitalismo.<\/p>\n\n\n\n<p>Consideramos incompatible la vida digna con la pobreza y sabemos que es incompatible la pobreza con la salud. Tambi\u00e9n que las pol\u00edticas econ\u00f3micas y sociales que caracterizan al modelo concentrador del gobierno profundizan las desigualdades, repercuten sobre la calidad de vida de la poblaci\u00f3n y afectan en especial a las y los m\u00e1s vulnerables.<\/p>\n\n\n\n<p>Pocas cosas evidencian tan claramente estas afirmaciones como las medidas de atenci\u00f3n a la salud, que van desde la promoci\u00f3n de la salud y prevenci\u00f3n de las enfermedades hasta el tratamiento y rehabilitaci\u00f3n, porque pueden r\u00e1pidamente determinar resultados tr\u00e1gicos que se miden en enfermedad y muertes prematuras.<\/p>\n\n\n\n<p>Bajo esta \u00f3ptica, se debe valorar y condenar la actitud de los parlamentarios que en la pasada Rendici\u00f3n de Cuentas tomaron la decisi\u00f3n de no acompa\u00f1ar las iniciativas del MSP para prevenir la adicci\u00f3n al tabaco.<\/p>\n\n\n\n<p>Una de las iniciativas del MSP propon\u00eda gravar con impuestos a los suced\u00e1neos del tabaco -cigarrillos electr\u00f3nicos, tabaco calentado- a los que el mismo gobierno habilit\u00f3 la entrada al mercado. Considerando que subir los costos limita el consumo, esta medida tiene especial \u00e9nfasis en adolescentes que no cuentan con recursos propios. La otra, pretend\u00eda prohibir la venta de cigarrillos adicionados con ingredientes de gustos agradables que disminuyen el efecto irritante del tabaco. Este invento fruto de la creatividad homicida de las empresas tiene por objetivo mantener el nivel de consumo haci\u00e9ndolo m\u00e1s atractivo a quienes comienzan el camino de la adicci\u00f3n Est\u00e1 dirigido a promover que fumen ni\u00f1os y adolescentes sustentado en disminuir en forma enga\u00f1osa la percepci\u00f3n de riesgo.<\/p>\n\n\n\n<p>Al pretender analizar este comportamiento surge claramente que no se trata de un hecho aislado. Es coherente con todas las acciones de gobierno, que relativizan la responsabilidad del Estado en el cuidado de la salud de la poblaci\u00f3n y la prevenci\u00f3n de enfermedades.<\/p>\n\n\n\n<p>En este sentido podemos mencionar:<\/p>\n\n\n\n<ul class=\"wp-block-list\">\n<li>La actitud negligente durante la pandemia. La frivolidad evidenciada en el uso hasta el tedio de los medios de comunicaci\u00f3n al servicio del personalismo del Presidente, mientras los resultados fueron favorables. Y luego, cuando los valores cambiaron de signo y las muertes llegaron a los porcentajes m\u00e1s altos del mundo,&nbsp; no se explic\u00f3&nbsp; la demora en el comienzo de la vacunaci\u00f3n, ni por qu\u00e9 Uruguay&nbsp; destin\u00f3 tan pobres recursos para asegurar el bienestar de la poblaci\u00f3n y sigui\u00f3 en plena pandemia con las&nbsp; pol\u00edtica de ajustes. Da escalofr\u00edos pensar que hubiera ocurrido si esta epidemia hubiera acontecido antes del 2005 cuando la atenci\u00f3n a la salud p\u00fablica fruto de la acci\u00f3n de los partidos tradicionales era francamente lastimosa.<\/li>\n\n\n\n<li>El gobierno no se hizo -ni se hace- cargo de las alertas grav\u00edsimas sobre la inseguridad alimentaria de la poblaci\u00f3n y traslad\u00f3 a la sociedad civil la responsabilidad de nutrir a ciudadanos en ollas populares y merenderos, que siguen cubriendo las necesidades de miles de uruguayas y uruguayos.<\/li>\n\n\n\n<li>Se cambiaron los valores del etiquetado frontal, flexibiliz\u00e1ndolos en favor de la industria y tambi\u00e9n bajando la apreciaci\u00f3n del riesgo en forma tramposa. A\u00fan hay cantidad de productos sin etiquetar en la oferta al p\u00fablico. El exceso de az\u00facar, sal, grasas y grasas saturadas son responsables de las enfermedades cr\u00f3nicas m\u00e1s prevalentes en nuestro pa\u00eds, que causan muertes prematuras.<\/li>\n\n\n\n<li>Se intentaron aumentar los valores de alcohol en sangre para manejar. Con exposiciones p\u00fablicas de actores del gobierno relativizando el conocimiento cient\u00edfico y generando incertidumbre en la poblaci\u00f3n.<\/li>\n\n\n\n<li>Se autoriz\u00f3 el ingreso y venta de suced\u00e1neos del tabaco.<\/li>\n\n\n\n<li>Durante la sequ\u00eda, hubo marchas y contramarchas en la informaci\u00f3n con respecto a la sal y otros productos que convirtieron en nociva el agua de consumo, generando confusi\u00f3n y tomando medidas insuficientes que dejaron por fuera de las mismas a amplios sectores de poblaci\u00f3n.<\/li>\n\n\n\n<li>La surrealista discusi\u00f3n sobre el exceso de velocidad. No es menor que un pol\u00edtico con la investidura de Senador plantee que no cumple e instigue a no cumplir con los reglamentos. Ya hab\u00eda antecedentes similares en la discusi\u00f3n sobre el uso del casco desde una injustificable falta de conocimientos.<\/li>\n<\/ul>\n\n\n\n<p>Buscando explicar todo lo anterior, podr\u00edamos pensar que quienes nos gobiernan en mayor\u00eda tienen una sorprendente ignorancia ya que no estamos hablando de novedades cient\u00edficas. En la d\u00e9cada del 50 del siglo pasado, Doll Y Hill demostraron la relaci\u00f3n entre tabaco y c\u00e1ncer y desde hace muchos a\u00f1os se conocen otras innumerables enfermedades vinculadas a la adicci\u00f3n al tabaco. Por lo pronto, las m\u00e1s prevalentes en nuestro pa\u00eds. Se sabe que los fumadores tienen una expectativa de vida 10 a\u00f1os menor que el resto de la poblaci\u00f3n.<\/p>\n\n\n\n<p>Son archiconocidos los estragos que produce la adicci\u00f3n al alcohol, que es la droga de mayor consumo. Y ni que hablar de la determinaci\u00f3n sobre la salud de una alimentaci\u00f3n inadecuada en calidad y cantidad.<\/p>\n\n\n\n<p>La falta de competencia podr\u00eda de paso explicar tambi\u00e9n la escasa profundidad en la discusi\u00f3n y los agravios y la groser\u00eda que en m\u00e1s de una ocasi\u00f3n son los recursos discursivos de algunos integrantes del parlamento Sin embargo, esto no explica por s\u00ed solo la coherencia de las pol\u00edticas de salud con el resto de las pol\u00edticas que ha puesto en pr\u00e1ctica el Presidente y su coalici\u00f3n.<\/p>\n\n\n\n<p>Y ahora, al no votar estos art\u00edculos de la Rendici\u00f3n de Cuentas, dieron un paso m\u00e1s pasando de un postura fr\u00edvola e irresponsable, a una postura proactiva permitiendo a las tabacaleras atentar sobre la salud de la poblaci\u00f3n, en particular de las y los m\u00e1s j\u00f3venes \u00bfo acaso les vamos a pedir a los ni\u00f1os que hagan uso de su libertad responsable para cuidar su salud?<\/p>\n\n\n\n<p>Seguramente la explicaci\u00f3n tiene que ver con lo planteado al inicio. Hay en juego dos modelos. Uno de ellos que privilegia al mercado a\u00fan a costa del bienestar del pueblo y atenta contra la dignidad y la vida.&nbsp; A este se adhiere la coalici\u00f3n donde todos est\u00e1n implicados por acci\u00f3n o por omisi\u00f3n.<\/p>\n\n\n\n<p>El Presidente, sus ministros, parlamentarios y funcionarios con responsabilidades sobre la salud de la poblaci\u00f3n, tendr\u00edan que explicar ahora mismo a qui\u00e9nes benefician con estas pol\u00edticas y por qu\u00e9. Asimismo, qu\u00e9 beneficio reciben ellos. Porque siempre alguno se beneficia m\u00e1s all\u00e1 del dolor otras y otros. No los redime inaugurar hospitales para tratar a quienes se enferman, despu\u00e9s de hacer a\u00f1icos la pol\u00edtica de prevenci\u00f3n que se instal\u00f3 trabajosamente en el pa\u00eds durante los a\u00f1os de gobierno del Frente Amplio.&nbsp;<\/p>\n\n\n\n<p>A Lacalle que parece tan ocupado en su cuidado personal, tan preocupado por aparentar un aspecto saludable y juvenil, por su imagen, sus descansos, \u00bfno le aflige gobernar una sociedad cada d\u00eda m\u00e1s insalubre?<\/p>\n","protected":false},"excerpt":{"rendered":"Escribe Liliana Queijo | Senadora suplente PS FA Las y los socialistas sostenemos que es incompatible la vida digna con el capitalismo. Consideramos \n<a class=\"moretag\" href=\"https:\/\/elsol.ps.org.uy\/index.php\/2023\/12\/01\/fumar-es-un-placer-para-quien\/\"> [...]<\/a>","protected":false},"author":2,"featured_media":13425,"comment_status":"closed","ping_status":"closed","sticky":false,"template":"","format":"standard","meta":{"footnotes":""},"categories":[30,36,28,39,24],"tags":[],"class_list":["post-13386","post","type-post","status-publish","format-standard","has-post-thumbnail","hentry","category-destacadas","category-el-sol","category-el-sol-no-37-noviembre-2023","category-liliana-queijo","category-salud-y-bienestar"],"yoast_head":"<!-- This site is optimized with the Yoast SEO plugin v27.5 - https:\/\/yoast.com\/product\/yoast-seo-wordpress\/ -->\n<title>Fumar es un placer \u00bfpara qui\u00e9n? - El Sol<\/title>\n<meta name=\"robots\" content=\"index, follow, max-snippet:-1, max-image-preview:large, max-video-preview:-1\" \/>\n<link rel=\"canonical\" href=\"https:\/\/elsol.ps.org.uy\/index.php\/2023\/12\/01\/fumar-es-un-placer-para-quien\/\" \/>\n<meta property=\"og:locale\" content=\"es_ES\" \/>\n<meta property=\"og:type\" content=\"article\" \/>\n<meta property=\"og:title\" content=\"Fumar es un placer \u00bfpara qui\u00e9n? - El Sol\" \/>\n<meta property=\"og:description\" content=\"Escribe Liliana Queijo | Senadora suplente PS FA Las y los socialistas sostenemos que es incompatible la vida digna con el capitalismo. Consideramos\" \/>\n<meta property=\"og:url\" content=\"https:\/\/elsol.ps.org.uy\/index.php\/2023\/12\/01\/fumar-es-un-placer-para-quien\/\" \/>\n<meta property=\"og:site_name\" content=\"El Sol\" \/>\n<meta property=\"article:published_time\" content=\"2023-12-01T14:49:51+00:00\" \/>\n<meta property=\"article:modified_time\" content=\"2024-02-27T21:57:37+00:00\" \/>\n<meta property=\"og:image\" content=\"https:\/\/elsol.ps.org.uy\/wp-content\/uploads\/2023\/12\/Mesa-de-trabajo-42mdpi.png\" \/>\n\t<meta property=\"og:image:width\" content=\"735\" \/>\n\t<meta property=\"og:image:height\" content=\"360\" \/>\n\t<meta property=\"og:image:type\" content=\"image\/png\" \/>\n<meta name=\"author\" content=\"El Sol\" \/>\n<meta name=\"twitter:card\" content=\"summary_large_image\" \/>\n<meta name=\"twitter:label1\" content=\"Escrito por\" \/>\n\t<meta name=\"twitter:data1\" content=\"El Sol\" \/>\n\t<meta name=\"twitter:label2\" content=\"Tiempo de lectura\" \/>\n\t<meta name=\"twitter:data2\" content=\"6 minutos\" \/>\n<script type=\"application\/ld+json\" class=\"yoast-schema-graph\">{\"@context\":\"https:\\\/\\\/schema.org\",\"@graph\":[{\"@type\":\"Article\",\"@id\":\"https:\\\/\\\/elsol.ps.org.uy\\\/index.php\\\/2023\\\/12\\\/01\\\/fumar-es-un-placer-para-quien\\\/#article\",\"isPartOf\":{\"@id\":\"https:\\\/\\\/elsol.ps.org.uy\\\/index.php\\\/2023\\\/12\\\/01\\\/fumar-es-un-placer-para-quien\\\/\"},\"author\":{\"name\":\"El Sol\",\"@id\":\"https:\\\/\\\/elsol.ps.org.uy\\\/#\\\/schema\\\/person\\\/9642a61f31473fe97857228bf33277f6\"},\"headline\":\"Fumar es un placer \u00bfpara qui\u00e9n?\",\"datePublished\":\"2023-12-01T14:49:51+00:00\",\"dateModified\":\"2024-02-27T21:57:37+00:00\",\"mainEntityOfPage\":{\"@id\":\"https:\\\/\\\/elsol.ps.org.uy\\\/index.php\\\/2023\\\/12\\\/01\\\/fumar-es-un-placer-para-quien\\\/\"},\"wordCount\":1225,\"image\":{\"@id\":\"https:\\\/\\\/elsol.ps.org.uy\\\/index.php\\\/2023\\\/12\\\/01\\\/fumar-es-un-placer-para-quien\\\/#primaryimage\"},\"thumbnailUrl\":\"https:\\\/\\\/elsol.ps.org.uy\\\/wp-content\\\/uploads\\\/2023\\\/12\\\/Mesa-de-trabajo-42mdpi.png\",\"articleSection\":[\"Destacadas\",\"El Sol\",\"El Sol \u2013 N\u00ba 37 \u2013 Noviembre 2023\",\"Liliana Queijo\",\"\u2060Salud y Bienestar\"],\"inLanguage\":\"es\"},{\"@type\":\"WebPage\",\"@id\":\"https:\\\/\\\/elsol.ps.org.uy\\\/index.php\\\/2023\\\/12\\\/01\\\/fumar-es-un-placer-para-quien\\\/\",\"url\":\"https:\\\/\\\/elsol.ps.org.uy\\\/index.php\\\/2023\\\/12\\\/01\\\/fumar-es-un-placer-para-quien\\\/\",\"name\":\"Fumar es un placer \u00bfpara qui\u00e9n? - El Sol\",\"isPartOf\":{\"@id\":\"https:\\\/\\\/elsol.ps.org.uy\\\/#website\"},\"primaryImageOfPage\":{\"@id\":\"https:\\\/\\\/elsol.ps.org.uy\\\/index.php\\\/2023\\\/12\\\/01\\\/fumar-es-un-placer-para-quien\\\/#primaryimage\"},\"image\":{\"@id\":\"https:\\\/\\\/elsol.ps.org.uy\\\/index.php\\\/2023\\\/12\\\/01\\\/fumar-es-un-placer-para-quien\\\/#primaryimage\"},\"thumbnailUrl\":\"https:\\\/\\\/elsol.ps.org.uy\\\/wp-content\\\/uploads\\\/2023\\\/12\\\/Mesa-de-trabajo-42mdpi.png\",\"datePublished\":\"2023-12-01T14:49:51+00:00\",\"dateModified\":\"2024-02-27T21:57:37+00:00\",\"author\":{\"@id\":\"https:\\\/\\\/elsol.ps.org.uy\\\/#\\\/schema\\\/person\\\/9642a61f31473fe97857228bf33277f6\"},\"breadcrumb\":{\"@id\":\"https:\\\/\\\/elsol.ps.org.uy\\\/index.php\\\/2023\\\/12\\\/01\\\/fumar-es-un-placer-para-quien\\\/#breadcrumb\"},\"inLanguage\":\"es\",\"potentialAction\":[{\"@type\":\"ReadAction\",\"target\":[\"https:\\\/\\\/elsol.ps.org.uy\\\/index.php\\\/2023\\\/12\\\/01\\\/fumar-es-un-placer-para-quien\\\/\"]}]},{\"@type\":\"ImageObject\",\"inLanguage\":\"es\",\"@id\":\"https:\\\/\\\/elsol.ps.org.uy\\\/index.php\\\/2023\\\/12\\\/01\\\/fumar-es-un-placer-para-quien\\\/#primaryimage\",\"url\":\"https:\\\/\\\/elsol.ps.org.uy\\\/wp-content\\\/uploads\\\/2023\\\/12\\\/Mesa-de-trabajo-42mdpi.png\",\"contentUrl\":\"https:\\\/\\\/elsol.ps.org.uy\\\/wp-content\\\/uploads\\\/2023\\\/12\\\/Mesa-de-trabajo-42mdpi.png\",\"width\":735,\"height\":360},{\"@type\":\"BreadcrumbList\",\"@id\":\"https:\\\/\\\/elsol.ps.org.uy\\\/index.php\\\/2023\\\/12\\\/01\\\/fumar-es-un-placer-para-quien\\\/#breadcrumb\",\"itemListElement\":[{\"@type\":\"ListItem\",\"position\":1,\"name\":\"Portada\",\"item\":\"https:\\\/\\\/elsol.ps.org.uy\\\/\"},{\"@type\":\"ListItem\",\"position\":2,\"name\":\"Fumar es un placer \u00bfpara qui\u00e9n?\"}]},{\"@type\":\"WebSite\",\"@id\":\"https:\\\/\\\/elsol.ps.org.uy\\\/#website\",\"url\":\"https:\\\/\\\/elsol.ps.org.uy\\\/\",\"name\":\"El Sol\",\"description\":\"Organo del Partido Socialista - Frente Amplio\",\"potentialAction\":[{\"@type\":\"SearchAction\",\"target\":{\"@type\":\"EntryPoint\",\"urlTemplate\":\"https:\\\/\\\/elsol.ps.org.uy\\\/?s={search_term_string}\"},\"query-input\":{\"@type\":\"PropertyValueSpecification\",\"valueRequired\":true,\"valueName\":\"search_term_string\"}}],\"inLanguage\":\"es\"},{\"@type\":\"Person\",\"@id\":\"https:\\\/\\\/elsol.ps.org.uy\\\/#\\\/schema\\\/person\\\/9642a61f31473fe97857228bf33277f6\",\"name\":\"El Sol\",\"image\":{\"@type\":\"ImageObject\",\"inLanguage\":\"es\",\"@id\":\"https:\\\/\\\/secure.gravatar.com\\\/avatar\\\/e14a39081cff84ca4b5657918d3e15ebebf0ca4cee0bb3b81200271ee78d4b9c?s=96&d=mm&r=g\",\"url\":\"https:\\\/\\\/secure.gravatar.com\\\/avatar\\\/e14a39081cff84ca4b5657918d3e15ebebf0ca4cee0bb3b81200271ee78d4b9c?s=96&d=mm&r=g\",\"contentUrl\":\"https:\\\/\\\/secure.gravatar.com\\\/avatar\\\/e14a39081cff84ca4b5657918d3e15ebebf0ca4cee0bb3b81200271ee78d4b9c?s=96&d=mm&r=g\",\"caption\":\"El Sol\"},\"url\":\"https:\\\/\\\/elsol.ps.org.uy\\\/index.php\\\/author\\\/eugenia\\\/\"}]}<\/script>\n<!-- \/ Yoast SEO plugin. -->","yoast_head_json":{"title":"Fumar es un placer \u00bfpara qui\u00e9n? - El Sol","robots":{"index":"index","follow":"follow","max-snippet":"max-snippet:-1","max-image-preview":"max-image-preview:large","max-video-preview":"max-video-preview:-1"},"canonical":"https:\/\/elsol.ps.org.uy\/index.php\/2023\/12\/01\/fumar-es-un-placer-para-quien\/","og_locale":"es_ES","og_type":"article","og_title":"Fumar es un placer \u00bfpara qui\u00e9n? - El Sol","og_description":"Escribe Liliana Queijo | Senadora suplente PS FA Las y los socialistas sostenemos que es incompatible la vida digna con el capitalismo. Consideramos","og_url":"https:\/\/elsol.ps.org.uy\/index.php\/2023\/12\/01\/fumar-es-un-placer-para-quien\/","og_site_name":"El Sol","article_published_time":"2023-12-01T14:49:51+00:00","article_modified_time":"2024-02-27T21:57:37+00:00","og_image":[{"width":735,"height":360,"url":"https:\/\/elsol.ps.org.uy\/wp-content\/uploads\/2023\/12\/Mesa-de-trabajo-42mdpi.png","type":"image\/png"}],"author":"El Sol","twitter_card":"summary_large_image","twitter_misc":{"Escrito por":"El Sol","Tiempo de lectura":"6 minutos"},"schema":{"@context":"https:\/\/schema.org","@graph":[{"@type":"Article","@id":"https:\/\/elsol.ps.org.uy\/index.php\/2023\/12\/01\/fumar-es-un-placer-para-quien\/#article","isPartOf":{"@id":"https:\/\/elsol.ps.org.uy\/index.php\/2023\/12\/01\/fumar-es-un-placer-para-quien\/"},"author":{"name":"El Sol","@id":"https:\/\/elsol.ps.org.uy\/#\/schema\/person\/9642a61f31473fe97857228bf33277f6"},"headline":"Fumar es un placer \u00bfpara qui\u00e9n?","datePublished":"2023-12-01T14:49:51+00:00","dateModified":"2024-02-27T21:57:37+00:00","mainEntityOfPage":{"@id":"https:\/\/elsol.ps.org.uy\/index.php\/2023\/12\/01\/fumar-es-un-placer-para-quien\/"},"wordCount":1225,"image":{"@id":"https:\/\/elsol.ps.org.uy\/index.php\/2023\/12\/01\/fumar-es-un-placer-para-quien\/#primaryimage"},"thumbnailUrl":"https:\/\/elsol.ps.org.uy\/wp-content\/uploads\/2023\/12\/Mesa-de-trabajo-42mdpi.png","articleSection":["Destacadas","El Sol","El Sol \u2013 N\u00ba 37 \u2013 Noviembre 2023","Liliana Queijo","\u2060Salud y Bienestar"],"inLanguage":"es"},{"@type":"WebPage","@id":"https:\/\/elsol.ps.org.uy\/index.php\/2023\/12\/01\/fumar-es-un-placer-para-quien\/","url":"https:\/\/elsol.ps.org.uy\/index.php\/2023\/12\/01\/fumar-es-un-placer-para-quien\/","name":"Fumar es un placer \u00bfpara qui\u00e9n? - El Sol","isPartOf":{"@id":"https:\/\/elsol.ps.org.uy\/#website"},"primaryImageOfPage":{"@id":"https:\/\/elsol.ps.org.uy\/index.php\/2023\/12\/01\/fumar-es-un-placer-para-quien\/#primaryimage"},"image":{"@id":"https:\/\/elsol.ps.org.uy\/index.php\/2023\/12\/01\/fumar-es-un-placer-para-quien\/#primaryimage"},"thumbnailUrl":"https:\/\/elsol.ps.org.uy\/wp-content\/uploads\/2023\/12\/Mesa-de-trabajo-42mdpi.png","datePublished":"2023-12-01T14:49:51+00:00","dateModified":"2024-02-27T21:57:37+00:00","author":{"@id":"https:\/\/elsol.ps.org.uy\/#\/schema\/person\/9642a61f31473fe97857228bf33277f6"},"breadcrumb":{"@id":"https:\/\/elsol.ps.org.uy\/index.php\/2023\/12\/01\/fumar-es-un-placer-para-quien\/#breadcrumb"},"inLanguage":"es","potentialAction":[{"@type":"ReadAction","target":["https:\/\/elsol.ps.org.uy\/index.php\/2023\/12\/01\/fumar-es-un-placer-para-quien\/"]}]},{"@type":"ImageObject","inLanguage":"es","@id":"https:\/\/elsol.ps.org.uy\/index.php\/2023\/12\/01\/fumar-es-un-placer-para-quien\/#primaryimage","url":"https:\/\/elsol.ps.org.uy\/wp-content\/uploads\/2023\/12\/Mesa-de-trabajo-42mdpi.png","contentUrl":"https:\/\/elsol.ps.org.uy\/wp-content\/uploads\/2023\/12\/Mesa-de-trabajo-42mdpi.png","width":735,"height":360},{"@type":"BreadcrumbList","@id":"https:\/\/elsol.ps.org.uy\/index.php\/2023\/12\/01\/fumar-es-un-placer-para-quien\/#breadcrumb","itemListElement":[{"@type":"ListItem","position":1,"name":"Portada","item":"https:\/\/elsol.ps.org.uy\/"},{"@type":"ListItem","position":2,"name":"Fumar es un placer \u00bfpara qui\u00e9n?"}]},{"@type":"WebSite","@id":"https:\/\/elsol.ps.org.uy\/#website","url":"https:\/\/elsol.ps.org.uy\/","name":"El Sol","description":"Organo del Partido Socialista - Frente Amplio","potentialAction":[{"@type":"SearchAction","target":{"@type":"EntryPoint","urlTemplate":"https:\/\/elsol.ps.org.uy\/?s={search_term_string}"},"query-input":{"@type":"PropertyValueSpecification","valueRequired":true,"valueName":"search_term_string"}}],"inLanguage":"es"},{"@type":"Person","@id":"https:\/\/elsol.ps.org.uy\/#\/schema\/person\/9642a61f31473fe97857228bf33277f6","name":"El Sol","image":{"@type":"ImageObject","inLanguage":"es","@id":"https:\/\/secure.gravatar.com\/avatar\/e14a39081cff84ca4b5657918d3e15ebebf0ca4cee0bb3b81200271ee78d4b9c?s=96&d=mm&r=g","url":"https:\/\/secure.gravatar.com\/avatar\/e14a39081cff84ca4b5657918d3e15ebebf0ca4cee0bb3b81200271ee78d4b9c?s=96&d=mm&r=g","contentUrl":"https:\/\/secure.gravatar.com\/avatar\/e14a39081cff84ca4b5657918d3e15ebebf0ca4cee0bb3b81200271ee78d4b9c?s=96&d=mm&r=g","caption":"El Sol"},"url":"https:\/\/elsol.ps.org.uy\/index.php\/author\/eugenia\/"}]}},"jetpack_featured_media_url":"https:\/\/elsol.ps.org.uy\/wp-content\/uploads\/2023\/12\/Mesa-de-trabajo-42mdpi.png","_links":{"self":[{"href":"https:\/\/elsol.ps.org.uy\/index.php\/wp-json\/wp\/v2\/posts\/13386","targetHints":{"allow":["GET"]}}],"collection":[{"href":"https:\/\/elsol.ps.org.uy\/index.php\/wp-json\/wp\/v2\/posts"}],"about":[{"href":"https:\/\/elsol.ps.org.uy\/index.php\/wp-json\/wp\/v2\/types\/post"}],"author":[{"embeddable":true,"href":"https:\/\/elsol.ps.org.uy\/index.php\/wp-json\/wp\/v2\/users\/2"}],"replies":[{"embeddable":true,"href":"https:\/\/elsol.ps.org.uy\/index.php\/wp-json\/wp\/v2\/comments?post=13386"}],"version-history":[{"count":1,"href":"https:\/\/elsol.ps.org.uy\/index.php\/wp-json\/wp\/v2\/posts\/13386\/revisions"}],"predecessor-version":[{"id":13426,"href":"https:\/\/elsol.ps.org.uy\/index.php\/wp-json\/wp\/v2\/posts\/13386\/revisions\/13426"}],"wp:featuredmedia":[{"embeddable":true,"href":"https:\/\/elsol.ps.org.uy\/index.php\/wp-json\/wp\/v2\/media\/13425"}],"wp:attachment":[{"href":"https:\/\/elsol.ps.org.uy\/index.php\/wp-json\/wp\/v2\/media?parent=13386"}],"wp:term":[{"taxonomy":"category","embeddable":true,"href":"https:\/\/elsol.ps.org.uy\/index.php\/wp-json\/wp\/v2\/categories?post=13386"},{"taxonomy":"post_tag","embeddable":true,"href":"https:\/\/elsol.ps.org.uy\/index.php\/wp-json\/wp\/v2\/tags?post=13386"}],"curies":[{"name":"wp","href":"https:\/\/api.w.org\/{rel}","templated":true}]}}