{"id":13391,"date":"2023-12-01T11:53:08","date_gmt":"2023-12-01T14:53:08","guid":{"rendered":"https:\/\/ps.org.uy\/?p=13391"},"modified":"2024-02-27T21:59:52","modified_gmt":"2024-02-27T21:59:52","slug":"hasta-siempre-companero-bebe-silva","status":"publish","type":"post","link":"https:\/\/elsol.ps.org.uy\/index.php\/2023\/12\/01\/hasta-siempre-companero-bebe-silva\/","title":{"rendered":"Hasta siempre compa\u00f1ero Bebe Silva"},"content":{"rendered":"\n<p class=\"has-text-align-right\"><em>Escriben Compa\u00f1eros y compa\u00f1eras socialistas de Las Piedras<\/em><\/p>\n\n\n\n<p>El viernes 27 de octubre los y las socialistas de Las Piedras recibimos un duro golpe. Perdimos al entra\u00f1able compa\u00f1ero Ernesto \u201cBebe\u201d Silva. Enseguida intercambiamos mensajes y llamadas transmiti\u00e9ndonos fuerza, compartimos fotos, videos y an\u00e9cdotas. Pronto nos fundimos en abrazos, la ma\u00f1ana del s\u00e1bado, en que le dimos su \u00faltimo adi\u00f3s y nuestro p\u00e9same a la familia. &nbsp;<\/p>\n\n\n\n<p>El Partido qued\u00f3 de luto, y en se\u00f1al de profundo reconocimiento al compa\u00f1ero, se nos invit\u00f3 a recordarlo por este medio. As\u00ed fue que pusimos en papel nuestros recuerdos, pero tambi\u00e9n quisimos transmitir las memorias de muchos m\u00e1s compa\u00f1eros que lo rodearon.<\/p>\n\n\n\n<p>Bebe recordaba su adolescencia como \u00e9pocas de solidaridad, en medio del Pachecato relataba c\u00f3mo su pap\u00e1 junto a los vecinos del barrio se ayudaban a hacer las planchadas de las casas y se retribu\u00edan con asados colectivos. Recordaba a su mam\u00e1 venir con varios litros de leche del almac\u00e9n, porque los gurises del barrio ten\u00edan que merendar. En ese entorno se gest\u00f3 un militante de la vida.<\/p>\n\n\n\n<p>El liceo Manuel Ros\u00e9 de Las Piedras fue un espacio de formaci\u00f3n y discusi\u00f3n muy fruct\u00edfero para muchas generaciones. En varias instancias Bebe recordaba su pasaje por el liceo como estudiante, con una barra pensante y discutidora, una generaci\u00f3n que agradeci\u00f3 tener a Vivian Tr\u00edas como docente de historia en el liceo. Bebe contaba que luego hizo preparatorio de medicina y como no ten\u00edan historia, le ped\u00edan a Vivian entrar como oyentes a sus clases de quinto y sexto. Asist\u00edan con gusto, por la pasi\u00f3n con la que Vivian les presentaba el convulsionado mundo en que viv\u00edan. Tambi\u00e9n relataba que las clases del nocturno no terminaban cuando sonaba el timbre, estas segu\u00edan en el bar hasta altas horas, j\u00f3venes y personas adultas asist\u00edan, a pesar que al d\u00eda siguiente hubiera que madrugar para trabajar. Esta \u00e9poca es recordada por Heber Freitas, Julio Gonz\u00e1lez y toda una generaci\u00f3n que vio a Vivian como un maestro en distintos \u00f3rdenes.<\/p>\n\n\n\n<p>Eran \u00e9pocas de efervescencia y creatividad en todos los \u00e1mbitos, en Las Piedras se cre\u00f3 a fines de los \u201860, una compa\u00f1\u00eda de teatro independiente que se llam\u00f3 \u201cLos Comediantes\u201d. Bebe y su pareja Norma, participaron ambos. Esta movida cultural de teatro independiente se vivi\u00f3 como un hito importante de la ciudad.<\/p>\n\n\n\n<p>Bebe se vincul\u00f3 al Partido Socialista en su juventud en la d\u00e9cada del \u201860. Lo hizo junto Norma y sus cu\u00f1ados. Syra Pedrazzi nos cuenta que era un grupo muy fermental que ella integraba, junto a compa\u00f1eros como Don Domingo Palisca, Uruguay Ortiz, y por supuesto Vivian Tr\u00edas, entre tantos m\u00e1s. Vivieron la primera clandestinidad del Partido tras ser decretada la ilegalidad de nuestra organizaci\u00f3n por Pacheco Areco el 12 de diciembre de 1967. Esta ilegalizaci\u00f3n se bas\u00f3 en el clima autoritario de la \u00e9poca por su puesto, pero se excusa por parte del gobierno en el apoyo por parte del PS a los postulados de la conferencia OLAS, en la que se manejaba como opci\u00f3n la lucha armada. Syra relata que Vivian tem\u00eda que esta ilegalizaci\u00f3n del Partido provocara en los militantes una radicalizaci\u00f3n, en un momento que la lucha armada avanzaba en el pa\u00eds. Vivian les insist\u00eda mucho a estos muchachos en la necesidad de continuar, por supuesto la clandestinidad, pero por las v\u00edas pol\u00edticas para la salida de ese proceso. Ah\u00ed se crea \u201cIzquierda\u201d, un peri\u00f3dico impulsado por Vivian, dirigido por Carlos Machado y Eduardo Galeano, que fue una herramienta pol\u00edtica para difundir la l\u00ednea partidaria. Los j\u00f3venes de Las Piedras trabajaron mucho en esta iniciativa. Bebe fue uno de los compa\u00f1eros que se pusieron como tarea militante principal repartir ese peri\u00f3dico, haciendo un trabajo pol\u00edtico con visitas, fomentando discusiones sobre sus contenidos, etc.&nbsp;<\/p>\n\n\n\n<p>Roberto Conde, comenta que conoci\u00f3 a Bebe ya en los \u201870, cuando se integr\u00f3 al PS a trav\u00e9s del compa\u00f1ero Eduardo \u201cChivo\u201d Carbajal y la compa\u00f1era Matilde Mac\u00edas. Se cre\u00f3 entonces una importante movida en Las Piedras, que consolid\u00f3 a la barra que ya ven\u00eda funcionando. Eran a\u00f1os dif\u00edciles. Recuerda a Bebe siempre en la trinchera, siempre en el trabajo. Fueron los momentos en que se termin\u00f3 de zurcir la unidad de la izquierda, fruto de un largo proceso. En el marco de la fundaci\u00f3n del Frente Amplio a nivel nacional en 1971, se crearon las primeras bases del Frente Amplio en Las Piedras, con referentes como el doctor Hugo Heijo, compa\u00f1eros del PDC, como el escribano Almada, etc. &nbsp;<\/p>\n\n\n\n<p>Syra recuerda que luego vino la noche de la dictadura, pero Bebe siempre estuvo, y ah\u00ed, reconvirtiendo las formas de militancia.&nbsp;<\/p>\n\n\n\n<p>Juan Spinoglio recuerda su primera reuni\u00f3n del Partido en la casa de Mirta Bossi en el a\u00f1o 1978, relata que ya era socialista pero esa era su primera reuni\u00f3n formal. Eran \u00e9pocas muy duras. Asimismo, cuenta que estaba tambi\u00e9n Alicia Mart\u00ednez y tantos otros queridos compa\u00f1eros de aquella \u00e9poca. Jos\u00e9 Pereira los visitaba por el Comit\u00e9 Central, fue en plena clandestinidad, seguramente no sab\u00edan su nombre. Esos a\u00f1os del 78, 79 al 84, siempre lo encontraban al Bebe en todas las instancias, militaban en mucha cosa, en la vida cultural pedrense, organizaban canto popular, teatro, tambi\u00e9n en el Frente Amplio.&nbsp;<\/p>\n\n\n\n<p>Syra, Roberto y Juan coinciden en que nunca fue un tipo de hacer oratoria, de aspirar a integrar listas en cargos altos, ni nada por el estilo. Siempre fue un militante de bajo perfil hacia afuera, pero de mucho perfil hacia adentro de la organizaci\u00f3n. Un hombre con mucha opini\u00f3n, con mucho peso y con gran presencia. Un armador de siempre.&nbsp;<\/p>\n\n\n\n<p>En la reorganizaci\u00f3n de la militancia en la clandestinidad y en el camino a la reconstrucci\u00f3n democr\u00e1tica en Las Piedras, trabaj\u00f3 conjuntamente con los Carbajal, Jos\u00e9 Alvari\u00f1o, Mirta Guianze, Juan Spinoglio, Juan Valentini, Heber Freitas, Rosa Fourment, Mirta Bossi, Alicia Mart\u00ednez, Julio Gonz\u00e1lez, entre otras y otros. Es recordado por su colaboraci\u00f3n en la revista \u201cEl Faro\u201d que dirig\u00eda el compa\u00f1ero Mario Curbelo all\u00e1 por el \u201882. Bebe ejerci\u00f3 un rol muy importante en el apoyo de las finanzas partidarias, tanto aportando, como trabajando para conseguir aportes. Fue un gran puntal para Palisca, participando del proceso de compra de nuestra Casa del Pueblo, espacio que hoy estamos reconstruyendo, lo cual creemos que tambi\u00e9n es un homenaje a aquellas luchas. En \u00e9pocas de la recuperaci\u00f3n democr\u00e1tica integr\u00f3 con varios compa\u00f1eros pedrenses el Comit\u00e9 Departamental de Canelones del PS.<\/p>\n\n\n\n<p>Jos\u00e9 Freitas rememora que los j\u00f3venes socialistas de los \u201890 y 2000 ten\u00edan la imagen de Bebe como un constante colaborador con sus iniciativas, a modo de ejemplo, con el Espacio Cultural \u201cLa Olla\u201d y con el \u201cCiclo de actividades informativas\u201d en el medio de la crisis de 2002.&nbsp;<\/p>\n\n\n\n<p>Julio Gonz\u00e1lez y Susana Rostani lo recuerdan como un pilar dentro del Partido Socialista, un hombre bueno, se pod\u00eda discrepar un d\u00eda y coincidir otro, un hombre firme de principios pero que siempre estaba. Relatan que integr\u00f3 el Seccional Vivian Tr\u00edas de Las Piedras, ocupando diferentes responsabilidades y luego, en \u00e9pocas de debilitamiento del Partido, siempre fue una mano tendida para reactivar las actividades.&nbsp;<\/p>\n\n\n\n<p>Los y las compa\u00f1eras de la Brigada de la JSU Latas Stones, recuerdan el incondicional apoyo de Bebe ante las peripecias vividas en la d\u00e9cada del 2010. En particular, la ayuda recibida para sostener espacios de militancia como la Casa de la Juventud del Barrio Obelisco o el local de la calle Batlle y Ord\u00f3\u00f1ez. Su asistencia asidua a las actividades impulsadas por los j\u00f3venes, as\u00ed como su apoyo sobre los procesos del Partido en el departamento. Siempre colaborando en fijar un rumbo que exalte nuestros mejores valores socialistas. No podemos olvidar la c\u00e9lebre frase \u201credonde\u00e1 Bebe\u201d, que daba cuenta de su vehemencia, de lo mucho que ten\u00eda por compartir y que sin dudas se volvi\u00f3 una se\u00f1a de identidad de la brigada.&nbsp;<\/p>\n\n\n\n<p>Jorge Crespo lo recuerda en su rol de cooperativista en la formaci\u00f3n de la Emergencia M\u00e9dico M\u00f3vil del Interior (EMMI) en 1987, fue la primera emergencia m\u00f3vil que tuvimos en la zona y que se form\u00f3 como cooperativa junto a los compa\u00f1eros Crespo, Alvari\u00f1o, Javier Garc\u00eda, y Ademar Campiglia. Jorge tambi\u00e9n lo describe como un incansable militante de base del Frente Amplio. Fue un puntal del Comit\u00e9 Felix Vidarte, espacio emblem\u00e1tico de la militancia pedrense, por su coherencia y constancia, el cual presidi\u00f3 durante mucho tiempo. Adem\u00e1s se dedic\u00f3 en las \u00faltimas d\u00e9cadas a la militancia social, integrando y presidiendo la Comisi\u00f3n de Fomento del Barrio Alsina.<\/p>\n\n\n\n<p>Por su parte, Heber Freitas cuenta como en tiempos dif\u00edciles de relacionamiento interno, en particular referentes al uso de Casa del Pueblo, con Bebe buscaron soluciones. Bebe propuso apoyar a los j\u00f3venes y encontrar un local alternativo. Fue una idea genial de supervivencia para esa etapa tan negativa. Como siempre, Bebe ten\u00eda claro de qu\u00e9 lado estar sin perder los esfuerzos por recomponer v\u00ednculos sobre bases de dignidad. Tambi\u00e9n estaba realizando una tarea formativa imprescindible. Beb\u00e9 lo hab\u00eda aprendido del gran Viv\u00edan y de los comp\u00e1s que lo rodeaban<\/p>\n\n\n\n<p>No hay palabras suficientes para agradecer y caracterizar a un compa\u00f1ero de todas las horas. Hoy y siempre recordaremos tu lucha. Las y los socialistas no mueren, se siembran.&nbsp;<\/p>\n","protected":false},"excerpt":{"rendered":"Escriben Compa\u00f1eros y compa\u00f1eras socialistas de Las Piedras El viernes 27 de octubre los y las socialistas de Las Piedras recibimos un duro \n<a class=\"moretag\" href=\"https:\/\/elsol.ps.org.uy\/index.php\/2023\/12\/01\/hasta-siempre-companero-bebe-silva\/\"> [...]<\/a>","protected":false},"author":2,"featured_media":13419,"comment_status":"closed","ping_status":"closed","sticky":false,"template":"","format":"standard","meta":{"footnotes":""},"categories":[36,28,1],"tags":[],"class_list":["post-13391","post","type-post","status-publish","format-standard","has-post-thumbnail","hentry","category-el-sol","category-el-sol-no-37-noviembre-2023","category-nacional"],"yoast_head":"<!-- This site is optimized with the Yoast SEO plugin v27.5 - https:\/\/yoast.com\/product\/yoast-seo-wordpress\/ -->\n<title>Hasta siempre compa\u00f1ero Bebe Silva - El Sol<\/title>\n<meta name=\"robots\" content=\"index, follow, max-snippet:-1, max-image-preview:large, max-video-preview:-1\" \/>\n<link rel=\"canonical\" href=\"https:\/\/elsol.ps.org.uy\/index.php\/2023\/12\/01\/hasta-siempre-companero-bebe-silva\/\" \/>\n<meta property=\"og:locale\" content=\"es_ES\" \/>\n<meta property=\"og:type\" content=\"article\" \/>\n<meta property=\"og:title\" content=\"Hasta siempre compa\u00f1ero Bebe Silva - El Sol\" \/>\n<meta property=\"og:description\" content=\"Escriben Compa\u00f1eros y compa\u00f1eras socialistas de Las Piedras El viernes 27 de octubre los y las socialistas de Las Piedras recibimos un duro\" \/>\n<meta property=\"og:url\" content=\"https:\/\/elsol.ps.org.uy\/index.php\/2023\/12\/01\/hasta-siempre-companero-bebe-silva\/\" \/>\n<meta property=\"og:site_name\" content=\"El Sol\" \/>\n<meta property=\"article:published_time\" content=\"2023-12-01T14:53:08+00:00\" \/>\n<meta property=\"article:modified_time\" content=\"2024-02-27T21:59:52+00:00\" \/>\n<meta property=\"og:image\" content=\"https:\/\/elsol.ps.org.uy\/wp-content\/uploads\/2023\/12\/Mesa-de-trabajo-43mdpi.png\" \/>\n\t<meta property=\"og:image:width\" content=\"735\" \/>\n\t<meta property=\"og:image:height\" content=\"360\" \/>\n\t<meta property=\"og:image:type\" content=\"image\/png\" \/>\n<meta name=\"author\" content=\"El Sol\" \/>\n<meta name=\"twitter:card\" content=\"summary_large_image\" \/>\n<meta name=\"twitter:label1\" content=\"Escrito por\" \/>\n\t<meta name=\"twitter:data1\" content=\"El Sol\" \/>\n\t<meta name=\"twitter:label2\" content=\"Tiempo de lectura\" \/>\n\t<meta name=\"twitter:data2\" content=\"8 minutos\" \/>\n<script type=\"application\/ld+json\" class=\"yoast-schema-graph\">{\"@context\":\"https:\\\/\\\/schema.org\",\"@graph\":[{\"@type\":\"Article\",\"@id\":\"https:\\\/\\\/elsol.ps.org.uy\\\/index.php\\\/2023\\\/12\\\/01\\\/hasta-siempre-companero-bebe-silva\\\/#article\",\"isPartOf\":{\"@id\":\"https:\\\/\\\/elsol.ps.org.uy\\\/index.php\\\/2023\\\/12\\\/01\\\/hasta-siempre-companero-bebe-silva\\\/\"},\"author\":{\"name\":\"El Sol\",\"@id\":\"https:\\\/\\\/elsol.ps.org.uy\\\/#\\\/schema\\\/person\\\/9642a61f31473fe97857228bf33277f6\"},\"headline\":\"Hasta siempre compa\u00f1ero Bebe Silva\",\"datePublished\":\"2023-12-01T14:53:08+00:00\",\"dateModified\":\"2024-02-27T21:59:52+00:00\",\"mainEntityOfPage\":{\"@id\":\"https:\\\/\\\/elsol.ps.org.uy\\\/index.php\\\/2023\\\/12\\\/01\\\/hasta-siempre-companero-bebe-silva\\\/\"},\"wordCount\":1644,\"image\":{\"@id\":\"https:\\\/\\\/elsol.ps.org.uy\\\/index.php\\\/2023\\\/12\\\/01\\\/hasta-siempre-companero-bebe-silva\\\/#primaryimage\"},\"thumbnailUrl\":\"https:\\\/\\\/elsol.ps.org.uy\\\/wp-content\\\/uploads\\\/2023\\\/12\\\/Mesa-de-trabajo-43mdpi.png\",\"articleSection\":[\"El Sol\",\"El Sol \u2013 N\u00ba 37 \u2013 Noviembre 2023\",\"Nacional\"],\"inLanguage\":\"es\"},{\"@type\":\"WebPage\",\"@id\":\"https:\\\/\\\/elsol.ps.org.uy\\\/index.php\\\/2023\\\/12\\\/01\\\/hasta-siempre-companero-bebe-silva\\\/\",\"url\":\"https:\\\/\\\/elsol.ps.org.uy\\\/index.php\\\/2023\\\/12\\\/01\\\/hasta-siempre-companero-bebe-silva\\\/\",\"name\":\"Hasta siempre compa\u00f1ero Bebe Silva - El Sol\",\"isPartOf\":{\"@id\":\"https:\\\/\\\/elsol.ps.org.uy\\\/#website\"},\"primaryImageOfPage\":{\"@id\":\"https:\\\/\\\/elsol.ps.org.uy\\\/index.php\\\/2023\\\/12\\\/01\\\/hasta-siempre-companero-bebe-silva\\\/#primaryimage\"},\"image\":{\"@id\":\"https:\\\/\\\/elsol.ps.org.uy\\\/index.php\\\/2023\\\/12\\\/01\\\/hasta-siempre-companero-bebe-silva\\\/#primaryimage\"},\"thumbnailUrl\":\"https:\\\/\\\/elsol.ps.org.uy\\\/wp-content\\\/uploads\\\/2023\\\/12\\\/Mesa-de-trabajo-43mdpi.png\",\"datePublished\":\"2023-12-01T14:53:08+00:00\",\"dateModified\":\"2024-02-27T21:59:52+00:00\",\"author\":{\"@id\":\"https:\\\/\\\/elsol.ps.org.uy\\\/#\\\/schema\\\/person\\\/9642a61f31473fe97857228bf33277f6\"},\"breadcrumb\":{\"@id\":\"https:\\\/\\\/elsol.ps.org.uy\\\/index.php\\\/2023\\\/12\\\/01\\\/hasta-siempre-companero-bebe-silva\\\/#breadcrumb\"},\"inLanguage\":\"es\",\"potentialAction\":[{\"@type\":\"ReadAction\",\"target\":[\"https:\\\/\\\/elsol.ps.org.uy\\\/index.php\\\/2023\\\/12\\\/01\\\/hasta-siempre-companero-bebe-silva\\\/\"]}]},{\"@type\":\"ImageObject\",\"inLanguage\":\"es\",\"@id\":\"https:\\\/\\\/elsol.ps.org.uy\\\/index.php\\\/2023\\\/12\\\/01\\\/hasta-siempre-companero-bebe-silva\\\/#primaryimage\",\"url\":\"https:\\\/\\\/elsol.ps.org.uy\\\/wp-content\\\/uploads\\\/2023\\\/12\\\/Mesa-de-trabajo-43mdpi.png\",\"contentUrl\":\"https:\\\/\\\/elsol.ps.org.uy\\\/wp-content\\\/uploads\\\/2023\\\/12\\\/Mesa-de-trabajo-43mdpi.png\",\"width\":735,\"height\":360},{\"@type\":\"BreadcrumbList\",\"@id\":\"https:\\\/\\\/elsol.ps.org.uy\\\/index.php\\\/2023\\\/12\\\/01\\\/hasta-siempre-companero-bebe-silva\\\/#breadcrumb\",\"itemListElement\":[{\"@type\":\"ListItem\",\"position\":1,\"name\":\"Portada\",\"item\":\"https:\\\/\\\/elsol.ps.org.uy\\\/\"},{\"@type\":\"ListItem\",\"position\":2,\"name\":\"Hasta siempre compa\u00f1ero Bebe Silva\"}]},{\"@type\":\"WebSite\",\"@id\":\"https:\\\/\\\/elsol.ps.org.uy\\\/#website\",\"url\":\"https:\\\/\\\/elsol.ps.org.uy\\\/\",\"name\":\"El Sol\",\"description\":\"Organo del Partido Socialista - Frente Amplio\",\"potentialAction\":[{\"@type\":\"SearchAction\",\"target\":{\"@type\":\"EntryPoint\",\"urlTemplate\":\"https:\\\/\\\/elsol.ps.org.uy\\\/?s={search_term_string}\"},\"query-input\":{\"@type\":\"PropertyValueSpecification\",\"valueRequired\":true,\"valueName\":\"search_term_string\"}}],\"inLanguage\":\"es\"},{\"@type\":\"Person\",\"@id\":\"https:\\\/\\\/elsol.ps.org.uy\\\/#\\\/schema\\\/person\\\/9642a61f31473fe97857228bf33277f6\",\"name\":\"El Sol\",\"image\":{\"@type\":\"ImageObject\",\"inLanguage\":\"es\",\"@id\":\"https:\\\/\\\/secure.gravatar.com\\\/avatar\\\/e14a39081cff84ca4b5657918d3e15ebebf0ca4cee0bb3b81200271ee78d4b9c?s=96&d=mm&r=g\",\"url\":\"https:\\\/\\\/secure.gravatar.com\\\/avatar\\\/e14a39081cff84ca4b5657918d3e15ebebf0ca4cee0bb3b81200271ee78d4b9c?s=96&d=mm&r=g\",\"contentUrl\":\"https:\\\/\\\/secure.gravatar.com\\\/avatar\\\/e14a39081cff84ca4b5657918d3e15ebebf0ca4cee0bb3b81200271ee78d4b9c?s=96&d=mm&r=g\",\"caption\":\"El Sol\"},\"url\":\"https:\\\/\\\/elsol.ps.org.uy\\\/index.php\\\/author\\\/eugenia\\\/\"}]}<\/script>\n<!-- \/ Yoast SEO plugin. -->","yoast_head_json":{"title":"Hasta siempre compa\u00f1ero Bebe Silva - El Sol","robots":{"index":"index","follow":"follow","max-snippet":"max-snippet:-1","max-image-preview":"max-image-preview:large","max-video-preview":"max-video-preview:-1"},"canonical":"https:\/\/elsol.ps.org.uy\/index.php\/2023\/12\/01\/hasta-siempre-companero-bebe-silva\/","og_locale":"es_ES","og_type":"article","og_title":"Hasta siempre compa\u00f1ero Bebe Silva - El Sol","og_description":"Escriben Compa\u00f1eros y compa\u00f1eras socialistas de Las Piedras El viernes 27 de octubre los y las socialistas de Las Piedras recibimos un duro","og_url":"https:\/\/elsol.ps.org.uy\/index.php\/2023\/12\/01\/hasta-siempre-companero-bebe-silva\/","og_site_name":"El Sol","article_published_time":"2023-12-01T14:53:08+00:00","article_modified_time":"2024-02-27T21:59:52+00:00","og_image":[{"width":735,"height":360,"url":"https:\/\/elsol.ps.org.uy\/wp-content\/uploads\/2023\/12\/Mesa-de-trabajo-43mdpi.png","type":"image\/png"}],"author":"El Sol","twitter_card":"summary_large_image","twitter_misc":{"Escrito por":"El Sol","Tiempo de lectura":"8 minutos"},"schema":{"@context":"https:\/\/schema.org","@graph":[{"@type":"Article","@id":"https:\/\/elsol.ps.org.uy\/index.php\/2023\/12\/01\/hasta-siempre-companero-bebe-silva\/#article","isPartOf":{"@id":"https:\/\/elsol.ps.org.uy\/index.php\/2023\/12\/01\/hasta-siempre-companero-bebe-silva\/"},"author":{"name":"El Sol","@id":"https:\/\/elsol.ps.org.uy\/#\/schema\/person\/9642a61f31473fe97857228bf33277f6"},"headline":"Hasta siempre compa\u00f1ero Bebe Silva","datePublished":"2023-12-01T14:53:08+00:00","dateModified":"2024-02-27T21:59:52+00:00","mainEntityOfPage":{"@id":"https:\/\/elsol.ps.org.uy\/index.php\/2023\/12\/01\/hasta-siempre-companero-bebe-silva\/"},"wordCount":1644,"image":{"@id":"https:\/\/elsol.ps.org.uy\/index.php\/2023\/12\/01\/hasta-siempre-companero-bebe-silva\/#primaryimage"},"thumbnailUrl":"https:\/\/elsol.ps.org.uy\/wp-content\/uploads\/2023\/12\/Mesa-de-trabajo-43mdpi.png","articleSection":["El Sol","El Sol \u2013 N\u00ba 37 \u2013 Noviembre 2023","Nacional"],"inLanguage":"es"},{"@type":"WebPage","@id":"https:\/\/elsol.ps.org.uy\/index.php\/2023\/12\/01\/hasta-siempre-companero-bebe-silva\/","url":"https:\/\/elsol.ps.org.uy\/index.php\/2023\/12\/01\/hasta-siempre-companero-bebe-silva\/","name":"Hasta siempre compa\u00f1ero Bebe Silva - El Sol","isPartOf":{"@id":"https:\/\/elsol.ps.org.uy\/#website"},"primaryImageOfPage":{"@id":"https:\/\/elsol.ps.org.uy\/index.php\/2023\/12\/01\/hasta-siempre-companero-bebe-silva\/#primaryimage"},"image":{"@id":"https:\/\/elsol.ps.org.uy\/index.php\/2023\/12\/01\/hasta-siempre-companero-bebe-silva\/#primaryimage"},"thumbnailUrl":"https:\/\/elsol.ps.org.uy\/wp-content\/uploads\/2023\/12\/Mesa-de-trabajo-43mdpi.png","datePublished":"2023-12-01T14:53:08+00:00","dateModified":"2024-02-27T21:59:52+00:00","author":{"@id":"https:\/\/elsol.ps.org.uy\/#\/schema\/person\/9642a61f31473fe97857228bf33277f6"},"breadcrumb":{"@id":"https:\/\/elsol.ps.org.uy\/index.php\/2023\/12\/01\/hasta-siempre-companero-bebe-silva\/#breadcrumb"},"inLanguage":"es","potentialAction":[{"@type":"ReadAction","target":["https:\/\/elsol.ps.org.uy\/index.php\/2023\/12\/01\/hasta-siempre-companero-bebe-silva\/"]}]},{"@type":"ImageObject","inLanguage":"es","@id":"https:\/\/elsol.ps.org.uy\/index.php\/2023\/12\/01\/hasta-siempre-companero-bebe-silva\/#primaryimage","url":"https:\/\/elsol.ps.org.uy\/wp-content\/uploads\/2023\/12\/Mesa-de-trabajo-43mdpi.png","contentUrl":"https:\/\/elsol.ps.org.uy\/wp-content\/uploads\/2023\/12\/Mesa-de-trabajo-43mdpi.png","width":735,"height":360},{"@type":"BreadcrumbList","@id":"https:\/\/elsol.ps.org.uy\/index.php\/2023\/12\/01\/hasta-siempre-companero-bebe-silva\/#breadcrumb","itemListElement":[{"@type":"ListItem","position":1,"name":"Portada","item":"https:\/\/elsol.ps.org.uy\/"},{"@type":"ListItem","position":2,"name":"Hasta siempre compa\u00f1ero Bebe Silva"}]},{"@type":"WebSite","@id":"https:\/\/elsol.ps.org.uy\/#website","url":"https:\/\/elsol.ps.org.uy\/","name":"El Sol","description":"Organo del Partido Socialista - Frente Amplio","potentialAction":[{"@type":"SearchAction","target":{"@type":"EntryPoint","urlTemplate":"https:\/\/elsol.ps.org.uy\/?s={search_term_string}"},"query-input":{"@type":"PropertyValueSpecification","valueRequired":true,"valueName":"search_term_string"}}],"inLanguage":"es"},{"@type":"Person","@id":"https:\/\/elsol.ps.org.uy\/#\/schema\/person\/9642a61f31473fe97857228bf33277f6","name":"El Sol","image":{"@type":"ImageObject","inLanguage":"es","@id":"https:\/\/secure.gravatar.com\/avatar\/e14a39081cff84ca4b5657918d3e15ebebf0ca4cee0bb3b81200271ee78d4b9c?s=96&d=mm&r=g","url":"https:\/\/secure.gravatar.com\/avatar\/e14a39081cff84ca4b5657918d3e15ebebf0ca4cee0bb3b81200271ee78d4b9c?s=96&d=mm&r=g","contentUrl":"https:\/\/secure.gravatar.com\/avatar\/e14a39081cff84ca4b5657918d3e15ebebf0ca4cee0bb3b81200271ee78d4b9c?s=96&d=mm&r=g","caption":"El Sol"},"url":"https:\/\/elsol.ps.org.uy\/index.php\/author\/eugenia\/"}]}},"jetpack_featured_media_url":"https:\/\/elsol.ps.org.uy\/wp-content\/uploads\/2023\/12\/Mesa-de-trabajo-43mdpi.png","_links":{"self":[{"href":"https:\/\/elsol.ps.org.uy\/index.php\/wp-json\/wp\/v2\/posts\/13391","targetHints":{"allow":["GET"]}}],"collection":[{"href":"https:\/\/elsol.ps.org.uy\/index.php\/wp-json\/wp\/v2\/posts"}],"about":[{"href":"https:\/\/elsol.ps.org.uy\/index.php\/wp-json\/wp\/v2\/types\/post"}],"author":[{"embeddable":true,"href":"https:\/\/elsol.ps.org.uy\/index.php\/wp-json\/wp\/v2\/users\/2"}],"replies":[{"embeddable":true,"href":"https:\/\/elsol.ps.org.uy\/index.php\/wp-json\/wp\/v2\/comments?post=13391"}],"version-history":[{"count":1,"href":"https:\/\/elsol.ps.org.uy\/index.php\/wp-json\/wp\/v2\/posts\/13391\/revisions"}],"predecessor-version":[{"id":13420,"href":"https:\/\/elsol.ps.org.uy\/index.php\/wp-json\/wp\/v2\/posts\/13391\/revisions\/13420"}],"wp:featuredmedia":[{"embeddable":true,"href":"https:\/\/elsol.ps.org.uy\/index.php\/wp-json\/wp\/v2\/media\/13419"}],"wp:attachment":[{"href":"https:\/\/elsol.ps.org.uy\/index.php\/wp-json\/wp\/v2\/media?parent=13391"}],"wp:term":[{"taxonomy":"category","embeddable":true,"href":"https:\/\/elsol.ps.org.uy\/index.php\/wp-json\/wp\/v2\/categories?post=13391"},{"taxonomy":"post_tag","embeddable":true,"href":"https:\/\/elsol.ps.org.uy\/index.php\/wp-json\/wp\/v2\/tags?post=13391"}],"curies":[{"name":"wp","href":"https:\/\/api.w.org\/{rel}","templated":true}]}}