{"id":13393,"date":"2023-12-01T11:54:19","date_gmt":"2023-12-01T14:54:19","guid":{"rendered":"https:\/\/ps.org.uy\/?p=13393"},"modified":"2024-02-27T22:00:37","modified_gmt":"2024-02-27T22:00:37","slug":"homenaje-a-gustavo-bernini","status":"publish","type":"post","link":"https:\/\/elsol.ps.org.uy\/index.php\/2023\/12\/01\/homenaje-a-gustavo-bernini\/","title":{"rendered":"Homenaje a Gustavo Bernini"},"content":{"rendered":"\n<p>Palabras emitidas en el Senado de la Rep\u00fablica en sesi\u00f3n de fecha 1\u00ba de noviembre&nbsp;<\/p>\n\n\n\n<p class=\"has-text-align-right\"><em>Escribe Jos\u00e9 Nunes | Senador PS-FA<\/em><\/p>\n\n\n\n<p>Cuando solicit\u00e9 hacer uso de la palabra en la media hora previa de la sesi\u00f3n de hoy pensaba referirme a otro asunto, pero lamentablemente, el jueves pasado -26 de octubre-, a pocas horas de que en esta c\u00e1mara se aprobara la ley sobre la reforma de la Caja Bancaria y en el debate se hicieran varias afirmaciones de reconocimiento a la labor del sindicato bancario, nos enteramos del fallecimiento de Gustavo Bernini.<\/p>\n\n\n\n<p>Desdichadamente, al d\u00eda siguiente \u2013el viernes 27\u2013, tambi\u00e9n nos enteramos del fallecimiento del compa\u00f1ero y periodista de larga trayectoria, Carlos Santiago, que incluso se desempe\u00f1\u00f3 en esta casa, en la secretar\u00eda de prensa del exsenador Reinaldo Gargano. Y en el d\u00eda de ayer falleci\u00f3, en la ciudad de Rivera, el edil departamental y secretario pol\u00edtico del Partido Socialista de ese departamento, Eduardo C\u00e1nepa. Quiero dejar sentado un reconocimiento, un homenaje a los compa\u00f1eros Carlos Santiago y Eduardo C\u00e1nepa. En su debido momento, seguramente el Partido Socialista y otras organizaciones les rendir\u00e1n el homenaje que merecen por su vida y su actuaci\u00f3n.<\/p>\n\n\n\n<p>Hoy quiero recordar a Gustavo Bernini, quien form\u00f3 parte de la generaci\u00f3n de veintea\u00f1eros que en los primeros a\u00f1os de la d\u00e9cada de los ochenta, con mucha generosidad y compromiso, se pusieron sobre sus hombros la reorganizaci\u00f3n del movimiento sindical uruguayo, muy conscientes de que la defensa de las trabajadoras y los trabajadores requer\u00eda la plena vigencia de las libertades p\u00fablicas y de la democracia. Por lo tanto, fueron un factor clave para la reconquista de la democracia.<\/p>\n\n\n\n<p>En 1985 Gustavo fue elegido dirigente del sector Banca Privada de AEBU y m\u00e1s adelante, integrante de su Consejo Central. Durante los siguientes veinte a\u00f1os se desempe\u00f1\u00f3 como destacado dirigente de ese sindicato. No voy a detallar su actuaci\u00f3n, pero s\u00ed me gustar\u00eda destacar el papel muy importante que jug\u00f3, obviamente en nombre de su sindicato y del PIT-CNT, durante la crisis de 2001 y 2002. En esos tiempos en que las pol\u00edticas neoliberales sumergieron al pa\u00eds en una situaci\u00f3n tr\u00e1gica, se conform\u00f3 el espacio Concertaci\u00f3n para el Crecimiento, donde productores y trabajadores intentaron presentar al Uruguay un programa de desarrollo para salir de la crisis; ah\u00ed el compa\u00f1ero Gustavo Bernini tuvo un rol muy importante. Luego, entre 2005 y 2010 se desempe\u00f1\u00f3 en esta casa como diputado, integrando la bancada socialista por el departamento de Montevideo en la C\u00e1mara de Representantes, y desde 2010 a 2015 presidi\u00f3 el Inacoop.<\/p>\n\n\n\n<p>Se podr\u00edan se\u00f1alar muchas cosas, pero quiero destacar que en el ejercicio de la funci\u00f3n p\u00fablica mantuvo siempre los criterios de austeridad republicana, de lealtad a la clase trabajadora y de vocaci\u00f3n de gobernar o actuar en v\u00ednculo y en di\u00e1logo permanente con la sociedad organizada. En 2020, cuando dej\u00f3 de ejercer la funci\u00f3n p\u00fablica, no dej\u00f3 de practicar la militancia y el compromiso social donde resid\u00eda, que era en la zona de Santa Ana. Mientras la salud se lo permiti\u00f3, particip\u00f3 muy activamente en la solidaridad con los vecinos, en el sostenimiento de la olla popular de la zona en los tr\u00e1gicos momentos de la pandemia, y en la reorganizaci\u00f3n del Comit\u00e9 de Base del Frente Amplio.<\/p>\n\n\n\n<p>Para terminar, quiero decir tres cosas:<\/p>\n\n\n\n<p>En primer lugar, creo que adem\u00e1s de otros atributos, Gustavo siempre tuvo una gran capacidad de di\u00e1logo, de buscar el entendimiento, y en su actuaci\u00f3n se gan\u00f3 el respeto de todos, de sus compa\u00f1eros y de sus adversarios, y tambi\u00e9n su aprecio. En segundo t\u00e9rmino \u2012esto lo digo, naturalmente, desde el dolor de la p\u00e9rdida y desde el afecto, pero tambi\u00e9n desde la racionalidad que intento poner a mis palabras cada vez que hablo en esta sala\u2012, pienso que las y los socialistas podemos estar realmente orgullosos de que Gustavo Bernini haya pertenecido a nuestras filas y haya representado a este Partido centenario en esta casa. En tercer lugar, s\u00e9 que, tanto en AEBU como en el movimiento cooperativo y en otros lugares, hay compa\u00f1eras y compa\u00f1eros que han seguido sus pasos para hacer realidad esa frase tantas veces repetida, pero por suerte muy vigente, de que los socialistas no mueren, se siembran.<\/p>\n\n\n\n<p>Muchas gracias.<\/p>\n","protected":false},"excerpt":{"rendered":"Palabras emitidas en el Senado de la Rep\u00fablica en sesi\u00f3n de fecha 1\u00ba de noviembre&nbsp; Escribe Jos\u00e9 Nunes | Senador PS-FA Cuando solicit\u00e9 \n<a class=\"moretag\" href=\"https:\/\/elsol.ps.org.uy\/index.php\/2023\/12\/01\/homenaje-a-gustavo-bernini\/\"> [...]<\/a>","protected":false},"author":2,"featured_media":13418,"comment_status":"closed","ping_status":"closed","sticky":false,"template":"","format":"standard","meta":{"footnotes":""},"categories":[36,28,37,1],"tags":[],"class_list":["post-13393","post","type-post","status-publish","format-standard","has-post-thumbnail","hentry","category-el-sol","category-el-sol-no-37-noviembre-2023","category-jose-nunes","category-nacional"],"yoast_head":"<!-- This site is optimized with the Yoast SEO plugin v27.5 - https:\/\/yoast.com\/product\/yoast-seo-wordpress\/ -->\n<title>Homenaje a Gustavo Bernini - El Sol<\/title>\n<meta name=\"robots\" content=\"index, follow, max-snippet:-1, max-image-preview:large, max-video-preview:-1\" \/>\n<link rel=\"canonical\" href=\"https:\/\/elsol.ps.org.uy\/index.php\/2023\/12\/01\/homenaje-a-gustavo-bernini\/\" \/>\n<meta property=\"og:locale\" content=\"es_ES\" \/>\n<meta property=\"og:type\" content=\"article\" \/>\n<meta property=\"og:title\" content=\"Homenaje a Gustavo Bernini - El Sol\" \/>\n<meta property=\"og:description\" content=\"Palabras emitidas en el Senado de la Rep\u00fablica en sesi\u00f3n de fecha 1\u00ba de noviembre&nbsp; Escribe Jos\u00e9 Nunes | Senador PS-FA Cuando solicit\u00e9\" \/>\n<meta property=\"og:url\" content=\"https:\/\/elsol.ps.org.uy\/index.php\/2023\/12\/01\/homenaje-a-gustavo-bernini\/\" \/>\n<meta property=\"og:site_name\" content=\"El Sol\" \/>\n<meta property=\"article:published_time\" content=\"2023-12-01T14:54:19+00:00\" \/>\n<meta property=\"article:modified_time\" content=\"2024-02-27T22:00:37+00:00\" \/>\n<meta property=\"og:image\" content=\"https:\/\/elsol.ps.org.uy\/wp-content\/uploads\/2023\/12\/Mesa-de-trabajo-45mdpi.png\" \/>\n\t<meta property=\"og:image:width\" content=\"735\" \/>\n\t<meta property=\"og:image:height\" content=\"360\" \/>\n\t<meta property=\"og:image:type\" content=\"image\/png\" \/>\n<meta name=\"author\" content=\"El Sol\" \/>\n<meta name=\"twitter:card\" content=\"summary_large_image\" \/>\n<meta name=\"twitter:label1\" content=\"Escrito por\" \/>\n\t<meta name=\"twitter:data1\" content=\"El Sol\" \/>\n\t<meta name=\"twitter:label2\" content=\"Tiempo de lectura\" \/>\n\t<meta name=\"twitter:data2\" content=\"4 minutos\" \/>\n<script type=\"application\/ld+json\" class=\"yoast-schema-graph\">{\"@context\":\"https:\\\/\\\/schema.org\",\"@graph\":[{\"@type\":\"Article\",\"@id\":\"https:\\\/\\\/elsol.ps.org.uy\\\/index.php\\\/2023\\\/12\\\/01\\\/homenaje-a-gustavo-bernini\\\/#article\",\"isPartOf\":{\"@id\":\"https:\\\/\\\/elsol.ps.org.uy\\\/index.php\\\/2023\\\/12\\\/01\\\/homenaje-a-gustavo-bernini\\\/\"},\"author\":{\"name\":\"El Sol\",\"@id\":\"https:\\\/\\\/elsol.ps.org.uy\\\/#\\\/schema\\\/person\\\/9642a61f31473fe97857228bf33277f6\"},\"headline\":\"Homenaje a Gustavo Bernini\",\"datePublished\":\"2023-12-01T14:54:19+00:00\",\"dateModified\":\"2024-02-27T22:00:37+00:00\",\"mainEntityOfPage\":{\"@id\":\"https:\\\/\\\/elsol.ps.org.uy\\\/index.php\\\/2023\\\/12\\\/01\\\/homenaje-a-gustavo-bernini\\\/\"},\"wordCount\":750,\"image\":{\"@id\":\"https:\\\/\\\/elsol.ps.org.uy\\\/index.php\\\/2023\\\/12\\\/01\\\/homenaje-a-gustavo-bernini\\\/#primaryimage\"},\"thumbnailUrl\":\"https:\\\/\\\/elsol.ps.org.uy\\\/wp-content\\\/uploads\\\/2023\\\/12\\\/Mesa-de-trabajo-45mdpi.png\",\"articleSection\":[\"El Sol\",\"El Sol \u2013 N\u00ba 37 \u2013 Noviembre 2023\",\"Jos\u00e9 Nunes\",\"Nacional\"],\"inLanguage\":\"es\"},{\"@type\":\"WebPage\",\"@id\":\"https:\\\/\\\/elsol.ps.org.uy\\\/index.php\\\/2023\\\/12\\\/01\\\/homenaje-a-gustavo-bernini\\\/\",\"url\":\"https:\\\/\\\/elsol.ps.org.uy\\\/index.php\\\/2023\\\/12\\\/01\\\/homenaje-a-gustavo-bernini\\\/\",\"name\":\"Homenaje a Gustavo Bernini - El Sol\",\"isPartOf\":{\"@id\":\"https:\\\/\\\/elsol.ps.org.uy\\\/#website\"},\"primaryImageOfPage\":{\"@id\":\"https:\\\/\\\/elsol.ps.org.uy\\\/index.php\\\/2023\\\/12\\\/01\\\/homenaje-a-gustavo-bernini\\\/#primaryimage\"},\"image\":{\"@id\":\"https:\\\/\\\/elsol.ps.org.uy\\\/index.php\\\/2023\\\/12\\\/01\\\/homenaje-a-gustavo-bernini\\\/#primaryimage\"},\"thumbnailUrl\":\"https:\\\/\\\/elsol.ps.org.uy\\\/wp-content\\\/uploads\\\/2023\\\/12\\\/Mesa-de-trabajo-45mdpi.png\",\"datePublished\":\"2023-12-01T14:54:19+00:00\",\"dateModified\":\"2024-02-27T22:00:37+00:00\",\"author\":{\"@id\":\"https:\\\/\\\/elsol.ps.org.uy\\\/#\\\/schema\\\/person\\\/9642a61f31473fe97857228bf33277f6\"},\"breadcrumb\":{\"@id\":\"https:\\\/\\\/elsol.ps.org.uy\\\/index.php\\\/2023\\\/12\\\/01\\\/homenaje-a-gustavo-bernini\\\/#breadcrumb\"},\"inLanguage\":\"es\",\"potentialAction\":[{\"@type\":\"ReadAction\",\"target\":[\"https:\\\/\\\/elsol.ps.org.uy\\\/index.php\\\/2023\\\/12\\\/01\\\/homenaje-a-gustavo-bernini\\\/\"]}]},{\"@type\":\"ImageObject\",\"inLanguage\":\"es\",\"@id\":\"https:\\\/\\\/elsol.ps.org.uy\\\/index.php\\\/2023\\\/12\\\/01\\\/homenaje-a-gustavo-bernini\\\/#primaryimage\",\"url\":\"https:\\\/\\\/elsol.ps.org.uy\\\/wp-content\\\/uploads\\\/2023\\\/12\\\/Mesa-de-trabajo-45mdpi.png\",\"contentUrl\":\"https:\\\/\\\/elsol.ps.org.uy\\\/wp-content\\\/uploads\\\/2023\\\/12\\\/Mesa-de-trabajo-45mdpi.png\",\"width\":735,\"height\":360},{\"@type\":\"BreadcrumbList\",\"@id\":\"https:\\\/\\\/elsol.ps.org.uy\\\/index.php\\\/2023\\\/12\\\/01\\\/homenaje-a-gustavo-bernini\\\/#breadcrumb\",\"itemListElement\":[{\"@type\":\"ListItem\",\"position\":1,\"name\":\"Portada\",\"item\":\"https:\\\/\\\/elsol.ps.org.uy\\\/\"},{\"@type\":\"ListItem\",\"position\":2,\"name\":\"Homenaje a Gustavo Bernini\"}]},{\"@type\":\"WebSite\",\"@id\":\"https:\\\/\\\/elsol.ps.org.uy\\\/#website\",\"url\":\"https:\\\/\\\/elsol.ps.org.uy\\\/\",\"name\":\"El Sol\",\"description\":\"Organo del Partido Socialista - Frente Amplio\",\"potentialAction\":[{\"@type\":\"SearchAction\",\"target\":{\"@type\":\"EntryPoint\",\"urlTemplate\":\"https:\\\/\\\/elsol.ps.org.uy\\\/?s={search_term_string}\"},\"query-input\":{\"@type\":\"PropertyValueSpecification\",\"valueRequired\":true,\"valueName\":\"search_term_string\"}}],\"inLanguage\":\"es\"},{\"@type\":\"Person\",\"@id\":\"https:\\\/\\\/elsol.ps.org.uy\\\/#\\\/schema\\\/person\\\/9642a61f31473fe97857228bf33277f6\",\"name\":\"El Sol\",\"image\":{\"@type\":\"ImageObject\",\"inLanguage\":\"es\",\"@id\":\"https:\\\/\\\/secure.gravatar.com\\\/avatar\\\/e14a39081cff84ca4b5657918d3e15ebebf0ca4cee0bb3b81200271ee78d4b9c?s=96&d=mm&r=g\",\"url\":\"https:\\\/\\\/secure.gravatar.com\\\/avatar\\\/e14a39081cff84ca4b5657918d3e15ebebf0ca4cee0bb3b81200271ee78d4b9c?s=96&d=mm&r=g\",\"contentUrl\":\"https:\\\/\\\/secure.gravatar.com\\\/avatar\\\/e14a39081cff84ca4b5657918d3e15ebebf0ca4cee0bb3b81200271ee78d4b9c?s=96&d=mm&r=g\",\"caption\":\"El Sol\"},\"url\":\"https:\\\/\\\/elsol.ps.org.uy\\\/index.php\\\/author\\\/eugenia\\\/\"}]}<\/script>\n<!-- \/ Yoast SEO plugin. -->","yoast_head_json":{"title":"Homenaje a Gustavo Bernini - El Sol","robots":{"index":"index","follow":"follow","max-snippet":"max-snippet:-1","max-image-preview":"max-image-preview:large","max-video-preview":"max-video-preview:-1"},"canonical":"https:\/\/elsol.ps.org.uy\/index.php\/2023\/12\/01\/homenaje-a-gustavo-bernini\/","og_locale":"es_ES","og_type":"article","og_title":"Homenaje a Gustavo Bernini - El Sol","og_description":"Palabras emitidas en el Senado de la Rep\u00fablica en sesi\u00f3n de fecha 1\u00ba de noviembre&nbsp; Escribe Jos\u00e9 Nunes | Senador PS-FA Cuando solicit\u00e9","og_url":"https:\/\/elsol.ps.org.uy\/index.php\/2023\/12\/01\/homenaje-a-gustavo-bernini\/","og_site_name":"El Sol","article_published_time":"2023-12-01T14:54:19+00:00","article_modified_time":"2024-02-27T22:00:37+00:00","og_image":[{"width":735,"height":360,"url":"https:\/\/elsol.ps.org.uy\/wp-content\/uploads\/2023\/12\/Mesa-de-trabajo-45mdpi.png","type":"image\/png"}],"author":"El Sol","twitter_card":"summary_large_image","twitter_misc":{"Escrito por":"El Sol","Tiempo de lectura":"4 minutos"},"schema":{"@context":"https:\/\/schema.org","@graph":[{"@type":"Article","@id":"https:\/\/elsol.ps.org.uy\/index.php\/2023\/12\/01\/homenaje-a-gustavo-bernini\/#article","isPartOf":{"@id":"https:\/\/elsol.ps.org.uy\/index.php\/2023\/12\/01\/homenaje-a-gustavo-bernini\/"},"author":{"name":"El Sol","@id":"https:\/\/elsol.ps.org.uy\/#\/schema\/person\/9642a61f31473fe97857228bf33277f6"},"headline":"Homenaje a Gustavo Bernini","datePublished":"2023-12-01T14:54:19+00:00","dateModified":"2024-02-27T22:00:37+00:00","mainEntityOfPage":{"@id":"https:\/\/elsol.ps.org.uy\/index.php\/2023\/12\/01\/homenaje-a-gustavo-bernini\/"},"wordCount":750,"image":{"@id":"https:\/\/elsol.ps.org.uy\/index.php\/2023\/12\/01\/homenaje-a-gustavo-bernini\/#primaryimage"},"thumbnailUrl":"https:\/\/elsol.ps.org.uy\/wp-content\/uploads\/2023\/12\/Mesa-de-trabajo-45mdpi.png","articleSection":["El Sol","El Sol \u2013 N\u00ba 37 \u2013 Noviembre 2023","Jos\u00e9 Nunes","Nacional"],"inLanguage":"es"},{"@type":"WebPage","@id":"https:\/\/elsol.ps.org.uy\/index.php\/2023\/12\/01\/homenaje-a-gustavo-bernini\/","url":"https:\/\/elsol.ps.org.uy\/index.php\/2023\/12\/01\/homenaje-a-gustavo-bernini\/","name":"Homenaje a Gustavo Bernini - El Sol","isPartOf":{"@id":"https:\/\/elsol.ps.org.uy\/#website"},"primaryImageOfPage":{"@id":"https:\/\/elsol.ps.org.uy\/index.php\/2023\/12\/01\/homenaje-a-gustavo-bernini\/#primaryimage"},"image":{"@id":"https:\/\/elsol.ps.org.uy\/index.php\/2023\/12\/01\/homenaje-a-gustavo-bernini\/#primaryimage"},"thumbnailUrl":"https:\/\/elsol.ps.org.uy\/wp-content\/uploads\/2023\/12\/Mesa-de-trabajo-45mdpi.png","datePublished":"2023-12-01T14:54:19+00:00","dateModified":"2024-02-27T22:00:37+00:00","author":{"@id":"https:\/\/elsol.ps.org.uy\/#\/schema\/person\/9642a61f31473fe97857228bf33277f6"},"breadcrumb":{"@id":"https:\/\/elsol.ps.org.uy\/index.php\/2023\/12\/01\/homenaje-a-gustavo-bernini\/#breadcrumb"},"inLanguage":"es","potentialAction":[{"@type":"ReadAction","target":["https:\/\/elsol.ps.org.uy\/index.php\/2023\/12\/01\/homenaje-a-gustavo-bernini\/"]}]},{"@type":"ImageObject","inLanguage":"es","@id":"https:\/\/elsol.ps.org.uy\/index.php\/2023\/12\/01\/homenaje-a-gustavo-bernini\/#primaryimage","url":"https:\/\/elsol.ps.org.uy\/wp-content\/uploads\/2023\/12\/Mesa-de-trabajo-45mdpi.png","contentUrl":"https:\/\/elsol.ps.org.uy\/wp-content\/uploads\/2023\/12\/Mesa-de-trabajo-45mdpi.png","width":735,"height":360},{"@type":"BreadcrumbList","@id":"https:\/\/elsol.ps.org.uy\/index.php\/2023\/12\/01\/homenaje-a-gustavo-bernini\/#breadcrumb","itemListElement":[{"@type":"ListItem","position":1,"name":"Portada","item":"https:\/\/elsol.ps.org.uy\/"},{"@type":"ListItem","position":2,"name":"Homenaje a Gustavo Bernini"}]},{"@type":"WebSite","@id":"https:\/\/elsol.ps.org.uy\/#website","url":"https:\/\/elsol.ps.org.uy\/","name":"El Sol","description":"Organo del Partido Socialista - Frente Amplio","potentialAction":[{"@type":"SearchAction","target":{"@type":"EntryPoint","urlTemplate":"https:\/\/elsol.ps.org.uy\/?s={search_term_string}"},"query-input":{"@type":"PropertyValueSpecification","valueRequired":true,"valueName":"search_term_string"}}],"inLanguage":"es"},{"@type":"Person","@id":"https:\/\/elsol.ps.org.uy\/#\/schema\/person\/9642a61f31473fe97857228bf33277f6","name":"El Sol","image":{"@type":"ImageObject","inLanguage":"es","@id":"https:\/\/secure.gravatar.com\/avatar\/e14a39081cff84ca4b5657918d3e15ebebf0ca4cee0bb3b81200271ee78d4b9c?s=96&d=mm&r=g","url":"https:\/\/secure.gravatar.com\/avatar\/e14a39081cff84ca4b5657918d3e15ebebf0ca4cee0bb3b81200271ee78d4b9c?s=96&d=mm&r=g","contentUrl":"https:\/\/secure.gravatar.com\/avatar\/e14a39081cff84ca4b5657918d3e15ebebf0ca4cee0bb3b81200271ee78d4b9c?s=96&d=mm&r=g","caption":"El Sol"},"url":"https:\/\/elsol.ps.org.uy\/index.php\/author\/eugenia\/"}]}},"jetpack_featured_media_url":"https:\/\/elsol.ps.org.uy\/wp-content\/uploads\/2023\/12\/Mesa-de-trabajo-45mdpi.png","_links":{"self":[{"href":"https:\/\/elsol.ps.org.uy\/index.php\/wp-json\/wp\/v2\/posts\/13393","targetHints":{"allow":["GET"]}}],"collection":[{"href":"https:\/\/elsol.ps.org.uy\/index.php\/wp-json\/wp\/v2\/posts"}],"about":[{"href":"https:\/\/elsol.ps.org.uy\/index.php\/wp-json\/wp\/v2\/types\/post"}],"author":[{"embeddable":true,"href":"https:\/\/elsol.ps.org.uy\/index.php\/wp-json\/wp\/v2\/users\/2"}],"replies":[{"embeddable":true,"href":"https:\/\/elsol.ps.org.uy\/index.php\/wp-json\/wp\/v2\/comments?post=13393"}],"version-history":[{"count":1,"href":"https:\/\/elsol.ps.org.uy\/index.php\/wp-json\/wp\/v2\/posts\/13393\/revisions"}],"predecessor-version":[{"id":13395,"href":"https:\/\/elsol.ps.org.uy\/index.php\/wp-json\/wp\/v2\/posts\/13393\/revisions\/13395"}],"wp:featuredmedia":[{"embeddable":true,"href":"https:\/\/elsol.ps.org.uy\/index.php\/wp-json\/wp\/v2\/media\/13418"}],"wp:attachment":[{"href":"https:\/\/elsol.ps.org.uy\/index.php\/wp-json\/wp\/v2\/media?parent=13393"}],"wp:term":[{"taxonomy":"category","embeddable":true,"href":"https:\/\/elsol.ps.org.uy\/index.php\/wp-json\/wp\/v2\/categories?post=13393"},{"taxonomy":"post_tag","embeddable":true,"href":"https:\/\/elsol.ps.org.uy\/index.php\/wp-json\/wp\/v2\/tags?post=13393"}],"curies":[{"name":"wp","href":"https:\/\/api.w.org\/{rel}","templated":true}]}}