{"id":13635,"date":"2024-02-28T22:15:38","date_gmt":"2024-02-29T01:15:38","guid":{"rendered":"https:\/\/elsol.ps.org.uy\/?p=13635"},"modified":"2024-02-28T23:06:12","modified_gmt":"2024-02-29T02:06:12","slug":"2024-un-ano-de-elecciones","status":"publish","type":"post","link":"https:\/\/elsol.ps.org.uy\/index.php\/2024\/02\/28\/2024-un-ano-de-elecciones\/","title":{"rendered":"2024 un a\u00f1o de elecciones"},"content":{"rendered":"\n<p class=\"has-text-align-right\"><em>Escribe M\u00f3nica Xavier<\/em><\/p>\n\n\n\n<p>En este 2024 el mundo sigue generando guerras, no obstante, en unos setenta pa\u00edses -masomenos la mitad de la poblaci\u00f3n mundial- estaremos realizando ochenta instancias electorales. Siempre es preferible poder elegir, aunque no en todos los pa\u00edses las elecciones significan mejor democracia. Sin desconocer la importancia de algunas elecciones en otros continentes para la geopol\u00edtica mundial, las de nuestro continente sin duda las vivimos con mayor impacto.<\/p>\n\n\n\n<p>La&nbsp; ultraderecha ha crecido en el mundo y en nuestra regi\u00f3n. En Brasil en 2018 fue electo Jair Bolsonaro y aunque hoy el pueblo ha rectificado su rumbo y el pa\u00eds -con Lula- vuelve a la libertad y al desarrollo, nadie le devuelve a quienes cayeron en la pobreza los a\u00f1os de penuria mal vividos entre otras calamidades. Hoy es Argentina quien toma un camino similar con Milei y Villaroel. Lejos parece haber quedado aquel consenso a favor de la libertad y la democracia y en contra de las dictaduras del cono Sur que tanto dolor nos trajeron, cuando ahora surgen personajes -apoyados por el voto popular- que las reivindican abiertamente.<\/p>\n\n\n\n<p>En El Salvador, Bukele vuelve a ser elegido -en una elecci\u00f3n inconstitucional- arrasando tambi\u00e9n en el legislativo, dejando a la oposici\u00f3n reducida a un lugar testimonial. Casi un r\u00e9gimen de partido \u00fanico. En los \u00faltimos dos a\u00f1os el pa\u00eds ha vivido en estado de excepci\u00f3n, el ej\u00e9rcito est\u00e1 en las calles y las c\u00e1rceles est\u00e1n llenas de delincuentes y de inocentes, son varios los derechos sociales suspendidos y el aparato del Estado est\u00e1 enteramente al servicio de reproducir su poder omn\u00edmodo.&nbsp;<\/p>\n\n\n\n<p>Nos encontramos con derechas extremadamente reaccionarias pero no necesariamente conservadoras, a veces son hasta m\u00e1s disruptivas que las izquierdas.&nbsp;<\/p>\n\n\n\n<p>Se trata de entender que estamos haciendo mal, porque nunca ser\u00e1&nbsp; mejor vivir sin libertad, ni en aras de la igualdad ni en aras de la seguridad. Pero bien vale recordar la frase acu\u00f1ada por Jos\u00e9 Batlle y Ord\u00f3nez \u201cNo es que el pueblo nunca se equivoque, sino que es el \u00fanico que tiene el derecho de equivocarse.\u201d Pero, las izquierdas deberiamos con nuestras propuestas y por sobre todo, con el cumplimiento de las&nbsp; mismas, tratar de evitar estas derivas autoritarias.<\/p>\n\n\n\n<p>Nuestras sociedades muestran insatisfacci\u00f3n, sienten que las democracias no est\u00e1n dando respuesta a sus variadas demandas que van desde servicios p\u00fablicos de calidad a vivir la vida seguros, pasando por un amplio abanico que representa la diversidad de intereses.<\/p>\n\n\n\n<p>Se dice que vivimos en el continente m\u00e1s violento porque aqu\u00ed est\u00e1n la mayor cantidad de ciudades que tienen los \u00edndices m\u00e1s altos de criminalidad y se considera que la mayor amenaza a la regi\u00f3n es el crimen organizado (responsable del 50% de los homicidios en LAC). Lo que debemos tener presente es que hace muchos m\u00e1s a\u00f1os que tenemos otro triste r\u00e9cord: distribuir de la manera m\u00e1s desigual la riqueza. En esa herida de desigualdad asienta esa violencia. Mientras tanto, se destinan recursos extraordinarios para financiar fracasadas pol\u00edticas de seguridad en base exclusivamente al incremento punitivo, quedando otras necesidades b\u00e1sicas postergadas.<\/p>\n\n\n\n<p>Seg\u00fan CEPAL, la pobreza al final del 2022 baj\u00f3 un 1.2% volviendo a los niveles pre pandemia (29% de la poblaci\u00f3n). El escaso crecimiento del PBI en los a\u00f1os posteriores no permite prever nuevas mejoras en materia de pobreza.<\/p>\n\n\n\n<p>La necesidad de desplegar un verdadero proyecto de desarrollo con inclusi\u00f3n y respeto del ambiente, as\u00ed como, el riesgo de no dar una respuesta democr\u00e1tica al problema de la violencia, la delincuencia y el crimen organizado son algunos de nuestros desaf\u00edos m\u00e1s imperiosos y desde los que podremos abordar otros problemas. Tenemos que poder dialogar francamente con la sociedad para explicarle que, no es con menos democracia sino con m\u00e1s democracia que pretendemos solucionar los problemas en nuestra sociedad, camino en el que el involucramiento de&nbsp; la ciudadan\u00eda es fundamental.<\/p>\n\n\n\n<p>En la conmemoraci\u00f3n de los 53 a\u00f1os del nacimiento de nuestro Frente Amplio que servir\u00e1 de lanzamiento del ciclo electoral es importante proponernos&nbsp; llevar adelante una campa\u00f1a en que logremos transmitir el orgullo de nuestra historia y por sobre todo la esperanza y la alegr\u00eda de conquistar un mejor futuro como el que proponen nuestras l\u00edneas program\u00e1ticas. Las y los frenteamplistas tenemos 4 excelentes pre candidaturas. En esta etapa apoyaremos a la compa\u00f1era Carolina con la aspiraci\u00f3n de que con sus excelentes condiciones permita llegar a una mujer a la presidencia de la Rep\u00fablica por primera vez en la historia del Uruguay.<\/p>\n\n\n\n<p>A todo esto, frente a un nuevo ciclo electoral seguimos sin reconocer el voto de nuestros compatriotas en el exterior, \u00fanicos en la regi\u00f3n, otro triste privilegio.<\/p>\n\n\n\n<p><\/p>\n","protected":false},"excerpt":{"rendered":"Escribe M\u00f3nica Xavier En este 2024 el mundo sigue generando guerras, no obstante, en unos setenta pa\u00edses -masomenos la mitad de la poblaci\u00f3n \n<a class=\"moretag\" href=\"https:\/\/elsol.ps.org.uy\/index.php\/2024\/02\/28\/2024-un-ano-de-elecciones\/\"> [...]<\/a>","protected":false},"author":2,"featured_media":13636,"comment_status":"open","ping_status":"closed","sticky":false,"template":"","format":"standard","meta":{"footnotes":""},"categories":[30,36,76,19,59],"tags":[],"class_list":["post-13635","post","type-post","status-publish","format-standard","has-post-thumbnail","hentry","category-destacadas","category-el-sol","category-el-sol-no-38-febrero","category-internacional","category-monicaxavier"],"yoast_head":"<!-- This site is optimized with the Yoast SEO plugin v27.4 - https:\/\/yoast.com\/product\/yoast-seo-wordpress\/ -->\n<title>2024 un a\u00f1o de elecciones - El Sol<\/title>\n<meta name=\"robots\" content=\"index, follow, max-snippet:-1, max-image-preview:large, max-video-preview:-1\" \/>\n<link rel=\"canonical\" href=\"https:\/\/elsol.ps.org.uy\/index.php\/2024\/02\/28\/2024-un-ano-de-elecciones\/\" \/>\n<meta property=\"og:locale\" content=\"es_ES\" \/>\n<meta property=\"og:type\" content=\"article\" \/>\n<meta property=\"og:title\" content=\"2024 un a\u00f1o de elecciones - El Sol\" \/>\n<meta property=\"og:description\" content=\"Escribe M\u00f3nica Xavier En este 2024 el mundo sigue generando guerras, no obstante, en unos setenta pa\u00edses -masomenos la mitad de la poblaci\u00f3n\" \/>\n<meta property=\"og:url\" content=\"https:\/\/elsol.ps.org.uy\/index.php\/2024\/02\/28\/2024-un-ano-de-elecciones\/\" \/>\n<meta property=\"og:site_name\" content=\"El Sol\" \/>\n<meta property=\"article:published_time\" content=\"2024-02-29T01:15:38+00:00\" \/>\n<meta property=\"article:modified_time\" content=\"2024-02-29T02:06:12+00:00\" \/>\n<meta property=\"og:image\" content=\"https:\/\/elsol.ps.org.uy\/wp-content\/uploads\/2024\/02\/Mesa-de-trabajo-40mdpi.png\" \/>\n\t<meta property=\"og:image:width\" content=\"735\" \/>\n\t<meta property=\"og:image:height\" content=\"360\" \/>\n\t<meta property=\"og:image:type\" content=\"image\/png\" \/>\n<meta name=\"author\" content=\"El Sol\" \/>\n<meta name=\"twitter:card\" content=\"summary_large_image\" \/>\n<meta name=\"twitter:label1\" content=\"Escrito por\" \/>\n\t<meta name=\"twitter:data1\" content=\"El Sol\" \/>\n\t<meta name=\"twitter:label2\" content=\"Tiempo de lectura\" \/>\n\t<meta name=\"twitter:data2\" content=\"4 minutos\" \/>\n<script type=\"application\/ld+json\" class=\"yoast-schema-graph\">{\"@context\":\"https:\\\/\\\/schema.org\",\"@graph\":[{\"@type\":\"Article\",\"@id\":\"https:\\\/\\\/elsol.ps.org.uy\\\/index.php\\\/2024\\\/02\\\/28\\\/2024-un-ano-de-elecciones\\\/#article\",\"isPartOf\":{\"@id\":\"https:\\\/\\\/elsol.ps.org.uy\\\/index.php\\\/2024\\\/02\\\/28\\\/2024-un-ano-de-elecciones\\\/\"},\"author\":{\"name\":\"El Sol\",\"@id\":\"https:\\\/\\\/elsol.ps.org.uy\\\/#\\\/schema\\\/person\\\/9642a61f31473fe97857228bf33277f6\"},\"headline\":\"2024 un a\u00f1o de elecciones\",\"datePublished\":\"2024-02-29T01:15:38+00:00\",\"dateModified\":\"2024-02-29T02:06:12+00:00\",\"mainEntityOfPage\":{\"@id\":\"https:\\\/\\\/elsol.ps.org.uy\\\/index.php\\\/2024\\\/02\\\/28\\\/2024-un-ano-de-elecciones\\\/\"},\"wordCount\":819,\"commentCount\":0,\"image\":{\"@id\":\"https:\\\/\\\/elsol.ps.org.uy\\\/index.php\\\/2024\\\/02\\\/28\\\/2024-un-ano-de-elecciones\\\/#primaryimage\"},\"thumbnailUrl\":\"https:\\\/\\\/elsol.ps.org.uy\\\/wp-content\\\/uploads\\\/2024\\\/02\\\/Mesa-de-trabajo-40mdpi.png\",\"articleSection\":[\"Destacadas\",\"El Sol\",\"El Sol - N\u00ba 38 - Febrero 2024\",\"\u2060Internacional\",\"M\u00f3nica Xavier\"],\"inLanguage\":\"es\",\"potentialAction\":[{\"@type\":\"CommentAction\",\"name\":\"Comment\",\"target\":[\"https:\\\/\\\/elsol.ps.org.uy\\\/index.php\\\/2024\\\/02\\\/28\\\/2024-un-ano-de-elecciones\\\/#respond\"]}]},{\"@type\":\"WebPage\",\"@id\":\"https:\\\/\\\/elsol.ps.org.uy\\\/index.php\\\/2024\\\/02\\\/28\\\/2024-un-ano-de-elecciones\\\/\",\"url\":\"https:\\\/\\\/elsol.ps.org.uy\\\/index.php\\\/2024\\\/02\\\/28\\\/2024-un-ano-de-elecciones\\\/\",\"name\":\"2024 un a\u00f1o de elecciones - El Sol\",\"isPartOf\":{\"@id\":\"https:\\\/\\\/elsol.ps.org.uy\\\/#website\"},\"primaryImageOfPage\":{\"@id\":\"https:\\\/\\\/elsol.ps.org.uy\\\/index.php\\\/2024\\\/02\\\/28\\\/2024-un-ano-de-elecciones\\\/#primaryimage\"},\"image\":{\"@id\":\"https:\\\/\\\/elsol.ps.org.uy\\\/index.php\\\/2024\\\/02\\\/28\\\/2024-un-ano-de-elecciones\\\/#primaryimage\"},\"thumbnailUrl\":\"https:\\\/\\\/elsol.ps.org.uy\\\/wp-content\\\/uploads\\\/2024\\\/02\\\/Mesa-de-trabajo-40mdpi.png\",\"datePublished\":\"2024-02-29T01:15:38+00:00\",\"dateModified\":\"2024-02-29T02:06:12+00:00\",\"author\":{\"@id\":\"https:\\\/\\\/elsol.ps.org.uy\\\/#\\\/schema\\\/person\\\/9642a61f31473fe97857228bf33277f6\"},\"breadcrumb\":{\"@id\":\"https:\\\/\\\/elsol.ps.org.uy\\\/index.php\\\/2024\\\/02\\\/28\\\/2024-un-ano-de-elecciones\\\/#breadcrumb\"},\"inLanguage\":\"es\",\"potentialAction\":[{\"@type\":\"ReadAction\",\"target\":[\"https:\\\/\\\/elsol.ps.org.uy\\\/index.php\\\/2024\\\/02\\\/28\\\/2024-un-ano-de-elecciones\\\/\"]}]},{\"@type\":\"ImageObject\",\"inLanguage\":\"es\",\"@id\":\"https:\\\/\\\/elsol.ps.org.uy\\\/index.php\\\/2024\\\/02\\\/28\\\/2024-un-ano-de-elecciones\\\/#primaryimage\",\"url\":\"https:\\\/\\\/elsol.ps.org.uy\\\/wp-content\\\/uploads\\\/2024\\\/02\\\/Mesa-de-trabajo-40mdpi.png\",\"contentUrl\":\"https:\\\/\\\/elsol.ps.org.uy\\\/wp-content\\\/uploads\\\/2024\\\/02\\\/Mesa-de-trabajo-40mdpi.png\",\"width\":735,\"height\":360},{\"@type\":\"BreadcrumbList\",\"@id\":\"https:\\\/\\\/elsol.ps.org.uy\\\/index.php\\\/2024\\\/02\\\/28\\\/2024-un-ano-de-elecciones\\\/#breadcrumb\",\"itemListElement\":[{\"@type\":\"ListItem\",\"position\":1,\"name\":\"Portada\",\"item\":\"https:\\\/\\\/elsol.ps.org.uy\\\/\"},{\"@type\":\"ListItem\",\"position\":2,\"name\":\"2024 un a\u00f1o de elecciones\"}]},{\"@type\":\"WebSite\",\"@id\":\"https:\\\/\\\/elsol.ps.org.uy\\\/#website\",\"url\":\"https:\\\/\\\/elsol.ps.org.uy\\\/\",\"name\":\"El Sol\",\"description\":\"Organo del Partido Socialista - Frente Amplio\",\"potentialAction\":[{\"@type\":\"SearchAction\",\"target\":{\"@type\":\"EntryPoint\",\"urlTemplate\":\"https:\\\/\\\/elsol.ps.org.uy\\\/?s={search_term_string}\"},\"query-input\":{\"@type\":\"PropertyValueSpecification\",\"valueRequired\":true,\"valueName\":\"search_term_string\"}}],\"inLanguage\":\"es\"},{\"@type\":\"Person\",\"@id\":\"https:\\\/\\\/elsol.ps.org.uy\\\/#\\\/schema\\\/person\\\/9642a61f31473fe97857228bf33277f6\",\"name\":\"El Sol\",\"image\":{\"@type\":\"ImageObject\",\"inLanguage\":\"es\",\"@id\":\"https:\\\/\\\/secure.gravatar.com\\\/avatar\\\/e14a39081cff84ca4b5657918d3e15ebebf0ca4cee0bb3b81200271ee78d4b9c?s=96&d=mm&r=g\",\"url\":\"https:\\\/\\\/secure.gravatar.com\\\/avatar\\\/e14a39081cff84ca4b5657918d3e15ebebf0ca4cee0bb3b81200271ee78d4b9c?s=96&d=mm&r=g\",\"contentUrl\":\"https:\\\/\\\/secure.gravatar.com\\\/avatar\\\/e14a39081cff84ca4b5657918d3e15ebebf0ca4cee0bb3b81200271ee78d4b9c?s=96&d=mm&r=g\",\"caption\":\"El Sol\"},\"url\":\"https:\\\/\\\/elsol.ps.org.uy\\\/index.php\\\/author\\\/eugenia\\\/\"}]}<\/script>\n<!-- \/ Yoast SEO plugin. -->","yoast_head_json":{"title":"2024 un a\u00f1o de elecciones - El Sol","robots":{"index":"index","follow":"follow","max-snippet":"max-snippet:-1","max-image-preview":"max-image-preview:large","max-video-preview":"max-video-preview:-1"},"canonical":"https:\/\/elsol.ps.org.uy\/index.php\/2024\/02\/28\/2024-un-ano-de-elecciones\/","og_locale":"es_ES","og_type":"article","og_title":"2024 un a\u00f1o de elecciones - El Sol","og_description":"Escribe M\u00f3nica Xavier En este 2024 el mundo sigue generando guerras, no obstante, en unos setenta pa\u00edses -masomenos la mitad de la poblaci\u00f3n","og_url":"https:\/\/elsol.ps.org.uy\/index.php\/2024\/02\/28\/2024-un-ano-de-elecciones\/","og_site_name":"El Sol","article_published_time":"2024-02-29T01:15:38+00:00","article_modified_time":"2024-02-29T02:06:12+00:00","og_image":[{"width":735,"height":360,"url":"https:\/\/elsol.ps.org.uy\/wp-content\/uploads\/2024\/02\/Mesa-de-trabajo-40mdpi.png","type":"image\/png"}],"author":"El Sol","twitter_card":"summary_large_image","twitter_misc":{"Escrito por":"El Sol","Tiempo de lectura":"4 minutos"},"schema":{"@context":"https:\/\/schema.org","@graph":[{"@type":"Article","@id":"https:\/\/elsol.ps.org.uy\/index.php\/2024\/02\/28\/2024-un-ano-de-elecciones\/#article","isPartOf":{"@id":"https:\/\/elsol.ps.org.uy\/index.php\/2024\/02\/28\/2024-un-ano-de-elecciones\/"},"author":{"name":"El Sol","@id":"https:\/\/elsol.ps.org.uy\/#\/schema\/person\/9642a61f31473fe97857228bf33277f6"},"headline":"2024 un a\u00f1o de elecciones","datePublished":"2024-02-29T01:15:38+00:00","dateModified":"2024-02-29T02:06:12+00:00","mainEntityOfPage":{"@id":"https:\/\/elsol.ps.org.uy\/index.php\/2024\/02\/28\/2024-un-ano-de-elecciones\/"},"wordCount":819,"commentCount":0,"image":{"@id":"https:\/\/elsol.ps.org.uy\/index.php\/2024\/02\/28\/2024-un-ano-de-elecciones\/#primaryimage"},"thumbnailUrl":"https:\/\/elsol.ps.org.uy\/wp-content\/uploads\/2024\/02\/Mesa-de-trabajo-40mdpi.png","articleSection":["Destacadas","El Sol","El Sol - N\u00ba 38 - Febrero 2024","\u2060Internacional","M\u00f3nica Xavier"],"inLanguage":"es","potentialAction":[{"@type":"CommentAction","name":"Comment","target":["https:\/\/elsol.ps.org.uy\/index.php\/2024\/02\/28\/2024-un-ano-de-elecciones\/#respond"]}]},{"@type":"WebPage","@id":"https:\/\/elsol.ps.org.uy\/index.php\/2024\/02\/28\/2024-un-ano-de-elecciones\/","url":"https:\/\/elsol.ps.org.uy\/index.php\/2024\/02\/28\/2024-un-ano-de-elecciones\/","name":"2024 un a\u00f1o de elecciones - El Sol","isPartOf":{"@id":"https:\/\/elsol.ps.org.uy\/#website"},"primaryImageOfPage":{"@id":"https:\/\/elsol.ps.org.uy\/index.php\/2024\/02\/28\/2024-un-ano-de-elecciones\/#primaryimage"},"image":{"@id":"https:\/\/elsol.ps.org.uy\/index.php\/2024\/02\/28\/2024-un-ano-de-elecciones\/#primaryimage"},"thumbnailUrl":"https:\/\/elsol.ps.org.uy\/wp-content\/uploads\/2024\/02\/Mesa-de-trabajo-40mdpi.png","datePublished":"2024-02-29T01:15:38+00:00","dateModified":"2024-02-29T02:06:12+00:00","author":{"@id":"https:\/\/elsol.ps.org.uy\/#\/schema\/person\/9642a61f31473fe97857228bf33277f6"},"breadcrumb":{"@id":"https:\/\/elsol.ps.org.uy\/index.php\/2024\/02\/28\/2024-un-ano-de-elecciones\/#breadcrumb"},"inLanguage":"es","potentialAction":[{"@type":"ReadAction","target":["https:\/\/elsol.ps.org.uy\/index.php\/2024\/02\/28\/2024-un-ano-de-elecciones\/"]}]},{"@type":"ImageObject","inLanguage":"es","@id":"https:\/\/elsol.ps.org.uy\/index.php\/2024\/02\/28\/2024-un-ano-de-elecciones\/#primaryimage","url":"https:\/\/elsol.ps.org.uy\/wp-content\/uploads\/2024\/02\/Mesa-de-trabajo-40mdpi.png","contentUrl":"https:\/\/elsol.ps.org.uy\/wp-content\/uploads\/2024\/02\/Mesa-de-trabajo-40mdpi.png","width":735,"height":360},{"@type":"BreadcrumbList","@id":"https:\/\/elsol.ps.org.uy\/index.php\/2024\/02\/28\/2024-un-ano-de-elecciones\/#breadcrumb","itemListElement":[{"@type":"ListItem","position":1,"name":"Portada","item":"https:\/\/elsol.ps.org.uy\/"},{"@type":"ListItem","position":2,"name":"2024 un a\u00f1o de elecciones"}]},{"@type":"WebSite","@id":"https:\/\/elsol.ps.org.uy\/#website","url":"https:\/\/elsol.ps.org.uy\/","name":"El Sol","description":"Organo del Partido Socialista - Frente Amplio","potentialAction":[{"@type":"SearchAction","target":{"@type":"EntryPoint","urlTemplate":"https:\/\/elsol.ps.org.uy\/?s={search_term_string}"},"query-input":{"@type":"PropertyValueSpecification","valueRequired":true,"valueName":"search_term_string"}}],"inLanguage":"es"},{"@type":"Person","@id":"https:\/\/elsol.ps.org.uy\/#\/schema\/person\/9642a61f31473fe97857228bf33277f6","name":"El Sol","image":{"@type":"ImageObject","inLanguage":"es","@id":"https:\/\/secure.gravatar.com\/avatar\/e14a39081cff84ca4b5657918d3e15ebebf0ca4cee0bb3b81200271ee78d4b9c?s=96&d=mm&r=g","url":"https:\/\/secure.gravatar.com\/avatar\/e14a39081cff84ca4b5657918d3e15ebebf0ca4cee0bb3b81200271ee78d4b9c?s=96&d=mm&r=g","contentUrl":"https:\/\/secure.gravatar.com\/avatar\/e14a39081cff84ca4b5657918d3e15ebebf0ca4cee0bb3b81200271ee78d4b9c?s=96&d=mm&r=g","caption":"El Sol"},"url":"https:\/\/elsol.ps.org.uy\/index.php\/author\/eugenia\/"}]}},"jetpack_featured_media_url":"https:\/\/elsol.ps.org.uy\/wp-content\/uploads\/2024\/02\/Mesa-de-trabajo-40mdpi.png","_links":{"self":[{"href":"https:\/\/elsol.ps.org.uy\/index.php\/wp-json\/wp\/v2\/posts\/13635","targetHints":{"allow":["GET"]}}],"collection":[{"href":"https:\/\/elsol.ps.org.uy\/index.php\/wp-json\/wp\/v2\/posts"}],"about":[{"href":"https:\/\/elsol.ps.org.uy\/index.php\/wp-json\/wp\/v2\/types\/post"}],"author":[{"embeddable":true,"href":"https:\/\/elsol.ps.org.uy\/index.php\/wp-json\/wp\/v2\/users\/2"}],"replies":[{"embeddable":true,"href":"https:\/\/elsol.ps.org.uy\/index.php\/wp-json\/wp\/v2\/comments?post=13635"}],"version-history":[{"count":1,"href":"https:\/\/elsol.ps.org.uy\/index.php\/wp-json\/wp\/v2\/posts\/13635\/revisions"}],"predecessor-version":[{"id":13648,"href":"https:\/\/elsol.ps.org.uy\/index.php\/wp-json\/wp\/v2\/posts\/13635\/revisions\/13648"}],"wp:featuredmedia":[{"embeddable":true,"href":"https:\/\/elsol.ps.org.uy\/index.php\/wp-json\/wp\/v2\/media\/13636"}],"wp:attachment":[{"href":"https:\/\/elsol.ps.org.uy\/index.php\/wp-json\/wp\/v2\/media?parent=13635"}],"wp:term":[{"taxonomy":"category","embeddable":true,"href":"https:\/\/elsol.ps.org.uy\/index.php\/wp-json\/wp\/v2\/categories?post=13635"},{"taxonomy":"post_tag","embeddable":true,"href":"https:\/\/elsol.ps.org.uy\/index.php\/wp-json\/wp\/v2\/tags?post=13635"}],"curies":[{"name":"wp","href":"https:\/\/api.w.org\/{rel}","templated":true}]}}