{"id":13683,"date":"2024-04-15T08:27:47","date_gmt":"2024-04-15T11:27:47","guid":{"rendered":"https:\/\/elsol.ps.org.uy\/?p=13683"},"modified":"2024-04-29T11:56:53","modified_gmt":"2024-04-29T14:56:53","slug":"discurso-del-companero-gonzalo-civila-en-la-inauguracion-de-la-casa-del-pueblo-de-pando","status":"publish","type":"post","link":"https:\/\/elsol.ps.org.uy\/index.php\/2024\/04\/15\/discurso-del-companero-gonzalo-civila-en-la-inauguracion-de-la-casa-del-pueblo-de-pando\/","title":{"rendered":"Discurso del compa\u00f1ero Gonzalo Civila en la inauguraci\u00f3n de la Casa del Pueblo de Pando"},"content":{"rendered":"\n<p>Buenas noches a todas y todos. Gracias por estar, gracias por venir. S\u00e9 que ac\u00e1 hay compa\u00f1eros y compa\u00f1eras que pertenecen a otras organizaciones del Frente, a otras organizaciones que apoyan la candidatura de Carolina y seguramente tambi\u00e9n a otras organizaciones hermanas dentro del Frente Amplio y me importaba agradecerles especialmente su presencia.\u00a0<\/p>\n\n\n\n<p>Reci\u00e9n conversamos con algunos compa\u00f1eros y compa\u00f1eras de ac\u00e1 de la zona sobre la importancia de tener esta Casa del Pueblo abierta y sobre lo que es una vez m\u00e1s la presencia del Partido con un local propio, con una Casa propia en este territorio, en la ciudad de Pando. Para nosotros es muy importante que el Partido multiplique su presencia en los distintos barrios, localidades, ciudades del pa\u00eds. Esta inauguraci\u00f3n coincide con el ciclo electoral, pero estamos desde hace ya tiempo, inaugurando Casas del Pueblo porque creemos que esta tiene que ser una acci\u00f3n pol\u00edtica permanente, no de un periodo espec\u00edfico, no solo en las elecciones, sino que una acci\u00f3n pol\u00edtica que tiene que sostenerse en el tiempo. Creemos en la necesidad de casas del pueblo abiertas que construyan comunidad, que dialoguen con el entramado social, que contribuyan a fortalecer ese entramado social.&nbsp;<\/p>\n\n\n\n<p>Reci\u00e9n pensaba en este momento particular que estamos viviendo. \u00bfQu\u00e9 es lo que necesita el Uruguay hoy? Recordaba algunas respuestas de Carolina en alguno de sus discursos m\u00e1s recientes, en sus mensajes permanentes, en su di\u00e1logo con la gente. Creo que hay algo muy acertado de ese mensaje, que es que Uruguay no necesita pensarse solamente para una coyuntura inmediata, no necesita solamente pensarse en un cort\u00edsimo plazo, necesita construir una visi\u00f3n de mediano y largo plazo, una estrategia, en un mundo que cambia, que cambia continuamente, y que requiere tambi\u00e9n de un pa\u00eds que est\u00e9 en condiciones de transformarse para afrontar ese cambio, no de adaptaci\u00f3n pasiva al cambio global, sino desde un protagonismo en la historia.&nbsp;<\/p>\n\n\n\n<p>Estamos en el territorio de Canelones y me acuerdo de una frase repetida de Vivian Tr\u00edas&nbsp; \u00abLos pueblos del sur del mundo no queremos ser espectadores de la historia, queremos ser protagonistas de la historia\u00bb. Para ser protagonistas de la historia tenemos que tener una mirada larga sobre el desarrollo, sobre la construcci\u00f3n de la sociedad, una mirada que parta de un presupuesto fundamental: no se puede construir sociedades que se desarrollen de una forma sostenida en el tiempo si no hay condiciones b\u00e1sicas de igualdad y de libertad para todas las personas. Y esa es la lucha del Partido Socialista desde siempre. Y esa es la lucha que nos hermana con Carolina, que hoy es para nosotros la candidata que expresa con mayor claridad y nitidez esto.&nbsp;<\/p>\n\n\n\n<p>Compa\u00f1eros, compa\u00f1eras estamos frente a&nbsp; una elecci\u00f3n interna y todas y todos nosotros queremos que gane el Frente Amplio, pero no nos da lo mismo esta elecci\u00f3n interna. Para nosotros, el triunfo de Carolina en la elecci\u00f3n interna es tambi\u00e9n el triunfo de las ideas socialistas, es tambi\u00e9n el triunfo de estas ideas de libertad, igualdad, de justicia social por las que siempre hemos luchando. Y es adem\u00e1s, el triunfo de una concepci\u00f3n respecto de c\u00f3mo debemos construir la pol\u00edtica p\u00fablica. Venimos recorriendo con Carolina un camino, y en ese camino que venimos recorriendo, reci\u00e9n habl\u00e1bamos de esto de interconectar saberes, miradas, de construir en la diversidad de miradas. La hemos visto a Carolina liderar equipos muy amplios, y liderar equipos muy amplios con una mirada siempre alta. Y esa mirada alta que no es una mirada distante de la realidad, es una mirada con los pies en la tierra, pero con la perspectiva de la utop\u00eda como le gustaba decir a Tabar\u00e9 que usaba siempre esa frase. Es una mirada, compa\u00f1eras y compa\u00f1eros, que a nosotros nos da garant\u00edas. Nos da garant\u00edas de un rumbo claro, nos da garant\u00edas de que no vamos a estar a los viandazos, viendo c\u00f3mo acomodamos el cuerpo frente a la situaci\u00f3n, sino que vamos a estar con una estrategia y una perspectiva clara para donde ir, que no nos van a confundir f\u00e1cilmente, que vamos a tener un plan orientado a construir realizaciones concretas.&nbsp;<\/p>\n\n\n\n<p>Y hoy vemos en la ciudadan\u00eda, en la sociedad uruguaya, una demanda de una pol\u00edtica que d\u00e9 respuesta a problemas concretos. Es decir, necesitamos mucha discusi\u00f3n, necesitamos mucho debate ideol\u00f3gico, mucho debate de ideas. Pero junto con eso necesitamos realizaciones. Y necesitamos realizaciones que est\u00e9n orientadas por grandes ideas, y que est\u00e9n enmarcadas dentro de un rumbo, que es el rumbo de la construcci\u00f3n de la dignidad de la gente, de la dignidad de nuestro pueblo, la valorizaci\u00f3n de esa dignidad. Y as\u00ed, reflexivamente yo creo que tenemos que conversar mucho con nuestro pueblo, mucho con nuestros vecinos, con nuestras vecinas, nuestros compa\u00f1eros de trabajo,&nbsp; nuestros amigos y amigas, porque en el Uruguay est\u00e1n en juego cosas muy importantes. Y est\u00e1n en juego porque gane el Frente Amplio, y tambi\u00e9n porque gane un concepto de c\u00f3mo llevar adelante la pol\u00edtica, que no est\u00e9 basado en el c\u00e1lculo de oportunidad frente a cada una de las situaciones, sino que est\u00e9 basado en una visi\u00f3n estrat\u00e9gica de principios de convicciones, y de mirada clara sobre el futuro.&nbsp;<\/p>\n\n\n\n<p>Hay algo que a m\u00ed me parece importante destacar y tiene que ver con la articulaci\u00f3n del trabajo en el territorio. Carolina viene insistiendo mucho con esto y a m\u00ed me parece que es fundamental en esta etapa que viene. Nosotros, por poner un ejemplo nom\u00e1s, en nuestros periodos anteriores de gobierno llevamos adelante pol\u00edticas sociales muy importantes. Pol\u00edticas sociales que mejoraron las condiciones de vida de mucha gente. Vimos tambi\u00e9n despu\u00e9s de la derrota como muchas de esas cosas se desmantelaban y c\u00f3mo la fragilidad de sectores, amplios sectores de la sociedad, ten\u00edan consecuencias, y consecuencias duras para la vida concreta de muchos ciudadanos y ciudadanas de este pa\u00eds. Especialmente de los m\u00e1s vulnerados y oprimidos. Yo creo que mirando ese panorama hay un primer gran aprendizaje que tenemos que sacar, y que lo hemos visto poner en pr\u00e1ctica en el trabajo del plan ABC de la intendencia de Montevideo: no basta solo con hacer pol\u00edticas correctas,&nbsp; no basta solo con atender situaciones referidas a necesidades de algunos sectores de la poblaci\u00f3n, esa pol\u00edtica hay que hacerla con la gente, esa pol\u00edtica hay que hacerla generando y consolidando y potenciando capacidades que est\u00e1n en nuestro pueblo. Trabajar con esas capacidades, potenciarlas, construir un camino sostenido en el tiempo que fomente la organizaci\u00f3n y la participaci\u00f3n popular es algo absolutamente clave para que las pol\u00edticas den resultado, pero adem\u00e1s es absolutamente clave para que las pol\u00edticas transformen la realidad. No solamente para que mejoren las condiciones de vida concreta de alg\u00fan sector de la poblaci\u00f3n o de alguna persona, sino para que transforme la realidad de los barrios, de los lugares donde la gente vive, de los lugares que la gente habita. Eso requiere articulaci\u00f3n, transversalidad. Con Carolina hemos hablado muchas veces sobre la importancia de algunas instituciones, ministerios, organismos y ella siempre dice lo mismo: \u00ablo m\u00e1s importante es la gente, lo m\u00e1s importante es el destino de esas pol\u00edticas\u00bb. Y el destino de esas pol\u00edticas tiene que coincidir con el origen de esas pol\u00edticas. Es decir, no es un laboratorio o un gabinete que piensa pol\u00edticas para llevarlas al territorio como si fuera un aterrizaje forzado. No, es un camino donde quienes construimos las pol\u00edticas somos los mismos que vamos a ser destinatarios de esas pol\u00edticas, es decir la sociedad, las comunidades, la gente organizada. Y eso supera a la l\u00f3gica cerrada de cualquier instituci\u00f3n. No es una chacra, no es un ministerio, no es un organismo, es un plan transversal, sistem\u00e1tico, articulado, que implica integridad de la pol\u00edtica p\u00fablica. Y esa visi\u00f3n, que Carolina la tiene, la ha puesto en pr\u00e1ctica, en el Gobierno departamental de Montevideo y en todos los lugares donde le toc\u00f3 actuar.&nbsp;<\/p>\n\n\n\n<p>\u00bfNo se han preguntado ustedes por qu\u00e9 constantemente le pegan a Carolina y la derecha le pega a Carolina por acciones grandes que ha realizado? Es decir, son acciones visibles, potentes, que est\u00e1n ah\u00ed y que la gente se las apropi\u00f3, porque se hicieron con la gente. Y eso genera que el debate p\u00fablico que se tenga que dar sobre est\u00e1s pol\u00edticas, tenga que ser mucho m\u00e1s intenso tambi\u00e9n. Los que quieran ir para atr\u00e1s con algunas de est\u00e1s cosas no les basta decir \u00abno estoy de acuerdo\u00bb, \u00abno me gusta\u00bb, tienen que instalar la idea -y la verdad es que no lo han podido lograr-&nbsp; de que eso que est\u00e1 en la gente, que la gente lo siente, de lo que se ha apropiado y que la gente lo ha construido no sirve porque est\u00e1 manchado por algo, por alg\u00fan pecado de origen \u00bfNo? Entonces siempre le terminan pegando a Carolina porque supuestamente esas cosas no estuvieron bien paridas y la verdad es que es el pueblo, la gente. Miren, yo conozco la realidad del proceso del Antel Arena porque es mi barrio, no me contaron de lejos, viv\u00ed ah\u00ed toda mi vida. Y la verdad es que ah\u00ed no hay propaganda de la derecha que pueda entrar, porque el barrio, la comunidad, sabe c\u00f3mo se hizo eso y sabe c\u00f3mo eso transform\u00f3 la vida concreta del barrio, de la gente, de la poblaci\u00f3n que vive en ese lugar. Y contra eso no hay discurso ideol\u00f3gico ni propaganda, ni verso, ni humo que pueda m\u00e1s. Ese es el gran potencial que se ha puesto en pr\u00e1ctica en la pol\u00edtica p\u00fablica a trav\u00e9s del liderazgo de Carolina Cosse.&nbsp;<\/p>\n\n\n\n<p>A m\u00ed hoy me gustaba decir esto, tenemos muchas cosas para hablar sobre las ideas del Partido, sobre nuestro eje en la desigualdad que es un eje central, sobre el plebiscito que estamos militando, estamos apelando a la gente tambi\u00e9n en la recolecci\u00f3n de firmas, y ah\u00ed ustedes habr\u00e1n escuchado debates y a veces querer apurar a algunos compa\u00f1eros o compa\u00f1eras: \u00ab\u00bfqu\u00e9 posici\u00f3n ten\u00e9s sobre los contenidos, sobre esto, sobre lo otro?\u00bb A m\u00ed me gusta reivindicar que m\u00e1s all\u00e1 de la posici\u00f3n concreta sobre tal o cu\u00e1l contenido, ac\u00e1 hay una precandidata que a\u00fan antes de ese debate dijo \u00aba m\u00ed me interesa poner la firma para que el pueblo discuta y el pueblo decida\u00bb y ese es el mismo temperamento de la pol\u00edtica p\u00fablica que ha llevado adelante. El protagonismo de la gente, nada que apele al protagonismo de la gente, nada que surja de organizaciones sociales que est\u00e1n en contacto con la gente, a priori lo que va a generar es un \u00abno, cuidado, con esto no se puede, esto no lo podemos hacer, esto no lo podemos ver\u00bb. En todo caso, que empiece a andar, que empiece a caminar, que se empiece a dar el debate, y nos aclararemos en los argumentos, discutiremos, nosotros tenemos nuestra visi\u00f3n sobre ese tema, ustedes la conocen, la hemos dado. Pero respetamos much\u00edsimo el proceso de discernimiento, de discusi\u00f3n, de reflexi\u00f3n pol\u00edtica de cada ciudadano y de cada ciudadana. En este pa\u00eds la gente tiene cabeza propia y a la gente no la apura ni un titular de prensa, que quiere sacar r\u00e1pido una noticia de ocasi\u00f3n, ni tampoco un dirigente pol\u00edtico que quiera espantar instalando miedos. Ese concepto de la pol\u00edtica, es el concepto que nosotros queremos reivindicar hoy tambi\u00e9n ac\u00e1, y por eso este trabajo de presencia.&nbsp;<\/p>\n\n\n\n<p>Un amigo argentino hace un tiempo me dec\u00eda \u00abno se trata de cercan\u00eda solamente, se trata de presencia\u00bb. La cercan\u00eda implica \u00abbueno, estoy cerca tuyo\u00bb vale \u00bfno? obviamente la pol\u00edtica de la cercan\u00eda, pero hay muchos que son muy cercanos y viven del clientelismo, que viven de otras cosas \u00bfno?, pero son cercanos, son compinches, son amigotes de todo el mundo. Nosotros creemos en una cercan\u00eda que m\u00e1s que cercan\u00eda es presencia. Somos parte, no es que estamos afuera y venimos ac\u00e1 a estar cerca tuyo. Somos parte y contigo queremos construir el cambio, porque sin vos el cambio no es, no es. No es que queremos porque nos gusta, es porque sin la sociedad organizada el cambio no es posible. Ese concepto, hoy lo encarna en esta elecci\u00f3n interna la candidatura de Carolina Cosse, y el Partido Socialista con la misma convicci\u00f3n que ha tenido toda la vida de que los cambios son desde la sociedad o no son, las sociedades se transforman a s\u00ed mismas o no se transforman, viene a decir hoy que va a trabajar con toda su fuerza, con toda su militancia, con el despliegue de cada rinc\u00f3n para que Carolina sea la pr\u00f3xima Presidenta del Uruguay para hacer posible esa transformaci\u00f3n. Estamos seguros de que eso se puede lograr. Estamos seguros de que tenemos una enorme candidata que va a ser una gran Presidenta del Uruguay. La primera mujer Presidenta va a ser adem\u00e1s la mejor Presidenta que el Uruguay puede tener. De eso est\u00e1 convencido el Partido Socialista de Uruguay, y por eso vamos a trabajar desde esta Casa, por eso y por transformar la realidad cada d\u00eda, porque despu\u00e9s de que sea Presidenta, ac\u00e1 va a estar tambi\u00e9n el Partido Socialista construyendo entramado social, para que esa sociedad que queremos transformar, se siga potenciando y siga creciendo. Gracias Carolina por estar ac\u00e1, gracias compa\u00f1eras y compa\u00f1eros por estar presentes, gracias a quienes hicieron posible esta Casa y lo han trabajado, y arriba, vamos a seguir.<\/p>\n","protected":false},"excerpt":{"rendered":"Buenas noches a todas y todos. Gracias por estar, gracias por venir. S\u00e9 que ac\u00e1 hay compa\u00f1eros y compa\u00f1eras que pertenecen a otras \n<a class=\"moretag\" href=\"https:\/\/elsol.ps.org.uy\/index.php\/2024\/04\/15\/discurso-del-companero-gonzalo-civila-en-la-inauguracion-de-la-casa-del-pueblo-de-pando\/\"> [...]<\/a>","protected":false},"author":1,"featured_media":13684,"comment_status":"open","ping_status":"closed","sticky":false,"template":"","format":"standard","meta":{"footnotes":""},"categories":[30,36,78,71,33],"tags":[],"class_list":["post-13683","post","type-post","status-publish","format-standard","has-post-thumbnail","hentry","category-destacadas","category-el-sol","category-el-sol-no-39-abril-2024","category-gonzalo-civila","category-noticias"],"yoast_head":"<!-- This site is optimized with the Yoast SEO plugin v27.5 - https:\/\/yoast.com\/product\/yoast-seo-wordpress\/ -->\n<title>Discurso del compa\u00f1ero Gonzalo Civila en la inauguraci\u00f3n de la Casa del Pueblo de Pando - El Sol<\/title>\n<meta name=\"robots\" content=\"index, follow, max-snippet:-1, max-image-preview:large, max-video-preview:-1\" \/>\n<link rel=\"canonical\" href=\"https:\/\/elsol.ps.org.uy\/index.php\/2024\/04\/15\/discurso-del-companero-gonzalo-civila-en-la-inauguracion-de-la-casa-del-pueblo-de-pando\/\" \/>\n<meta property=\"og:locale\" content=\"es_ES\" \/>\n<meta property=\"og:type\" content=\"article\" \/>\n<meta property=\"og:title\" content=\"Discurso del compa\u00f1ero Gonzalo Civila en la inauguraci\u00f3n de la Casa del Pueblo de Pando - El Sol\" \/>\n<meta property=\"og:description\" content=\"Buenas noches a todas y todos. Gracias por estar, gracias por venir. S\u00e9 que ac\u00e1 hay compa\u00f1eros y compa\u00f1eras que pertenecen a otras\" \/>\n<meta property=\"og:url\" content=\"https:\/\/elsol.ps.org.uy\/index.php\/2024\/04\/15\/discurso-del-companero-gonzalo-civila-en-la-inauguracion-de-la-casa-del-pueblo-de-pando\/\" \/>\n<meta property=\"og:site_name\" content=\"El Sol\" \/>\n<meta property=\"article:published_time\" content=\"2024-04-15T11:27:47+00:00\" \/>\n<meta property=\"article:modified_time\" content=\"2024-04-29T14:56:53+00:00\" \/>\n<meta property=\"og:image\" content=\"https:\/\/elsol.ps.org.uy\/wp-content\/uploads\/2024\/04\/53649122307_268c22f3dd_o.jpg\" \/>\n\t<meta property=\"og:image:width\" content=\"2048\" \/>\n\t<meta property=\"og:image:height\" content=\"1364\" \/>\n\t<meta property=\"og:image:type\" content=\"image\/jpeg\" \/>\n<meta name=\"author\" content=\"admin\" \/>\n<meta name=\"twitter:card\" content=\"summary_large_image\" \/>\n<meta name=\"twitter:label1\" content=\"Escrito por\" \/>\n\t<meta name=\"twitter:data1\" content=\"admin\" \/>\n\t<meta name=\"twitter:label2\" content=\"Tiempo de lectura\" \/>\n\t<meta name=\"twitter:data2\" content=\"11 minutos\" \/>\n<script type=\"application\/ld+json\" class=\"yoast-schema-graph\">{\"@context\":\"https:\\\/\\\/schema.org\",\"@graph\":[{\"@type\":\"Article\",\"@id\":\"https:\\\/\\\/elsol.ps.org.uy\\\/index.php\\\/2024\\\/04\\\/15\\\/discurso-del-companero-gonzalo-civila-en-la-inauguracion-de-la-casa-del-pueblo-de-pando\\\/#article\",\"isPartOf\":{\"@id\":\"https:\\\/\\\/elsol.ps.org.uy\\\/index.php\\\/2024\\\/04\\\/15\\\/discurso-del-companero-gonzalo-civila-en-la-inauguracion-de-la-casa-del-pueblo-de-pando\\\/\"},\"author\":{\"name\":\"admin\",\"@id\":\"https:\\\/\\\/elsol.ps.org.uy\\\/#\\\/schema\\\/person\\\/53e8d6c95ac1a147c8a505e792f674a9\"},\"headline\":\"Discurso del compa\u00f1ero Gonzalo Civila en la inauguraci\u00f3n de la Casa del Pueblo de Pando\",\"datePublished\":\"2024-04-15T11:27:47+00:00\",\"dateModified\":\"2024-04-29T14:56:53+00:00\",\"mainEntityOfPage\":{\"@id\":\"https:\\\/\\\/elsol.ps.org.uy\\\/index.php\\\/2024\\\/04\\\/15\\\/discurso-del-companero-gonzalo-civila-en-la-inauguracion-de-la-casa-del-pueblo-de-pando\\\/\"},\"wordCount\":2414,\"commentCount\":0,\"image\":{\"@id\":\"https:\\\/\\\/elsol.ps.org.uy\\\/index.php\\\/2024\\\/04\\\/15\\\/discurso-del-companero-gonzalo-civila-en-la-inauguracion-de-la-casa-del-pueblo-de-pando\\\/#primaryimage\"},\"thumbnailUrl\":\"https:\\\/\\\/elsol.ps.org.uy\\\/wp-content\\\/uploads\\\/2024\\\/04\\\/53649122307_268c22f3dd_o.jpg\",\"articleSection\":[\"Destacadas\",\"El Sol\",\"El Sol \u2013 N\u00ba 39 \u2013 Abril 2024\",\"Gonzalo Civila\",\"Noticias\"],\"inLanguage\":\"es\",\"potentialAction\":[{\"@type\":\"CommentAction\",\"name\":\"Comment\",\"target\":[\"https:\\\/\\\/elsol.ps.org.uy\\\/index.php\\\/2024\\\/04\\\/15\\\/discurso-del-companero-gonzalo-civila-en-la-inauguracion-de-la-casa-del-pueblo-de-pando\\\/#respond\"]}]},{\"@type\":\"WebPage\",\"@id\":\"https:\\\/\\\/elsol.ps.org.uy\\\/index.php\\\/2024\\\/04\\\/15\\\/discurso-del-companero-gonzalo-civila-en-la-inauguracion-de-la-casa-del-pueblo-de-pando\\\/\",\"url\":\"https:\\\/\\\/elsol.ps.org.uy\\\/index.php\\\/2024\\\/04\\\/15\\\/discurso-del-companero-gonzalo-civila-en-la-inauguracion-de-la-casa-del-pueblo-de-pando\\\/\",\"name\":\"Discurso del compa\u00f1ero Gonzalo Civila en la inauguraci\u00f3n de la Casa del Pueblo de Pando - El Sol\",\"isPartOf\":{\"@id\":\"https:\\\/\\\/elsol.ps.org.uy\\\/#website\"},\"primaryImageOfPage\":{\"@id\":\"https:\\\/\\\/elsol.ps.org.uy\\\/index.php\\\/2024\\\/04\\\/15\\\/discurso-del-companero-gonzalo-civila-en-la-inauguracion-de-la-casa-del-pueblo-de-pando\\\/#primaryimage\"},\"image\":{\"@id\":\"https:\\\/\\\/elsol.ps.org.uy\\\/index.php\\\/2024\\\/04\\\/15\\\/discurso-del-companero-gonzalo-civila-en-la-inauguracion-de-la-casa-del-pueblo-de-pando\\\/#primaryimage\"},\"thumbnailUrl\":\"https:\\\/\\\/elsol.ps.org.uy\\\/wp-content\\\/uploads\\\/2024\\\/04\\\/53649122307_268c22f3dd_o.jpg\",\"datePublished\":\"2024-04-15T11:27:47+00:00\",\"dateModified\":\"2024-04-29T14:56:53+00:00\",\"author\":{\"@id\":\"https:\\\/\\\/elsol.ps.org.uy\\\/#\\\/schema\\\/person\\\/53e8d6c95ac1a147c8a505e792f674a9\"},\"breadcrumb\":{\"@id\":\"https:\\\/\\\/elsol.ps.org.uy\\\/index.php\\\/2024\\\/04\\\/15\\\/discurso-del-companero-gonzalo-civila-en-la-inauguracion-de-la-casa-del-pueblo-de-pando\\\/#breadcrumb\"},\"inLanguage\":\"es\",\"potentialAction\":[{\"@type\":\"ReadAction\",\"target\":[\"https:\\\/\\\/elsol.ps.org.uy\\\/index.php\\\/2024\\\/04\\\/15\\\/discurso-del-companero-gonzalo-civila-en-la-inauguracion-de-la-casa-del-pueblo-de-pando\\\/\"]}]},{\"@type\":\"ImageObject\",\"inLanguage\":\"es\",\"@id\":\"https:\\\/\\\/elsol.ps.org.uy\\\/index.php\\\/2024\\\/04\\\/15\\\/discurso-del-companero-gonzalo-civila-en-la-inauguracion-de-la-casa-del-pueblo-de-pando\\\/#primaryimage\",\"url\":\"https:\\\/\\\/elsol.ps.org.uy\\\/wp-content\\\/uploads\\\/2024\\\/04\\\/53649122307_268c22f3dd_o.jpg\",\"contentUrl\":\"https:\\\/\\\/elsol.ps.org.uy\\\/wp-content\\\/uploads\\\/2024\\\/04\\\/53649122307_268c22f3dd_o.jpg\",\"width\":2048,\"height\":1364},{\"@type\":\"BreadcrumbList\",\"@id\":\"https:\\\/\\\/elsol.ps.org.uy\\\/index.php\\\/2024\\\/04\\\/15\\\/discurso-del-companero-gonzalo-civila-en-la-inauguracion-de-la-casa-del-pueblo-de-pando\\\/#breadcrumb\",\"itemListElement\":[{\"@type\":\"ListItem\",\"position\":1,\"name\":\"Portada\",\"item\":\"https:\\\/\\\/elsol.ps.org.uy\\\/\"},{\"@type\":\"ListItem\",\"position\":2,\"name\":\"Discurso del compa\u00f1ero Gonzalo Civila en la inauguraci\u00f3n de la Casa del Pueblo de Pando\"}]},{\"@type\":\"WebSite\",\"@id\":\"https:\\\/\\\/elsol.ps.org.uy\\\/#website\",\"url\":\"https:\\\/\\\/elsol.ps.org.uy\\\/\",\"name\":\"El Sol\",\"description\":\"Organo del Partido Socialista - Frente Amplio\",\"potentialAction\":[{\"@type\":\"SearchAction\",\"target\":{\"@type\":\"EntryPoint\",\"urlTemplate\":\"https:\\\/\\\/elsol.ps.org.uy\\\/?s={search_term_string}\"},\"query-input\":{\"@type\":\"PropertyValueSpecification\",\"valueRequired\":true,\"valueName\":\"search_term_string\"}}],\"inLanguage\":\"es\"},{\"@type\":\"Person\",\"@id\":\"https:\\\/\\\/elsol.ps.org.uy\\\/#\\\/schema\\\/person\\\/53e8d6c95ac1a147c8a505e792f674a9\",\"name\":\"admin\",\"image\":{\"@type\":\"ImageObject\",\"inLanguage\":\"es\",\"@id\":\"https:\\\/\\\/secure.gravatar.com\\\/avatar\\\/c771878a2e84f8f9aec020539e00fdbc6483401026764d33104501308d7ac747?s=96&d=mm&r=g\",\"url\":\"https:\\\/\\\/secure.gravatar.com\\\/avatar\\\/c771878a2e84f8f9aec020539e00fdbc6483401026764d33104501308d7ac747?s=96&d=mm&r=g\",\"contentUrl\":\"https:\\\/\\\/secure.gravatar.com\\\/avatar\\\/c771878a2e84f8f9aec020539e00fdbc6483401026764d33104501308d7ac747?s=96&d=mm&r=g\",\"caption\":\"admin\"},\"sameAs\":[\"https:\\\/\\\/elsol.ps.org.uy\"],\"url\":\"https:\\\/\\\/elsol.ps.org.uy\\\/index.php\\\/author\\\/admin_elsol\\\/\"}]}<\/script>\n<!-- \/ Yoast SEO plugin. -->","yoast_head_json":{"title":"Discurso del compa\u00f1ero Gonzalo Civila en la inauguraci\u00f3n de la Casa del Pueblo de Pando - El Sol","robots":{"index":"index","follow":"follow","max-snippet":"max-snippet:-1","max-image-preview":"max-image-preview:large","max-video-preview":"max-video-preview:-1"},"canonical":"https:\/\/elsol.ps.org.uy\/index.php\/2024\/04\/15\/discurso-del-companero-gonzalo-civila-en-la-inauguracion-de-la-casa-del-pueblo-de-pando\/","og_locale":"es_ES","og_type":"article","og_title":"Discurso del compa\u00f1ero Gonzalo Civila en la inauguraci\u00f3n de la Casa del Pueblo de Pando - El Sol","og_description":"Buenas noches a todas y todos. Gracias por estar, gracias por venir. S\u00e9 que ac\u00e1 hay compa\u00f1eros y compa\u00f1eras que pertenecen a otras","og_url":"https:\/\/elsol.ps.org.uy\/index.php\/2024\/04\/15\/discurso-del-companero-gonzalo-civila-en-la-inauguracion-de-la-casa-del-pueblo-de-pando\/","og_site_name":"El Sol","article_published_time":"2024-04-15T11:27:47+00:00","article_modified_time":"2024-04-29T14:56:53+00:00","og_image":[{"width":2048,"height":1364,"url":"https:\/\/elsol.ps.org.uy\/wp-content\/uploads\/2024\/04\/53649122307_268c22f3dd_o.jpg","type":"image\/jpeg"}],"author":"admin","twitter_card":"summary_large_image","twitter_misc":{"Escrito por":"admin","Tiempo de lectura":"11 minutos"},"schema":{"@context":"https:\/\/schema.org","@graph":[{"@type":"Article","@id":"https:\/\/elsol.ps.org.uy\/index.php\/2024\/04\/15\/discurso-del-companero-gonzalo-civila-en-la-inauguracion-de-la-casa-del-pueblo-de-pando\/#article","isPartOf":{"@id":"https:\/\/elsol.ps.org.uy\/index.php\/2024\/04\/15\/discurso-del-companero-gonzalo-civila-en-la-inauguracion-de-la-casa-del-pueblo-de-pando\/"},"author":{"name":"admin","@id":"https:\/\/elsol.ps.org.uy\/#\/schema\/person\/53e8d6c95ac1a147c8a505e792f674a9"},"headline":"Discurso del compa\u00f1ero Gonzalo Civila en la inauguraci\u00f3n de la Casa del Pueblo de Pando","datePublished":"2024-04-15T11:27:47+00:00","dateModified":"2024-04-29T14:56:53+00:00","mainEntityOfPage":{"@id":"https:\/\/elsol.ps.org.uy\/index.php\/2024\/04\/15\/discurso-del-companero-gonzalo-civila-en-la-inauguracion-de-la-casa-del-pueblo-de-pando\/"},"wordCount":2414,"commentCount":0,"image":{"@id":"https:\/\/elsol.ps.org.uy\/index.php\/2024\/04\/15\/discurso-del-companero-gonzalo-civila-en-la-inauguracion-de-la-casa-del-pueblo-de-pando\/#primaryimage"},"thumbnailUrl":"https:\/\/elsol.ps.org.uy\/wp-content\/uploads\/2024\/04\/53649122307_268c22f3dd_o.jpg","articleSection":["Destacadas","El Sol","El Sol \u2013 N\u00ba 39 \u2013 Abril 2024","Gonzalo Civila","Noticias"],"inLanguage":"es","potentialAction":[{"@type":"CommentAction","name":"Comment","target":["https:\/\/elsol.ps.org.uy\/index.php\/2024\/04\/15\/discurso-del-companero-gonzalo-civila-en-la-inauguracion-de-la-casa-del-pueblo-de-pando\/#respond"]}]},{"@type":"WebPage","@id":"https:\/\/elsol.ps.org.uy\/index.php\/2024\/04\/15\/discurso-del-companero-gonzalo-civila-en-la-inauguracion-de-la-casa-del-pueblo-de-pando\/","url":"https:\/\/elsol.ps.org.uy\/index.php\/2024\/04\/15\/discurso-del-companero-gonzalo-civila-en-la-inauguracion-de-la-casa-del-pueblo-de-pando\/","name":"Discurso del compa\u00f1ero Gonzalo Civila en la inauguraci\u00f3n de la Casa del Pueblo de Pando - El Sol","isPartOf":{"@id":"https:\/\/elsol.ps.org.uy\/#website"},"primaryImageOfPage":{"@id":"https:\/\/elsol.ps.org.uy\/index.php\/2024\/04\/15\/discurso-del-companero-gonzalo-civila-en-la-inauguracion-de-la-casa-del-pueblo-de-pando\/#primaryimage"},"image":{"@id":"https:\/\/elsol.ps.org.uy\/index.php\/2024\/04\/15\/discurso-del-companero-gonzalo-civila-en-la-inauguracion-de-la-casa-del-pueblo-de-pando\/#primaryimage"},"thumbnailUrl":"https:\/\/elsol.ps.org.uy\/wp-content\/uploads\/2024\/04\/53649122307_268c22f3dd_o.jpg","datePublished":"2024-04-15T11:27:47+00:00","dateModified":"2024-04-29T14:56:53+00:00","author":{"@id":"https:\/\/elsol.ps.org.uy\/#\/schema\/person\/53e8d6c95ac1a147c8a505e792f674a9"},"breadcrumb":{"@id":"https:\/\/elsol.ps.org.uy\/index.php\/2024\/04\/15\/discurso-del-companero-gonzalo-civila-en-la-inauguracion-de-la-casa-del-pueblo-de-pando\/#breadcrumb"},"inLanguage":"es","potentialAction":[{"@type":"ReadAction","target":["https:\/\/elsol.ps.org.uy\/index.php\/2024\/04\/15\/discurso-del-companero-gonzalo-civila-en-la-inauguracion-de-la-casa-del-pueblo-de-pando\/"]}]},{"@type":"ImageObject","inLanguage":"es","@id":"https:\/\/elsol.ps.org.uy\/index.php\/2024\/04\/15\/discurso-del-companero-gonzalo-civila-en-la-inauguracion-de-la-casa-del-pueblo-de-pando\/#primaryimage","url":"https:\/\/elsol.ps.org.uy\/wp-content\/uploads\/2024\/04\/53649122307_268c22f3dd_o.jpg","contentUrl":"https:\/\/elsol.ps.org.uy\/wp-content\/uploads\/2024\/04\/53649122307_268c22f3dd_o.jpg","width":2048,"height":1364},{"@type":"BreadcrumbList","@id":"https:\/\/elsol.ps.org.uy\/index.php\/2024\/04\/15\/discurso-del-companero-gonzalo-civila-en-la-inauguracion-de-la-casa-del-pueblo-de-pando\/#breadcrumb","itemListElement":[{"@type":"ListItem","position":1,"name":"Portada","item":"https:\/\/elsol.ps.org.uy\/"},{"@type":"ListItem","position":2,"name":"Discurso del compa\u00f1ero Gonzalo Civila en la inauguraci\u00f3n de la Casa del Pueblo de Pando"}]},{"@type":"WebSite","@id":"https:\/\/elsol.ps.org.uy\/#website","url":"https:\/\/elsol.ps.org.uy\/","name":"El Sol","description":"Organo del Partido Socialista - Frente Amplio","potentialAction":[{"@type":"SearchAction","target":{"@type":"EntryPoint","urlTemplate":"https:\/\/elsol.ps.org.uy\/?s={search_term_string}"},"query-input":{"@type":"PropertyValueSpecification","valueRequired":true,"valueName":"search_term_string"}}],"inLanguage":"es"},{"@type":"Person","@id":"https:\/\/elsol.ps.org.uy\/#\/schema\/person\/53e8d6c95ac1a147c8a505e792f674a9","name":"admin","image":{"@type":"ImageObject","inLanguage":"es","@id":"https:\/\/secure.gravatar.com\/avatar\/c771878a2e84f8f9aec020539e00fdbc6483401026764d33104501308d7ac747?s=96&d=mm&r=g","url":"https:\/\/secure.gravatar.com\/avatar\/c771878a2e84f8f9aec020539e00fdbc6483401026764d33104501308d7ac747?s=96&d=mm&r=g","contentUrl":"https:\/\/secure.gravatar.com\/avatar\/c771878a2e84f8f9aec020539e00fdbc6483401026764d33104501308d7ac747?s=96&d=mm&r=g","caption":"admin"},"sameAs":["https:\/\/elsol.ps.org.uy"],"url":"https:\/\/elsol.ps.org.uy\/index.php\/author\/admin_elsol\/"}]}},"jetpack_featured_media_url":"https:\/\/elsol.ps.org.uy\/wp-content\/uploads\/2024\/04\/53649122307_268c22f3dd_o.jpg","_links":{"self":[{"href":"https:\/\/elsol.ps.org.uy\/index.php\/wp-json\/wp\/v2\/posts\/13683","targetHints":{"allow":["GET"]}}],"collection":[{"href":"https:\/\/elsol.ps.org.uy\/index.php\/wp-json\/wp\/v2\/posts"}],"about":[{"href":"https:\/\/elsol.ps.org.uy\/index.php\/wp-json\/wp\/v2\/types\/post"}],"author":[{"embeddable":true,"href":"https:\/\/elsol.ps.org.uy\/index.php\/wp-json\/wp\/v2\/users\/1"}],"replies":[{"embeddable":true,"href":"https:\/\/elsol.ps.org.uy\/index.php\/wp-json\/wp\/v2\/comments?post=13683"}],"version-history":[{"count":1,"href":"https:\/\/elsol.ps.org.uy\/index.php\/wp-json\/wp\/v2\/posts\/13683\/revisions"}],"predecessor-version":[{"id":13685,"href":"https:\/\/elsol.ps.org.uy\/index.php\/wp-json\/wp\/v2\/posts\/13683\/revisions\/13685"}],"wp:featuredmedia":[{"embeddable":true,"href":"https:\/\/elsol.ps.org.uy\/index.php\/wp-json\/wp\/v2\/media\/13684"}],"wp:attachment":[{"href":"https:\/\/elsol.ps.org.uy\/index.php\/wp-json\/wp\/v2\/media?parent=13683"}],"wp:term":[{"taxonomy":"category","embeddable":true,"href":"https:\/\/elsol.ps.org.uy\/index.php\/wp-json\/wp\/v2\/categories?post=13683"},{"taxonomy":"post_tag","embeddable":true,"href":"https:\/\/elsol.ps.org.uy\/index.php\/wp-json\/wp\/v2\/tags?post=13683"}],"curies":[{"name":"wp","href":"https:\/\/api.w.org\/{rel}","templated":true}]}}