{"id":13701,"date":"2024-04-29T12:08:36","date_gmt":"2024-04-29T15:08:36","guid":{"rendered":"https:\/\/elsol.ps.org.uy\/?p=13701"},"modified":"2024-04-29T12:41:58","modified_gmt":"2024-04-29T15:41:58","slug":"apologia-al-realismo-magico","status":"publish","type":"post","link":"https:\/\/elsol.ps.org.uy\/index.php\/2024\/04\/29\/apologia-al-realismo-magico\/","title":{"rendered":"Apolog\u00eda al realismo m\u00e1gico"},"content":{"rendered":"\n<p class=\"has-text-align-right\"><em>Escribe Rodrigo Genta | Brigada Julio Castro<\/em><\/p>\n\n\n\n<p>Dicen que los y las socialistas somos infantiles, demagogos y populistas. \u00bfPor qu\u00e9? \u00bfQui\u00e9nes? Porque defendemos y militamos el plebiscito de la seguridad social del PIT-CNT. Lo dice la derecha y lo dicen algunas personas de izquierda. Los ep\u00edtetos de la derecha son menos originales y m\u00e1s violentos (por ejemplo, al compa\u00f1ero Daniel Olesker le suelen decir \u201cmugriento\u201d a trav\u00e9s de las redes). Los de algunos compa\u00f1eros son m\u00e1s finos, m\u00e1s cultos (escuch\u00e9, por ejemplo, que detr\u00e1s de la iniciativa y el apoyo al plebiscito de la seguridad social hay un pensamiento an\u00e1logo al \u201crealismo m\u00e1gico\u201d; escuch\u00e9, asimismo, decir que profesamos una \u201c\u00e9tica de las convicciones\u201d, mientras quienes est\u00e1n llamados a gobernar deben profesar una \u201c\u00e9tica de la responsabilidad\u201d).&nbsp;<\/p>\n\n\n\n<p>Bueno, yo no quisiera cometer el mismo error. No voy a decir a quienes no apoyan el plebiscito que no son de izquierda, o que sirven a las AFAPs, o que son irresponsables e inmaduros, o \u201cd\u00e9biles mentales\u201d. Proferir calificativos peyorativos, que revisten connotaciones negativas, no es argumentar, y tampoco es una buena estrategia de persuasi\u00f3n. \u00bfHay argumentos leg\u00edtimos para no apoyar la iniciativa de reforma constitucional? Por supuesto que los hay. A m\u00ed, personalmente, no me convencen. Voy a argumentar por qu\u00e9.&nbsp;<\/p>\n\n\n\n<p>\u00bfCu\u00e1l es la propuesta? Modificar el art\u00edculo 67 de la Constituci\u00f3n. \u00bfCon qu\u00e9 prop\u00f3sito? El de establecer garant\u00edas, el de consagrar derechos. Venimos de una reforma de la seguridad social cuya preocupaci\u00f3n fue: c\u00f3mo reducir la proyecci\u00f3n futura del d\u00e9ficit del BPS; la discusi\u00f3n no se centr\u00f3 en la \u201ccalidad\u201d de las prestaciones, sino en la \u201csostenibilidad\u201d del sistema. El oficialismo no parece estar preocupado de igual forma por el d\u00e9ficit o la \u201csostenibilidad\u201d de la Caja Militar (siendo que es muy parecido el monto total y la cobertura es \u00ednfima en comparaci\u00f3n). El resultado del sesgo o la mentalidad descrita (de reducir el gasto sin nuevos ingresos) fue el recorte: \u201ctrabaje m\u00e1s y cobre menos\u201d fue la consigna inconfesa de la \u00faltima reforma.&nbsp;<\/p>\n\n\n\n<p>Por suerte, la izquierda uruguaya conviene en que es injusto que la reforma de la seguridad social, mejor dicho, el ajuste, lo pague \u00fanicamente la clase trabajadora. La izquierda presume y espera ganar las pr\u00f3ximas elecciones nacionales; con el triunfo, y siendo consecuente, va a implementar cambios en la materia. Por su parte, el campo popular busca con la iniciativa del plebiscito establecer los par\u00e1metros de esa reconfiguraci\u00f3n futura de la seguridad social modificando el art\u00edculo 67 de la Constituci\u00f3n. El \u201cFA-PIT\u201d no existe: el campo popular desde su independencia de clase desea contraatacar la reforma de la seguridad social de la coalici\u00f3n de derecha y desconf\u00eda del futuro gobierno para defender sus intereses de forma competente.&nbsp;<\/p>\n\n\n\n<p>Las causas estructurales que motivaron la reforma de la seguridad social de la coalici\u00f3n se agravar\u00e1n: la relaci\u00f3n entre activos y pasivos ser\u00e1 cada vez peor (la tasa de natalidad va a seguir decreciendo y las tecnolog\u00edas como la IA van a suprimir continua y crecientemente puestos de trabajo). Poder vivir m\u00e1s y el aumento de la capacidad productiva son buenas noticias, dignas de celebraci\u00f3n, pero el sistema en que vivimos transmuta lo bueno en lo malo. De seguir con la misma l\u00f3gica, las prestaciones van a ser cada vez peores y cada vez m\u00e1s alta la edad m\u00ednima para jubilarse. El campo popular sabe c\u00f3mo se perfila el futuro y quiere poner un l\u00edmite constitucional a la p\u00e9rdida de los derechos conquistados. As\u00ed, propone el marco de una reforma de la seguridad social que ser\u00e1 irreconciliable con el \u201cesp\u00edritu y la materia\u201d de la reforma de la coalici\u00f3n de gobierno (es otro el prop\u00f3sito que la anima y demandar\u00e1 cambiar esta \u00faltima).&nbsp;<\/p>\n\n\n\n<p>\u00bfQu\u00e9 se quiere hacer modificando la Constituci\u00f3n? 1) Consagrar un \u201cpiso de dignidad\u201d para las jubilaciones: ninguna prestaci\u00f3n ser\u00e1 menor al salario m\u00ednimo nacional. 2) Establecer el derecho (no la obligaci\u00f3n) a poder jubilarse con 60 a\u00f1os de edad (y 30 a\u00f1os de trabajo). 3) La eliminaci\u00f3n de la dimensi\u00f3n privada del actual r\u00e9gimen mixto (esto es, las AFAPs).&nbsp;<\/p>\n\n\n\n<p>El contenido de la papeleta es muy dif\u00edcil de criticar. 1) Si el salario m\u00ednimo fija un \u201cpiso de dignidad\u201d (o, siendo francos, de estricta supervivencia), \u00bfc\u00f3mo se fundamenta pagar jubilaciones menores a 22 mil pesos?, \u00bfc\u00f3mo una persona mayor, la cual debe afrontar los gastos propios de su edad, ser\u00eda capaz de vivir, y vivir dignamente, por menos del salario m\u00ednimo?&nbsp;<\/p>\n\n\n\n<p>2) Tener el derecho (no la obligaci\u00f3n) de jubilarse a los 60 a\u00f1os de edad (y 30 a\u00f1os de trabajo), derecho que antes de la reforma de la seguridad social de la derecha estaba garantizado, contribuye mucho a la felicidad colectiva, en especial de los m\u00e1s infelices. Incluso para muchos que se hallan en una situaci\u00f3n holgada es muy dif\u00edcil, y hasta mortificante, trabajar luego de llegar a los 60 a\u00f1os. Quien trabaja pocas horas, est\u00e1 suficientemente remunerado y siente vocaci\u00f3n por lo que hace (digamos, la minor\u00eda afortunada), puede hacerlo sin problema. No as\u00ed la amplia mayor\u00eda de la gente, y sobre todo los m\u00e1s rezagados.&nbsp;<\/p>\n\n\n\n<p>Antes de la reforma, la mayor\u00eda de las personas no se jubilaba a los 60 a\u00f1os de edad, no por motivaciones vocacionales, claro est\u00e1, sino por la m\u00edsera prestaci\u00f3n recibida, vi\u00e9ndose forzados a continuar aplic\u00e1ndose en trabajos penosos y mal pagos. Por eso 2) precisa de la solidaridad de 1).&nbsp;<\/p>\n\n\n\n<p>A\u00fan menos pol\u00e9mico es 3): las AFAPs han demostrado ser un fracaso. Ni redujeron el d\u00e9ficit del BPS, ni mejoraron la calidad de las prestaciones. Ahora, con la \u00faltima reforma de la seguridad social, se refuerzan las AFAPs: se vuelven obligatorias para quienes, a partir de la vigencia de la misma, se insertan al mercado laboral (sin importar sus ingresos). Lo central es que las prestaciones de las AFAPs son miserables y hay un negocio millonario y criminal detr\u00e1s de la miseria de la gente. Es inaceptable.&nbsp;<\/p>\n\n\n\n<p>Pienso que hay cr\u00edticas atendibles y otras que no son atendibles. Por ejemplo, los posibles litigios del Estado con las AFAPs por lucro cesante, o el grito alarmista de \u201cexpropian los ahorros individuales\u201d, no son buenos argumentos. Tal vez haya juicios: si hay posibilidad de \u00e9xito para las AFAPs, demandar\u00e1n; que ganen ya es otra historia. Pero, \u00bfesa amenaza har\u00e1 que renunciemos a nuestra soberan\u00eda?, \u00bfque renunciemos a decidir qu\u00e9 sistema jubilatorio es el mejor para el Uruguay? \u00bfacaso son due\u00f1as del pa\u00eds las AFAPs?&nbsp;<\/p>\n\n\n\n<p>Creo que el argumento de mayor peso es la viabilidad de la propuesta: \u201cno es posible solventar el gasto que conlleva el \u00e9xito de la propuesta\u201d, \u201ccolapsar\u00e1 el sistema\u201d, \u201cse fundir\u00e1 el Estado\u201d. El argumento es razonable en la medida en que nadie est\u00e1 obligado a hacer algo, por m\u00e1s bueno que sea ese algo, que no pueda hacer. Correcto. Y agregar\u00eda, hubiese sido deseable que la fuerza social haya presentado junto a la propuesta un c\u00e1lculo del costo fiscal que supondr\u00eda afrontar el cambio (as\u00ed, por un lado, ya se podr\u00eda dilucidar qu\u00e9 medidas hay que articular en pos de solventarlo y, por el otro, nos ahorr\u00e1bamos las especulaciones apocal\u00edpticas de los detractores) 1.&nbsp;<\/p>\n\n\n\n<p>Nota al pie de p\u00e1gina [1]:&nbsp;<\/p>\n\n\n\n<p>El art\u00edculo titulado \u201cLos anuncios de apocalipsis en la seguridad social\u201d critica, precisamente, esa clase de especulaciones, ya que: \u201cno son rigurosas ni se apoyan en los resultados de un modelo de proyecciones\u201d. Tambi\u00e9n hace \u00e9nfasis en el financiamiento no-equitativo del sistema de jubilaciones y en \u201cel engendro ideol\u00f3gico y el disparate t\u00e9cnico que fueron las AFAP\u201d.&nbsp;<\/p>\n\n\n\n<p>Enlace: https:\/\/www.nodal.am\/2023\/10\/uruguay-los-anuncios-de-apocalipsis-en-la-seguridad-social-por-antonio-elias-jorge-notaro-carlos-viera\/<\/p>\n\n\n\n<p>Ahora, y sin hacer del escepticismo un argumento, no creo que aumentar las jubilaciones m\u00e1s deprimidas al salario m\u00ednimo (y que las personas tengan el derecho de jubilarse a los 60 a\u00f1os de edad y 30 de trabajo, como lo ten\u00edan hace poco tiempo atr\u00e1s) sea imposible. No soy un economista: no puedo ensayar una demostraci\u00f3n en este sentido (ni evaluar por mis propios medios una). Pero no creo que est\u00e9 fuera del marco de lo posible que los mayores que reciben una jubilaci\u00f3n insuficiente (desde cualquier punto de vista) accedan a una jubilaci\u00f3n un poco menos indigna, penosa, miserable.&nbsp;<\/p>\n\n\n\n<p>Creo que hay formas de afrontar el gasto, formas justas: subir los aportes patronales, gravar la tecnolog\u00eda que elimina puestos de trabajo, reducir la jornada laboral, combatir el trabajo informal, acabar con los reg\u00edmenes de exoneraci\u00f3n, y dem\u00e1s. S\u00f3lo hay que ser creativos y estar determinados.&nbsp;<\/p>\n\n\n\n<p>Gente que no me despierta mucha simpat\u00eda dice que la pol\u00edtica es el arte de lo posible. No hace mucho las personas cre\u00edan que un mundo radicalmente diferente al actual era posible. Creo que hoy a la mayor\u00eda le es impensable, no ya transformar el mundo, sino que las cosas no vayan de mal en peor. Creo que el arte de la pol\u00edtica es, hoy m\u00e1s que nunca, el arte de hacer posible lo necesario. En eso estamos los y las socialistas.<\/p>\n","protected":false},"excerpt":{"rendered":"Escribe Rodrigo Genta | Brigada Julio Castro Dicen que los y las socialistas somos infantiles, demagogos y populistas. \u00bfPor qu\u00e9? \u00bfQui\u00e9nes? Porque defendemos \n<a class=\"moretag\" href=\"https:\/\/elsol.ps.org.uy\/index.php\/2024\/04\/29\/apologia-al-realismo-magico\/\"> [...]<\/a>","protected":false},"author":2,"featured_media":13454,"comment_status":"open","ping_status":"closed","sticky":false,"template":"","format":"standard","meta":{"footnotes":""},"categories":[30,36,78,62],"tags":[],"class_list":["post-13701","post","type-post","status-publish","format-standard","has-post-thumbnail","hentry","category-destacadas","category-el-sol","category-el-sol-no-39-abril-2024","category-rodrigo-gente"],"yoast_head":"<!-- This site is optimized with the Yoast SEO plugin v27.5 - https:\/\/yoast.com\/product\/yoast-seo-wordpress\/ -->\n<title>Apolog\u00eda al realismo m\u00e1gico - El Sol<\/title>\n<meta name=\"robots\" content=\"index, follow, max-snippet:-1, max-image-preview:large, max-video-preview:-1\" \/>\n<link rel=\"canonical\" href=\"https:\/\/elsol.ps.org.uy\/index.php\/2024\/04\/29\/apologia-al-realismo-magico\/\" \/>\n<meta property=\"og:locale\" content=\"es_ES\" \/>\n<meta property=\"og:type\" content=\"article\" \/>\n<meta property=\"og:title\" content=\"Apolog\u00eda al realismo m\u00e1gico - El Sol\" \/>\n<meta property=\"og:description\" content=\"Escribe Rodrigo Genta | Brigada Julio Castro Dicen que los y las socialistas somos infantiles, demagogos y populistas. \u00bfPor qu\u00e9? \u00bfQui\u00e9nes? Porque defendemos\" \/>\n<meta property=\"og:url\" content=\"https:\/\/elsol.ps.org.uy\/index.php\/2024\/04\/29\/apologia-al-realismo-magico\/\" \/>\n<meta property=\"og:site_name\" content=\"El Sol\" \/>\n<meta property=\"article:published_time\" content=\"2024-04-29T15:08:36+00:00\" \/>\n<meta property=\"article:modified_time\" content=\"2024-04-29T15:41:58+00:00\" \/>\n<meta property=\"og:image\" content=\"https:\/\/elsol.ps.org.uy\/wp-content\/uploads\/2023\/10\/El-plebiscito-y-la-campana-electoral-del-Frente-Amplio.png\" \/>\n\t<meta property=\"og:image:width\" content=\"735\" \/>\n\t<meta property=\"og:image:height\" content=\"360\" \/>\n\t<meta property=\"og:image:type\" content=\"image\/png\" \/>\n<meta name=\"author\" content=\"El Sol\" \/>\n<meta name=\"twitter:card\" content=\"summary_large_image\" \/>\n<meta name=\"twitter:label1\" content=\"Escrito por\" \/>\n\t<meta name=\"twitter:data1\" content=\"El Sol\" \/>\n\t<meta name=\"twitter:label2\" content=\"Tiempo de lectura\" \/>\n\t<meta name=\"twitter:data2\" content=\"7 minutos\" \/>\n<script type=\"application\/ld+json\" class=\"yoast-schema-graph\">{\"@context\":\"https:\\\/\\\/schema.org\",\"@graph\":[{\"@type\":\"Article\",\"@id\":\"https:\\\/\\\/elsol.ps.org.uy\\\/index.php\\\/2024\\\/04\\\/29\\\/apologia-al-realismo-magico\\\/#article\",\"isPartOf\":{\"@id\":\"https:\\\/\\\/elsol.ps.org.uy\\\/index.php\\\/2024\\\/04\\\/29\\\/apologia-al-realismo-magico\\\/\"},\"author\":{\"name\":\"El Sol\",\"@id\":\"https:\\\/\\\/elsol.ps.org.uy\\\/#\\\/schema\\\/person\\\/9642a61f31473fe97857228bf33277f6\"},\"headline\":\"Apolog\u00eda al realismo m\u00e1gico\",\"datePublished\":\"2024-04-29T15:08:36+00:00\",\"dateModified\":\"2024-04-29T15:41:58+00:00\",\"mainEntityOfPage\":{\"@id\":\"https:\\\/\\\/elsol.ps.org.uy\\\/index.php\\\/2024\\\/04\\\/29\\\/apologia-al-realismo-magico\\\/\"},\"wordCount\":1597,\"commentCount\":0,\"image\":{\"@id\":\"https:\\\/\\\/elsol.ps.org.uy\\\/index.php\\\/2024\\\/04\\\/29\\\/apologia-al-realismo-magico\\\/#primaryimage\"},\"thumbnailUrl\":\"https:\\\/\\\/elsol.ps.org.uy\\\/wp-content\\\/uploads\\\/2023\\\/10\\\/El-plebiscito-y-la-campana-electoral-del-Frente-Amplio.png\",\"articleSection\":[\"Destacadas\",\"El Sol\",\"El Sol \u2013 N\u00ba 39 \u2013 Abril 2024\",\"Rodrigo Gente\"],\"inLanguage\":\"es\",\"potentialAction\":[{\"@type\":\"CommentAction\",\"name\":\"Comment\",\"target\":[\"https:\\\/\\\/elsol.ps.org.uy\\\/index.php\\\/2024\\\/04\\\/29\\\/apologia-al-realismo-magico\\\/#respond\"]}]},{\"@type\":\"WebPage\",\"@id\":\"https:\\\/\\\/elsol.ps.org.uy\\\/index.php\\\/2024\\\/04\\\/29\\\/apologia-al-realismo-magico\\\/\",\"url\":\"https:\\\/\\\/elsol.ps.org.uy\\\/index.php\\\/2024\\\/04\\\/29\\\/apologia-al-realismo-magico\\\/\",\"name\":\"Apolog\u00eda al realismo m\u00e1gico - El Sol\",\"isPartOf\":{\"@id\":\"https:\\\/\\\/elsol.ps.org.uy\\\/#website\"},\"primaryImageOfPage\":{\"@id\":\"https:\\\/\\\/elsol.ps.org.uy\\\/index.php\\\/2024\\\/04\\\/29\\\/apologia-al-realismo-magico\\\/#primaryimage\"},\"image\":{\"@id\":\"https:\\\/\\\/elsol.ps.org.uy\\\/index.php\\\/2024\\\/04\\\/29\\\/apologia-al-realismo-magico\\\/#primaryimage\"},\"thumbnailUrl\":\"https:\\\/\\\/elsol.ps.org.uy\\\/wp-content\\\/uploads\\\/2023\\\/10\\\/El-plebiscito-y-la-campana-electoral-del-Frente-Amplio.png\",\"datePublished\":\"2024-04-29T15:08:36+00:00\",\"dateModified\":\"2024-04-29T15:41:58+00:00\",\"author\":{\"@id\":\"https:\\\/\\\/elsol.ps.org.uy\\\/#\\\/schema\\\/person\\\/9642a61f31473fe97857228bf33277f6\"},\"breadcrumb\":{\"@id\":\"https:\\\/\\\/elsol.ps.org.uy\\\/index.php\\\/2024\\\/04\\\/29\\\/apologia-al-realismo-magico\\\/#breadcrumb\"},\"inLanguage\":\"es\",\"potentialAction\":[{\"@type\":\"ReadAction\",\"target\":[\"https:\\\/\\\/elsol.ps.org.uy\\\/index.php\\\/2024\\\/04\\\/29\\\/apologia-al-realismo-magico\\\/\"]}]},{\"@type\":\"ImageObject\",\"inLanguage\":\"es\",\"@id\":\"https:\\\/\\\/elsol.ps.org.uy\\\/index.php\\\/2024\\\/04\\\/29\\\/apologia-al-realismo-magico\\\/#primaryimage\",\"url\":\"https:\\\/\\\/elsol.ps.org.uy\\\/wp-content\\\/uploads\\\/2023\\\/10\\\/El-plebiscito-y-la-campana-electoral-del-Frente-Amplio.png\",\"contentUrl\":\"https:\\\/\\\/elsol.ps.org.uy\\\/wp-content\\\/uploads\\\/2023\\\/10\\\/El-plebiscito-y-la-campana-electoral-del-Frente-Amplio.png\",\"width\":735,\"height\":360},{\"@type\":\"BreadcrumbList\",\"@id\":\"https:\\\/\\\/elsol.ps.org.uy\\\/index.php\\\/2024\\\/04\\\/29\\\/apologia-al-realismo-magico\\\/#breadcrumb\",\"itemListElement\":[{\"@type\":\"ListItem\",\"position\":1,\"name\":\"Portada\",\"item\":\"https:\\\/\\\/elsol.ps.org.uy\\\/\"},{\"@type\":\"ListItem\",\"position\":2,\"name\":\"Apolog\u00eda al realismo m\u00e1gico\"}]},{\"@type\":\"WebSite\",\"@id\":\"https:\\\/\\\/elsol.ps.org.uy\\\/#website\",\"url\":\"https:\\\/\\\/elsol.ps.org.uy\\\/\",\"name\":\"El Sol\",\"description\":\"Organo del Partido Socialista - Frente Amplio\",\"potentialAction\":[{\"@type\":\"SearchAction\",\"target\":{\"@type\":\"EntryPoint\",\"urlTemplate\":\"https:\\\/\\\/elsol.ps.org.uy\\\/?s={search_term_string}\"},\"query-input\":{\"@type\":\"PropertyValueSpecification\",\"valueRequired\":true,\"valueName\":\"search_term_string\"}}],\"inLanguage\":\"es\"},{\"@type\":\"Person\",\"@id\":\"https:\\\/\\\/elsol.ps.org.uy\\\/#\\\/schema\\\/person\\\/9642a61f31473fe97857228bf33277f6\",\"name\":\"El Sol\",\"image\":{\"@type\":\"ImageObject\",\"inLanguage\":\"es\",\"@id\":\"https:\\\/\\\/secure.gravatar.com\\\/avatar\\\/e14a39081cff84ca4b5657918d3e15ebebf0ca4cee0bb3b81200271ee78d4b9c?s=96&d=mm&r=g\",\"url\":\"https:\\\/\\\/secure.gravatar.com\\\/avatar\\\/e14a39081cff84ca4b5657918d3e15ebebf0ca4cee0bb3b81200271ee78d4b9c?s=96&d=mm&r=g\",\"contentUrl\":\"https:\\\/\\\/secure.gravatar.com\\\/avatar\\\/e14a39081cff84ca4b5657918d3e15ebebf0ca4cee0bb3b81200271ee78d4b9c?s=96&d=mm&r=g\",\"caption\":\"El Sol\"},\"url\":\"https:\\\/\\\/elsol.ps.org.uy\\\/index.php\\\/author\\\/eugenia\\\/\"}]}<\/script>\n<!-- \/ Yoast SEO plugin. -->","yoast_head_json":{"title":"Apolog\u00eda al realismo m\u00e1gico - El Sol","robots":{"index":"index","follow":"follow","max-snippet":"max-snippet:-1","max-image-preview":"max-image-preview:large","max-video-preview":"max-video-preview:-1"},"canonical":"https:\/\/elsol.ps.org.uy\/index.php\/2024\/04\/29\/apologia-al-realismo-magico\/","og_locale":"es_ES","og_type":"article","og_title":"Apolog\u00eda al realismo m\u00e1gico - El Sol","og_description":"Escribe Rodrigo Genta | Brigada Julio Castro Dicen que los y las socialistas somos infantiles, demagogos y populistas. \u00bfPor qu\u00e9? \u00bfQui\u00e9nes? Porque defendemos","og_url":"https:\/\/elsol.ps.org.uy\/index.php\/2024\/04\/29\/apologia-al-realismo-magico\/","og_site_name":"El Sol","article_published_time":"2024-04-29T15:08:36+00:00","article_modified_time":"2024-04-29T15:41:58+00:00","og_image":[{"width":735,"height":360,"url":"https:\/\/elsol.ps.org.uy\/wp-content\/uploads\/2023\/10\/El-plebiscito-y-la-campana-electoral-del-Frente-Amplio.png","type":"image\/png"}],"author":"El Sol","twitter_card":"summary_large_image","twitter_misc":{"Escrito por":"El Sol","Tiempo de lectura":"7 minutos"},"schema":{"@context":"https:\/\/schema.org","@graph":[{"@type":"Article","@id":"https:\/\/elsol.ps.org.uy\/index.php\/2024\/04\/29\/apologia-al-realismo-magico\/#article","isPartOf":{"@id":"https:\/\/elsol.ps.org.uy\/index.php\/2024\/04\/29\/apologia-al-realismo-magico\/"},"author":{"name":"El Sol","@id":"https:\/\/elsol.ps.org.uy\/#\/schema\/person\/9642a61f31473fe97857228bf33277f6"},"headline":"Apolog\u00eda al realismo m\u00e1gico","datePublished":"2024-04-29T15:08:36+00:00","dateModified":"2024-04-29T15:41:58+00:00","mainEntityOfPage":{"@id":"https:\/\/elsol.ps.org.uy\/index.php\/2024\/04\/29\/apologia-al-realismo-magico\/"},"wordCount":1597,"commentCount":0,"image":{"@id":"https:\/\/elsol.ps.org.uy\/index.php\/2024\/04\/29\/apologia-al-realismo-magico\/#primaryimage"},"thumbnailUrl":"https:\/\/elsol.ps.org.uy\/wp-content\/uploads\/2023\/10\/El-plebiscito-y-la-campana-electoral-del-Frente-Amplio.png","articleSection":["Destacadas","El Sol","El Sol \u2013 N\u00ba 39 \u2013 Abril 2024","Rodrigo Gente"],"inLanguage":"es","potentialAction":[{"@type":"CommentAction","name":"Comment","target":["https:\/\/elsol.ps.org.uy\/index.php\/2024\/04\/29\/apologia-al-realismo-magico\/#respond"]}]},{"@type":"WebPage","@id":"https:\/\/elsol.ps.org.uy\/index.php\/2024\/04\/29\/apologia-al-realismo-magico\/","url":"https:\/\/elsol.ps.org.uy\/index.php\/2024\/04\/29\/apologia-al-realismo-magico\/","name":"Apolog\u00eda al realismo m\u00e1gico - El Sol","isPartOf":{"@id":"https:\/\/elsol.ps.org.uy\/#website"},"primaryImageOfPage":{"@id":"https:\/\/elsol.ps.org.uy\/index.php\/2024\/04\/29\/apologia-al-realismo-magico\/#primaryimage"},"image":{"@id":"https:\/\/elsol.ps.org.uy\/index.php\/2024\/04\/29\/apologia-al-realismo-magico\/#primaryimage"},"thumbnailUrl":"https:\/\/elsol.ps.org.uy\/wp-content\/uploads\/2023\/10\/El-plebiscito-y-la-campana-electoral-del-Frente-Amplio.png","datePublished":"2024-04-29T15:08:36+00:00","dateModified":"2024-04-29T15:41:58+00:00","author":{"@id":"https:\/\/elsol.ps.org.uy\/#\/schema\/person\/9642a61f31473fe97857228bf33277f6"},"breadcrumb":{"@id":"https:\/\/elsol.ps.org.uy\/index.php\/2024\/04\/29\/apologia-al-realismo-magico\/#breadcrumb"},"inLanguage":"es","potentialAction":[{"@type":"ReadAction","target":["https:\/\/elsol.ps.org.uy\/index.php\/2024\/04\/29\/apologia-al-realismo-magico\/"]}]},{"@type":"ImageObject","inLanguage":"es","@id":"https:\/\/elsol.ps.org.uy\/index.php\/2024\/04\/29\/apologia-al-realismo-magico\/#primaryimage","url":"https:\/\/elsol.ps.org.uy\/wp-content\/uploads\/2023\/10\/El-plebiscito-y-la-campana-electoral-del-Frente-Amplio.png","contentUrl":"https:\/\/elsol.ps.org.uy\/wp-content\/uploads\/2023\/10\/El-plebiscito-y-la-campana-electoral-del-Frente-Amplio.png","width":735,"height":360},{"@type":"BreadcrumbList","@id":"https:\/\/elsol.ps.org.uy\/index.php\/2024\/04\/29\/apologia-al-realismo-magico\/#breadcrumb","itemListElement":[{"@type":"ListItem","position":1,"name":"Portada","item":"https:\/\/elsol.ps.org.uy\/"},{"@type":"ListItem","position":2,"name":"Apolog\u00eda al realismo m\u00e1gico"}]},{"@type":"WebSite","@id":"https:\/\/elsol.ps.org.uy\/#website","url":"https:\/\/elsol.ps.org.uy\/","name":"El Sol","description":"Organo del Partido Socialista - Frente Amplio","potentialAction":[{"@type":"SearchAction","target":{"@type":"EntryPoint","urlTemplate":"https:\/\/elsol.ps.org.uy\/?s={search_term_string}"},"query-input":{"@type":"PropertyValueSpecification","valueRequired":true,"valueName":"search_term_string"}}],"inLanguage":"es"},{"@type":"Person","@id":"https:\/\/elsol.ps.org.uy\/#\/schema\/person\/9642a61f31473fe97857228bf33277f6","name":"El Sol","image":{"@type":"ImageObject","inLanguage":"es","@id":"https:\/\/secure.gravatar.com\/avatar\/e14a39081cff84ca4b5657918d3e15ebebf0ca4cee0bb3b81200271ee78d4b9c?s=96&d=mm&r=g","url":"https:\/\/secure.gravatar.com\/avatar\/e14a39081cff84ca4b5657918d3e15ebebf0ca4cee0bb3b81200271ee78d4b9c?s=96&d=mm&r=g","contentUrl":"https:\/\/secure.gravatar.com\/avatar\/e14a39081cff84ca4b5657918d3e15ebebf0ca4cee0bb3b81200271ee78d4b9c?s=96&d=mm&r=g","caption":"El Sol"},"url":"https:\/\/elsol.ps.org.uy\/index.php\/author\/eugenia\/"}]}},"jetpack_featured_media_url":"https:\/\/elsol.ps.org.uy\/wp-content\/uploads\/2023\/10\/El-plebiscito-y-la-campana-electoral-del-Frente-Amplio.png","_links":{"self":[{"href":"https:\/\/elsol.ps.org.uy\/index.php\/wp-json\/wp\/v2\/posts\/13701","targetHints":{"allow":["GET"]}}],"collection":[{"href":"https:\/\/elsol.ps.org.uy\/index.php\/wp-json\/wp\/v2\/posts"}],"about":[{"href":"https:\/\/elsol.ps.org.uy\/index.php\/wp-json\/wp\/v2\/types\/post"}],"author":[{"embeddable":true,"href":"https:\/\/elsol.ps.org.uy\/index.php\/wp-json\/wp\/v2\/users\/2"}],"replies":[{"embeddable":true,"href":"https:\/\/elsol.ps.org.uy\/index.php\/wp-json\/wp\/v2\/comments?post=13701"}],"version-history":[{"count":1,"href":"https:\/\/elsol.ps.org.uy\/index.php\/wp-json\/wp\/v2\/posts\/13701\/revisions"}],"predecessor-version":[{"id":13702,"href":"https:\/\/elsol.ps.org.uy\/index.php\/wp-json\/wp\/v2\/posts\/13701\/revisions\/13702"}],"wp:featuredmedia":[{"embeddable":true,"href":"https:\/\/elsol.ps.org.uy\/index.php\/wp-json\/wp\/v2\/media\/13454"}],"wp:attachment":[{"href":"https:\/\/elsol.ps.org.uy\/index.php\/wp-json\/wp\/v2\/media?parent=13701"}],"wp:term":[{"taxonomy":"category","embeddable":true,"href":"https:\/\/elsol.ps.org.uy\/index.php\/wp-json\/wp\/v2\/categories?post=13701"},{"taxonomy":"post_tag","embeddable":true,"href":"https:\/\/elsol.ps.org.uy\/index.php\/wp-json\/wp\/v2\/tags?post=13701"}],"curies":[{"name":"wp","href":"https:\/\/api.w.org\/{rel}","templated":true}]}}