{"id":13726,"date":"2024-07-12T14:11:56","date_gmt":"2024-07-12T17:11:56","guid":{"rendered":"https:\/\/elsol.ps.org.uy\/?p=13726"},"modified":"2024-08-14T14:51:33","modified_gmt":"2024-08-14T17:51:33","slug":"mauricio-zunino-intendente-de-montevideo","status":"publish","type":"post","link":"https:\/\/elsol.ps.org.uy\/index.php\/2024\/07\/12\/mauricio-zunino-intendente-de-montevideo\/","title":{"rendered":"Mauricio Zunino es el nuevo Intendente de Montevideo"},"content":{"rendered":"\n<p>En el d\u00eda de hoy asumi\u00f3 como Intendente de Montevideo el Economista Mauricio Zunino.&nbsp;<\/p>\n\n\n\n<p>En ceremonia realizada a las 11 de la ma\u00f1ana en la Sala Ernesto de los Campos del Palacio Municipal, el novel Intendente tom\u00f3 posesi\u00f3n del cargo que qued\u00f3 vacante tras la renuncia de la Ingeniera Carolina Cosse. La ex Intendenta decidi\u00f3 solicitar la renuncia para dedicarse en profundidad a la campa\u00f1a pol\u00edtica de cara a octubre donde disputar\u00e1 un lugar como Vicepresidenta de la Rep\u00fablica en la f\u00f3rmula compuesta junto al candidato presidencial por el Frente Amplio Yamand\u00fa Orsi.&nbsp;<\/p>\n\n\n\n<p>Por su parte, Mauricio Zunino dirigi\u00f3 unas palabras a la sala repleta. Enfatiz\u00f3 en el excelente trabajo realizado por Carolina Cosse, y como en su futura gesti\u00f3n piensa darle continuidad. Resalt\u00f3 tambi\u00e9n la importancia que se le di\u00f3 a la participaci\u00f3n popular y a la construcci\u00f3n de pol\u00edticas p\u00fablicas con y desde la ciudadan\u00eda en la anterior gesti\u00f3n, siendo este un pilar fundamental en la planificaci\u00f3n de los cambios que el Departamento necesita, poniendo la centralidad en los problemas de las personas en situaci\u00f3n m\u00e1s vulnerable. Asimismo, Zunino agradeci\u00f3 al Partido Socialista del que es parte, a las bases del Frente Amplio y en particular a su Comit\u00e9 de Base \u201cParque Rod\u00f3\u201d. Al mismo tiempo, agradeci\u00f3 a la ex Intendenta Cosse y a los sectores que apoyaron la candidatura de la Ingeniera, con los cuales se trabaj\u00f3 en armon\u00eda y centrados en el objetivo en com\u00fan de la vida digna de la ciudadan\u00eda.<\/p>\n\n\n\n<p>Al finalizar su discurso, Zunino mencion\u00f3 especialmente al primer Intendente del Frente Amplio -y del Partido Socialista- en Montevideo, el Doctor Tabar\u00e9 V\u00e1zquez. Afirm\u00f3 que no solo es un honor sino tambi\u00e9n una obligaci\u00f3n el ocupar el mismo lugar estando a la altura de la historia de las transformaciones realizadas en ese periodo, y tambi\u00e9n a la altura de la historia del Partido Socialista. A su vez, salud\u00f3 afectuosamente a la presente Hyara Rodr\u00edguez qui\u00e9n desempe\u00f1\u00f3 el rol de Intendenta de Montevideo en el a\u00f1o 2010.<\/p>\n\n\n\n<div class=\"wp-block-columns is-layout-flex wp-container-core-columns-is-layout-9d6595d7 wp-block-columns-is-layout-flex\">\n<div class=\"wp-block-column is-layout-flow wp-block-column-is-layout-flow\">\n<figure class=\"wp-block-image size-large\"><img loading=\"lazy\" decoding=\"async\" width=\"1024\" height=\"682\" src=\"https:\/\/elsol.ps.org.uy\/wp-content\/uploads\/2024\/07\/WhatsApp-Image-2024-07-12-at-2.22.15\u202fp.-m-1024x682.jpeg\" alt=\"\" class=\"wp-image-13737\" srcset=\"https:\/\/elsol.ps.org.uy\/wp-content\/uploads\/2024\/07\/WhatsApp-Image-2024-07-12-at-2.22.15\u202fp.-m-1024x682.jpeg 1024w, https:\/\/elsol.ps.org.uy\/wp-content\/uploads\/2024\/07\/WhatsApp-Image-2024-07-12-at-2.22.15\u202fp.-m-300x200.jpeg 300w, https:\/\/elsol.ps.org.uy\/wp-content\/uploads\/2024\/07\/WhatsApp-Image-2024-07-12-at-2.22.15\u202fp.-m-768x512.jpeg 768w, https:\/\/elsol.ps.org.uy\/wp-content\/uploads\/2024\/07\/WhatsApp-Image-2024-07-12-at-2.22.15\u202fp.-m-1536x1023.jpeg 1536w, https:\/\/elsol.ps.org.uy\/wp-content\/uploads\/2024\/07\/WhatsApp-Image-2024-07-12-at-2.22.15\u202fp.-m-600x400.jpeg 600w, https:\/\/elsol.ps.org.uy\/wp-content\/uploads\/2024\/07\/WhatsApp-Image-2024-07-12-at-2.22.15\u202fp.-m.jpeg 1600w\" sizes=\"auto, (max-width: 1024px) 100vw, 1024px\" \/><\/figure>\n<\/div>\n\n\n\n<div class=\"wp-block-column is-layout-flow wp-block-column-is-layout-flow\">\n<figure class=\"wp-block-image size-large\"><img loading=\"lazy\" decoding=\"async\" width=\"1024\" height=\"684\" src=\"https:\/\/elsol.ps.org.uy\/wp-content\/uploads\/2024\/07\/WhatsApp-Image-2024-07-12-at-2.22.14\u202fp.-m-1024x684.jpeg\" alt=\"\" class=\"wp-image-13739\" srcset=\"https:\/\/elsol.ps.org.uy\/wp-content\/uploads\/2024\/07\/WhatsApp-Image-2024-07-12-at-2.22.14\u202fp.-m-1024x684.jpeg 1024w, https:\/\/elsol.ps.org.uy\/wp-content\/uploads\/2024\/07\/WhatsApp-Image-2024-07-12-at-2.22.14\u202fp.-m-300x200.jpeg 300w, https:\/\/elsol.ps.org.uy\/wp-content\/uploads\/2024\/07\/WhatsApp-Image-2024-07-12-at-2.22.14\u202fp.-m-768x513.jpeg 768w, https:\/\/elsol.ps.org.uy\/wp-content\/uploads\/2024\/07\/WhatsApp-Image-2024-07-12-at-2.22.14\u202fp.-m-1536x1025.jpeg 1536w, https:\/\/elsol.ps.org.uy\/wp-content\/uploads\/2024\/07\/WhatsApp-Image-2024-07-12-at-2.22.14\u202fp.-m-600x401.jpeg 600w, https:\/\/elsol.ps.org.uy\/wp-content\/uploads\/2024\/07\/WhatsApp-Image-2024-07-12-at-2.22.14\u202fp.-m.jpeg 1600w\" sizes=\"auto, (max-width: 1024px) 100vw, 1024px\" \/><\/figure>\n<\/div>\n<\/div>\n\n\n\n<div class=\"wp-block-columns is-layout-flex wp-container-core-columns-is-layout-9d6595d7 wp-block-columns-is-layout-flex\">\n<div class=\"wp-block-column is-layout-flow wp-block-column-is-layout-flow\">\n<figure class=\"wp-block-image size-large\"><img loading=\"lazy\" decoding=\"async\" width=\"1024\" height=\"683\" src=\"https:\/\/elsol.ps.org.uy\/wp-content\/uploads\/2024\/07\/WhatsApp-Image-2024-07-12-at-2.06.39\u202fp.-m.-1-1-1024x683.jpeg\" alt=\"\" class=\"wp-image-13728\" srcset=\"https:\/\/elsol.ps.org.uy\/wp-content\/uploads\/2024\/07\/WhatsApp-Image-2024-07-12-at-2.06.39\u202fp.-m.-1-1-1024x683.jpeg 1024w, https:\/\/elsol.ps.org.uy\/wp-content\/uploads\/2024\/07\/WhatsApp-Image-2024-07-12-at-2.06.39\u202fp.-m.-1-1-300x200.jpeg 300w, https:\/\/elsol.ps.org.uy\/wp-content\/uploads\/2024\/07\/WhatsApp-Image-2024-07-12-at-2.06.39\u202fp.-m.-1-1-768x512.jpeg 768w, https:\/\/elsol.ps.org.uy\/wp-content\/uploads\/2024\/07\/WhatsApp-Image-2024-07-12-at-2.06.39\u202fp.-m.-1-1-600x400.jpeg 600w, https:\/\/elsol.ps.org.uy\/wp-content\/uploads\/2024\/07\/WhatsApp-Image-2024-07-12-at-2.06.39\u202fp.-m.-1-1.jpeg 1440w\" sizes=\"auto, (max-width: 1024px) 100vw, 1024px\" \/><\/figure>\n<\/div>\n\n\n\n<div class=\"wp-block-column is-layout-flow wp-block-column-is-layout-flow\">\n<figure class=\"wp-block-image size-large\"><img loading=\"lazy\" decoding=\"async\" width=\"1024\" height=\"683\" src=\"https:\/\/elsol.ps.org.uy\/wp-content\/uploads\/2024\/07\/WhatsApp-Image-2024-07-12-at-2.06.39\u202fp.-m.-2-1024x683.jpeg\" alt=\"\" class=\"wp-image-13729\" srcset=\"https:\/\/elsol.ps.org.uy\/wp-content\/uploads\/2024\/07\/WhatsApp-Image-2024-07-12-at-2.06.39\u202fp.-m.-2-1024x683.jpeg 1024w, https:\/\/elsol.ps.org.uy\/wp-content\/uploads\/2024\/07\/WhatsApp-Image-2024-07-12-at-2.06.39\u202fp.-m.-2-300x200.jpeg 300w, https:\/\/elsol.ps.org.uy\/wp-content\/uploads\/2024\/07\/WhatsApp-Image-2024-07-12-at-2.06.39\u202fp.-m.-2-768x512.jpeg 768w, https:\/\/elsol.ps.org.uy\/wp-content\/uploads\/2024\/07\/WhatsApp-Image-2024-07-12-at-2.06.39\u202fp.-m.-2-600x400.jpeg 600w, https:\/\/elsol.ps.org.uy\/wp-content\/uploads\/2024\/07\/WhatsApp-Image-2024-07-12-at-2.06.39\u202fp.-m.-2.jpeg 1440w\" sizes=\"auto, (max-width: 1024px) 100vw, 1024px\" \/><\/figure>\n<\/div>\n<\/div>\n\n\n\n<div class=\"wp-block-columns is-layout-flex wp-container-core-columns-is-layout-9d6595d7 wp-block-columns-is-layout-flex\">\n<div class=\"wp-block-column is-layout-flow wp-block-column-is-layout-flow\">\n<figure class=\"wp-block-image size-large\"><img loading=\"lazy\" decoding=\"async\" width=\"1024\" height=\"683\" src=\"https:\/\/elsol.ps.org.uy\/wp-content\/uploads\/2024\/07\/WhatsApp-Image-2024-07-12-at-2.06.40\u202fp.-m-1024x683.jpeg\" alt=\"\" class=\"wp-image-13730\" srcset=\"https:\/\/elsol.ps.org.uy\/wp-content\/uploads\/2024\/07\/WhatsApp-Image-2024-07-12-at-2.06.40\u202fp.-m-1024x683.jpeg 1024w, https:\/\/elsol.ps.org.uy\/wp-content\/uploads\/2024\/07\/WhatsApp-Image-2024-07-12-at-2.06.40\u202fp.-m-300x200.jpeg 300w, https:\/\/elsol.ps.org.uy\/wp-content\/uploads\/2024\/07\/WhatsApp-Image-2024-07-12-at-2.06.40\u202fp.-m-768x512.jpeg 768w, https:\/\/elsol.ps.org.uy\/wp-content\/uploads\/2024\/07\/WhatsApp-Image-2024-07-12-at-2.06.40\u202fp.-m-600x400.jpeg 600w, https:\/\/elsol.ps.org.uy\/wp-content\/uploads\/2024\/07\/WhatsApp-Image-2024-07-12-at-2.06.40\u202fp.-m.jpeg 1440w\" sizes=\"auto, (max-width: 1024px) 100vw, 1024px\" \/><\/figure>\n<\/div>\n\n\n\n<div class=\"wp-block-column is-layout-flow wp-block-column-is-layout-flow\">\n<figure class=\"wp-block-image size-large\"><img loading=\"lazy\" decoding=\"async\" width=\"1024\" height=\"683\" src=\"https:\/\/elsol.ps.org.uy\/wp-content\/uploads\/2024\/07\/WhatsApp-Image-2024-07-12-at-2.06.41\u202fp.-m-1024x683.jpeg\" alt=\"\" class=\"wp-image-13731\" srcset=\"https:\/\/elsol.ps.org.uy\/wp-content\/uploads\/2024\/07\/WhatsApp-Image-2024-07-12-at-2.06.41\u202fp.-m-1024x683.jpeg 1024w, https:\/\/elsol.ps.org.uy\/wp-content\/uploads\/2024\/07\/WhatsApp-Image-2024-07-12-at-2.06.41\u202fp.-m-300x200.jpeg 300w, https:\/\/elsol.ps.org.uy\/wp-content\/uploads\/2024\/07\/WhatsApp-Image-2024-07-12-at-2.06.41\u202fp.-m-768x512.jpeg 768w, https:\/\/elsol.ps.org.uy\/wp-content\/uploads\/2024\/07\/WhatsApp-Image-2024-07-12-at-2.06.41\u202fp.-m-1536x1024.jpeg 1536w, https:\/\/elsol.ps.org.uy\/wp-content\/uploads\/2024\/07\/WhatsApp-Image-2024-07-12-at-2.06.41\u202fp.-m-600x400.jpeg 600w, https:\/\/elsol.ps.org.uy\/wp-content\/uploads\/2024\/07\/WhatsApp-Image-2024-07-12-at-2.06.41\u202fp.-m.jpeg 1599w\" sizes=\"auto, (max-width: 1024px) 100vw, 1024px\" \/><\/figure>\n<\/div>\n<\/div>\n\n\n\n<div class=\"wp-block-columns is-layout-flex wp-container-core-columns-is-layout-9d6595d7 wp-block-columns-is-layout-flex\">\n<div class=\"wp-block-column is-layout-flow wp-block-column-is-layout-flow\">\n<figure class=\"wp-block-image size-large\"><img loading=\"lazy\" decoding=\"async\" width=\"1024\" height=\"684\" src=\"https:\/\/elsol.ps.org.uy\/wp-content\/uploads\/2024\/07\/articulo-mauri-b-1024x684.jpg\" alt=\"\" class=\"wp-image-13793\" srcset=\"https:\/\/elsol.ps.org.uy\/wp-content\/uploads\/2024\/07\/articulo-mauri-b-1024x684.jpg 1024w, https:\/\/elsol.ps.org.uy\/wp-content\/uploads\/2024\/07\/articulo-mauri-b-300x200.jpg 300w, https:\/\/elsol.ps.org.uy\/wp-content\/uploads\/2024\/07\/articulo-mauri-b-768x513.jpg 768w, https:\/\/elsol.ps.org.uy\/wp-content\/uploads\/2024\/07\/articulo-mauri-b-1536x1025.jpg 1536w, https:\/\/elsol.ps.org.uy\/wp-content\/uploads\/2024\/07\/articulo-mauri-b-600x401.jpg 600w, https:\/\/elsol.ps.org.uy\/wp-content\/uploads\/2024\/07\/articulo-mauri-b.jpg 1600w\" sizes=\"auto, (max-width: 1024px) 100vw, 1024px\" \/><\/figure>\n<\/div>\n\n\n\n<div class=\"wp-block-column is-layout-flow wp-block-column-is-layout-flow\">\n<figure class=\"wp-block-image size-large\"><img loading=\"lazy\" decoding=\"async\" width=\"1024\" height=\"682\" src=\"https:\/\/elsol.ps.org.uy\/wp-content\/uploads\/2024\/07\/Articulo-mauri-a-1024x682.jpg\" alt=\"\" class=\"wp-image-13794\" srcset=\"https:\/\/elsol.ps.org.uy\/wp-content\/uploads\/2024\/07\/Articulo-mauri-a-1024x682.jpg 1024w, https:\/\/elsol.ps.org.uy\/wp-content\/uploads\/2024\/07\/Articulo-mauri-a-300x200.jpg 300w, https:\/\/elsol.ps.org.uy\/wp-content\/uploads\/2024\/07\/Articulo-mauri-a-768x512.jpg 768w, https:\/\/elsol.ps.org.uy\/wp-content\/uploads\/2024\/07\/Articulo-mauri-a-1536x1023.jpg 1536w, https:\/\/elsol.ps.org.uy\/wp-content\/uploads\/2024\/07\/Articulo-mauri-a-600x400.jpg 600w, https:\/\/elsol.ps.org.uy\/wp-content\/uploads\/2024\/07\/Articulo-mauri-a.jpg 1600w\" sizes=\"auto, (max-width: 1024px) 100vw, 1024px\" \/><\/figure>\n<\/div>\n<\/div>\n\n\n\n<div class=\"wp-block-columns is-layout-flex wp-container-core-columns-is-layout-9d6595d7 wp-block-columns-is-layout-flex\">\n<div class=\"wp-block-column is-layout-flow wp-block-column-is-layout-flow\">\n<figure class=\"wp-block-image size-large\"><img loading=\"lazy\" decoding=\"async\" width=\"1024\" height=\"682\" src=\"https:\/\/elsol.ps.org.uy\/wp-content\/uploads\/2024\/07\/articulo-mauri-e-1024x682.jpg\" alt=\"\" class=\"wp-image-13795\" srcset=\"https:\/\/elsol.ps.org.uy\/wp-content\/uploads\/2024\/07\/articulo-mauri-e-1024x682.jpg 1024w, https:\/\/elsol.ps.org.uy\/wp-content\/uploads\/2024\/07\/articulo-mauri-e-300x200.jpg 300w, https:\/\/elsol.ps.org.uy\/wp-content\/uploads\/2024\/07\/articulo-mauri-e-768x512.jpg 768w, https:\/\/elsol.ps.org.uy\/wp-content\/uploads\/2024\/07\/articulo-mauri-e-1536x1023.jpg 1536w, https:\/\/elsol.ps.org.uy\/wp-content\/uploads\/2024\/07\/articulo-mauri-e-600x400.jpg 600w, https:\/\/elsol.ps.org.uy\/wp-content\/uploads\/2024\/07\/articulo-mauri-e.jpg 1600w\" sizes=\"auto, (max-width: 1024px) 100vw, 1024px\" \/><\/figure>\n<\/div>\n\n\n\n<div class=\"wp-block-column is-layout-flow wp-block-column-is-layout-flow\"><\/div>\n<\/div>\n","protected":false},"excerpt":{"rendered":"En el d\u00eda de hoy asumi\u00f3 como Intendente de Montevideo el Economista Mauricio Zunino.\n<a class=\"moretag\" href=\"https:\/\/elsol.ps.org.uy\/index.php\/2024\/07\/12\/mauricio-zunino-intendente-de-montevideo\/\"> [...]<\/a>","protected":false},"author":2,"featured_media":13732,"comment_status":"open","ping_status":"closed","sticky":false,"template":"","format":"standard","meta":{"footnotes":""},"categories":[30,36,81],"tags":[],"class_list":["post-13726","post","type-post","status-publish","format-standard","has-post-thumbnail","hentry","category-destacadas","category-el-sol","category-el-sol-no-40-agosto-2024"],"yoast_head":"<!-- This site is optimized with the Yoast SEO plugin v27.5 - https:\/\/yoast.com\/product\/yoast-seo-wordpress\/ -->\n<title>Mauricio Zunino es el nuevo Intendente de Montevideo - El Sol<\/title>\n<meta name=\"robots\" content=\"index, follow, max-snippet:-1, max-image-preview:large, max-video-preview:-1\" \/>\n<link rel=\"canonical\" href=\"https:\/\/elsol.ps.org.uy\/index.php\/2024\/07\/12\/mauricio-zunino-intendente-de-montevideo\/\" \/>\n<meta property=\"og:locale\" content=\"es_ES\" \/>\n<meta property=\"og:type\" content=\"article\" \/>\n<meta property=\"og:title\" content=\"Mauricio Zunino es el nuevo Intendente de Montevideo - El Sol\" \/>\n<meta property=\"og:description\" content=\"En el d\u00eda de hoy asumi\u00f3 como Intendente de Montevideo el Economista Mauricio Zunino.\" \/>\n<meta property=\"og:url\" content=\"https:\/\/elsol.ps.org.uy\/index.php\/2024\/07\/12\/mauricio-zunino-intendente-de-montevideo\/\" \/>\n<meta property=\"og:site_name\" content=\"El Sol\" \/>\n<meta property=\"article:published_time\" content=\"2024-07-12T17:11:56+00:00\" \/>\n<meta property=\"article:modified_time\" content=\"2024-08-14T17:51:33+00:00\" \/>\n<meta property=\"og:image\" content=\"https:\/\/elsol.ps.org.uy\/wp-content\/uploads\/2024\/07\/WhatsApp-Image-2024-07-12-at-2.06.39\u202fp.-m.jpeg\" \/>\n\t<meta property=\"og:image:width\" content=\"1440\" \/>\n\t<meta property=\"og:image:height\" content=\"960\" \/>\n\t<meta property=\"og:image:type\" content=\"image\/jpeg\" \/>\n<meta name=\"author\" content=\"El Sol\" \/>\n<meta name=\"twitter:card\" content=\"summary_large_image\" \/>\n<meta name=\"twitter:label1\" content=\"Escrito por\" \/>\n\t<meta name=\"twitter:data1\" content=\"El Sol\" \/>\n\t<meta name=\"twitter:label2\" content=\"Tiempo de lectura\" \/>\n\t<meta name=\"twitter:data2\" content=\"4 minutos\" \/>\n<script type=\"application\/ld+json\" class=\"yoast-schema-graph\">{\"@context\":\"https:\\\/\\\/schema.org\",\"@graph\":[{\"@type\":\"Article\",\"@id\":\"https:\\\/\\\/elsol.ps.org.uy\\\/index.php\\\/2024\\\/07\\\/12\\\/mauricio-zunino-intendente-de-montevideo\\\/#article\",\"isPartOf\":{\"@id\":\"https:\\\/\\\/elsol.ps.org.uy\\\/index.php\\\/2024\\\/07\\\/12\\\/mauricio-zunino-intendente-de-montevideo\\\/\"},\"author\":{\"name\":\"El Sol\",\"@id\":\"https:\\\/\\\/elsol.ps.org.uy\\\/#\\\/schema\\\/person\\\/9642a61f31473fe97857228bf33277f6\"},\"headline\":\"Mauricio Zunino es el nuevo Intendente de Montevideo\",\"datePublished\":\"2024-07-12T17:11:56+00:00\",\"dateModified\":\"2024-08-14T17:51:33+00:00\",\"mainEntityOfPage\":{\"@id\":\"https:\\\/\\\/elsol.ps.org.uy\\\/index.php\\\/2024\\\/07\\\/12\\\/mauricio-zunino-intendente-de-montevideo\\\/\"},\"wordCount\":368,\"commentCount\":0,\"image\":{\"@id\":\"https:\\\/\\\/elsol.ps.org.uy\\\/index.php\\\/2024\\\/07\\\/12\\\/mauricio-zunino-intendente-de-montevideo\\\/#primaryimage\"},\"thumbnailUrl\":\"https:\\\/\\\/elsol.ps.org.uy\\\/wp-content\\\/uploads\\\/2024\\\/07\\\/WhatsApp-Image-2024-07-12-at-2.06.39\u202fp.-m.jpeg\",\"articleSection\":[\"Destacadas\",\"El Sol\",\"El Sol \u2013 N\u00ba 40 \u2013 Agosto 2024\"],\"inLanguage\":\"es\",\"potentialAction\":[{\"@type\":\"CommentAction\",\"name\":\"Comment\",\"target\":[\"https:\\\/\\\/elsol.ps.org.uy\\\/index.php\\\/2024\\\/07\\\/12\\\/mauricio-zunino-intendente-de-montevideo\\\/#respond\"]}]},{\"@type\":\"WebPage\",\"@id\":\"https:\\\/\\\/elsol.ps.org.uy\\\/index.php\\\/2024\\\/07\\\/12\\\/mauricio-zunino-intendente-de-montevideo\\\/\",\"url\":\"https:\\\/\\\/elsol.ps.org.uy\\\/index.php\\\/2024\\\/07\\\/12\\\/mauricio-zunino-intendente-de-montevideo\\\/\",\"name\":\"Mauricio Zunino es el nuevo Intendente de Montevideo - El Sol\",\"isPartOf\":{\"@id\":\"https:\\\/\\\/elsol.ps.org.uy\\\/#website\"},\"primaryImageOfPage\":{\"@id\":\"https:\\\/\\\/elsol.ps.org.uy\\\/index.php\\\/2024\\\/07\\\/12\\\/mauricio-zunino-intendente-de-montevideo\\\/#primaryimage\"},\"image\":{\"@id\":\"https:\\\/\\\/elsol.ps.org.uy\\\/index.php\\\/2024\\\/07\\\/12\\\/mauricio-zunino-intendente-de-montevideo\\\/#primaryimage\"},\"thumbnailUrl\":\"https:\\\/\\\/elsol.ps.org.uy\\\/wp-content\\\/uploads\\\/2024\\\/07\\\/WhatsApp-Image-2024-07-12-at-2.06.39\u202fp.-m.jpeg\",\"datePublished\":\"2024-07-12T17:11:56+00:00\",\"dateModified\":\"2024-08-14T17:51:33+00:00\",\"author\":{\"@id\":\"https:\\\/\\\/elsol.ps.org.uy\\\/#\\\/schema\\\/person\\\/9642a61f31473fe97857228bf33277f6\"},\"breadcrumb\":{\"@id\":\"https:\\\/\\\/elsol.ps.org.uy\\\/index.php\\\/2024\\\/07\\\/12\\\/mauricio-zunino-intendente-de-montevideo\\\/#breadcrumb\"},\"inLanguage\":\"es\",\"potentialAction\":[{\"@type\":\"ReadAction\",\"target\":[\"https:\\\/\\\/elsol.ps.org.uy\\\/index.php\\\/2024\\\/07\\\/12\\\/mauricio-zunino-intendente-de-montevideo\\\/\"]}]},{\"@type\":\"ImageObject\",\"inLanguage\":\"es\",\"@id\":\"https:\\\/\\\/elsol.ps.org.uy\\\/index.php\\\/2024\\\/07\\\/12\\\/mauricio-zunino-intendente-de-montevideo\\\/#primaryimage\",\"url\":\"https:\\\/\\\/elsol.ps.org.uy\\\/wp-content\\\/uploads\\\/2024\\\/07\\\/WhatsApp-Image-2024-07-12-at-2.06.39\u202fp.-m.jpeg\",\"contentUrl\":\"https:\\\/\\\/elsol.ps.org.uy\\\/wp-content\\\/uploads\\\/2024\\\/07\\\/WhatsApp-Image-2024-07-12-at-2.06.39\u202fp.-m.jpeg\",\"width\":1440,\"height\":960},{\"@type\":\"BreadcrumbList\",\"@id\":\"https:\\\/\\\/elsol.ps.org.uy\\\/index.php\\\/2024\\\/07\\\/12\\\/mauricio-zunino-intendente-de-montevideo\\\/#breadcrumb\",\"itemListElement\":[{\"@type\":\"ListItem\",\"position\":1,\"name\":\"Portada\",\"item\":\"https:\\\/\\\/elsol.ps.org.uy\\\/\"},{\"@type\":\"ListItem\",\"position\":2,\"name\":\"Mauricio Zunino es el nuevo Intendente de Montevideo\"}]},{\"@type\":\"WebSite\",\"@id\":\"https:\\\/\\\/elsol.ps.org.uy\\\/#website\",\"url\":\"https:\\\/\\\/elsol.ps.org.uy\\\/\",\"name\":\"El Sol\",\"description\":\"Organo del Partido Socialista - Frente Amplio\",\"potentialAction\":[{\"@type\":\"SearchAction\",\"target\":{\"@type\":\"EntryPoint\",\"urlTemplate\":\"https:\\\/\\\/elsol.ps.org.uy\\\/?s={search_term_string}\"},\"query-input\":{\"@type\":\"PropertyValueSpecification\",\"valueRequired\":true,\"valueName\":\"search_term_string\"}}],\"inLanguage\":\"es\"},{\"@type\":\"Person\",\"@id\":\"https:\\\/\\\/elsol.ps.org.uy\\\/#\\\/schema\\\/person\\\/9642a61f31473fe97857228bf33277f6\",\"name\":\"El Sol\",\"image\":{\"@type\":\"ImageObject\",\"inLanguage\":\"es\",\"@id\":\"https:\\\/\\\/secure.gravatar.com\\\/avatar\\\/e14a39081cff84ca4b5657918d3e15ebebf0ca4cee0bb3b81200271ee78d4b9c?s=96&d=mm&r=g\",\"url\":\"https:\\\/\\\/secure.gravatar.com\\\/avatar\\\/e14a39081cff84ca4b5657918d3e15ebebf0ca4cee0bb3b81200271ee78d4b9c?s=96&d=mm&r=g\",\"contentUrl\":\"https:\\\/\\\/secure.gravatar.com\\\/avatar\\\/e14a39081cff84ca4b5657918d3e15ebebf0ca4cee0bb3b81200271ee78d4b9c?s=96&d=mm&r=g\",\"caption\":\"El Sol\"},\"url\":\"https:\\\/\\\/elsol.ps.org.uy\\\/index.php\\\/author\\\/eugenia\\\/\"}]}<\/script>\n<!-- \/ Yoast SEO plugin. -->","yoast_head_json":{"title":"Mauricio Zunino es el nuevo Intendente de Montevideo - El Sol","robots":{"index":"index","follow":"follow","max-snippet":"max-snippet:-1","max-image-preview":"max-image-preview:large","max-video-preview":"max-video-preview:-1"},"canonical":"https:\/\/elsol.ps.org.uy\/index.php\/2024\/07\/12\/mauricio-zunino-intendente-de-montevideo\/","og_locale":"es_ES","og_type":"article","og_title":"Mauricio Zunino es el nuevo Intendente de Montevideo - El Sol","og_description":"En el d\u00eda de hoy asumi\u00f3 como Intendente de Montevideo el Economista Mauricio Zunino.","og_url":"https:\/\/elsol.ps.org.uy\/index.php\/2024\/07\/12\/mauricio-zunino-intendente-de-montevideo\/","og_site_name":"El Sol","article_published_time":"2024-07-12T17:11:56+00:00","article_modified_time":"2024-08-14T17:51:33+00:00","og_image":[{"width":1440,"height":960,"url":"https:\/\/elsol.ps.org.uy\/wp-content\/uploads\/2024\/07\/WhatsApp-Image-2024-07-12-at-2.06.39\u202fp.-m.jpeg","type":"image\/jpeg"}],"author":"El Sol","twitter_card":"summary_large_image","twitter_misc":{"Escrito por":"El Sol","Tiempo de lectura":"4 minutos"},"schema":{"@context":"https:\/\/schema.org","@graph":[{"@type":"Article","@id":"https:\/\/elsol.ps.org.uy\/index.php\/2024\/07\/12\/mauricio-zunino-intendente-de-montevideo\/#article","isPartOf":{"@id":"https:\/\/elsol.ps.org.uy\/index.php\/2024\/07\/12\/mauricio-zunino-intendente-de-montevideo\/"},"author":{"name":"El Sol","@id":"https:\/\/elsol.ps.org.uy\/#\/schema\/person\/9642a61f31473fe97857228bf33277f6"},"headline":"Mauricio Zunino es el nuevo Intendente de Montevideo","datePublished":"2024-07-12T17:11:56+00:00","dateModified":"2024-08-14T17:51:33+00:00","mainEntityOfPage":{"@id":"https:\/\/elsol.ps.org.uy\/index.php\/2024\/07\/12\/mauricio-zunino-intendente-de-montevideo\/"},"wordCount":368,"commentCount":0,"image":{"@id":"https:\/\/elsol.ps.org.uy\/index.php\/2024\/07\/12\/mauricio-zunino-intendente-de-montevideo\/#primaryimage"},"thumbnailUrl":"https:\/\/elsol.ps.org.uy\/wp-content\/uploads\/2024\/07\/WhatsApp-Image-2024-07-12-at-2.06.39\u202fp.-m.jpeg","articleSection":["Destacadas","El Sol","El Sol \u2013 N\u00ba 40 \u2013 Agosto 2024"],"inLanguage":"es","potentialAction":[{"@type":"CommentAction","name":"Comment","target":["https:\/\/elsol.ps.org.uy\/index.php\/2024\/07\/12\/mauricio-zunino-intendente-de-montevideo\/#respond"]}]},{"@type":"WebPage","@id":"https:\/\/elsol.ps.org.uy\/index.php\/2024\/07\/12\/mauricio-zunino-intendente-de-montevideo\/","url":"https:\/\/elsol.ps.org.uy\/index.php\/2024\/07\/12\/mauricio-zunino-intendente-de-montevideo\/","name":"Mauricio Zunino es el nuevo Intendente de Montevideo - El Sol","isPartOf":{"@id":"https:\/\/elsol.ps.org.uy\/#website"},"primaryImageOfPage":{"@id":"https:\/\/elsol.ps.org.uy\/index.php\/2024\/07\/12\/mauricio-zunino-intendente-de-montevideo\/#primaryimage"},"image":{"@id":"https:\/\/elsol.ps.org.uy\/index.php\/2024\/07\/12\/mauricio-zunino-intendente-de-montevideo\/#primaryimage"},"thumbnailUrl":"https:\/\/elsol.ps.org.uy\/wp-content\/uploads\/2024\/07\/WhatsApp-Image-2024-07-12-at-2.06.39\u202fp.-m.jpeg","datePublished":"2024-07-12T17:11:56+00:00","dateModified":"2024-08-14T17:51:33+00:00","author":{"@id":"https:\/\/elsol.ps.org.uy\/#\/schema\/person\/9642a61f31473fe97857228bf33277f6"},"breadcrumb":{"@id":"https:\/\/elsol.ps.org.uy\/index.php\/2024\/07\/12\/mauricio-zunino-intendente-de-montevideo\/#breadcrumb"},"inLanguage":"es","potentialAction":[{"@type":"ReadAction","target":["https:\/\/elsol.ps.org.uy\/index.php\/2024\/07\/12\/mauricio-zunino-intendente-de-montevideo\/"]}]},{"@type":"ImageObject","inLanguage":"es","@id":"https:\/\/elsol.ps.org.uy\/index.php\/2024\/07\/12\/mauricio-zunino-intendente-de-montevideo\/#primaryimage","url":"https:\/\/elsol.ps.org.uy\/wp-content\/uploads\/2024\/07\/WhatsApp-Image-2024-07-12-at-2.06.39\u202fp.-m.jpeg","contentUrl":"https:\/\/elsol.ps.org.uy\/wp-content\/uploads\/2024\/07\/WhatsApp-Image-2024-07-12-at-2.06.39\u202fp.-m.jpeg","width":1440,"height":960},{"@type":"BreadcrumbList","@id":"https:\/\/elsol.ps.org.uy\/index.php\/2024\/07\/12\/mauricio-zunino-intendente-de-montevideo\/#breadcrumb","itemListElement":[{"@type":"ListItem","position":1,"name":"Portada","item":"https:\/\/elsol.ps.org.uy\/"},{"@type":"ListItem","position":2,"name":"Mauricio Zunino es el nuevo Intendente de Montevideo"}]},{"@type":"WebSite","@id":"https:\/\/elsol.ps.org.uy\/#website","url":"https:\/\/elsol.ps.org.uy\/","name":"El Sol","description":"Organo del Partido Socialista - Frente Amplio","potentialAction":[{"@type":"SearchAction","target":{"@type":"EntryPoint","urlTemplate":"https:\/\/elsol.ps.org.uy\/?s={search_term_string}"},"query-input":{"@type":"PropertyValueSpecification","valueRequired":true,"valueName":"search_term_string"}}],"inLanguage":"es"},{"@type":"Person","@id":"https:\/\/elsol.ps.org.uy\/#\/schema\/person\/9642a61f31473fe97857228bf33277f6","name":"El Sol","image":{"@type":"ImageObject","inLanguage":"es","@id":"https:\/\/secure.gravatar.com\/avatar\/e14a39081cff84ca4b5657918d3e15ebebf0ca4cee0bb3b81200271ee78d4b9c?s=96&d=mm&r=g","url":"https:\/\/secure.gravatar.com\/avatar\/e14a39081cff84ca4b5657918d3e15ebebf0ca4cee0bb3b81200271ee78d4b9c?s=96&d=mm&r=g","contentUrl":"https:\/\/secure.gravatar.com\/avatar\/e14a39081cff84ca4b5657918d3e15ebebf0ca4cee0bb3b81200271ee78d4b9c?s=96&d=mm&r=g","caption":"El Sol"},"url":"https:\/\/elsol.ps.org.uy\/index.php\/author\/eugenia\/"}]}},"jetpack_featured_media_url":"https:\/\/elsol.ps.org.uy\/wp-content\/uploads\/2024\/07\/WhatsApp-Image-2024-07-12-at-2.06.39\u202fp.-m.jpeg","_links":{"self":[{"href":"https:\/\/elsol.ps.org.uy\/index.php\/wp-json\/wp\/v2\/posts\/13726","targetHints":{"allow":["GET"]}}],"collection":[{"href":"https:\/\/elsol.ps.org.uy\/index.php\/wp-json\/wp\/v2\/posts"}],"about":[{"href":"https:\/\/elsol.ps.org.uy\/index.php\/wp-json\/wp\/v2\/types\/post"}],"author":[{"embeddable":true,"href":"https:\/\/elsol.ps.org.uy\/index.php\/wp-json\/wp\/v2\/users\/2"}],"replies":[{"embeddable":true,"href":"https:\/\/elsol.ps.org.uy\/index.php\/wp-json\/wp\/v2\/comments?post=13726"}],"version-history":[{"count":6,"href":"https:\/\/elsol.ps.org.uy\/index.php\/wp-json\/wp\/v2\/posts\/13726\/revisions"}],"predecessor-version":[{"id":13796,"href":"https:\/\/elsol.ps.org.uy\/index.php\/wp-json\/wp\/v2\/posts\/13726\/revisions\/13796"}],"wp:featuredmedia":[{"embeddable":true,"href":"https:\/\/elsol.ps.org.uy\/index.php\/wp-json\/wp\/v2\/media\/13732"}],"wp:attachment":[{"href":"https:\/\/elsol.ps.org.uy\/index.php\/wp-json\/wp\/v2\/media?parent=13726"}],"wp:term":[{"taxonomy":"category","embeddable":true,"href":"https:\/\/elsol.ps.org.uy\/index.php\/wp-json\/wp\/v2\/categories?post=13726"},{"taxonomy":"post_tag","embeddable":true,"href":"https:\/\/elsol.ps.org.uy\/index.php\/wp-json\/wp\/v2\/tags?post=13726"}],"curies":[{"name":"wp","href":"https:\/\/api.w.org\/{rel}","templated":true}]}}