{"id":13747,"date":"2024-07-26T14:06:09","date_gmt":"2024-07-26T17:06:09","guid":{"rendered":"https:\/\/elsol.ps.org.uy\/?p=13747"},"modified":"2024-07-26T14:06:11","modified_gmt":"2024-07-26T17:06:11","slug":"apuntes-rumbo-a-las-elecciones-de-republica-dominicana-2024","status":"publish","type":"post","link":"https:\/\/elsol.ps.org.uy\/index.php\/2024\/07\/26\/apuntes-rumbo-a-las-elecciones-de-republica-dominicana-2024\/","title":{"rendered":"Apuntes rumbo a las elecciones de Rep\u00fablica Dominicana 2024"},"content":{"rendered":"\n<p class=\"has-text-align-right\"><em>Escribe Nicol\u00e1s Wirgman |\u00a0Secretario de Relaciones Internacionales JSU<\/em><\/p>\n\n\n\n<p>A medida que nos aproximamos al cierre del primer semestre del 2024, nos encontramos inmersos en un a\u00f1o de intensa actividad electoral a nivel global. Como nos anticipaba la compa\u00f1era M\u00f3nica Xavier en su art\u00edculo \u201c2024: un a\u00f1o de elecciones\u201d, publicado en la edici\u00f3n de febrero de El Sol, alrededor de 70 pa\u00edses tienen sus calendarios marcados por procesos electorales, siendo Am\u00e9rica Latina una regi\u00f3n especialmente activa en este sentido. Seis pa\u00edses de la regi\u00f3n se encuentran en pleno desarrollo de elecciones presidenciales, mientras que otras tres han vivido o est\u00e1n por vivir elecciones locales de gran relevancia.<\/p>\n\n\n\n<p>El pr\u00f3ximo domingo 19 de mayo se celebrar\u00e1n las elecciones presidenciales y parlamentarias en la Rep\u00fablica Dominicana, para dicha jornada una delegaci\u00f3n Socialista compuesta por Estefania Yacosa, Subsecretaria de RRII del PS; Flavia Garcia, Secretaria de Finanzas del FA y candidata a Diputada (s) de Montevideo por el PS y Nicol\u00e1s Wirgman, Secretario de RRII de la JSU, estar\u00e1 presente en la Misi\u00f3n de Observaci\u00f3n Electoral de la Alianza Progresista como invitada de la Secretar\u00eda de Asuntos Internacionales del Partido Revolucionario Moderno.<\/p>\n\n\n\n<p>Tras las Elecciones Generales de Brasil 2022 y Paraguay 2023 esta ser\u00e1 la tercera instancia a la cual la Juventud Socialista es invitada como veedora de procesos electorales en pa\u00edses hermanos desde el comienzo de la actual Direcci\u00f3n Nacional.<\/p>\n\n\n\n<p>El siguiente art\u00edculo no es muy ambicioso, solo pretende compartir algunos elementos a tener presentes para observar el proceso electoral de la Rep\u00fablica Dominicana, comenzando por una breve caracterizaci\u00f3n del sistema pol\u00edtico electoral, un repaso de las principales candidaturas que aspiran a liderar el pr\u00f3ximo gobierno y uno de los temas centrales presentes en la campa\u00f1a a tener especial atenci\u00f3n.<\/p>\n\n\n\n<p>Sistema Pol\u00edtico Electoral<\/p>\n\n\n\n<p>El sistema pol\u00edtico electoral de la Rep\u00fablica Dominicana se organiza en torno a una estructura pol\u00edtica y administrativa que incluye un Distrito Nacional y 31 provincias, con un Congreso Nacional compuesto por el Senado de 32 miembros y la C\u00e1mara de Diputados de 190 miembros, los cuales son elegidos por voto universal para mandatos de cuatro a\u00f1os.<\/p>\n\n\n\n<p>Este sistema contempla la representaci\u00f3n proporcional, con mayor\u00eda absoluta en las elecciones presidenciales y mayor\u00eda simple para la legislatura. Desde 2019 gracias a las modificaciones de la Ley Org\u00e1nica de R\u00e9gimen Electoral se aplican mecanismos de discriminaci\u00f3n positiva reglamentando las cuotas de g\u00e9nero para promover la equidad en la conformaci\u00f3n de las listas de representantes.<\/p>\n\n\n\n<p>En las elecciones presidenciales, se emplea el sistema de balotaje, donde si ning\u00fan candidato obtiene m\u00e1s del 50% de los votos en los primeros comicios, se organiza una segunda vuelta entre los dos candidatos m\u00e1s votados el 30 de junio. Por otro lado, los senadores y diputados son elegidos mediante escrutinio mayoritario uninominal resolviendose en la primera vuelta.<\/p>\n\n\n\n<p>Candidaturas<\/p>\n\n\n\n<p>En las elecciones del 19 de mayo siete candidatos y dos candidatas de diversos partidos pol\u00edticos competir\u00e1n por encabezar el Poder Ejecutivo, destac\u00e1ndose el actual mandatario Luis Abinader del Partido Revolucionario Moderno (PRM), quien busca la reelecci\u00f3n destacando su gesti\u00f3n marcada por el crecimiento econ\u00f3mico y el papel protag\u00f3nico que ha adoptado su pa\u00eds en la regi\u00f3n; Leonel Fern\u00e1ndez de Fuerza del Pueblo, quien fue ex presidente en tres ocasiones y ha sido muy cr\u00edtico con la pol\u00edtica econ\u00f3mica del actual gobierno; y Abel Mart\u00ednez del Partido de la Liberaci\u00f3n Dominicana, quien fue Alcalde de Santiago, la segunda ciudad m\u00e1s poblada del pa\u00eds, y aspira a saltar a la presidencia tras una larga trayectoria pol\u00edtica como Diputado.<\/p>\n\n\n\n<p>Seg\u00fan las encuestas publicadas el lunes 6 de mayo en los medios locales, a cargo de las firmas Mark Penn-Stagwell, Greenberg y Gallup adelantan que el actual mandatario Luis Abinader lidera como favorito marcando 33 puntos por encima del segundo candidato Leonel Fern\u00e1ndez, proyect\u00e1ndose que logre la mayor\u00eda absoluta en primera vuelta sin necesidad de balotaje por puntuar por encima del 57% de la intenci\u00f3n de votos.<\/p>\n\n\n\n<p>El favorito<\/p>\n\n\n\n<p>Luis Abinader, de 56 a\u00f1os, ha emergido como una figura destacada en la pol\u00edtica dominicana, representando al Partido Revolucionario Moderno (PRM). Su ascenso pol\u00edtico se remonta a su elecci\u00f3n como vicepresidente del Partido Revolucionario Dominicano (PRD) en la Convenci\u00f3n Nacional de 2005. Desde entonces, su trayectoria ha sido ascendente, destacando su postulaci\u00f3n como candidato a la vicepresidencia en las elecciones presidenciales de 2012 por el mismo partido.<\/p>\n\n\n\n<p>En medio de pol\u00e9micas y crisis internas en el PRD en 2014, Abinader se uni\u00f3 a una facci\u00f3n escindida liderada por el expresidente Hip\u00f3lito Mej\u00eda para fundar el Partido Revolucionario Moderno (PRM). Al a\u00f1o siguiente, en la Convenci\u00f3n interna decisiva para definir al candidato presidencial, Abinader emergi\u00f3 victorioso con un apoyo abrumador del 70% de los votos.<\/p>\n\n\n\n<p>No obstante, su verdadero momento de consagraci\u00f3n lleg\u00f3 en 2020, cuando gan\u00f3 las primarias de su partido con un impresionante 91% de los votos y posteriormente triunf\u00f3 en las elecciones presidenciales, obteniendo el 52.52% de los votos y poniendo fin a la prolongada hegemon\u00eda del Partido de la Liberaci\u00f3n Dominicana (PLD). Este hito hist\u00f3rico no solo lo catapult\u00f3 como l\u00edder del pa\u00eds, sino que tambi\u00e9n marc\u00f3 un cambio significativo en el panorama pol\u00edtico dominicano, con el PRM emergiendo como la nueva fuerza hegem\u00f3nica, liderada por la figura de Luis Abinader.<\/p>\n\n\n\n<p>Crisis migratoria<\/p>\n\n\n\n<p>En esta campa\u00f1a electoral, la cuesti\u00f3n migratoria generada por la \u00faltima crisis humanitaria que sufre Hait\u00ed se ha convertido en uno de los principales temas en la agenda junto con la econom\u00eda y seguridad, particularmente por c\u00f3mo estas afectan al pueblo dominicano el cual sufre de profundas desigualdades estructurales. A pesar de coincidir geogr\u00e1ficamente en la isla de La Espa\u00f1ola con una extensa frontera terrestre de casi 400 kil\u00f3metros, las relaciones entre la Rep\u00fablica Dominicana y Hait\u00ed han sido hist\u00f3ricamente complejas, influenciadas por diversos factores pol\u00edticos, econ\u00f3micos, sociales, territoriales y culturales locales e intereses internacionales.<\/p>\n\n\n\n<p>La cuesti\u00f3n migratoria es un tema sobre el cual la actual administraci\u00f3n de Abinader ha sido continuista con las duras pol\u00edticas fronterizas y migratorias cuestionadas por varios organismos internacionales de derechos humanos, entre las m\u00e1s controvertidas se encuentran el cierre de frontera y la propuesta de construir una \u201cvalla fronteriza\u201d entre ambos pa\u00edses para evitar el ingreso ilegal de haitianos al territorio dominicano. Es de destacar que estas pol\u00edticas cuentan con un amplio consenso entre los diferentes partidos del espectro pol\u00edtico y un considerable apoyo popular, lo que sugiere que es poco probable que se cambie el tenor de estas pol\u00edticas en la pr\u00f3xima administraci\u00f3n gubernamental.<\/p>\n\n\n\n<p>Comentarios finales<\/p>\n\n\n\n<p>Desde la Juventud Socialista hist\u00f3ricamente hemos comprendido la importancia de sostener nuestra presencia en los diversos espacios de acci\u00f3n y seguir avanzando en el tejido de las redes internacionales que nos permiten dialogar con otras juventudes y actores pol\u00edticos relevantes, llevando adelante la pr\u00e1ctica internacionalista en el sentido m\u00e1s amplio, entendido de que los tiempos que corren necesitan de la mayor articulaci\u00f3n posible entre los actores de izquierda. Particularmente desde que asume la actual Direcci\u00f3n Nacional se ha decidido fortalecer las alianzas regionales, reforzando el camino latinoamericanista para la emancipaci\u00f3n de nuestros pueblos.<\/p>\n\n\n\n<p>\/\/\/\/\/\/\/\/\/\/\/\/\/\/\/\/\/\/\/\/\/\/\/\/\/\/\/\/\/\/\/\/\/\/\/\/\/\/\/\/\/\/\/\/\/\/\/\/\/\/\/\/\/\/\/\/\/\/\/\/\/\/\/\/\/\/\/\/\/\/\/\/\/\/\/\/\/\/\/\/\/\/\/\/\/\/\/\/\/\/\/\/\/\/\/\/\/\/\/\/\/\/\/\/\/\/\/\/\/\/\/\/\/\/\/\/\/\/\/\/\/\/\/\/\/\/\/\/\/\/\/\/\/\/\/\/\/\/\/\/\/\/\/\/\/\/\/<\/p>\n\n\n\n<p>El presente articulo fue escrito previo a las celebracion de las elecciones, pero los tiempos no permitieron publicarlo previamente. Por lo cual a continuaci\u00f3n se adjuntan los resultados primarios oficiales publicados por la Junta Central Electoral de la Rep\u00fablica Dominicana (JCE): Con m\u00e1s del 50% escrutado, renueva su cargo como Presidente de la Rep\u00fablica, sin necesidad de ir a balotaje, el Se\u00f1or Luis Abinader quien alcanz\u00f3 un 58,8% de los votos y su partido ha ganado en m\u00e1s de 20 de las 32 regiones lo que le otorga una representaci\u00f3n significativa en el nuevo Congreso.<\/p>\n\n\n\n<p>P\u00e1gina oficial de la JCE https:\/\/resultadoselecciones2024.jce.gob.do\/<\/p>\n","protected":false},"excerpt":{"rendered":"Escribe Nicol\u00e1s Wirgman |\u00a0Secretario de Relaciones Internacionales JSU A medida que nos aproximamos al cierre del primer semestre del 2024, nos encontramos inmersos \n<a class=\"moretag\" href=\"https:\/\/elsol.ps.org.uy\/index.php\/2024\/07\/26\/apuntes-rumbo-a-las-elecciones-de-republica-dominicana-2024\/\"> [...]<\/a>","protected":false},"author":2,"featured_media":13748,"comment_status":"open","ping_status":"closed","sticky":false,"template":"","format":"standard","meta":{"footnotes":""},"categories":[30,36,81,19,40],"tags":[],"class_list":["post-13747","post","type-post","status-publish","format-standard","has-post-thumbnail","hentry","category-destacadas","category-el-sol","category-el-sol-no-40-agosto-2024","category-internacional","category-nicolas-wirgman"],"yoast_head":"<!-- This site is optimized with the Yoast SEO plugin v27.5 - https:\/\/yoast.com\/product\/yoast-seo-wordpress\/ -->\n<title>Apuntes rumbo a las elecciones de Rep\u00fablica Dominicana 2024 - El Sol<\/title>\n<meta name=\"robots\" content=\"index, follow, max-snippet:-1, max-image-preview:large, max-video-preview:-1\" \/>\n<link rel=\"canonical\" href=\"https:\/\/elsol.ps.org.uy\/index.php\/2024\/07\/26\/apuntes-rumbo-a-las-elecciones-de-republica-dominicana-2024\/\" \/>\n<meta property=\"og:locale\" content=\"es_ES\" \/>\n<meta property=\"og:type\" content=\"article\" \/>\n<meta property=\"og:title\" content=\"Apuntes rumbo a las elecciones de Rep\u00fablica Dominicana 2024 - El Sol\" \/>\n<meta property=\"og:description\" content=\"Escribe Nicol\u00e1s Wirgman |\u00a0Secretario de Relaciones Internacionales JSU A medida que nos aproximamos al cierre del primer semestre del 2024, nos encontramos inmersos\" \/>\n<meta property=\"og:url\" content=\"https:\/\/elsol.ps.org.uy\/index.php\/2024\/07\/26\/apuntes-rumbo-a-las-elecciones-de-republica-dominicana-2024\/\" \/>\n<meta property=\"og:site_name\" content=\"El Sol\" \/>\n<meta property=\"article:published_time\" content=\"2024-07-26T17:06:09+00:00\" \/>\n<meta property=\"article:modified_time\" content=\"2024-07-26T17:06:11+00:00\" \/>\n<meta property=\"og:image\" content=\"https:\/\/elsol.ps.org.uy\/wp-content\/uploads\/2024\/07\/Mesa-de-trabajo-42-100.jpg\" \/>\n\t<meta property=\"og:image:width\" content=\"735\" \/>\n\t<meta property=\"og:image:height\" content=\"360\" \/>\n\t<meta property=\"og:image:type\" content=\"image\/jpeg\" \/>\n<meta name=\"author\" content=\"El Sol\" \/>\n<meta name=\"twitter:card\" content=\"summary_large_image\" \/>\n<meta name=\"twitter:label1\" content=\"Escrito por\" \/>\n\t<meta name=\"twitter:data1\" content=\"El Sol\" \/>\n\t<meta name=\"twitter:label2\" content=\"Tiempo de lectura\" \/>\n\t<meta name=\"twitter:data2\" content=\"6 minutos\" \/>\n<script type=\"application\/ld+json\" class=\"yoast-schema-graph\">{\"@context\":\"https:\\\/\\\/schema.org\",\"@graph\":[{\"@type\":\"Article\",\"@id\":\"https:\\\/\\\/elsol.ps.org.uy\\\/index.php\\\/2024\\\/07\\\/26\\\/apuntes-rumbo-a-las-elecciones-de-republica-dominicana-2024\\\/#article\",\"isPartOf\":{\"@id\":\"https:\\\/\\\/elsol.ps.org.uy\\\/index.php\\\/2024\\\/07\\\/26\\\/apuntes-rumbo-a-las-elecciones-de-republica-dominicana-2024\\\/\"},\"author\":{\"name\":\"El Sol\",\"@id\":\"https:\\\/\\\/elsol.ps.org.uy\\\/#\\\/schema\\\/person\\\/9642a61f31473fe97857228bf33277f6\"},\"headline\":\"Apuntes rumbo a las elecciones de Rep\u00fablica Dominicana 2024\",\"datePublished\":\"2024-07-26T17:06:09+00:00\",\"dateModified\":\"2024-07-26T17:06:11+00:00\",\"mainEntityOfPage\":{\"@id\":\"https:\\\/\\\/elsol.ps.org.uy\\\/index.php\\\/2024\\\/07\\\/26\\\/apuntes-rumbo-a-las-elecciones-de-republica-dominicana-2024\\\/\"},\"wordCount\":1372,\"commentCount\":0,\"image\":{\"@id\":\"https:\\\/\\\/elsol.ps.org.uy\\\/index.php\\\/2024\\\/07\\\/26\\\/apuntes-rumbo-a-las-elecciones-de-republica-dominicana-2024\\\/#primaryimage\"},\"thumbnailUrl\":\"https:\\\/\\\/elsol.ps.org.uy\\\/wp-content\\\/uploads\\\/2024\\\/07\\\/Mesa-de-trabajo-42-100.jpg\",\"articleSection\":[\"Destacadas\",\"El Sol\",\"El Sol \u2013 N\u00ba 40 \u2013 Agosto 2024\",\"\u2060Internacional\",\"Nicol\u00e1s Wirgman\"],\"inLanguage\":\"es\",\"potentialAction\":[{\"@type\":\"CommentAction\",\"name\":\"Comment\",\"target\":[\"https:\\\/\\\/elsol.ps.org.uy\\\/index.php\\\/2024\\\/07\\\/26\\\/apuntes-rumbo-a-las-elecciones-de-republica-dominicana-2024\\\/#respond\"]}]},{\"@type\":\"WebPage\",\"@id\":\"https:\\\/\\\/elsol.ps.org.uy\\\/index.php\\\/2024\\\/07\\\/26\\\/apuntes-rumbo-a-las-elecciones-de-republica-dominicana-2024\\\/\",\"url\":\"https:\\\/\\\/elsol.ps.org.uy\\\/index.php\\\/2024\\\/07\\\/26\\\/apuntes-rumbo-a-las-elecciones-de-republica-dominicana-2024\\\/\",\"name\":\"Apuntes rumbo a las elecciones de Rep\u00fablica Dominicana 2024 - El Sol\",\"isPartOf\":{\"@id\":\"https:\\\/\\\/elsol.ps.org.uy\\\/#website\"},\"primaryImageOfPage\":{\"@id\":\"https:\\\/\\\/elsol.ps.org.uy\\\/index.php\\\/2024\\\/07\\\/26\\\/apuntes-rumbo-a-las-elecciones-de-republica-dominicana-2024\\\/#primaryimage\"},\"image\":{\"@id\":\"https:\\\/\\\/elsol.ps.org.uy\\\/index.php\\\/2024\\\/07\\\/26\\\/apuntes-rumbo-a-las-elecciones-de-republica-dominicana-2024\\\/#primaryimage\"},\"thumbnailUrl\":\"https:\\\/\\\/elsol.ps.org.uy\\\/wp-content\\\/uploads\\\/2024\\\/07\\\/Mesa-de-trabajo-42-100.jpg\",\"datePublished\":\"2024-07-26T17:06:09+00:00\",\"dateModified\":\"2024-07-26T17:06:11+00:00\",\"author\":{\"@id\":\"https:\\\/\\\/elsol.ps.org.uy\\\/#\\\/schema\\\/person\\\/9642a61f31473fe97857228bf33277f6\"},\"breadcrumb\":{\"@id\":\"https:\\\/\\\/elsol.ps.org.uy\\\/index.php\\\/2024\\\/07\\\/26\\\/apuntes-rumbo-a-las-elecciones-de-republica-dominicana-2024\\\/#breadcrumb\"},\"inLanguage\":\"es\",\"potentialAction\":[{\"@type\":\"ReadAction\",\"target\":[\"https:\\\/\\\/elsol.ps.org.uy\\\/index.php\\\/2024\\\/07\\\/26\\\/apuntes-rumbo-a-las-elecciones-de-republica-dominicana-2024\\\/\"]}]},{\"@type\":\"ImageObject\",\"inLanguage\":\"es\",\"@id\":\"https:\\\/\\\/elsol.ps.org.uy\\\/index.php\\\/2024\\\/07\\\/26\\\/apuntes-rumbo-a-las-elecciones-de-republica-dominicana-2024\\\/#primaryimage\",\"url\":\"https:\\\/\\\/elsol.ps.org.uy\\\/wp-content\\\/uploads\\\/2024\\\/07\\\/Mesa-de-trabajo-42-100.jpg\",\"contentUrl\":\"https:\\\/\\\/elsol.ps.org.uy\\\/wp-content\\\/uploads\\\/2024\\\/07\\\/Mesa-de-trabajo-42-100.jpg\",\"width\":735,\"height\":360},{\"@type\":\"BreadcrumbList\",\"@id\":\"https:\\\/\\\/elsol.ps.org.uy\\\/index.php\\\/2024\\\/07\\\/26\\\/apuntes-rumbo-a-las-elecciones-de-republica-dominicana-2024\\\/#breadcrumb\",\"itemListElement\":[{\"@type\":\"ListItem\",\"position\":1,\"name\":\"Portada\",\"item\":\"https:\\\/\\\/elsol.ps.org.uy\\\/\"},{\"@type\":\"ListItem\",\"position\":2,\"name\":\"Apuntes rumbo a las elecciones de Rep\u00fablica Dominicana 2024\"}]},{\"@type\":\"WebSite\",\"@id\":\"https:\\\/\\\/elsol.ps.org.uy\\\/#website\",\"url\":\"https:\\\/\\\/elsol.ps.org.uy\\\/\",\"name\":\"El Sol\",\"description\":\"Organo del Partido Socialista - Frente Amplio\",\"potentialAction\":[{\"@type\":\"SearchAction\",\"target\":{\"@type\":\"EntryPoint\",\"urlTemplate\":\"https:\\\/\\\/elsol.ps.org.uy\\\/?s={search_term_string}\"},\"query-input\":{\"@type\":\"PropertyValueSpecification\",\"valueRequired\":true,\"valueName\":\"search_term_string\"}}],\"inLanguage\":\"es\"},{\"@type\":\"Person\",\"@id\":\"https:\\\/\\\/elsol.ps.org.uy\\\/#\\\/schema\\\/person\\\/9642a61f31473fe97857228bf33277f6\",\"name\":\"El Sol\",\"image\":{\"@type\":\"ImageObject\",\"inLanguage\":\"es\",\"@id\":\"https:\\\/\\\/secure.gravatar.com\\\/avatar\\\/e14a39081cff84ca4b5657918d3e15ebebf0ca4cee0bb3b81200271ee78d4b9c?s=96&d=mm&r=g\",\"url\":\"https:\\\/\\\/secure.gravatar.com\\\/avatar\\\/e14a39081cff84ca4b5657918d3e15ebebf0ca4cee0bb3b81200271ee78d4b9c?s=96&d=mm&r=g\",\"contentUrl\":\"https:\\\/\\\/secure.gravatar.com\\\/avatar\\\/e14a39081cff84ca4b5657918d3e15ebebf0ca4cee0bb3b81200271ee78d4b9c?s=96&d=mm&r=g\",\"caption\":\"El Sol\"},\"url\":\"https:\\\/\\\/elsol.ps.org.uy\\\/index.php\\\/author\\\/eugenia\\\/\"}]}<\/script>\n<!-- \/ Yoast SEO plugin. -->","yoast_head_json":{"title":"Apuntes rumbo a las elecciones de Rep\u00fablica Dominicana 2024 - El Sol","robots":{"index":"index","follow":"follow","max-snippet":"max-snippet:-1","max-image-preview":"max-image-preview:large","max-video-preview":"max-video-preview:-1"},"canonical":"https:\/\/elsol.ps.org.uy\/index.php\/2024\/07\/26\/apuntes-rumbo-a-las-elecciones-de-republica-dominicana-2024\/","og_locale":"es_ES","og_type":"article","og_title":"Apuntes rumbo a las elecciones de Rep\u00fablica Dominicana 2024 - El Sol","og_description":"Escribe Nicol\u00e1s Wirgman |\u00a0Secretario de Relaciones Internacionales JSU A medida que nos aproximamos al cierre del primer semestre del 2024, nos encontramos inmersos","og_url":"https:\/\/elsol.ps.org.uy\/index.php\/2024\/07\/26\/apuntes-rumbo-a-las-elecciones-de-republica-dominicana-2024\/","og_site_name":"El Sol","article_published_time":"2024-07-26T17:06:09+00:00","article_modified_time":"2024-07-26T17:06:11+00:00","og_image":[{"width":735,"height":360,"url":"https:\/\/elsol.ps.org.uy\/wp-content\/uploads\/2024\/07\/Mesa-de-trabajo-42-100.jpg","type":"image\/jpeg"}],"author":"El Sol","twitter_card":"summary_large_image","twitter_misc":{"Escrito por":"El Sol","Tiempo de lectura":"6 minutos"},"schema":{"@context":"https:\/\/schema.org","@graph":[{"@type":"Article","@id":"https:\/\/elsol.ps.org.uy\/index.php\/2024\/07\/26\/apuntes-rumbo-a-las-elecciones-de-republica-dominicana-2024\/#article","isPartOf":{"@id":"https:\/\/elsol.ps.org.uy\/index.php\/2024\/07\/26\/apuntes-rumbo-a-las-elecciones-de-republica-dominicana-2024\/"},"author":{"name":"El Sol","@id":"https:\/\/elsol.ps.org.uy\/#\/schema\/person\/9642a61f31473fe97857228bf33277f6"},"headline":"Apuntes rumbo a las elecciones de Rep\u00fablica Dominicana 2024","datePublished":"2024-07-26T17:06:09+00:00","dateModified":"2024-07-26T17:06:11+00:00","mainEntityOfPage":{"@id":"https:\/\/elsol.ps.org.uy\/index.php\/2024\/07\/26\/apuntes-rumbo-a-las-elecciones-de-republica-dominicana-2024\/"},"wordCount":1372,"commentCount":0,"image":{"@id":"https:\/\/elsol.ps.org.uy\/index.php\/2024\/07\/26\/apuntes-rumbo-a-las-elecciones-de-republica-dominicana-2024\/#primaryimage"},"thumbnailUrl":"https:\/\/elsol.ps.org.uy\/wp-content\/uploads\/2024\/07\/Mesa-de-trabajo-42-100.jpg","articleSection":["Destacadas","El Sol","El Sol \u2013 N\u00ba 40 \u2013 Agosto 2024","\u2060Internacional","Nicol\u00e1s Wirgman"],"inLanguage":"es","potentialAction":[{"@type":"CommentAction","name":"Comment","target":["https:\/\/elsol.ps.org.uy\/index.php\/2024\/07\/26\/apuntes-rumbo-a-las-elecciones-de-republica-dominicana-2024\/#respond"]}]},{"@type":"WebPage","@id":"https:\/\/elsol.ps.org.uy\/index.php\/2024\/07\/26\/apuntes-rumbo-a-las-elecciones-de-republica-dominicana-2024\/","url":"https:\/\/elsol.ps.org.uy\/index.php\/2024\/07\/26\/apuntes-rumbo-a-las-elecciones-de-republica-dominicana-2024\/","name":"Apuntes rumbo a las elecciones de Rep\u00fablica Dominicana 2024 - El Sol","isPartOf":{"@id":"https:\/\/elsol.ps.org.uy\/#website"},"primaryImageOfPage":{"@id":"https:\/\/elsol.ps.org.uy\/index.php\/2024\/07\/26\/apuntes-rumbo-a-las-elecciones-de-republica-dominicana-2024\/#primaryimage"},"image":{"@id":"https:\/\/elsol.ps.org.uy\/index.php\/2024\/07\/26\/apuntes-rumbo-a-las-elecciones-de-republica-dominicana-2024\/#primaryimage"},"thumbnailUrl":"https:\/\/elsol.ps.org.uy\/wp-content\/uploads\/2024\/07\/Mesa-de-trabajo-42-100.jpg","datePublished":"2024-07-26T17:06:09+00:00","dateModified":"2024-07-26T17:06:11+00:00","author":{"@id":"https:\/\/elsol.ps.org.uy\/#\/schema\/person\/9642a61f31473fe97857228bf33277f6"},"breadcrumb":{"@id":"https:\/\/elsol.ps.org.uy\/index.php\/2024\/07\/26\/apuntes-rumbo-a-las-elecciones-de-republica-dominicana-2024\/#breadcrumb"},"inLanguage":"es","potentialAction":[{"@type":"ReadAction","target":["https:\/\/elsol.ps.org.uy\/index.php\/2024\/07\/26\/apuntes-rumbo-a-las-elecciones-de-republica-dominicana-2024\/"]}]},{"@type":"ImageObject","inLanguage":"es","@id":"https:\/\/elsol.ps.org.uy\/index.php\/2024\/07\/26\/apuntes-rumbo-a-las-elecciones-de-republica-dominicana-2024\/#primaryimage","url":"https:\/\/elsol.ps.org.uy\/wp-content\/uploads\/2024\/07\/Mesa-de-trabajo-42-100.jpg","contentUrl":"https:\/\/elsol.ps.org.uy\/wp-content\/uploads\/2024\/07\/Mesa-de-trabajo-42-100.jpg","width":735,"height":360},{"@type":"BreadcrumbList","@id":"https:\/\/elsol.ps.org.uy\/index.php\/2024\/07\/26\/apuntes-rumbo-a-las-elecciones-de-republica-dominicana-2024\/#breadcrumb","itemListElement":[{"@type":"ListItem","position":1,"name":"Portada","item":"https:\/\/elsol.ps.org.uy\/"},{"@type":"ListItem","position":2,"name":"Apuntes rumbo a las elecciones de Rep\u00fablica Dominicana 2024"}]},{"@type":"WebSite","@id":"https:\/\/elsol.ps.org.uy\/#website","url":"https:\/\/elsol.ps.org.uy\/","name":"El Sol","description":"Organo del Partido Socialista - Frente Amplio","potentialAction":[{"@type":"SearchAction","target":{"@type":"EntryPoint","urlTemplate":"https:\/\/elsol.ps.org.uy\/?s={search_term_string}"},"query-input":{"@type":"PropertyValueSpecification","valueRequired":true,"valueName":"search_term_string"}}],"inLanguage":"es"},{"@type":"Person","@id":"https:\/\/elsol.ps.org.uy\/#\/schema\/person\/9642a61f31473fe97857228bf33277f6","name":"El Sol","image":{"@type":"ImageObject","inLanguage":"es","@id":"https:\/\/secure.gravatar.com\/avatar\/e14a39081cff84ca4b5657918d3e15ebebf0ca4cee0bb3b81200271ee78d4b9c?s=96&d=mm&r=g","url":"https:\/\/secure.gravatar.com\/avatar\/e14a39081cff84ca4b5657918d3e15ebebf0ca4cee0bb3b81200271ee78d4b9c?s=96&d=mm&r=g","contentUrl":"https:\/\/secure.gravatar.com\/avatar\/e14a39081cff84ca4b5657918d3e15ebebf0ca4cee0bb3b81200271ee78d4b9c?s=96&d=mm&r=g","caption":"El Sol"},"url":"https:\/\/elsol.ps.org.uy\/index.php\/author\/eugenia\/"}]}},"jetpack_featured_media_url":"https:\/\/elsol.ps.org.uy\/wp-content\/uploads\/2024\/07\/Mesa-de-trabajo-42-100.jpg","_links":{"self":[{"href":"https:\/\/elsol.ps.org.uy\/index.php\/wp-json\/wp\/v2\/posts\/13747","targetHints":{"allow":["GET"]}}],"collection":[{"href":"https:\/\/elsol.ps.org.uy\/index.php\/wp-json\/wp\/v2\/posts"}],"about":[{"href":"https:\/\/elsol.ps.org.uy\/index.php\/wp-json\/wp\/v2\/types\/post"}],"author":[{"embeddable":true,"href":"https:\/\/elsol.ps.org.uy\/index.php\/wp-json\/wp\/v2\/users\/2"}],"replies":[{"embeddable":true,"href":"https:\/\/elsol.ps.org.uy\/index.php\/wp-json\/wp\/v2\/comments?post=13747"}],"version-history":[{"count":1,"href":"https:\/\/elsol.ps.org.uy\/index.php\/wp-json\/wp\/v2\/posts\/13747\/revisions"}],"predecessor-version":[{"id":13749,"href":"https:\/\/elsol.ps.org.uy\/index.php\/wp-json\/wp\/v2\/posts\/13747\/revisions\/13749"}],"wp:featuredmedia":[{"embeddable":true,"href":"https:\/\/elsol.ps.org.uy\/index.php\/wp-json\/wp\/v2\/media\/13748"}],"wp:attachment":[{"href":"https:\/\/elsol.ps.org.uy\/index.php\/wp-json\/wp\/v2\/media?parent=13747"}],"wp:term":[{"taxonomy":"category","embeddable":true,"href":"https:\/\/elsol.ps.org.uy\/index.php\/wp-json\/wp\/v2\/categories?post=13747"},{"taxonomy":"post_tag","embeddable":true,"href":"https:\/\/elsol.ps.org.uy\/index.php\/wp-json\/wp\/v2\/tags?post=13747"}],"curies":[{"name":"wp","href":"https:\/\/api.w.org\/{rel}","templated":true}]}}