{"id":13756,"date":"2024-07-26T14:15:59","date_gmt":"2024-07-26T17:15:59","guid":{"rendered":"https:\/\/elsol.ps.org.uy\/?p=13756"},"modified":"2024-07-26T14:16:35","modified_gmt":"2024-07-26T17:16:35","slug":"otra-perla-mas-del-collar-de-corrupcion-del-actual-gobierno","status":"publish","type":"post","link":"https:\/\/elsol.ps.org.uy\/index.php\/2024\/07\/26\/otra-perla-mas-del-collar-de-corrupcion-del-actual-gobierno\/","title":{"rendered":"Otra perla m\u00e1s del collar de corrupci\u00f3n del actual Gobierno"},"content":{"rendered":"\n<p>Por unanimidad los ministros de la Corte expresaron que la Constituci\u00f3n inhabilita a Caram y Dos Santos a la funci\u00f3n p\u00fablica, por lo cual Caram deber\u00e1 renunciar a la Intendencia de Artigas y Dos Santos no podr\u00e1 asumir como su suplenta.&nbsp;<\/p>\n\n\n\n<p>Ambos fueron declarados inhabilitados para ejercer cargos p\u00fablicos debido a la condena por la adjudicaci\u00f3n de horas extras irregulares en la Intendencia.<\/p>\n\n\n\n<p>Caram ten\u00eda pensado renunciar a su lugar como Intendente de Artigas para comenzar la campa\u00f1a de su candidatura a Diputado, sin embargo, no podr\u00e1 candidatearse debido a la inhabilitaci\u00f3n, ni votar en octubre.<\/p>\n\n\n\n<p>El episodio Caram no es un hecho aislado. Es un episodio m\u00e1s en la trama de corrupci\u00f3n estructural que el Gobierno ha desarrollado, ampar\u00e1ndose en el sentimiento de impunidad de las clases dominantes.&nbsp;<\/p>\n\n\n\n<p>No podemos mirar aisladamente la situaci\u00f3n, por el contrario, es vital tener una perspectiva profunda que nos permita dilucidar las relaciones que subyacen entre cada uno de estos casos. Astesiano, exoneraciones tributarias a empresas amigas, Salto Grande, Roberto Lafluf, Luis Alberto Heber, Guillermo Maciel, Gustavo Penad\u00e9s, Marset, Bustillo, la adjudicaci\u00f3n a Katoen Natie, espionaje a Parlamentarios de la oposici\u00f3n, entre otros.<\/p>\n\n\n\n<p>Como declaramos en nuestra \u201cCarta abierta del Partido Socialista a la ciudadan\u00eda\u201d del 11 de noviembre de 2023:&nbsp;<\/p>\n\n\n\n<p><em>\u201c&#8230;esta es una perla m\u00e1s de un extenso collar de corrupci\u00f3n y blindaje: un gobierno que defiende privilegios e incrementa las desigualdades, por sus propios v\u00ednculos y l\u00f3gicas, utiliza el poder del Estado para beneficiar a pocos. Siendo m\u00e1s precisos, y como denunciamos tempranamente las y los socialistas en la primera interpelaci\u00f3n de este periodo sobre las exoneraciones tributarias que se otorgaban entre ellos: \u201cgobiernan para beneficiarse a s\u00ed mismos\u201d. Eso implica corrupci\u00f3n sistem\u00e1tica. Y la corrupci\u00f3n sistem\u00e1tica no es casualidad sino necesidad pol\u00edtica de una lumpenburgues\u00eda que tiene gran peso en el gobierno. La corrupci\u00f3n va a su vez acompa\u00f1ada de intentos permanentes de tapar, desviar, minimizar lo que est\u00e1 pasando. En definitiva, de blindarse, frente a la ciudadan\u00eda, al sistema de justicia, al Poder Legislativo\u201d<\/em>.<\/p>\n\n\n\n<p>Previo a la inhabilitaci\u00f3n por parte de la Corte Electoral, el candidato a la Presidencia por el Partido Nacional \u00c1lvaro Delgado le \u201csolicit\u00f3\u201d a Caram que renunciara a la Intendencia y que no se presentara como candidato a Diputado por Artigas. &nbsp;<\/p>\n\n\n\n<p>Desde la perspectiva de nuestro Secretario General Gonzalo Civila esta \u201csolicitud\u201d es un ejemplo de manifestaci\u00f3n burguesa y patriarcal de la cl\u00e1sica pol\u00edtica criolla. Civila expres\u00f3 en un posteo en la red social X:&nbsp;<\/p>\n\n\n\n<p><em>\u00ab<\/em><em>\u201cSolicitarle\u201d a alguien que cumpla la ley y comentar su \u201caceptaci\u00f3n\u201d como una noticia es volver a colocar en el terreno de lo subjetivo, de la voluntad personal y de los \u201cpactos de caballeros\u201d los l\u00edmites del ejercicio del poder. Siento que desde hace tiempo discutimos de forma epis\u00f3dica un problema que es estructural: las clases dominantes de este pa\u00eds ejercen el poder de forma arbitraria, no suelen reconocer m\u00e1s c\u00f3digos que los propios y manejan el Estado con talante patronal y premoderno\u2026 la vieja \u201cpol\u00edtica criolla\u201d<\/em><em>\u00bb<\/em>.<\/p>\n","protected":false},"excerpt":{"rendered":"Por unanimidad los ministros de la Corte expresaron que la Constituci\u00f3n inhabilita a Caram y Dos Santos a la funci\u00f3n p\u00fablica, por lo \n<a class=\"moretag\" href=\"https:\/\/elsol.ps.org.uy\/index.php\/2024\/07\/26\/otra-perla-mas-del-collar-de-corrupcion-del-actual-gobierno\/\"> [...]<\/a>","protected":false},"author":2,"featured_media":13757,"comment_status":"open","ping_status":"closed","sticky":false,"template":"","format":"standard","meta":{"footnotes":""},"categories":[30,36,81,1],"tags":[],"class_list":["post-13756","post","type-post","status-publish","format-standard","has-post-thumbnail","hentry","category-destacadas","category-el-sol","category-el-sol-no-40-agosto-2024","category-nacional"],"yoast_head":"<!-- This site is optimized with the Yoast SEO plugin v27.5 - https:\/\/yoast.com\/product\/yoast-seo-wordpress\/ -->\n<title>Otra perla m\u00e1s del collar de corrupci\u00f3n del actual Gobierno - El Sol<\/title>\n<meta name=\"robots\" content=\"index, follow, max-snippet:-1, max-image-preview:large, max-video-preview:-1\" \/>\n<link rel=\"canonical\" href=\"https:\/\/elsol.ps.org.uy\/index.php\/2024\/07\/26\/otra-perla-mas-del-collar-de-corrupcion-del-actual-gobierno\/\" \/>\n<meta property=\"og:locale\" content=\"es_ES\" \/>\n<meta property=\"og:type\" content=\"article\" \/>\n<meta property=\"og:title\" content=\"Otra perla m\u00e1s del collar de corrupci\u00f3n del actual Gobierno - El Sol\" \/>\n<meta property=\"og:description\" content=\"Por unanimidad los ministros de la Corte expresaron que la Constituci\u00f3n inhabilita a Caram y Dos Santos a la funci\u00f3n p\u00fablica, por lo\" \/>\n<meta property=\"og:url\" content=\"https:\/\/elsol.ps.org.uy\/index.php\/2024\/07\/26\/otra-perla-mas-del-collar-de-corrupcion-del-actual-gobierno\/\" \/>\n<meta property=\"og:site_name\" content=\"El Sol\" \/>\n<meta property=\"article:published_time\" content=\"2024-07-26T17:15:59+00:00\" \/>\n<meta property=\"article:modified_time\" content=\"2024-07-26T17:16:35+00:00\" \/>\n<meta property=\"og:image\" content=\"https:\/\/elsol.ps.org.uy\/wp-content\/uploads\/2024\/07\/Mesa-de-trabajo-44-100.jpg\" \/>\n\t<meta property=\"og:image:width\" content=\"735\" \/>\n\t<meta property=\"og:image:height\" content=\"360\" \/>\n\t<meta property=\"og:image:type\" content=\"image\/jpeg\" \/>\n<meta name=\"author\" content=\"El Sol\" \/>\n<meta name=\"twitter:card\" content=\"summary_large_image\" \/>\n<meta name=\"twitter:label1\" content=\"Escrito por\" \/>\n\t<meta name=\"twitter:data1\" content=\"El Sol\" \/>\n\t<meta name=\"twitter:label2\" content=\"Tiempo de lectura\" \/>\n\t<meta name=\"twitter:data2\" content=\"3 minutos\" \/>\n<script type=\"application\/ld+json\" class=\"yoast-schema-graph\">{\"@context\":\"https:\\\/\\\/schema.org\",\"@graph\":[{\"@type\":\"Article\",\"@id\":\"https:\\\/\\\/elsol.ps.org.uy\\\/index.php\\\/2024\\\/07\\\/26\\\/otra-perla-mas-del-collar-de-corrupcion-del-actual-gobierno\\\/#article\",\"isPartOf\":{\"@id\":\"https:\\\/\\\/elsol.ps.org.uy\\\/index.php\\\/2024\\\/07\\\/26\\\/otra-perla-mas-del-collar-de-corrupcion-del-actual-gobierno\\\/\"},\"author\":{\"name\":\"El Sol\",\"@id\":\"https:\\\/\\\/elsol.ps.org.uy\\\/#\\\/schema\\\/person\\\/9642a61f31473fe97857228bf33277f6\"},\"headline\":\"Otra perla m\u00e1s del collar de corrupci\u00f3n del actual Gobierno\",\"datePublished\":\"2024-07-26T17:15:59+00:00\",\"dateModified\":\"2024-07-26T17:16:35+00:00\",\"mainEntityOfPage\":{\"@id\":\"https:\\\/\\\/elsol.ps.org.uy\\\/index.php\\\/2024\\\/07\\\/26\\\/otra-perla-mas-del-collar-de-corrupcion-del-actual-gobierno\\\/\"},\"wordCount\":554,\"commentCount\":0,\"image\":{\"@id\":\"https:\\\/\\\/elsol.ps.org.uy\\\/index.php\\\/2024\\\/07\\\/26\\\/otra-perla-mas-del-collar-de-corrupcion-del-actual-gobierno\\\/#primaryimage\"},\"thumbnailUrl\":\"https:\\\/\\\/elsol.ps.org.uy\\\/wp-content\\\/uploads\\\/2024\\\/07\\\/Mesa-de-trabajo-44-100.jpg\",\"articleSection\":[\"Destacadas\",\"El Sol\",\"El Sol \u2013 N\u00ba 40 \u2013 Agosto 2024\",\"Nacional\"],\"inLanguage\":\"es\",\"potentialAction\":[{\"@type\":\"CommentAction\",\"name\":\"Comment\",\"target\":[\"https:\\\/\\\/elsol.ps.org.uy\\\/index.php\\\/2024\\\/07\\\/26\\\/otra-perla-mas-del-collar-de-corrupcion-del-actual-gobierno\\\/#respond\"]}]},{\"@type\":\"WebPage\",\"@id\":\"https:\\\/\\\/elsol.ps.org.uy\\\/index.php\\\/2024\\\/07\\\/26\\\/otra-perla-mas-del-collar-de-corrupcion-del-actual-gobierno\\\/\",\"url\":\"https:\\\/\\\/elsol.ps.org.uy\\\/index.php\\\/2024\\\/07\\\/26\\\/otra-perla-mas-del-collar-de-corrupcion-del-actual-gobierno\\\/\",\"name\":\"Otra perla m\u00e1s del collar de corrupci\u00f3n del actual Gobierno - El Sol\",\"isPartOf\":{\"@id\":\"https:\\\/\\\/elsol.ps.org.uy\\\/#website\"},\"primaryImageOfPage\":{\"@id\":\"https:\\\/\\\/elsol.ps.org.uy\\\/index.php\\\/2024\\\/07\\\/26\\\/otra-perla-mas-del-collar-de-corrupcion-del-actual-gobierno\\\/#primaryimage\"},\"image\":{\"@id\":\"https:\\\/\\\/elsol.ps.org.uy\\\/index.php\\\/2024\\\/07\\\/26\\\/otra-perla-mas-del-collar-de-corrupcion-del-actual-gobierno\\\/#primaryimage\"},\"thumbnailUrl\":\"https:\\\/\\\/elsol.ps.org.uy\\\/wp-content\\\/uploads\\\/2024\\\/07\\\/Mesa-de-trabajo-44-100.jpg\",\"datePublished\":\"2024-07-26T17:15:59+00:00\",\"dateModified\":\"2024-07-26T17:16:35+00:00\",\"author\":{\"@id\":\"https:\\\/\\\/elsol.ps.org.uy\\\/#\\\/schema\\\/person\\\/9642a61f31473fe97857228bf33277f6\"},\"breadcrumb\":{\"@id\":\"https:\\\/\\\/elsol.ps.org.uy\\\/index.php\\\/2024\\\/07\\\/26\\\/otra-perla-mas-del-collar-de-corrupcion-del-actual-gobierno\\\/#breadcrumb\"},\"inLanguage\":\"es\",\"potentialAction\":[{\"@type\":\"ReadAction\",\"target\":[\"https:\\\/\\\/elsol.ps.org.uy\\\/index.php\\\/2024\\\/07\\\/26\\\/otra-perla-mas-del-collar-de-corrupcion-del-actual-gobierno\\\/\"]}]},{\"@type\":\"ImageObject\",\"inLanguage\":\"es\",\"@id\":\"https:\\\/\\\/elsol.ps.org.uy\\\/index.php\\\/2024\\\/07\\\/26\\\/otra-perla-mas-del-collar-de-corrupcion-del-actual-gobierno\\\/#primaryimage\",\"url\":\"https:\\\/\\\/elsol.ps.org.uy\\\/wp-content\\\/uploads\\\/2024\\\/07\\\/Mesa-de-trabajo-44-100.jpg\",\"contentUrl\":\"https:\\\/\\\/elsol.ps.org.uy\\\/wp-content\\\/uploads\\\/2024\\\/07\\\/Mesa-de-trabajo-44-100.jpg\",\"width\":735,\"height\":360},{\"@type\":\"BreadcrumbList\",\"@id\":\"https:\\\/\\\/elsol.ps.org.uy\\\/index.php\\\/2024\\\/07\\\/26\\\/otra-perla-mas-del-collar-de-corrupcion-del-actual-gobierno\\\/#breadcrumb\",\"itemListElement\":[{\"@type\":\"ListItem\",\"position\":1,\"name\":\"Portada\",\"item\":\"https:\\\/\\\/elsol.ps.org.uy\\\/\"},{\"@type\":\"ListItem\",\"position\":2,\"name\":\"Otra perla m\u00e1s del collar de corrupci\u00f3n del actual Gobierno\"}]},{\"@type\":\"WebSite\",\"@id\":\"https:\\\/\\\/elsol.ps.org.uy\\\/#website\",\"url\":\"https:\\\/\\\/elsol.ps.org.uy\\\/\",\"name\":\"El Sol\",\"description\":\"Organo del Partido Socialista - Frente Amplio\",\"potentialAction\":[{\"@type\":\"SearchAction\",\"target\":{\"@type\":\"EntryPoint\",\"urlTemplate\":\"https:\\\/\\\/elsol.ps.org.uy\\\/?s={search_term_string}\"},\"query-input\":{\"@type\":\"PropertyValueSpecification\",\"valueRequired\":true,\"valueName\":\"search_term_string\"}}],\"inLanguage\":\"es\"},{\"@type\":\"Person\",\"@id\":\"https:\\\/\\\/elsol.ps.org.uy\\\/#\\\/schema\\\/person\\\/9642a61f31473fe97857228bf33277f6\",\"name\":\"El Sol\",\"image\":{\"@type\":\"ImageObject\",\"inLanguage\":\"es\",\"@id\":\"https:\\\/\\\/secure.gravatar.com\\\/avatar\\\/e14a39081cff84ca4b5657918d3e15ebebf0ca4cee0bb3b81200271ee78d4b9c?s=96&d=mm&r=g\",\"url\":\"https:\\\/\\\/secure.gravatar.com\\\/avatar\\\/e14a39081cff84ca4b5657918d3e15ebebf0ca4cee0bb3b81200271ee78d4b9c?s=96&d=mm&r=g\",\"contentUrl\":\"https:\\\/\\\/secure.gravatar.com\\\/avatar\\\/e14a39081cff84ca4b5657918d3e15ebebf0ca4cee0bb3b81200271ee78d4b9c?s=96&d=mm&r=g\",\"caption\":\"El Sol\"},\"url\":\"https:\\\/\\\/elsol.ps.org.uy\\\/index.php\\\/author\\\/eugenia\\\/\"}]}<\/script>\n<!-- \/ Yoast SEO plugin. -->","yoast_head_json":{"title":"Otra perla m\u00e1s del collar de corrupci\u00f3n del actual Gobierno - El Sol","robots":{"index":"index","follow":"follow","max-snippet":"max-snippet:-1","max-image-preview":"max-image-preview:large","max-video-preview":"max-video-preview:-1"},"canonical":"https:\/\/elsol.ps.org.uy\/index.php\/2024\/07\/26\/otra-perla-mas-del-collar-de-corrupcion-del-actual-gobierno\/","og_locale":"es_ES","og_type":"article","og_title":"Otra perla m\u00e1s del collar de corrupci\u00f3n del actual Gobierno - El Sol","og_description":"Por unanimidad los ministros de la Corte expresaron que la Constituci\u00f3n inhabilita a Caram y Dos Santos a la funci\u00f3n p\u00fablica, por lo","og_url":"https:\/\/elsol.ps.org.uy\/index.php\/2024\/07\/26\/otra-perla-mas-del-collar-de-corrupcion-del-actual-gobierno\/","og_site_name":"El Sol","article_published_time":"2024-07-26T17:15:59+00:00","article_modified_time":"2024-07-26T17:16:35+00:00","og_image":[{"width":735,"height":360,"url":"https:\/\/elsol.ps.org.uy\/wp-content\/uploads\/2024\/07\/Mesa-de-trabajo-44-100.jpg","type":"image\/jpeg"}],"author":"El Sol","twitter_card":"summary_large_image","twitter_misc":{"Escrito por":"El Sol","Tiempo de lectura":"3 minutos"},"schema":{"@context":"https:\/\/schema.org","@graph":[{"@type":"Article","@id":"https:\/\/elsol.ps.org.uy\/index.php\/2024\/07\/26\/otra-perla-mas-del-collar-de-corrupcion-del-actual-gobierno\/#article","isPartOf":{"@id":"https:\/\/elsol.ps.org.uy\/index.php\/2024\/07\/26\/otra-perla-mas-del-collar-de-corrupcion-del-actual-gobierno\/"},"author":{"name":"El Sol","@id":"https:\/\/elsol.ps.org.uy\/#\/schema\/person\/9642a61f31473fe97857228bf33277f6"},"headline":"Otra perla m\u00e1s del collar de corrupci\u00f3n del actual Gobierno","datePublished":"2024-07-26T17:15:59+00:00","dateModified":"2024-07-26T17:16:35+00:00","mainEntityOfPage":{"@id":"https:\/\/elsol.ps.org.uy\/index.php\/2024\/07\/26\/otra-perla-mas-del-collar-de-corrupcion-del-actual-gobierno\/"},"wordCount":554,"commentCount":0,"image":{"@id":"https:\/\/elsol.ps.org.uy\/index.php\/2024\/07\/26\/otra-perla-mas-del-collar-de-corrupcion-del-actual-gobierno\/#primaryimage"},"thumbnailUrl":"https:\/\/elsol.ps.org.uy\/wp-content\/uploads\/2024\/07\/Mesa-de-trabajo-44-100.jpg","articleSection":["Destacadas","El Sol","El Sol \u2013 N\u00ba 40 \u2013 Agosto 2024","Nacional"],"inLanguage":"es","potentialAction":[{"@type":"CommentAction","name":"Comment","target":["https:\/\/elsol.ps.org.uy\/index.php\/2024\/07\/26\/otra-perla-mas-del-collar-de-corrupcion-del-actual-gobierno\/#respond"]}]},{"@type":"WebPage","@id":"https:\/\/elsol.ps.org.uy\/index.php\/2024\/07\/26\/otra-perla-mas-del-collar-de-corrupcion-del-actual-gobierno\/","url":"https:\/\/elsol.ps.org.uy\/index.php\/2024\/07\/26\/otra-perla-mas-del-collar-de-corrupcion-del-actual-gobierno\/","name":"Otra perla m\u00e1s del collar de corrupci\u00f3n del actual Gobierno - El Sol","isPartOf":{"@id":"https:\/\/elsol.ps.org.uy\/#website"},"primaryImageOfPage":{"@id":"https:\/\/elsol.ps.org.uy\/index.php\/2024\/07\/26\/otra-perla-mas-del-collar-de-corrupcion-del-actual-gobierno\/#primaryimage"},"image":{"@id":"https:\/\/elsol.ps.org.uy\/index.php\/2024\/07\/26\/otra-perla-mas-del-collar-de-corrupcion-del-actual-gobierno\/#primaryimage"},"thumbnailUrl":"https:\/\/elsol.ps.org.uy\/wp-content\/uploads\/2024\/07\/Mesa-de-trabajo-44-100.jpg","datePublished":"2024-07-26T17:15:59+00:00","dateModified":"2024-07-26T17:16:35+00:00","author":{"@id":"https:\/\/elsol.ps.org.uy\/#\/schema\/person\/9642a61f31473fe97857228bf33277f6"},"breadcrumb":{"@id":"https:\/\/elsol.ps.org.uy\/index.php\/2024\/07\/26\/otra-perla-mas-del-collar-de-corrupcion-del-actual-gobierno\/#breadcrumb"},"inLanguage":"es","potentialAction":[{"@type":"ReadAction","target":["https:\/\/elsol.ps.org.uy\/index.php\/2024\/07\/26\/otra-perla-mas-del-collar-de-corrupcion-del-actual-gobierno\/"]}]},{"@type":"ImageObject","inLanguage":"es","@id":"https:\/\/elsol.ps.org.uy\/index.php\/2024\/07\/26\/otra-perla-mas-del-collar-de-corrupcion-del-actual-gobierno\/#primaryimage","url":"https:\/\/elsol.ps.org.uy\/wp-content\/uploads\/2024\/07\/Mesa-de-trabajo-44-100.jpg","contentUrl":"https:\/\/elsol.ps.org.uy\/wp-content\/uploads\/2024\/07\/Mesa-de-trabajo-44-100.jpg","width":735,"height":360},{"@type":"BreadcrumbList","@id":"https:\/\/elsol.ps.org.uy\/index.php\/2024\/07\/26\/otra-perla-mas-del-collar-de-corrupcion-del-actual-gobierno\/#breadcrumb","itemListElement":[{"@type":"ListItem","position":1,"name":"Portada","item":"https:\/\/elsol.ps.org.uy\/"},{"@type":"ListItem","position":2,"name":"Otra perla m\u00e1s del collar de corrupci\u00f3n del actual Gobierno"}]},{"@type":"WebSite","@id":"https:\/\/elsol.ps.org.uy\/#website","url":"https:\/\/elsol.ps.org.uy\/","name":"El Sol","description":"Organo del Partido Socialista - Frente Amplio","potentialAction":[{"@type":"SearchAction","target":{"@type":"EntryPoint","urlTemplate":"https:\/\/elsol.ps.org.uy\/?s={search_term_string}"},"query-input":{"@type":"PropertyValueSpecification","valueRequired":true,"valueName":"search_term_string"}}],"inLanguage":"es"},{"@type":"Person","@id":"https:\/\/elsol.ps.org.uy\/#\/schema\/person\/9642a61f31473fe97857228bf33277f6","name":"El Sol","image":{"@type":"ImageObject","inLanguage":"es","@id":"https:\/\/secure.gravatar.com\/avatar\/e14a39081cff84ca4b5657918d3e15ebebf0ca4cee0bb3b81200271ee78d4b9c?s=96&d=mm&r=g","url":"https:\/\/secure.gravatar.com\/avatar\/e14a39081cff84ca4b5657918d3e15ebebf0ca4cee0bb3b81200271ee78d4b9c?s=96&d=mm&r=g","contentUrl":"https:\/\/secure.gravatar.com\/avatar\/e14a39081cff84ca4b5657918d3e15ebebf0ca4cee0bb3b81200271ee78d4b9c?s=96&d=mm&r=g","caption":"El Sol"},"url":"https:\/\/elsol.ps.org.uy\/index.php\/author\/eugenia\/"}]}},"jetpack_featured_media_url":"https:\/\/elsol.ps.org.uy\/wp-content\/uploads\/2024\/07\/Mesa-de-trabajo-44-100.jpg","_links":{"self":[{"href":"https:\/\/elsol.ps.org.uy\/index.php\/wp-json\/wp\/v2\/posts\/13756","targetHints":{"allow":["GET"]}}],"collection":[{"href":"https:\/\/elsol.ps.org.uy\/index.php\/wp-json\/wp\/v2\/posts"}],"about":[{"href":"https:\/\/elsol.ps.org.uy\/index.php\/wp-json\/wp\/v2\/types\/post"}],"author":[{"embeddable":true,"href":"https:\/\/elsol.ps.org.uy\/index.php\/wp-json\/wp\/v2\/users\/2"}],"replies":[{"embeddable":true,"href":"https:\/\/elsol.ps.org.uy\/index.php\/wp-json\/wp\/v2\/comments?post=13756"}],"version-history":[{"count":1,"href":"https:\/\/elsol.ps.org.uy\/index.php\/wp-json\/wp\/v2\/posts\/13756\/revisions"}],"predecessor-version":[{"id":13758,"href":"https:\/\/elsol.ps.org.uy\/index.php\/wp-json\/wp\/v2\/posts\/13756\/revisions\/13758"}],"wp:featuredmedia":[{"embeddable":true,"href":"https:\/\/elsol.ps.org.uy\/index.php\/wp-json\/wp\/v2\/media\/13757"}],"wp:attachment":[{"href":"https:\/\/elsol.ps.org.uy\/index.php\/wp-json\/wp\/v2\/media?parent=13756"}],"wp:term":[{"taxonomy":"category","embeddable":true,"href":"https:\/\/elsol.ps.org.uy\/index.php\/wp-json\/wp\/v2\/categories?post=13756"},{"taxonomy":"post_tag","embeddable":true,"href":"https:\/\/elsol.ps.org.uy\/index.php\/wp-json\/wp\/v2\/tags?post=13756"}],"curies":[{"name":"wp","href":"https:\/\/api.w.org\/{rel}","templated":true}]}}