{"id":13783,"date":"2024-08-14T14:36:03","date_gmt":"2024-08-14T17:36:03","guid":{"rendered":"https:\/\/elsol.ps.org.uy\/?p=13783"},"modified":"2024-08-14T14:36:06","modified_gmt":"2024-08-14T17:36:06","slug":"hallazgo-de-restos-humanos-en-el-batallon-14-un-recordatorio-de-la-oscura-historia-de-la-dictadura-militar-en-uruguay","status":"publish","type":"post","link":"https:\/\/elsol.ps.org.uy\/index.php\/2024\/08\/14\/hallazgo-de-restos-humanos-en-el-batallon-14-un-recordatorio-de-la-oscura-historia-de-la-dictadura-militar-en-uruguay\/","title":{"rendered":"Hallazgo de restos humanos en el Batall\u00f3n 14: Un recordatorio de la oscura historia de la Dictadura Militar en Uruguay."},"content":{"rendered":"\n<p class=\"has-text-align-right\"><em>Escribe Secretar\u00eda de Comunicaci\u00f3n PS<\/em><\/p>\n\n\n\n<p>En la ma\u00f1ana del 30 julio de 2024, se realiz\u00f3 un nuevo hallazgo en el Batall\u00f3n de Infanter\u00eda No. 14, un lugar emblem\u00e1tico de la represi\u00f3n durante la dictadura militar en Uruguay. All\u00ed, d\u00f3nde exiliados uruguayos denunciaron que \u00absus integrantes utilizan, como los marines norteamericanos, cuerdas para atar a los detenidos, escalar paredes, y tambi\u00e9n torturar\u00bb. Restos \u00f3seos de una persona que fue secuestrada y torturada fueron descubiertos a metros de donde se hall\u00f3 el cuerpo de Amelia Sanjurjo en 2023, el de Ricardo Blanco encontrado en 2012 y el de Julio Castro en 2011. Este hallazgo ha reavivado el doloroso recuerdo de los cr\u00edmenes de lesa humanidad cometidos durante la dictadura.&nbsp;<\/p>\n\n\n\n<p>La identificaci\u00f3n de estos restos humanos es un paso crucial en la b\u00fasqueda de memoria y justicia, aportando evidencia de las violaciones a los Derechos Humanos que se perpetraron en ese oscuro per\u00edodo de la historia de nuestro pa\u00eds, as\u00ed como proporcionar respuestas a las y los seres queridos que han estado esperando d\u00e9cadas para obtener claridad sobre el destino de sus familiares desaparecidos.<\/p>\n\n\n\n<p>El descubrimiento subraya la necesidad de continuar con la investigaci\u00f3n de los cr\u00edmenes de lesa humanidad y la identificaci\u00f3n de los responsables. Para las familias de las v\u00edctimas y las y los sobrevivientes de la dictadura, el hallazgo representa un avance en la b\u00fasqueda de esclarecimiento de los sucesos de aquellos a\u00f1os. La memoria de las v\u00edctimas y la justicia para aquellos que sufrieron bajo el r\u00e9gimen militar son esenciales para fortalecer la democracia y asegurar que los Derechos Humanos sean respetados en el presente y en el futuro.<\/p>\n\n\n\n<p>Este hallazgo tambi\u00e9n pone en la mesa la importancia de los esfuerzos de Madres y Familiares de Detenidos Desaparecidos, organismos de Derechos Humanos y las instituciones encargadas de la b\u00fasqueda de la verdad. Mientras que el pa\u00eds avanza en el proceso de reconstrucci\u00f3n de la memoria, estos descubrimientos juegan un papel fundamental en el proceso de curaci\u00f3n colectiva y en la garant\u00eda de que las atrocidades del pasado no se vuelvan a repetir.<\/p>\n","protected":false},"excerpt":{"rendered":"Escribe Secretar\u00eda de Comunicaci\u00f3n PS En la ma\u00f1ana del 30 julio de 2024, se realiz\u00f3 un nuevo hallazgo en el Batall\u00f3n de Infanter\u00eda \n<a class=\"moretag\" href=\"https:\/\/elsol.ps.org.uy\/index.php\/2024\/08\/14\/hallazgo-de-restos-humanos-en-el-batallon-14-un-recordatorio-de-la-oscura-historia-de-la-dictadura-militar-en-uruguay\/\"> [...]<\/a>","protected":false},"author":2,"featured_media":13784,"comment_status":"open","ping_status":"closed","sticky":false,"template":"","format":"standard","meta":{"footnotes":""},"categories":[25,36,81,1,33],"tags":[],"class_list":["post-13783","post","type-post","status-publish","format-standard","has-post-thumbnail","hentry","category-editorial","category-el-sol","category-el-sol-no-40-agosto-2024","category-nacional","category-noticias"],"yoast_head":"<!-- This site is optimized with the Yoast SEO plugin v27.5 - https:\/\/yoast.com\/product\/yoast-seo-wordpress\/ -->\n<title>Hallazgo de restos humanos en el Batall\u00f3n 14: Un recordatorio de la oscura historia de la Dictadura Militar en Uruguay. - El Sol<\/title>\n<meta name=\"robots\" content=\"index, follow, max-snippet:-1, max-image-preview:large, max-video-preview:-1\" \/>\n<link rel=\"canonical\" href=\"https:\/\/elsol.ps.org.uy\/index.php\/2024\/08\/14\/hallazgo-de-restos-humanos-en-el-batallon-14-un-recordatorio-de-la-oscura-historia-de-la-dictadura-militar-en-uruguay\/\" \/>\n<meta property=\"og:locale\" content=\"es_ES\" \/>\n<meta property=\"og:type\" content=\"article\" \/>\n<meta property=\"og:title\" content=\"Hallazgo de restos humanos en el Batall\u00f3n 14: Un recordatorio de la oscura historia de la Dictadura Militar en Uruguay. - El Sol\" \/>\n<meta property=\"og:description\" content=\"Escribe Secretar\u00eda de Comunicaci\u00f3n PS En la ma\u00f1ana del 30 julio de 2024, se realiz\u00f3 un nuevo hallazgo en el Batall\u00f3n de Infanter\u00eda\" \/>\n<meta property=\"og:url\" content=\"https:\/\/elsol.ps.org.uy\/index.php\/2024\/08\/14\/hallazgo-de-restos-humanos-en-el-batallon-14-un-recordatorio-de-la-oscura-historia-de-la-dictadura-militar-en-uruguay\/\" \/>\n<meta property=\"og:site_name\" content=\"El Sol\" \/>\n<meta property=\"article:published_time\" content=\"2024-08-14T17:36:03+00:00\" \/>\n<meta property=\"article:modified_time\" content=\"2024-08-14T17:36:06+00:00\" \/>\n<meta property=\"og:image\" content=\"https:\/\/elsol.ps.org.uy\/wp-content\/uploads\/2024\/08\/Hallazgo-de-restos-humanos-en-el-Batallon-14_-Un-recordatorio-de-la-oscura-historia-de-la-Dictadura-Militar-en-Uruguay-foto.jpg\" \/>\n\t<meta property=\"og:image:width\" content=\"945\" \/>\n\t<meta property=\"og:image:height\" content=\"630\" \/>\n\t<meta property=\"og:image:type\" content=\"image\/jpeg\" \/>\n<meta name=\"author\" content=\"El Sol\" \/>\n<meta name=\"twitter:card\" content=\"summary_large_image\" \/>\n<meta name=\"twitter:label1\" content=\"Escrito por\" \/>\n\t<meta name=\"twitter:data1\" content=\"El Sol\" \/>\n\t<meta name=\"twitter:label2\" content=\"Tiempo de lectura\" \/>\n\t<meta name=\"twitter:data2\" content=\"2 minutos\" \/>\n<script type=\"application\/ld+json\" class=\"yoast-schema-graph\">{\"@context\":\"https:\\\/\\\/schema.org\",\"@graph\":[{\"@type\":\"Article\",\"@id\":\"https:\\\/\\\/elsol.ps.org.uy\\\/index.php\\\/2024\\\/08\\\/14\\\/hallazgo-de-restos-humanos-en-el-batallon-14-un-recordatorio-de-la-oscura-historia-de-la-dictadura-militar-en-uruguay\\\/#article\",\"isPartOf\":{\"@id\":\"https:\\\/\\\/elsol.ps.org.uy\\\/index.php\\\/2024\\\/08\\\/14\\\/hallazgo-de-restos-humanos-en-el-batallon-14-un-recordatorio-de-la-oscura-historia-de-la-dictadura-militar-en-uruguay\\\/\"},\"author\":{\"name\":\"El Sol\",\"@id\":\"https:\\\/\\\/elsol.ps.org.uy\\\/#\\\/schema\\\/person\\\/9642a61f31473fe97857228bf33277f6\"},\"headline\":\"Hallazgo de restos humanos en el Batall\u00f3n 14: Un recordatorio de la oscura historia de la Dictadura Militar en Uruguay.\",\"datePublished\":\"2024-08-14T17:36:03+00:00\",\"dateModified\":\"2024-08-14T17:36:06+00:00\",\"mainEntityOfPage\":{\"@id\":\"https:\\\/\\\/elsol.ps.org.uy\\\/index.php\\\/2024\\\/08\\\/14\\\/hallazgo-de-restos-humanos-en-el-batallon-14-un-recordatorio-de-la-oscura-historia-de-la-dictadura-militar-en-uruguay\\\/\"},\"wordCount\":387,\"commentCount\":0,\"image\":{\"@id\":\"https:\\\/\\\/elsol.ps.org.uy\\\/index.php\\\/2024\\\/08\\\/14\\\/hallazgo-de-restos-humanos-en-el-batallon-14-un-recordatorio-de-la-oscura-historia-de-la-dictadura-militar-en-uruguay\\\/#primaryimage\"},\"thumbnailUrl\":\"https:\\\/\\\/elsol.ps.org.uy\\\/wp-content\\\/uploads\\\/2024\\\/08\\\/Hallazgo-de-restos-humanos-en-el-Batallon-14_-Un-recordatorio-de-la-oscura-historia-de-la-Dictadura-Militar-en-Uruguay-foto.jpg\",\"articleSection\":[\"Editorial\",\"El Sol\",\"El Sol \u2013 N\u00ba 40 \u2013 Agosto 2024\",\"Nacional\",\"Noticias\"],\"inLanguage\":\"es\",\"potentialAction\":[{\"@type\":\"CommentAction\",\"name\":\"Comment\",\"target\":[\"https:\\\/\\\/elsol.ps.org.uy\\\/index.php\\\/2024\\\/08\\\/14\\\/hallazgo-de-restos-humanos-en-el-batallon-14-un-recordatorio-de-la-oscura-historia-de-la-dictadura-militar-en-uruguay\\\/#respond\"]}]},{\"@type\":\"WebPage\",\"@id\":\"https:\\\/\\\/elsol.ps.org.uy\\\/index.php\\\/2024\\\/08\\\/14\\\/hallazgo-de-restos-humanos-en-el-batallon-14-un-recordatorio-de-la-oscura-historia-de-la-dictadura-militar-en-uruguay\\\/\",\"url\":\"https:\\\/\\\/elsol.ps.org.uy\\\/index.php\\\/2024\\\/08\\\/14\\\/hallazgo-de-restos-humanos-en-el-batallon-14-un-recordatorio-de-la-oscura-historia-de-la-dictadura-militar-en-uruguay\\\/\",\"name\":\"Hallazgo de restos humanos en el Batall\u00f3n 14: Un recordatorio de la oscura historia de la Dictadura Militar en Uruguay. - El Sol\",\"isPartOf\":{\"@id\":\"https:\\\/\\\/elsol.ps.org.uy\\\/#website\"},\"primaryImageOfPage\":{\"@id\":\"https:\\\/\\\/elsol.ps.org.uy\\\/index.php\\\/2024\\\/08\\\/14\\\/hallazgo-de-restos-humanos-en-el-batallon-14-un-recordatorio-de-la-oscura-historia-de-la-dictadura-militar-en-uruguay\\\/#primaryimage\"},\"image\":{\"@id\":\"https:\\\/\\\/elsol.ps.org.uy\\\/index.php\\\/2024\\\/08\\\/14\\\/hallazgo-de-restos-humanos-en-el-batallon-14-un-recordatorio-de-la-oscura-historia-de-la-dictadura-militar-en-uruguay\\\/#primaryimage\"},\"thumbnailUrl\":\"https:\\\/\\\/elsol.ps.org.uy\\\/wp-content\\\/uploads\\\/2024\\\/08\\\/Hallazgo-de-restos-humanos-en-el-Batallon-14_-Un-recordatorio-de-la-oscura-historia-de-la-Dictadura-Militar-en-Uruguay-foto.jpg\",\"datePublished\":\"2024-08-14T17:36:03+00:00\",\"dateModified\":\"2024-08-14T17:36:06+00:00\",\"author\":{\"@id\":\"https:\\\/\\\/elsol.ps.org.uy\\\/#\\\/schema\\\/person\\\/9642a61f31473fe97857228bf33277f6\"},\"breadcrumb\":{\"@id\":\"https:\\\/\\\/elsol.ps.org.uy\\\/index.php\\\/2024\\\/08\\\/14\\\/hallazgo-de-restos-humanos-en-el-batallon-14-un-recordatorio-de-la-oscura-historia-de-la-dictadura-militar-en-uruguay\\\/#breadcrumb\"},\"inLanguage\":\"es\",\"potentialAction\":[{\"@type\":\"ReadAction\",\"target\":[\"https:\\\/\\\/elsol.ps.org.uy\\\/index.php\\\/2024\\\/08\\\/14\\\/hallazgo-de-restos-humanos-en-el-batallon-14-un-recordatorio-de-la-oscura-historia-de-la-dictadura-militar-en-uruguay\\\/\"]}]},{\"@type\":\"ImageObject\",\"inLanguage\":\"es\",\"@id\":\"https:\\\/\\\/elsol.ps.org.uy\\\/index.php\\\/2024\\\/08\\\/14\\\/hallazgo-de-restos-humanos-en-el-batallon-14-un-recordatorio-de-la-oscura-historia-de-la-dictadura-militar-en-uruguay\\\/#primaryimage\",\"url\":\"https:\\\/\\\/elsol.ps.org.uy\\\/wp-content\\\/uploads\\\/2024\\\/08\\\/Hallazgo-de-restos-humanos-en-el-Batallon-14_-Un-recordatorio-de-la-oscura-historia-de-la-Dictadura-Militar-en-Uruguay-foto.jpg\",\"contentUrl\":\"https:\\\/\\\/elsol.ps.org.uy\\\/wp-content\\\/uploads\\\/2024\\\/08\\\/Hallazgo-de-restos-humanos-en-el-Batallon-14_-Un-recordatorio-de-la-oscura-historia-de-la-Dictadura-Militar-en-Uruguay-foto.jpg\",\"width\":945,\"height\":630},{\"@type\":\"BreadcrumbList\",\"@id\":\"https:\\\/\\\/elsol.ps.org.uy\\\/index.php\\\/2024\\\/08\\\/14\\\/hallazgo-de-restos-humanos-en-el-batallon-14-un-recordatorio-de-la-oscura-historia-de-la-dictadura-militar-en-uruguay\\\/#breadcrumb\",\"itemListElement\":[{\"@type\":\"ListItem\",\"position\":1,\"name\":\"Portada\",\"item\":\"https:\\\/\\\/elsol.ps.org.uy\\\/\"},{\"@type\":\"ListItem\",\"position\":2,\"name\":\"Hallazgo de restos humanos en el Batall\u00f3n 14: Un recordatorio de la oscura historia de la Dictadura Militar en Uruguay.\"}]},{\"@type\":\"WebSite\",\"@id\":\"https:\\\/\\\/elsol.ps.org.uy\\\/#website\",\"url\":\"https:\\\/\\\/elsol.ps.org.uy\\\/\",\"name\":\"El Sol\",\"description\":\"Organo del Partido Socialista - Frente Amplio\",\"potentialAction\":[{\"@type\":\"SearchAction\",\"target\":{\"@type\":\"EntryPoint\",\"urlTemplate\":\"https:\\\/\\\/elsol.ps.org.uy\\\/?s={search_term_string}\"},\"query-input\":{\"@type\":\"PropertyValueSpecification\",\"valueRequired\":true,\"valueName\":\"search_term_string\"}}],\"inLanguage\":\"es\"},{\"@type\":\"Person\",\"@id\":\"https:\\\/\\\/elsol.ps.org.uy\\\/#\\\/schema\\\/person\\\/9642a61f31473fe97857228bf33277f6\",\"name\":\"El Sol\",\"image\":{\"@type\":\"ImageObject\",\"inLanguage\":\"es\",\"@id\":\"https:\\\/\\\/secure.gravatar.com\\\/avatar\\\/e14a39081cff84ca4b5657918d3e15ebebf0ca4cee0bb3b81200271ee78d4b9c?s=96&d=mm&r=g\",\"url\":\"https:\\\/\\\/secure.gravatar.com\\\/avatar\\\/e14a39081cff84ca4b5657918d3e15ebebf0ca4cee0bb3b81200271ee78d4b9c?s=96&d=mm&r=g\",\"contentUrl\":\"https:\\\/\\\/secure.gravatar.com\\\/avatar\\\/e14a39081cff84ca4b5657918d3e15ebebf0ca4cee0bb3b81200271ee78d4b9c?s=96&d=mm&r=g\",\"caption\":\"El Sol\"},\"url\":\"https:\\\/\\\/elsol.ps.org.uy\\\/index.php\\\/author\\\/eugenia\\\/\"}]}<\/script>\n<!-- \/ Yoast SEO plugin. -->","yoast_head_json":{"title":"Hallazgo de restos humanos en el Batall\u00f3n 14: Un recordatorio de la oscura historia de la Dictadura Militar en Uruguay. - El Sol","robots":{"index":"index","follow":"follow","max-snippet":"max-snippet:-1","max-image-preview":"max-image-preview:large","max-video-preview":"max-video-preview:-1"},"canonical":"https:\/\/elsol.ps.org.uy\/index.php\/2024\/08\/14\/hallazgo-de-restos-humanos-en-el-batallon-14-un-recordatorio-de-la-oscura-historia-de-la-dictadura-militar-en-uruguay\/","og_locale":"es_ES","og_type":"article","og_title":"Hallazgo de restos humanos en el Batall\u00f3n 14: Un recordatorio de la oscura historia de la Dictadura Militar en Uruguay. - El Sol","og_description":"Escribe Secretar\u00eda de Comunicaci\u00f3n PS En la ma\u00f1ana del 30 julio de 2024, se realiz\u00f3 un nuevo hallazgo en el Batall\u00f3n de Infanter\u00eda","og_url":"https:\/\/elsol.ps.org.uy\/index.php\/2024\/08\/14\/hallazgo-de-restos-humanos-en-el-batallon-14-un-recordatorio-de-la-oscura-historia-de-la-dictadura-militar-en-uruguay\/","og_site_name":"El Sol","article_published_time":"2024-08-14T17:36:03+00:00","article_modified_time":"2024-08-14T17:36:06+00:00","og_image":[{"width":945,"height":630,"url":"https:\/\/elsol.ps.org.uy\/wp-content\/uploads\/2024\/08\/Hallazgo-de-restos-humanos-en-el-Batallon-14_-Un-recordatorio-de-la-oscura-historia-de-la-Dictadura-Militar-en-Uruguay-foto.jpg","type":"image\/jpeg"}],"author":"El Sol","twitter_card":"summary_large_image","twitter_misc":{"Escrito por":"El Sol","Tiempo de lectura":"2 minutos"},"schema":{"@context":"https:\/\/schema.org","@graph":[{"@type":"Article","@id":"https:\/\/elsol.ps.org.uy\/index.php\/2024\/08\/14\/hallazgo-de-restos-humanos-en-el-batallon-14-un-recordatorio-de-la-oscura-historia-de-la-dictadura-militar-en-uruguay\/#article","isPartOf":{"@id":"https:\/\/elsol.ps.org.uy\/index.php\/2024\/08\/14\/hallazgo-de-restos-humanos-en-el-batallon-14-un-recordatorio-de-la-oscura-historia-de-la-dictadura-militar-en-uruguay\/"},"author":{"name":"El Sol","@id":"https:\/\/elsol.ps.org.uy\/#\/schema\/person\/9642a61f31473fe97857228bf33277f6"},"headline":"Hallazgo de restos humanos en el Batall\u00f3n 14: Un recordatorio de la oscura historia de la Dictadura Militar en Uruguay.","datePublished":"2024-08-14T17:36:03+00:00","dateModified":"2024-08-14T17:36:06+00:00","mainEntityOfPage":{"@id":"https:\/\/elsol.ps.org.uy\/index.php\/2024\/08\/14\/hallazgo-de-restos-humanos-en-el-batallon-14-un-recordatorio-de-la-oscura-historia-de-la-dictadura-militar-en-uruguay\/"},"wordCount":387,"commentCount":0,"image":{"@id":"https:\/\/elsol.ps.org.uy\/index.php\/2024\/08\/14\/hallazgo-de-restos-humanos-en-el-batallon-14-un-recordatorio-de-la-oscura-historia-de-la-dictadura-militar-en-uruguay\/#primaryimage"},"thumbnailUrl":"https:\/\/elsol.ps.org.uy\/wp-content\/uploads\/2024\/08\/Hallazgo-de-restos-humanos-en-el-Batallon-14_-Un-recordatorio-de-la-oscura-historia-de-la-Dictadura-Militar-en-Uruguay-foto.jpg","articleSection":["Editorial","El Sol","El Sol \u2013 N\u00ba 40 \u2013 Agosto 2024","Nacional","Noticias"],"inLanguage":"es","potentialAction":[{"@type":"CommentAction","name":"Comment","target":["https:\/\/elsol.ps.org.uy\/index.php\/2024\/08\/14\/hallazgo-de-restos-humanos-en-el-batallon-14-un-recordatorio-de-la-oscura-historia-de-la-dictadura-militar-en-uruguay\/#respond"]}]},{"@type":"WebPage","@id":"https:\/\/elsol.ps.org.uy\/index.php\/2024\/08\/14\/hallazgo-de-restos-humanos-en-el-batallon-14-un-recordatorio-de-la-oscura-historia-de-la-dictadura-militar-en-uruguay\/","url":"https:\/\/elsol.ps.org.uy\/index.php\/2024\/08\/14\/hallazgo-de-restos-humanos-en-el-batallon-14-un-recordatorio-de-la-oscura-historia-de-la-dictadura-militar-en-uruguay\/","name":"Hallazgo de restos humanos en el Batall\u00f3n 14: Un recordatorio de la oscura historia de la Dictadura Militar en Uruguay. - El Sol","isPartOf":{"@id":"https:\/\/elsol.ps.org.uy\/#website"},"primaryImageOfPage":{"@id":"https:\/\/elsol.ps.org.uy\/index.php\/2024\/08\/14\/hallazgo-de-restos-humanos-en-el-batallon-14-un-recordatorio-de-la-oscura-historia-de-la-dictadura-militar-en-uruguay\/#primaryimage"},"image":{"@id":"https:\/\/elsol.ps.org.uy\/index.php\/2024\/08\/14\/hallazgo-de-restos-humanos-en-el-batallon-14-un-recordatorio-de-la-oscura-historia-de-la-dictadura-militar-en-uruguay\/#primaryimage"},"thumbnailUrl":"https:\/\/elsol.ps.org.uy\/wp-content\/uploads\/2024\/08\/Hallazgo-de-restos-humanos-en-el-Batallon-14_-Un-recordatorio-de-la-oscura-historia-de-la-Dictadura-Militar-en-Uruguay-foto.jpg","datePublished":"2024-08-14T17:36:03+00:00","dateModified":"2024-08-14T17:36:06+00:00","author":{"@id":"https:\/\/elsol.ps.org.uy\/#\/schema\/person\/9642a61f31473fe97857228bf33277f6"},"breadcrumb":{"@id":"https:\/\/elsol.ps.org.uy\/index.php\/2024\/08\/14\/hallazgo-de-restos-humanos-en-el-batallon-14-un-recordatorio-de-la-oscura-historia-de-la-dictadura-militar-en-uruguay\/#breadcrumb"},"inLanguage":"es","potentialAction":[{"@type":"ReadAction","target":["https:\/\/elsol.ps.org.uy\/index.php\/2024\/08\/14\/hallazgo-de-restos-humanos-en-el-batallon-14-un-recordatorio-de-la-oscura-historia-de-la-dictadura-militar-en-uruguay\/"]}]},{"@type":"ImageObject","inLanguage":"es","@id":"https:\/\/elsol.ps.org.uy\/index.php\/2024\/08\/14\/hallazgo-de-restos-humanos-en-el-batallon-14-un-recordatorio-de-la-oscura-historia-de-la-dictadura-militar-en-uruguay\/#primaryimage","url":"https:\/\/elsol.ps.org.uy\/wp-content\/uploads\/2024\/08\/Hallazgo-de-restos-humanos-en-el-Batallon-14_-Un-recordatorio-de-la-oscura-historia-de-la-Dictadura-Militar-en-Uruguay-foto.jpg","contentUrl":"https:\/\/elsol.ps.org.uy\/wp-content\/uploads\/2024\/08\/Hallazgo-de-restos-humanos-en-el-Batallon-14_-Un-recordatorio-de-la-oscura-historia-de-la-Dictadura-Militar-en-Uruguay-foto.jpg","width":945,"height":630},{"@type":"BreadcrumbList","@id":"https:\/\/elsol.ps.org.uy\/index.php\/2024\/08\/14\/hallazgo-de-restos-humanos-en-el-batallon-14-un-recordatorio-de-la-oscura-historia-de-la-dictadura-militar-en-uruguay\/#breadcrumb","itemListElement":[{"@type":"ListItem","position":1,"name":"Portada","item":"https:\/\/elsol.ps.org.uy\/"},{"@type":"ListItem","position":2,"name":"Hallazgo de restos humanos en el Batall\u00f3n 14: Un recordatorio de la oscura historia de la Dictadura Militar en Uruguay."}]},{"@type":"WebSite","@id":"https:\/\/elsol.ps.org.uy\/#website","url":"https:\/\/elsol.ps.org.uy\/","name":"El Sol","description":"Organo del Partido Socialista - Frente Amplio","potentialAction":[{"@type":"SearchAction","target":{"@type":"EntryPoint","urlTemplate":"https:\/\/elsol.ps.org.uy\/?s={search_term_string}"},"query-input":{"@type":"PropertyValueSpecification","valueRequired":true,"valueName":"search_term_string"}}],"inLanguage":"es"},{"@type":"Person","@id":"https:\/\/elsol.ps.org.uy\/#\/schema\/person\/9642a61f31473fe97857228bf33277f6","name":"El Sol","image":{"@type":"ImageObject","inLanguage":"es","@id":"https:\/\/secure.gravatar.com\/avatar\/e14a39081cff84ca4b5657918d3e15ebebf0ca4cee0bb3b81200271ee78d4b9c?s=96&d=mm&r=g","url":"https:\/\/secure.gravatar.com\/avatar\/e14a39081cff84ca4b5657918d3e15ebebf0ca4cee0bb3b81200271ee78d4b9c?s=96&d=mm&r=g","contentUrl":"https:\/\/secure.gravatar.com\/avatar\/e14a39081cff84ca4b5657918d3e15ebebf0ca4cee0bb3b81200271ee78d4b9c?s=96&d=mm&r=g","caption":"El Sol"},"url":"https:\/\/elsol.ps.org.uy\/index.php\/author\/eugenia\/"}]}},"jetpack_featured_media_url":"https:\/\/elsol.ps.org.uy\/wp-content\/uploads\/2024\/08\/Hallazgo-de-restos-humanos-en-el-Batallon-14_-Un-recordatorio-de-la-oscura-historia-de-la-Dictadura-Militar-en-Uruguay-foto.jpg","_links":{"self":[{"href":"https:\/\/elsol.ps.org.uy\/index.php\/wp-json\/wp\/v2\/posts\/13783","targetHints":{"allow":["GET"]}}],"collection":[{"href":"https:\/\/elsol.ps.org.uy\/index.php\/wp-json\/wp\/v2\/posts"}],"about":[{"href":"https:\/\/elsol.ps.org.uy\/index.php\/wp-json\/wp\/v2\/types\/post"}],"author":[{"embeddable":true,"href":"https:\/\/elsol.ps.org.uy\/index.php\/wp-json\/wp\/v2\/users\/2"}],"replies":[{"embeddable":true,"href":"https:\/\/elsol.ps.org.uy\/index.php\/wp-json\/wp\/v2\/comments?post=13783"}],"version-history":[{"count":1,"href":"https:\/\/elsol.ps.org.uy\/index.php\/wp-json\/wp\/v2\/posts\/13783\/revisions"}],"predecessor-version":[{"id":13785,"href":"https:\/\/elsol.ps.org.uy\/index.php\/wp-json\/wp\/v2\/posts\/13783\/revisions\/13785"}],"wp:featuredmedia":[{"embeddable":true,"href":"https:\/\/elsol.ps.org.uy\/index.php\/wp-json\/wp\/v2\/media\/13784"}],"wp:attachment":[{"href":"https:\/\/elsol.ps.org.uy\/index.php\/wp-json\/wp\/v2\/media?parent=13783"}],"wp:term":[{"taxonomy":"category","embeddable":true,"href":"https:\/\/elsol.ps.org.uy\/index.php\/wp-json\/wp\/v2\/categories?post=13783"},{"taxonomy":"post_tag","embeddable":true,"href":"https:\/\/elsol.ps.org.uy\/index.php\/wp-json\/wp\/v2\/tags?post=13783"}],"curies":[{"name":"wp","href":"https:\/\/api.w.org\/{rel}","templated":true}]}}