{"id":13789,"date":"2024-08-14T14:45:24","date_gmt":"2024-08-14T17:45:24","guid":{"rendered":"https:\/\/elsol.ps.org.uy\/?p=13789"},"modified":"2024-08-14T14:45:28","modified_gmt":"2024-08-14T17:45:28","slug":"santiago-caputo-milei-y-otros-apuntes-sobre-coyuntura-politica-argentina","status":"publish","type":"post","link":"https:\/\/elsol.ps.org.uy\/index.php\/2024\/08\/14\/santiago-caputo-milei-y-otros-apuntes-sobre-coyuntura-politica-argentina\/","title":{"rendered":"Santiago Caputo, Milei y otros apuntes sobre coyuntura pol\u00edtica Argentina"},"content":{"rendered":"\n<p class=\"has-text-align-right\"><em>Escribe Shanti Benvenuto | CS Paso de los Toros<\/em><\/p>\n\n\n\n<p><strong>Santiago Caputo<\/strong><\/p>\n\n\n\n<p>Desde la asunci\u00f3n presidencial de Javier Milei, la discusi\u00f3n en Argentina se ha centrado en la construcci\u00f3n pol\u00edtica del actual mandatario. Es de conocimiento p\u00fablico que La Libertad Avanza (LLA) logr\u00f3 su victoria con los votos de Juntos por el Cambio (JxC), m\u00e1s espec\u00edficamente con el apoyo de Propuesta Republicana (PRO), el partido liderado por Mauricio Macri. Sin embargo, los armados provinciales y pol\u00edticos de LLA son d\u00e9biles, y el nivel de experiencia y capacidad de sus dirigentes est\u00e1 muy por debajo del que poseen el PRO, el Radicalismo (UCR), la Coalici\u00f3n C\u00edvica (CC), y las diversas facciones del peronismo (UxP). Ante esta situaci\u00f3n, Milei se vio obligado a recurrir a pol\u00edticos de otros sectores para completar su equipo de gobierno, como Daniel Scioli, Luis Petri, y Guillermo Francos.<\/p>\n\n\n\n<p>El caso de Guillermo Francos, un peronista de derecha asociado al menemismo y a Alzogaray, ejemplifica lo que Milei necesita a nivel pol\u00edtico, un hombre con la capacidad de formar equipos y gestionar la pol\u00edtica interior del Gobierno, as\u00ed como las relaciones con las provincias. Inicialmente, Francos se desempe\u00f1aba como Ministro del Interior, pero tras la renuncia de Nicol\u00e1s Posse a la Jefatura de Gabinete, as\u00ed como de varios funcionarios en la AFI, YPF y otras secretar\u00edas menores de inteligencia y seguridad, Francos asumi\u00f3 la jefatura de Gabinete con el objetivo de moderar la pol\u00edtica interna de LLA.<\/p>\n\n\n\n<p>La renuncia de Nicol\u00e1s Posse, entonces un amigo \u00edntimo de Javier Milei, fue impulsada por la \u00abmesa chica\u00bb del Gobierno, integrada por la Secretaria de Presidencia, Karina Milei, y por el asesor presidencial y jefe pol\u00edtico en las sombras de LLA, Santiago Caputo. La relaci\u00f3n filial entre Santiago y el Ministro de Econom\u00eda, Luis \u00abToto\u00bb Caputo, es una de las razones por las que el proyecto pol\u00edtico actual no ha fracasado. Santiago Caputo, conocido como un \u00abmonje negro\u00bb, es el principal responsable de la pol\u00edtica en redes sociales del gobierno y de la coordinaci\u00f3n pol\u00edtica interna.<\/p>\n\n\n\n<p>Adem\u00e1s, Caputo y Karina Milei tienen una relaci\u00f3n muy tensa con el expresidente Mauricio Macri. En su reaparici\u00f3n p\u00fablica, Macri culp\u00f3 a la \u00abmesa chica\u00bb del Gobierno por los problemas internos de Milei. Macri tiene grandes intereses en este Gobierno, citando, Iv\u00e1n Schargrodsky, el gobierno de Milei es la continuaci\u00f3n de la pol\u00edtica econ\u00f3mica de Macri, pero sin frenos ni intenci\u00f3n de detenerse. En uno de sus art\u00edculos, Schargrodsky argumenta que la supuesta \u00abbondad\u00bb de Macri al intervenir en el Gobierno de Milei para \u00abayudar\u00bb es una fachada, ya que dentro de las virtudes de Macri no se encuentra la bondad, lo mismo que se aplica a Santiago Caputo.<\/p>\n\n\n\n<p>Caputo, como asesor, es el encargado actual de los servicios de inteligencia y comunicaci\u00f3n del gobierno, principalmente de la reestructuraci\u00f3n de la SIDE, financiada con 100 millones de d\u00f3lares, y de los trolls y periodistas del Gobierno. Esta decisi\u00f3n no es azarosa en absoluto. La misma metodolog\u00eda de espionaje e intervenci\u00f3n de celulares utilizada por Macri es replicada por Caputo, lo mismo aplica para la comunicaci\u00f3n de gobierno, el ex jefe de gabinete Marcos Pe\u00f1a realizaba las mismas tareas de coordinaci\u00f3n y comunicaci\u00f3n de cara a sostener una narrativa. Macri puede aceptar una copia barata de su estrategia, pero no una mejor, es por esto que abierta la interna del Gobierno los enfrentados son Macri y Caputo. Aunque LLA necesita de Macri, dado que los armados del PRO son cruciales para un triunfo en las elecciones legislativas de 2025, Macri no tiene ninguna intenci\u00f3n de fusionarse con LLA y cederle el voto antiperonista.<\/p>\n\n\n\n<p>El PRO, como partido, tiene la capacidad de controlar muchos nodos de poder en las provincias. Subestimar a Macri en un enfrentamiento pol\u00edtico es apostar al caballo perdedor, ya que su poder no solo es pol\u00edtico, sino tambi\u00e9n econ\u00f3mico. Caputo es consciente de esto, y en una entrevista con Manu Jove para TN, elogi\u00f3 a Macri por ser el puntapi\u00e9 inicial de la transformaci\u00f3n cultural de Argentina.<\/p>\n\n\n\n<p>Por otro lado, Victoria Villarruel, actual vicepresidenta y gestora de un sector de LLA, est\u00e1 gravemente enemistada con la \u00abmesa chica\u00bb del Gobierno. Incluso antes de la victoria presidencial, circulaban rumores de una alianza t\u00e1cita entre Villarruel y Macri, previendo un inminente fracaso del Gobierno. En este contexto, Villarruel y Macri est\u00e1n preparando equipos para una posible toma de poder del PRO y su sector en caso de una renuncia de Milei. Esta enemistad afecta la estabilidad del Gobierno a corto plazo, como se evidencia en la exclusi\u00f3n de Villarruel de las reuniones de gabinete.&nbsp;<\/p>\n\n\n\n<p>Problema que no ayuda a la estabilidad del Gobierno a corto plazo, pues tanto la ministra de Capital Humano Sandra Petovello, quien se ha negado a entregar los alimentos que tienen incautados desde hace 5 meses, como \u201cToto\u201d Caputo dependen directamente de los resultados anuales de inflaci\u00f3n, pobreza, desempleo y d\u00e9ficit fiscal para terminar el a\u00f1o en la silla que ocupan. Sumado a esto la diferencia de Macri con los ministros Bullrich y Petri, a quien \u00e9l considera traidores y oportunistas, g\u00e9nero una desestabilizaci\u00f3n puertas adentro del PRO donde los dos candidatos a presidente Larreta y Bullrich fueron expulsados por Macri por no seguir sus \u00f3rdenes o cumplir con sus expectativas.<\/p>\n\n\n\n<p><strong>Caso Alberto Fernandez<\/strong><\/p>\n\n\n\n<p>La semana del 8 de agosto, en el marco de una investigaci\u00f3n relacionada con la secretaria del expresidente Alberto Fern\u00e1ndez, sali\u00f3 a la luz una informaci\u00f3n impactante: la secretaria recib\u00eda mensajes de la entonces primera dama, Fabiola Ya\u00f1ez, en los que ella relataba los maltratos y la violencia que sufr\u00eda a manos de su esposo en ese momento.<\/p>\n\n\n\n<p>Dada la delicadeza del caso, es fundamental aclarar dos puntos:<\/p>\n\n\n\n<p>Primero, la violencia machista y patriarcal atraviesa todos los partidos pol\u00edticos; nadie est\u00e1 exento de tener un violento entre sus filas. La \u00fanica manera de combatir este problema es enfrentarlo desde la ra\u00edz, una discusi\u00f3n que el colectivo feminista viene sosteniendo desde hace mucho tiempo.<\/p>\n\n\n\n<p>Segundo, la justicia comenz\u00f3 a actuar sobre el caso la ma\u00f1ana del 8 de agosto, tras recibir la denuncia formal de Fabiola Ya\u00f1ez. En ese momento, se procedi\u00f3 a utilizar el material extra\u00eddo del celular de ella y de la secretaria personal de Alberto Fern\u00e1ndez para avanzar en la investigaci\u00f3n. El material revelado la noche del 8 de agosto incluye fotos de Ya\u00f1ez con moretones y mensajes de Alberto Fern\u00e1ndez que evidencian manipulaci\u00f3n mediante herramientas de violencia psicol\u00f3gica.<\/p>\n","protected":false},"excerpt":{"rendered":"Escribe Shanti Benvenuto | CS Paso de los Toros Santiago Caputo Desde la asunci\u00f3n presidencial de Javier Milei, la discusi\u00f3n en Argentina se \n<a class=\"moretag\" href=\"https:\/\/elsol.ps.org.uy\/index.php\/2024\/08\/14\/santiago-caputo-milei-y-otros-apuntes-sobre-coyuntura-politica-argentina\/\"> [...]<\/a>","protected":false},"author":2,"featured_media":13790,"comment_status":"open","ping_status":"closed","sticky":false,"template":"","format":"standard","meta":{"footnotes":""},"categories":[36,81,19,38],"tags":[],"class_list":["post-13789","post","type-post","status-publish","format-standard","has-post-thumbnail","hentry","category-el-sol","category-el-sol-no-40-agosto-2024","category-internacional","category-shanti-benvenuto"],"yoast_head":"<!-- This site is optimized with the Yoast SEO plugin v27.4 - https:\/\/yoast.com\/product\/yoast-seo-wordpress\/ -->\n<title>Santiago Caputo, Milei y otros apuntes sobre coyuntura pol\u00edtica Argentina - El Sol<\/title>\n<meta name=\"robots\" content=\"index, follow, max-snippet:-1, max-image-preview:large, max-video-preview:-1\" \/>\n<link rel=\"canonical\" href=\"https:\/\/elsol.ps.org.uy\/index.php\/2024\/08\/14\/santiago-caputo-milei-y-otros-apuntes-sobre-coyuntura-politica-argentina\/\" \/>\n<meta property=\"og:locale\" content=\"es_ES\" \/>\n<meta property=\"og:type\" content=\"article\" \/>\n<meta property=\"og:title\" content=\"Santiago Caputo, Milei y otros apuntes sobre coyuntura pol\u00edtica Argentina - El Sol\" \/>\n<meta property=\"og:description\" content=\"Escribe Shanti Benvenuto | CS Paso de los Toros Santiago Caputo Desde la asunci\u00f3n presidencial de Javier Milei, la discusi\u00f3n en Argentina se\" \/>\n<meta property=\"og:url\" content=\"https:\/\/elsol.ps.org.uy\/index.php\/2024\/08\/14\/santiago-caputo-milei-y-otros-apuntes-sobre-coyuntura-politica-argentina\/\" \/>\n<meta property=\"og:site_name\" content=\"El Sol\" \/>\n<meta property=\"article:published_time\" content=\"2024-08-14T17:45:24+00:00\" \/>\n<meta property=\"article:modified_time\" content=\"2024-08-14T17:45:28+00:00\" \/>\n<meta property=\"og:image\" content=\"https:\/\/elsol.ps.org.uy\/wp-content\/uploads\/2024\/08\/Santiago-Caputo-Milei-y-otros-apuntes-sobre-coyuntura-politica-Argentina-foto.jpg\" \/>\n\t<meta property=\"og:image:width\" content=\"1280\" \/>\n\t<meta property=\"og:image:height\" content=\"960\" \/>\n\t<meta property=\"og:image:type\" content=\"image\/jpeg\" \/>\n<meta name=\"author\" content=\"El Sol\" \/>\n<meta name=\"twitter:card\" content=\"summary_large_image\" \/>\n<meta name=\"twitter:label1\" content=\"Escrito por\" \/>\n\t<meta name=\"twitter:data1\" content=\"El Sol\" \/>\n\t<meta name=\"twitter:label2\" content=\"Tiempo de lectura\" \/>\n\t<meta name=\"twitter:data2\" content=\"6 minutos\" \/>\n<script type=\"application\/ld+json\" class=\"yoast-schema-graph\">{\"@context\":\"https:\\\/\\\/schema.org\",\"@graph\":[{\"@type\":\"Article\",\"@id\":\"https:\\\/\\\/elsol.ps.org.uy\\\/index.php\\\/2024\\\/08\\\/14\\\/santiago-caputo-milei-y-otros-apuntes-sobre-coyuntura-politica-argentina\\\/#article\",\"isPartOf\":{\"@id\":\"https:\\\/\\\/elsol.ps.org.uy\\\/index.php\\\/2024\\\/08\\\/14\\\/santiago-caputo-milei-y-otros-apuntes-sobre-coyuntura-politica-argentina\\\/\"},\"author\":{\"name\":\"El Sol\",\"@id\":\"https:\\\/\\\/elsol.ps.org.uy\\\/#\\\/schema\\\/person\\\/9642a61f31473fe97857228bf33277f6\"},\"headline\":\"Santiago Caputo, Milei y otros apuntes sobre coyuntura pol\u00edtica Argentina\",\"datePublished\":\"2024-08-14T17:45:24+00:00\",\"dateModified\":\"2024-08-14T17:45:28+00:00\",\"mainEntityOfPage\":{\"@id\":\"https:\\\/\\\/elsol.ps.org.uy\\\/index.php\\\/2024\\\/08\\\/14\\\/santiago-caputo-milei-y-otros-apuntes-sobre-coyuntura-politica-argentina\\\/\"},\"wordCount\":1147,\"commentCount\":0,\"image\":{\"@id\":\"https:\\\/\\\/elsol.ps.org.uy\\\/index.php\\\/2024\\\/08\\\/14\\\/santiago-caputo-milei-y-otros-apuntes-sobre-coyuntura-politica-argentina\\\/#primaryimage\"},\"thumbnailUrl\":\"https:\\\/\\\/elsol.ps.org.uy\\\/wp-content\\\/uploads\\\/2024\\\/08\\\/Santiago-Caputo-Milei-y-otros-apuntes-sobre-coyuntura-politica-Argentina-foto.jpg\",\"articleSection\":[\"El Sol\",\"El Sol \u2013 N\u00ba 40 \u2013 Agosto 2024\",\"\u2060Internacional\",\"Shanti Benvenuto\"],\"inLanguage\":\"es\",\"potentialAction\":[{\"@type\":\"CommentAction\",\"name\":\"Comment\",\"target\":[\"https:\\\/\\\/elsol.ps.org.uy\\\/index.php\\\/2024\\\/08\\\/14\\\/santiago-caputo-milei-y-otros-apuntes-sobre-coyuntura-politica-argentina\\\/#respond\"]}]},{\"@type\":\"WebPage\",\"@id\":\"https:\\\/\\\/elsol.ps.org.uy\\\/index.php\\\/2024\\\/08\\\/14\\\/santiago-caputo-milei-y-otros-apuntes-sobre-coyuntura-politica-argentina\\\/\",\"url\":\"https:\\\/\\\/elsol.ps.org.uy\\\/index.php\\\/2024\\\/08\\\/14\\\/santiago-caputo-milei-y-otros-apuntes-sobre-coyuntura-politica-argentina\\\/\",\"name\":\"Santiago Caputo, Milei y otros apuntes sobre coyuntura pol\u00edtica Argentina - El Sol\",\"isPartOf\":{\"@id\":\"https:\\\/\\\/elsol.ps.org.uy\\\/#website\"},\"primaryImageOfPage\":{\"@id\":\"https:\\\/\\\/elsol.ps.org.uy\\\/index.php\\\/2024\\\/08\\\/14\\\/santiago-caputo-milei-y-otros-apuntes-sobre-coyuntura-politica-argentina\\\/#primaryimage\"},\"image\":{\"@id\":\"https:\\\/\\\/elsol.ps.org.uy\\\/index.php\\\/2024\\\/08\\\/14\\\/santiago-caputo-milei-y-otros-apuntes-sobre-coyuntura-politica-argentina\\\/#primaryimage\"},\"thumbnailUrl\":\"https:\\\/\\\/elsol.ps.org.uy\\\/wp-content\\\/uploads\\\/2024\\\/08\\\/Santiago-Caputo-Milei-y-otros-apuntes-sobre-coyuntura-politica-Argentina-foto.jpg\",\"datePublished\":\"2024-08-14T17:45:24+00:00\",\"dateModified\":\"2024-08-14T17:45:28+00:00\",\"author\":{\"@id\":\"https:\\\/\\\/elsol.ps.org.uy\\\/#\\\/schema\\\/person\\\/9642a61f31473fe97857228bf33277f6\"},\"breadcrumb\":{\"@id\":\"https:\\\/\\\/elsol.ps.org.uy\\\/index.php\\\/2024\\\/08\\\/14\\\/santiago-caputo-milei-y-otros-apuntes-sobre-coyuntura-politica-argentina\\\/#breadcrumb\"},\"inLanguage\":\"es\",\"potentialAction\":[{\"@type\":\"ReadAction\",\"target\":[\"https:\\\/\\\/elsol.ps.org.uy\\\/index.php\\\/2024\\\/08\\\/14\\\/santiago-caputo-milei-y-otros-apuntes-sobre-coyuntura-politica-argentina\\\/\"]}]},{\"@type\":\"ImageObject\",\"inLanguage\":\"es\",\"@id\":\"https:\\\/\\\/elsol.ps.org.uy\\\/index.php\\\/2024\\\/08\\\/14\\\/santiago-caputo-milei-y-otros-apuntes-sobre-coyuntura-politica-argentina\\\/#primaryimage\",\"url\":\"https:\\\/\\\/elsol.ps.org.uy\\\/wp-content\\\/uploads\\\/2024\\\/08\\\/Santiago-Caputo-Milei-y-otros-apuntes-sobre-coyuntura-politica-Argentina-foto.jpg\",\"contentUrl\":\"https:\\\/\\\/elsol.ps.org.uy\\\/wp-content\\\/uploads\\\/2024\\\/08\\\/Santiago-Caputo-Milei-y-otros-apuntes-sobre-coyuntura-politica-Argentina-foto.jpg\",\"width\":1280,\"height\":960},{\"@type\":\"BreadcrumbList\",\"@id\":\"https:\\\/\\\/elsol.ps.org.uy\\\/index.php\\\/2024\\\/08\\\/14\\\/santiago-caputo-milei-y-otros-apuntes-sobre-coyuntura-politica-argentina\\\/#breadcrumb\",\"itemListElement\":[{\"@type\":\"ListItem\",\"position\":1,\"name\":\"Portada\",\"item\":\"https:\\\/\\\/elsol.ps.org.uy\\\/\"},{\"@type\":\"ListItem\",\"position\":2,\"name\":\"Santiago Caputo, Milei y otros apuntes sobre coyuntura pol\u00edtica Argentina\"}]},{\"@type\":\"WebSite\",\"@id\":\"https:\\\/\\\/elsol.ps.org.uy\\\/#website\",\"url\":\"https:\\\/\\\/elsol.ps.org.uy\\\/\",\"name\":\"El Sol\",\"description\":\"Organo del Partido Socialista - Frente Amplio\",\"potentialAction\":[{\"@type\":\"SearchAction\",\"target\":{\"@type\":\"EntryPoint\",\"urlTemplate\":\"https:\\\/\\\/elsol.ps.org.uy\\\/?s={search_term_string}\"},\"query-input\":{\"@type\":\"PropertyValueSpecification\",\"valueRequired\":true,\"valueName\":\"search_term_string\"}}],\"inLanguage\":\"es\"},{\"@type\":\"Person\",\"@id\":\"https:\\\/\\\/elsol.ps.org.uy\\\/#\\\/schema\\\/person\\\/9642a61f31473fe97857228bf33277f6\",\"name\":\"El Sol\",\"image\":{\"@type\":\"ImageObject\",\"inLanguage\":\"es\",\"@id\":\"https:\\\/\\\/secure.gravatar.com\\\/avatar\\\/e14a39081cff84ca4b5657918d3e15ebebf0ca4cee0bb3b81200271ee78d4b9c?s=96&d=mm&r=g\",\"url\":\"https:\\\/\\\/secure.gravatar.com\\\/avatar\\\/e14a39081cff84ca4b5657918d3e15ebebf0ca4cee0bb3b81200271ee78d4b9c?s=96&d=mm&r=g\",\"contentUrl\":\"https:\\\/\\\/secure.gravatar.com\\\/avatar\\\/e14a39081cff84ca4b5657918d3e15ebebf0ca4cee0bb3b81200271ee78d4b9c?s=96&d=mm&r=g\",\"caption\":\"El Sol\"},\"url\":\"https:\\\/\\\/elsol.ps.org.uy\\\/index.php\\\/author\\\/eugenia\\\/\"}]}<\/script>\n<!-- \/ Yoast SEO plugin. -->","yoast_head_json":{"title":"Santiago Caputo, Milei y otros apuntes sobre coyuntura pol\u00edtica Argentina - El Sol","robots":{"index":"index","follow":"follow","max-snippet":"max-snippet:-1","max-image-preview":"max-image-preview:large","max-video-preview":"max-video-preview:-1"},"canonical":"https:\/\/elsol.ps.org.uy\/index.php\/2024\/08\/14\/santiago-caputo-milei-y-otros-apuntes-sobre-coyuntura-politica-argentina\/","og_locale":"es_ES","og_type":"article","og_title":"Santiago Caputo, Milei y otros apuntes sobre coyuntura pol\u00edtica Argentina - El Sol","og_description":"Escribe Shanti Benvenuto | CS Paso de los Toros Santiago Caputo Desde la asunci\u00f3n presidencial de Javier Milei, la discusi\u00f3n en Argentina se","og_url":"https:\/\/elsol.ps.org.uy\/index.php\/2024\/08\/14\/santiago-caputo-milei-y-otros-apuntes-sobre-coyuntura-politica-argentina\/","og_site_name":"El Sol","article_published_time":"2024-08-14T17:45:24+00:00","article_modified_time":"2024-08-14T17:45:28+00:00","og_image":[{"width":1280,"height":960,"url":"https:\/\/elsol.ps.org.uy\/wp-content\/uploads\/2024\/08\/Santiago-Caputo-Milei-y-otros-apuntes-sobre-coyuntura-politica-Argentina-foto.jpg","type":"image\/jpeg"}],"author":"El Sol","twitter_card":"summary_large_image","twitter_misc":{"Escrito por":"El Sol","Tiempo de lectura":"6 minutos"},"schema":{"@context":"https:\/\/schema.org","@graph":[{"@type":"Article","@id":"https:\/\/elsol.ps.org.uy\/index.php\/2024\/08\/14\/santiago-caputo-milei-y-otros-apuntes-sobre-coyuntura-politica-argentina\/#article","isPartOf":{"@id":"https:\/\/elsol.ps.org.uy\/index.php\/2024\/08\/14\/santiago-caputo-milei-y-otros-apuntes-sobre-coyuntura-politica-argentina\/"},"author":{"name":"El Sol","@id":"https:\/\/elsol.ps.org.uy\/#\/schema\/person\/9642a61f31473fe97857228bf33277f6"},"headline":"Santiago Caputo, Milei y otros apuntes sobre coyuntura pol\u00edtica Argentina","datePublished":"2024-08-14T17:45:24+00:00","dateModified":"2024-08-14T17:45:28+00:00","mainEntityOfPage":{"@id":"https:\/\/elsol.ps.org.uy\/index.php\/2024\/08\/14\/santiago-caputo-milei-y-otros-apuntes-sobre-coyuntura-politica-argentina\/"},"wordCount":1147,"commentCount":0,"image":{"@id":"https:\/\/elsol.ps.org.uy\/index.php\/2024\/08\/14\/santiago-caputo-milei-y-otros-apuntes-sobre-coyuntura-politica-argentina\/#primaryimage"},"thumbnailUrl":"https:\/\/elsol.ps.org.uy\/wp-content\/uploads\/2024\/08\/Santiago-Caputo-Milei-y-otros-apuntes-sobre-coyuntura-politica-Argentina-foto.jpg","articleSection":["El Sol","El Sol \u2013 N\u00ba 40 \u2013 Agosto 2024","\u2060Internacional","Shanti Benvenuto"],"inLanguage":"es","potentialAction":[{"@type":"CommentAction","name":"Comment","target":["https:\/\/elsol.ps.org.uy\/index.php\/2024\/08\/14\/santiago-caputo-milei-y-otros-apuntes-sobre-coyuntura-politica-argentina\/#respond"]}]},{"@type":"WebPage","@id":"https:\/\/elsol.ps.org.uy\/index.php\/2024\/08\/14\/santiago-caputo-milei-y-otros-apuntes-sobre-coyuntura-politica-argentina\/","url":"https:\/\/elsol.ps.org.uy\/index.php\/2024\/08\/14\/santiago-caputo-milei-y-otros-apuntes-sobre-coyuntura-politica-argentina\/","name":"Santiago Caputo, Milei y otros apuntes sobre coyuntura pol\u00edtica Argentina - El Sol","isPartOf":{"@id":"https:\/\/elsol.ps.org.uy\/#website"},"primaryImageOfPage":{"@id":"https:\/\/elsol.ps.org.uy\/index.php\/2024\/08\/14\/santiago-caputo-milei-y-otros-apuntes-sobre-coyuntura-politica-argentina\/#primaryimage"},"image":{"@id":"https:\/\/elsol.ps.org.uy\/index.php\/2024\/08\/14\/santiago-caputo-milei-y-otros-apuntes-sobre-coyuntura-politica-argentina\/#primaryimage"},"thumbnailUrl":"https:\/\/elsol.ps.org.uy\/wp-content\/uploads\/2024\/08\/Santiago-Caputo-Milei-y-otros-apuntes-sobre-coyuntura-politica-Argentina-foto.jpg","datePublished":"2024-08-14T17:45:24+00:00","dateModified":"2024-08-14T17:45:28+00:00","author":{"@id":"https:\/\/elsol.ps.org.uy\/#\/schema\/person\/9642a61f31473fe97857228bf33277f6"},"breadcrumb":{"@id":"https:\/\/elsol.ps.org.uy\/index.php\/2024\/08\/14\/santiago-caputo-milei-y-otros-apuntes-sobre-coyuntura-politica-argentina\/#breadcrumb"},"inLanguage":"es","potentialAction":[{"@type":"ReadAction","target":["https:\/\/elsol.ps.org.uy\/index.php\/2024\/08\/14\/santiago-caputo-milei-y-otros-apuntes-sobre-coyuntura-politica-argentina\/"]}]},{"@type":"ImageObject","inLanguage":"es","@id":"https:\/\/elsol.ps.org.uy\/index.php\/2024\/08\/14\/santiago-caputo-milei-y-otros-apuntes-sobre-coyuntura-politica-argentina\/#primaryimage","url":"https:\/\/elsol.ps.org.uy\/wp-content\/uploads\/2024\/08\/Santiago-Caputo-Milei-y-otros-apuntes-sobre-coyuntura-politica-Argentina-foto.jpg","contentUrl":"https:\/\/elsol.ps.org.uy\/wp-content\/uploads\/2024\/08\/Santiago-Caputo-Milei-y-otros-apuntes-sobre-coyuntura-politica-Argentina-foto.jpg","width":1280,"height":960},{"@type":"BreadcrumbList","@id":"https:\/\/elsol.ps.org.uy\/index.php\/2024\/08\/14\/santiago-caputo-milei-y-otros-apuntes-sobre-coyuntura-politica-argentina\/#breadcrumb","itemListElement":[{"@type":"ListItem","position":1,"name":"Portada","item":"https:\/\/elsol.ps.org.uy\/"},{"@type":"ListItem","position":2,"name":"Santiago Caputo, Milei y otros apuntes sobre coyuntura pol\u00edtica Argentina"}]},{"@type":"WebSite","@id":"https:\/\/elsol.ps.org.uy\/#website","url":"https:\/\/elsol.ps.org.uy\/","name":"El Sol","description":"Organo del Partido Socialista - Frente Amplio","potentialAction":[{"@type":"SearchAction","target":{"@type":"EntryPoint","urlTemplate":"https:\/\/elsol.ps.org.uy\/?s={search_term_string}"},"query-input":{"@type":"PropertyValueSpecification","valueRequired":true,"valueName":"search_term_string"}}],"inLanguage":"es"},{"@type":"Person","@id":"https:\/\/elsol.ps.org.uy\/#\/schema\/person\/9642a61f31473fe97857228bf33277f6","name":"El Sol","image":{"@type":"ImageObject","inLanguage":"es","@id":"https:\/\/secure.gravatar.com\/avatar\/e14a39081cff84ca4b5657918d3e15ebebf0ca4cee0bb3b81200271ee78d4b9c?s=96&d=mm&r=g","url":"https:\/\/secure.gravatar.com\/avatar\/e14a39081cff84ca4b5657918d3e15ebebf0ca4cee0bb3b81200271ee78d4b9c?s=96&d=mm&r=g","contentUrl":"https:\/\/secure.gravatar.com\/avatar\/e14a39081cff84ca4b5657918d3e15ebebf0ca4cee0bb3b81200271ee78d4b9c?s=96&d=mm&r=g","caption":"El Sol"},"url":"https:\/\/elsol.ps.org.uy\/index.php\/author\/eugenia\/"}]}},"jetpack_featured_media_url":"https:\/\/elsol.ps.org.uy\/wp-content\/uploads\/2024\/08\/Santiago-Caputo-Milei-y-otros-apuntes-sobre-coyuntura-politica-Argentina-foto.jpg","_links":{"self":[{"href":"https:\/\/elsol.ps.org.uy\/index.php\/wp-json\/wp\/v2\/posts\/13789","targetHints":{"allow":["GET"]}}],"collection":[{"href":"https:\/\/elsol.ps.org.uy\/index.php\/wp-json\/wp\/v2\/posts"}],"about":[{"href":"https:\/\/elsol.ps.org.uy\/index.php\/wp-json\/wp\/v2\/types\/post"}],"author":[{"embeddable":true,"href":"https:\/\/elsol.ps.org.uy\/index.php\/wp-json\/wp\/v2\/users\/2"}],"replies":[{"embeddable":true,"href":"https:\/\/elsol.ps.org.uy\/index.php\/wp-json\/wp\/v2\/comments?post=13789"}],"version-history":[{"count":1,"href":"https:\/\/elsol.ps.org.uy\/index.php\/wp-json\/wp\/v2\/posts\/13789\/revisions"}],"predecessor-version":[{"id":13791,"href":"https:\/\/elsol.ps.org.uy\/index.php\/wp-json\/wp\/v2\/posts\/13789\/revisions\/13791"}],"wp:featuredmedia":[{"embeddable":true,"href":"https:\/\/elsol.ps.org.uy\/index.php\/wp-json\/wp\/v2\/media\/13790"}],"wp:attachment":[{"href":"https:\/\/elsol.ps.org.uy\/index.php\/wp-json\/wp\/v2\/media?parent=13789"}],"wp:term":[{"taxonomy":"category","embeddable":true,"href":"https:\/\/elsol.ps.org.uy\/index.php\/wp-json\/wp\/v2\/categories?post=13789"},{"taxonomy":"post_tag","embeddable":true,"href":"https:\/\/elsol.ps.org.uy\/index.php\/wp-json\/wp\/v2\/tags?post=13789"}],"curies":[{"name":"wp","href":"https:\/\/api.w.org\/{rel}","templated":true}]}}