{"id":13807,"date":"2024-10-22T17:36:29","date_gmt":"2024-10-22T20:36:29","guid":{"rendered":"https:\/\/elsol.ps.org.uy\/?p=13807"},"modified":"2024-10-22T17:42:15","modified_gmt":"2024-10-22T20:42:15","slug":"casa-del-pueblo-retorna-a-sus-duenos","status":"publish","type":"post","link":"https:\/\/elsol.ps.org.uy\/index.php\/2024\/10\/22\/casa-del-pueblo-retorna-a-sus-duenos\/","title":{"rendered":"Casa del Pueblo retorna a sus due\u00f1os\u00a0"},"content":{"rendered":"\n<p class=\"has-text-align-right\"><em>Escribe Garabed Arakelian<\/em><\/p>\n\n\n\n<p>Aquel 22 de agosto fue un t\u00edpico d\u00eda de invierno, terco, empe\u00f1ado en quedarse. Lo recuerdo h\u00famedo y fr\u00edo, con tristeza de gris.&nbsp;<\/p>\n\n\n\n<p>Est\u00e1bamos en 1984 y la dictadura, encapotada como el cielo, ensayaba los primeros amagos de apertura. Sobre el mediod\u00eda me lleg\u00f3 un aviso de Chifflet: quer\u00eda verme. Generalmente nos encontr\u00e1bamos en la agencia de publicidad donde \u00e9l trabajaba.&nbsp; Yo era conocido de los propietarios y, de vez en cuando, tambi\u00e9n sol\u00eda ir por razones de trabajo, de modo que mi presencia no era&nbsp; extra\u00f1a. Adem\u00e1s, los encuentros con el Yuyo, eran eso: encuentros, que no superaban los diez minutos.&nbsp;<\/p>\n\n\n\n<p>Llegu\u00e9&nbsp; en las primeras horas de la tarde y Chifflet sonriente me dijo: \u201cEs casi seguro que hoy nos devuelven Casa del Pueblo. Avisale a todos los conocidos, yo estoy en eso\u201d. Aunque el tema de la devoluci\u00f3n estaba, junto con muchos otros sobre la mesa de negociaci\u00f3n, me tom\u00f3 de sorpresa. No lo esperaba tan inmediato. El encuentro fue muy corto pues era para echar a correr el dato y citarnos ante la puerta de Casa del Pueblo. No hab\u00eda hora indicada, por lo tanto hab\u00eda que dominar la ansiedad, pasar el aviso y estar \u201cen la vuelta\u201d: esperando. Al principio \u00e9ramos unos pocos. Pero con el paso de las horas, fue aumentando el n\u00famero de quienes aparentando inocencia pasaban, una y otra vez, por la vereda de enfrente a Casa del Pueblo, hasta que ya cansados de la \u201cvuelta manzana\u201d y de cruzarnos saludando con una sonrisa que aparentaba inocencia, decidimos pararnos ante la puerta tapiada.&nbsp;<\/p>\n\n\n\n<p>\u00c9ramos cada vez m\u00e1s, mujeres y varones, repletos de preguntas pero sin hablar,&nbsp; ansiosos, mientras rumores y esperanzas apuraban el minutero. A intervalos llegaban las informaciones: \u201cCardoso sigue en la Jefatura reclamando la entrega. Hay que aguantar\u201d. Pero&nbsp; \u00bfqu\u00e9 pasaba? \u00bfPor qu\u00e9 tanta demora? No se sab\u00eda, pero se supon\u00eda que los militares quer\u00edan fastidiar un poco m\u00e1s y le daban vueltas al asunto. Es que Casa del Pueblo fue tomada, ocupada y vaciada. Cuando se fueron, cerraron, \u00bfPasaron la llave? Para qu\u00e9 si la tapiaron. Pero buscaban una llave que demoraban en encontrar. Hasta que, apareci\u00f3 un oficial y se la entreg\u00f3 a Cardoso. Entretanto, \u201cla vuelta a la manzana\u201d hab\u00eda cesado y los api\u00f1ados ante la puerta ya ocupaban la calzada enlenteciendo el tr\u00e1nsito. Todos mir\u00e1bamos hacia \u201cla esquina de arriba\u201d, Soriano y Yi, el boliche de Alfredo, en cruz con \u201cel Picot\u00edn\u201d, pues deduc\u00edamos que por all\u00ed, aparecer\u00edan Cardoso y los compa\u00f1eros que estaban con \u00e9l. Chifflet, chasque infatigable, me localiz\u00f3 para encomendarme que me plantara, en la misma puerta de Casa del Pueblo, para que Cardoso tuviera una referencia conocida. Apenas pasadas las seis, con las primeras sombras se encendieron las luces, escasas y macilentas, del alumbrado p\u00fablico; pero el pavimento h\u00famedo absorb\u00eda esos t\u00edmidos destellos sin devolverlos. La humedad, a ratos se hac\u00eda llovizna, y el escenario acentuaba nuestra desaz\u00f3n, angustiados ante la posibilidad de vivir una expectativa frustrada. Pero dur\u00f3 pocos minutos, ya que pronto&nbsp; se encendieron los faros de los autos, se replegaron las penumbras y alguien grit\u00f3: \u201cAh\u00ed viene Cardoso bajando por Soriano\u201d. En efecto, ven\u00eda lento, rodeado por un enjambre que entre saludos y preguntas no le daba respiro. El Yuyo ven\u00eda delante, despegado del grupo. Cuando se arrim\u00f3 le pregunt\u00e9 \u201cFlaco, \u00bfc\u00f3mo hacemos para entrar?\u201d \u201cNo te preocupes\u201d, me dijo y desapareci\u00f3. Cardoso llegaba en ese momento y, cosa no muy com\u00fan en \u00e9l, me dio un abrazo. Estaba emocionado y se le notaba. \u201c\u00bfUd. sabe c\u00f3mo&nbsp; seguimos?\u201d, \u201csi, ya vienen unos compa\u00f1eros con herramientas\u201d le dije, nervioso porque no sab\u00eda m\u00e1s que eso, cuando abri\u00e9ndose paso entre la gente apareci\u00f3 Mario F\u00edgoli, haci\u00e9ndome se\u00f1as que, deduje, ten\u00edan que ver con el tema. Mi memoria registr\u00f3 el momento como una fotograf\u00eda: Cardoso qued\u00f3 al centro frente a la tapia, yo, de espalda a la calle Y\u00ed mirando hacia lo que en aquel tiempo era Cuareim. Mario ven\u00eda en sentido contrario, con un gab\u00e1n o campera, de color verde, holgado, con la cremallera abierta, apretaba algo bajo su brazo izquierdo, meti\u00f3 la mano derecha y la sac\u00f3 mostrando una&nbsp; maceta que puso en manos de Cardoso, con una recomendaci\u00f3n: \u201ccon cuidado, compa\u00f1ero, mire que es pesada\u201d, le dijo, \u201cmejor as\u00ed\u201d, respondi\u00f3 Jos\u00e9 Pedro y de inmediato se perfil\u00f3 ante la tapia y comenz\u00f3 a derribarla a marronazo limpio, como se dijo despu\u00e9s. La fotograf\u00eda muestra adem\u00e1s la rabia reflejada en su rostro (La maceta, se guard\u00f3 y hasta hoy se exhibe en el rellano de la escalera en Casa del Pueblo).&nbsp; Los golpes eran efectivos, con cada impacto se part\u00eda un trozo de bloque, hasta que&nbsp; comenz\u00f3 a verse la vieja y oscura madera que tantas veces atravesamos, tantas y tantos de nosotros. Pero ten\u00edamos compa\u00f1eros m\u00e1s osados que, horas antes,&nbsp; hab\u00edan solicitado permiso a los vecinos y desde la azotea hab\u00edan pasado a Casa del Pueblo, dando un salto temerario. Ellos estaban adentro y ayudaron (Entre ellos estaba Andr\u00e9s C\u00e1mara, recientemente fallecido, y con este recuerdo rindo homenaje a su memoria). Cardoso se hizo a un lado buscando descanso y dejando paso&nbsp; al alud humano que irrumpi\u00f3, a empujones y traspi\u00e9s en nuestra Casa del Pueblo, que ol\u00eda a encierro,&nbsp; humedad y abandono. No hab\u00eda luz y adentro era un hoyo oscuro que quer\u00eda impedir el avance. Sin embargo, compa\u00f1eras y compa\u00f1eros socialistas retomaron el espacio y lo llenaron de inmediato con sus voces, risas y l\u00e1grimas. La luz agonizante de los encendedores trepaba por las paredes, haciendo huir los fantasmas. Volv\u00eda a ser nuestra Casa del Pueblo. Estuve poco tiempo adentro, apenas unos minutos. En la puerta estaban Cardoso, radiante, y Chifflet plet\u00f3rico, me mostr\u00f3 lo que encontr\u00f3&nbsp; en el piso de la&nbsp; biblioteca vandalizada con sa\u00f1a. La escena inmediata ya ha sido narrada en otra oportunidad, quiz\u00e1s haya compa\u00f1eros que la conserven y otros que tengan nuevas y enriquecedoras versiones. Yo paro aqu\u00ed mi relato, y lo dejo como obsequio a las y los socialistas, que no vivieron esa historia pero son continuadores de ella, para&nbsp; que no queden con las ra\u00edces al aire.&nbsp;<\/p>\n","protected":false},"excerpt":{"rendered":"Escribe Garabed Arakelian Aquel 22 de agosto fue un t\u00edpico d\u00eda de invierno, terco, empe\u00f1ado en quedarse. Lo recuerdo h\u00famedo y fr\u00edo, con \n<a class=\"moretag\" href=\"https:\/\/elsol.ps.org.uy\/index.php\/2024\/10\/22\/casa-del-pueblo-retorna-a-sus-duenos\/\"> [...]<\/a>","protected":false},"author":2,"featured_media":13812,"comment_status":"open","ping_status":"closed","sticky":false,"template":"","format":"standard","meta":{"footnotes":""},"categories":[30,36,82,83,55],"tags":[],"class_list":["post-13807","post","type-post","status-publish","format-standard","has-post-thumbnail","hentry","category-destacadas","category-el-sol","category-el-sol-no-41-octubre-2024","category-garabed-arakelian","category-institucional"],"yoast_head":"<!-- This site is optimized with the Yoast SEO plugin v27.5 - https:\/\/yoast.com\/product\/yoast-seo-wordpress\/ -->\n<title>Casa del Pueblo retorna a sus due\u00f1os\u00a0 - El Sol<\/title>\n<meta name=\"robots\" content=\"index, follow, max-snippet:-1, max-image-preview:large, max-video-preview:-1\" \/>\n<link rel=\"canonical\" href=\"https:\/\/elsol.ps.org.uy\/index.php\/2024\/10\/22\/casa-del-pueblo-retorna-a-sus-duenos\/\" \/>\n<meta property=\"og:locale\" content=\"es_ES\" \/>\n<meta property=\"og:type\" content=\"article\" \/>\n<meta property=\"og:title\" content=\"Casa del Pueblo retorna a sus due\u00f1os\u00a0 - El Sol\" \/>\n<meta property=\"og:description\" content=\"Escribe Garabed Arakelian Aquel 22 de agosto fue un t\u00edpico d\u00eda de invierno, terco, empe\u00f1ado en quedarse. Lo recuerdo h\u00famedo y fr\u00edo, con\" \/>\n<meta property=\"og:url\" content=\"https:\/\/elsol.ps.org.uy\/index.php\/2024\/10\/22\/casa-del-pueblo-retorna-a-sus-duenos\/\" \/>\n<meta property=\"og:site_name\" content=\"El Sol\" \/>\n<meta property=\"article:published_time\" content=\"2024-10-22T20:36:29+00:00\" \/>\n<meta property=\"article:modified_time\" content=\"2024-10-22T20:42:15+00:00\" \/>\n<meta property=\"og:image\" content=\"https:\/\/elsol.ps.org.uy\/wp-content\/uploads\/2024\/10\/Mesa-de-trabajo-44-100.jpg\" \/>\n\t<meta property=\"og:image:width\" content=\"735\" \/>\n\t<meta property=\"og:image:height\" content=\"360\" \/>\n\t<meta property=\"og:image:type\" content=\"image\/jpeg\" \/>\n<meta name=\"author\" content=\"El Sol\" \/>\n<meta name=\"twitter:card\" content=\"summary_large_image\" \/>\n<meta name=\"twitter:label1\" content=\"Escrito por\" \/>\n\t<meta name=\"twitter:data1\" content=\"El Sol\" \/>\n\t<meta name=\"twitter:label2\" content=\"Tiempo de lectura\" \/>\n\t<meta name=\"twitter:data2\" content=\"5 minutos\" \/>\n<script type=\"application\/ld+json\" class=\"yoast-schema-graph\">{\"@context\":\"https:\\\/\\\/schema.org\",\"@graph\":[{\"@type\":\"Article\",\"@id\":\"https:\\\/\\\/elsol.ps.org.uy\\\/index.php\\\/2024\\\/10\\\/22\\\/casa-del-pueblo-retorna-a-sus-duenos\\\/#article\",\"isPartOf\":{\"@id\":\"https:\\\/\\\/elsol.ps.org.uy\\\/index.php\\\/2024\\\/10\\\/22\\\/casa-del-pueblo-retorna-a-sus-duenos\\\/\"},\"author\":{\"name\":\"El Sol\",\"@id\":\"https:\\\/\\\/elsol.ps.org.uy\\\/#\\\/schema\\\/person\\\/9642a61f31473fe97857228bf33277f6\"},\"headline\":\"Casa del Pueblo retorna a sus due\u00f1os\u00a0\",\"datePublished\":\"2024-10-22T20:36:29+00:00\",\"dateModified\":\"2024-10-22T20:42:15+00:00\",\"mainEntityOfPage\":{\"@id\":\"https:\\\/\\\/elsol.ps.org.uy\\\/index.php\\\/2024\\\/10\\\/22\\\/casa-del-pueblo-retorna-a-sus-duenos\\\/\"},\"wordCount\":1124,\"commentCount\":0,\"image\":{\"@id\":\"https:\\\/\\\/elsol.ps.org.uy\\\/index.php\\\/2024\\\/10\\\/22\\\/casa-del-pueblo-retorna-a-sus-duenos\\\/#primaryimage\"},\"thumbnailUrl\":\"https:\\\/\\\/elsol.ps.org.uy\\\/wp-content\\\/uploads\\\/2024\\\/10\\\/Mesa-de-trabajo-44-100.jpg\",\"articleSection\":[\"Destacadas\",\"El Sol\",\"El Sol \u2013 N\u00ba 41 \u2013 Octubre 2024\",\"Garabed Arakelian\",\"Institucional\"],\"inLanguage\":\"es\",\"potentialAction\":[{\"@type\":\"CommentAction\",\"name\":\"Comment\",\"target\":[\"https:\\\/\\\/elsol.ps.org.uy\\\/index.php\\\/2024\\\/10\\\/22\\\/casa-del-pueblo-retorna-a-sus-duenos\\\/#respond\"]}]},{\"@type\":\"WebPage\",\"@id\":\"https:\\\/\\\/elsol.ps.org.uy\\\/index.php\\\/2024\\\/10\\\/22\\\/casa-del-pueblo-retorna-a-sus-duenos\\\/\",\"url\":\"https:\\\/\\\/elsol.ps.org.uy\\\/index.php\\\/2024\\\/10\\\/22\\\/casa-del-pueblo-retorna-a-sus-duenos\\\/\",\"name\":\"Casa del Pueblo retorna a sus due\u00f1os\u00a0 - El Sol\",\"isPartOf\":{\"@id\":\"https:\\\/\\\/elsol.ps.org.uy\\\/#website\"},\"primaryImageOfPage\":{\"@id\":\"https:\\\/\\\/elsol.ps.org.uy\\\/index.php\\\/2024\\\/10\\\/22\\\/casa-del-pueblo-retorna-a-sus-duenos\\\/#primaryimage\"},\"image\":{\"@id\":\"https:\\\/\\\/elsol.ps.org.uy\\\/index.php\\\/2024\\\/10\\\/22\\\/casa-del-pueblo-retorna-a-sus-duenos\\\/#primaryimage\"},\"thumbnailUrl\":\"https:\\\/\\\/elsol.ps.org.uy\\\/wp-content\\\/uploads\\\/2024\\\/10\\\/Mesa-de-trabajo-44-100.jpg\",\"datePublished\":\"2024-10-22T20:36:29+00:00\",\"dateModified\":\"2024-10-22T20:42:15+00:00\",\"author\":{\"@id\":\"https:\\\/\\\/elsol.ps.org.uy\\\/#\\\/schema\\\/person\\\/9642a61f31473fe97857228bf33277f6\"},\"breadcrumb\":{\"@id\":\"https:\\\/\\\/elsol.ps.org.uy\\\/index.php\\\/2024\\\/10\\\/22\\\/casa-del-pueblo-retorna-a-sus-duenos\\\/#breadcrumb\"},\"inLanguage\":\"es\",\"potentialAction\":[{\"@type\":\"ReadAction\",\"target\":[\"https:\\\/\\\/elsol.ps.org.uy\\\/index.php\\\/2024\\\/10\\\/22\\\/casa-del-pueblo-retorna-a-sus-duenos\\\/\"]}]},{\"@type\":\"ImageObject\",\"inLanguage\":\"es\",\"@id\":\"https:\\\/\\\/elsol.ps.org.uy\\\/index.php\\\/2024\\\/10\\\/22\\\/casa-del-pueblo-retorna-a-sus-duenos\\\/#primaryimage\",\"url\":\"https:\\\/\\\/elsol.ps.org.uy\\\/wp-content\\\/uploads\\\/2024\\\/10\\\/Mesa-de-trabajo-44-100.jpg\",\"contentUrl\":\"https:\\\/\\\/elsol.ps.org.uy\\\/wp-content\\\/uploads\\\/2024\\\/10\\\/Mesa-de-trabajo-44-100.jpg\",\"width\":735,\"height\":360},{\"@type\":\"BreadcrumbList\",\"@id\":\"https:\\\/\\\/elsol.ps.org.uy\\\/index.php\\\/2024\\\/10\\\/22\\\/casa-del-pueblo-retorna-a-sus-duenos\\\/#breadcrumb\",\"itemListElement\":[{\"@type\":\"ListItem\",\"position\":1,\"name\":\"Portada\",\"item\":\"https:\\\/\\\/elsol.ps.org.uy\\\/\"},{\"@type\":\"ListItem\",\"position\":2,\"name\":\"Casa del Pueblo retorna a sus due\u00f1os\u00a0\"}]},{\"@type\":\"WebSite\",\"@id\":\"https:\\\/\\\/elsol.ps.org.uy\\\/#website\",\"url\":\"https:\\\/\\\/elsol.ps.org.uy\\\/\",\"name\":\"El Sol\",\"description\":\"Organo del Partido Socialista - Frente Amplio\",\"potentialAction\":[{\"@type\":\"SearchAction\",\"target\":{\"@type\":\"EntryPoint\",\"urlTemplate\":\"https:\\\/\\\/elsol.ps.org.uy\\\/?s={search_term_string}\"},\"query-input\":{\"@type\":\"PropertyValueSpecification\",\"valueRequired\":true,\"valueName\":\"search_term_string\"}}],\"inLanguage\":\"es\"},{\"@type\":\"Person\",\"@id\":\"https:\\\/\\\/elsol.ps.org.uy\\\/#\\\/schema\\\/person\\\/9642a61f31473fe97857228bf33277f6\",\"name\":\"El Sol\",\"image\":{\"@type\":\"ImageObject\",\"inLanguage\":\"es\",\"@id\":\"https:\\\/\\\/secure.gravatar.com\\\/avatar\\\/e14a39081cff84ca4b5657918d3e15ebebf0ca4cee0bb3b81200271ee78d4b9c?s=96&d=mm&r=g\",\"url\":\"https:\\\/\\\/secure.gravatar.com\\\/avatar\\\/e14a39081cff84ca4b5657918d3e15ebebf0ca4cee0bb3b81200271ee78d4b9c?s=96&d=mm&r=g\",\"contentUrl\":\"https:\\\/\\\/secure.gravatar.com\\\/avatar\\\/e14a39081cff84ca4b5657918d3e15ebebf0ca4cee0bb3b81200271ee78d4b9c?s=96&d=mm&r=g\",\"caption\":\"El Sol\"},\"url\":\"https:\\\/\\\/elsol.ps.org.uy\\\/index.php\\\/author\\\/eugenia\\\/\"}]}<\/script>\n<!-- \/ Yoast SEO plugin. -->","yoast_head_json":{"title":"Casa del Pueblo retorna a sus due\u00f1os\u00a0 - El Sol","robots":{"index":"index","follow":"follow","max-snippet":"max-snippet:-1","max-image-preview":"max-image-preview:large","max-video-preview":"max-video-preview:-1"},"canonical":"https:\/\/elsol.ps.org.uy\/index.php\/2024\/10\/22\/casa-del-pueblo-retorna-a-sus-duenos\/","og_locale":"es_ES","og_type":"article","og_title":"Casa del Pueblo retorna a sus due\u00f1os\u00a0 - El Sol","og_description":"Escribe Garabed Arakelian Aquel 22 de agosto fue un t\u00edpico d\u00eda de invierno, terco, empe\u00f1ado en quedarse. Lo recuerdo h\u00famedo y fr\u00edo, con","og_url":"https:\/\/elsol.ps.org.uy\/index.php\/2024\/10\/22\/casa-del-pueblo-retorna-a-sus-duenos\/","og_site_name":"El Sol","article_published_time":"2024-10-22T20:36:29+00:00","article_modified_time":"2024-10-22T20:42:15+00:00","og_image":[{"width":735,"height":360,"url":"https:\/\/elsol.ps.org.uy\/wp-content\/uploads\/2024\/10\/Mesa-de-trabajo-44-100.jpg","type":"image\/jpeg"}],"author":"El Sol","twitter_card":"summary_large_image","twitter_misc":{"Escrito por":"El Sol","Tiempo de lectura":"5 minutos"},"schema":{"@context":"https:\/\/schema.org","@graph":[{"@type":"Article","@id":"https:\/\/elsol.ps.org.uy\/index.php\/2024\/10\/22\/casa-del-pueblo-retorna-a-sus-duenos\/#article","isPartOf":{"@id":"https:\/\/elsol.ps.org.uy\/index.php\/2024\/10\/22\/casa-del-pueblo-retorna-a-sus-duenos\/"},"author":{"name":"El Sol","@id":"https:\/\/elsol.ps.org.uy\/#\/schema\/person\/9642a61f31473fe97857228bf33277f6"},"headline":"Casa del Pueblo retorna a sus due\u00f1os\u00a0","datePublished":"2024-10-22T20:36:29+00:00","dateModified":"2024-10-22T20:42:15+00:00","mainEntityOfPage":{"@id":"https:\/\/elsol.ps.org.uy\/index.php\/2024\/10\/22\/casa-del-pueblo-retorna-a-sus-duenos\/"},"wordCount":1124,"commentCount":0,"image":{"@id":"https:\/\/elsol.ps.org.uy\/index.php\/2024\/10\/22\/casa-del-pueblo-retorna-a-sus-duenos\/#primaryimage"},"thumbnailUrl":"https:\/\/elsol.ps.org.uy\/wp-content\/uploads\/2024\/10\/Mesa-de-trabajo-44-100.jpg","articleSection":["Destacadas","El Sol","El Sol \u2013 N\u00ba 41 \u2013 Octubre 2024","Garabed Arakelian","Institucional"],"inLanguage":"es","potentialAction":[{"@type":"CommentAction","name":"Comment","target":["https:\/\/elsol.ps.org.uy\/index.php\/2024\/10\/22\/casa-del-pueblo-retorna-a-sus-duenos\/#respond"]}]},{"@type":"WebPage","@id":"https:\/\/elsol.ps.org.uy\/index.php\/2024\/10\/22\/casa-del-pueblo-retorna-a-sus-duenos\/","url":"https:\/\/elsol.ps.org.uy\/index.php\/2024\/10\/22\/casa-del-pueblo-retorna-a-sus-duenos\/","name":"Casa del Pueblo retorna a sus due\u00f1os\u00a0 - El Sol","isPartOf":{"@id":"https:\/\/elsol.ps.org.uy\/#website"},"primaryImageOfPage":{"@id":"https:\/\/elsol.ps.org.uy\/index.php\/2024\/10\/22\/casa-del-pueblo-retorna-a-sus-duenos\/#primaryimage"},"image":{"@id":"https:\/\/elsol.ps.org.uy\/index.php\/2024\/10\/22\/casa-del-pueblo-retorna-a-sus-duenos\/#primaryimage"},"thumbnailUrl":"https:\/\/elsol.ps.org.uy\/wp-content\/uploads\/2024\/10\/Mesa-de-trabajo-44-100.jpg","datePublished":"2024-10-22T20:36:29+00:00","dateModified":"2024-10-22T20:42:15+00:00","author":{"@id":"https:\/\/elsol.ps.org.uy\/#\/schema\/person\/9642a61f31473fe97857228bf33277f6"},"breadcrumb":{"@id":"https:\/\/elsol.ps.org.uy\/index.php\/2024\/10\/22\/casa-del-pueblo-retorna-a-sus-duenos\/#breadcrumb"},"inLanguage":"es","potentialAction":[{"@type":"ReadAction","target":["https:\/\/elsol.ps.org.uy\/index.php\/2024\/10\/22\/casa-del-pueblo-retorna-a-sus-duenos\/"]}]},{"@type":"ImageObject","inLanguage":"es","@id":"https:\/\/elsol.ps.org.uy\/index.php\/2024\/10\/22\/casa-del-pueblo-retorna-a-sus-duenos\/#primaryimage","url":"https:\/\/elsol.ps.org.uy\/wp-content\/uploads\/2024\/10\/Mesa-de-trabajo-44-100.jpg","contentUrl":"https:\/\/elsol.ps.org.uy\/wp-content\/uploads\/2024\/10\/Mesa-de-trabajo-44-100.jpg","width":735,"height":360},{"@type":"BreadcrumbList","@id":"https:\/\/elsol.ps.org.uy\/index.php\/2024\/10\/22\/casa-del-pueblo-retorna-a-sus-duenos\/#breadcrumb","itemListElement":[{"@type":"ListItem","position":1,"name":"Portada","item":"https:\/\/elsol.ps.org.uy\/"},{"@type":"ListItem","position":2,"name":"Casa del Pueblo retorna a sus due\u00f1os\u00a0"}]},{"@type":"WebSite","@id":"https:\/\/elsol.ps.org.uy\/#website","url":"https:\/\/elsol.ps.org.uy\/","name":"El Sol","description":"Organo del Partido Socialista - Frente Amplio","potentialAction":[{"@type":"SearchAction","target":{"@type":"EntryPoint","urlTemplate":"https:\/\/elsol.ps.org.uy\/?s={search_term_string}"},"query-input":{"@type":"PropertyValueSpecification","valueRequired":true,"valueName":"search_term_string"}}],"inLanguage":"es"},{"@type":"Person","@id":"https:\/\/elsol.ps.org.uy\/#\/schema\/person\/9642a61f31473fe97857228bf33277f6","name":"El Sol","image":{"@type":"ImageObject","inLanguage":"es","@id":"https:\/\/secure.gravatar.com\/avatar\/e14a39081cff84ca4b5657918d3e15ebebf0ca4cee0bb3b81200271ee78d4b9c?s=96&d=mm&r=g","url":"https:\/\/secure.gravatar.com\/avatar\/e14a39081cff84ca4b5657918d3e15ebebf0ca4cee0bb3b81200271ee78d4b9c?s=96&d=mm&r=g","contentUrl":"https:\/\/secure.gravatar.com\/avatar\/e14a39081cff84ca4b5657918d3e15ebebf0ca4cee0bb3b81200271ee78d4b9c?s=96&d=mm&r=g","caption":"El Sol"},"url":"https:\/\/elsol.ps.org.uy\/index.php\/author\/eugenia\/"}]}},"jetpack_featured_media_url":"https:\/\/elsol.ps.org.uy\/wp-content\/uploads\/2024\/10\/Mesa-de-trabajo-44-100.jpg","_links":{"self":[{"href":"https:\/\/elsol.ps.org.uy\/index.php\/wp-json\/wp\/v2\/posts\/13807","targetHints":{"allow":["GET"]}}],"collection":[{"href":"https:\/\/elsol.ps.org.uy\/index.php\/wp-json\/wp\/v2\/posts"}],"about":[{"href":"https:\/\/elsol.ps.org.uy\/index.php\/wp-json\/wp\/v2\/types\/post"}],"author":[{"embeddable":true,"href":"https:\/\/elsol.ps.org.uy\/index.php\/wp-json\/wp\/v2\/users\/2"}],"replies":[{"embeddable":true,"href":"https:\/\/elsol.ps.org.uy\/index.php\/wp-json\/wp\/v2\/comments?post=13807"}],"version-history":[{"count":1,"href":"https:\/\/elsol.ps.org.uy\/index.php\/wp-json\/wp\/v2\/posts\/13807\/revisions"}],"predecessor-version":[{"id":13813,"href":"https:\/\/elsol.ps.org.uy\/index.php\/wp-json\/wp\/v2\/posts\/13807\/revisions\/13813"}],"wp:featuredmedia":[{"embeddable":true,"href":"https:\/\/elsol.ps.org.uy\/index.php\/wp-json\/wp\/v2\/media\/13812"}],"wp:attachment":[{"href":"https:\/\/elsol.ps.org.uy\/index.php\/wp-json\/wp\/v2\/media?parent=13807"}],"wp:term":[{"taxonomy":"category","embeddable":true,"href":"https:\/\/elsol.ps.org.uy\/index.php\/wp-json\/wp\/v2\/categories?post=13807"},{"taxonomy":"post_tag","embeddable":true,"href":"https:\/\/elsol.ps.org.uy\/index.php\/wp-json\/wp\/v2\/tags?post=13807"}],"curies":[{"name":"wp","href":"https:\/\/api.w.org\/{rel}","templated":true}]}}