{"id":13817,"date":"2024-10-22T17:48:03","date_gmt":"2024-10-22T20:48:03","guid":{"rendered":"https:\/\/elsol.ps.org.uy\/?p=13817"},"modified":"2024-10-22T17:48:16","modified_gmt":"2024-10-22T20:48:16","slug":"se-nombra-artigas-chueco-barrios-a-una-sala-del-centro","status":"publish","type":"post","link":"https:\/\/elsol.ps.org.uy\/index.php\/2024\/10\/22\/se-nombra-artigas-chueco-barrios-a-una-sala-del-centro\/","title":{"rendered":"Se nombra Artigas \u201cChueco\u201d Barrios a una sala del Centro"},"content":{"rendered":"\n<p>Cultural de Cebollat\u00ed al conmemorarse los 10 a\u00f1os de la creaci\u00f3n del mismo<\/p>\n\n\n\n<p class=\"has-text-align-right\"><em>Escribe Iris Nadina Fern\u00e1ndez &#8211; Departamental de Rocha\u00a0<\/em><\/p>\n\n\n\n<p>Merecido homenaje al compa\u00f1ero socialista Artigas Barrios, que fuera el primer Diputado por el Frente Amplio y primer Intendente frenteamplista en el Departamento de Rocha.<\/p>\n\n\n\n<p>Al cumplirse 10 a\u00f1os de la creaci\u00f3n del Centro Cultural Lucas Techera, en la localidad de Cebollat\u00ed -distante 160 km de la Capital rochense-,&nbsp; con la presencia del Intendente de Rocha, de los ex Intendentes An\u00edbal Pereira y Alejo Umpi\u00e9rrez, adem\u00e1s de otras autoridades, compa\u00f1eras y compa\u00f1eros socialistas de Lascano y Cebollat\u00ed, se descubri\u00f3 una placa que designa una sala con su nombre.<\/p>\n\n\n\n<p>El \u201cChueco\u201d fue un gran Intendente en dos per\u00edodos consecutivos, durante los cuales el Departamento sali\u00f3 de la profunda crisis en la que estaba sumido en el a\u00f1o 2005, y realiz\u00f3 important\u00edsimas obras entre ellas m\u00e1s de 10 centros culturales. Estaba convencido de que la cultura es, adem\u00e1s de un derecho, un instrumento de liberaci\u00f3n de los pueblos. Pero \u00e9l adem\u00e1s ten\u00eda un v\u00ednculo especial con Cebollat\u00ed, pueblo en el que eran severas las inequidades sociales, econ\u00f3micas y culturales. Conoc\u00eda profundamente a su gente. Eso hizo que dedicara su tiempo a hacer eso \u201cde tratar diferentes a los que son diferentes\u201d para aspirar a la igualdad. No voy a enumerar la enorme cantidad de obras que impuls\u00f3, como viviendas, un gimnasio, etc. que cambiaron la vida de la gente.<\/p>\n\n\n\n<p>La creaci\u00f3n del Centro Cultural fue abrazado por la comunidad desde sus inicios, al punto que a poco de creado ya contaba con 21 cursos y otras actividades. A trav\u00e9s de \u00e9l, llegaron a ni\u00f1os y adultos el ballet, la m\u00fasica, las actividades deportivas, la gastronom\u00eda. Al mismo tiempo, se desarroll\u00f3 la cultura y los saberes locales, como la guasquer\u00eda.<\/p>\n\n\n\n<p>Es un hecho de justicia que una sala del Centro Lucas Techera lleve el nombre del \u201cChueco\u201d y que haya una placa que lo recuerde.<\/p>\n\n\n\n<p>Tuve el inmenso honor junto a mis compa\u00f1eras y compa\u00f1eros socialistas, que son sus compa\u00f1eros de Lascano y Cebollat\u00ed, de descubrir dicha placa.<\/p>\n\n\n\n<figure class=\"wp-block-image size-full\"><img loading=\"lazy\" decoding=\"async\" width=\"720\" height=\"411\" src=\"https:\/\/elsol.ps.org.uy\/wp-content\/uploads\/2024\/10\/Chueco-barrios-2.jpg\" alt=\"\" class=\"wp-image-13818\" srcset=\"https:\/\/elsol.ps.org.uy\/wp-content\/uploads\/2024\/10\/Chueco-barrios-2.jpg 720w, https:\/\/elsol.ps.org.uy\/wp-content\/uploads\/2024\/10\/Chueco-barrios-2-300x171.jpg 300w, https:\/\/elsol.ps.org.uy\/wp-content\/uploads\/2024\/10\/Chueco-barrios-2-388x220.jpg 388w, https:\/\/elsol.ps.org.uy\/wp-content\/uploads\/2024\/10\/Chueco-barrios-2-600x343.jpg 600w\" sizes=\"auto, (max-width: 720px) 100vw, 720px\" \/><\/figure>\n\n\n\n<figure class=\"wp-block-image size-full\"><img loading=\"lazy\" decoding=\"async\" width=\"689\" height=\"425\" src=\"https:\/\/elsol.ps.org.uy\/wp-content\/uploads\/2024\/10\/Chueco-Barrios-3.jpg\" alt=\"\" class=\"wp-image-13819\" srcset=\"https:\/\/elsol.ps.org.uy\/wp-content\/uploads\/2024\/10\/Chueco-Barrios-3.jpg 689w, https:\/\/elsol.ps.org.uy\/wp-content\/uploads\/2024\/10\/Chueco-Barrios-3-300x185.jpg 300w, https:\/\/elsol.ps.org.uy\/wp-content\/uploads\/2024\/10\/Chueco-Barrios-3-600x370.jpg 600w\" sizes=\"auto, (max-width: 689px) 100vw, 689px\" \/><\/figure>\n","protected":false},"excerpt":{"rendered":"Cultural de Cebollat\u00ed al conmemorarse los 10 a\u00f1os de la creaci\u00f3n del mismo Escribe Iris Nadina Fern\u00e1ndez &#8211; Departamental de Rocha\u00a0 Merecido homenaje \n<a class=\"moretag\" href=\"https:\/\/elsol.ps.org.uy\/index.php\/2024\/10\/22\/se-nombra-artigas-chueco-barrios-a-una-sala-del-centro\/\"> [...]<\/a>","protected":false},"author":2,"featured_media":13811,"comment_status":"open","ping_status":"closed","sticky":false,"template":"","format":"standard","meta":{"footnotes":""},"categories":[30,36,82,55,1],"tags":[],"class_list":["post-13817","post","type-post","status-publish","format-standard","has-post-thumbnail","hentry","category-destacadas","category-el-sol","category-el-sol-no-41-octubre-2024","category-institucional","category-nacional"],"yoast_head":"<!-- This site is optimized with the Yoast SEO plugin v27.5 - https:\/\/yoast.com\/product\/yoast-seo-wordpress\/ -->\n<title>Se nombra Artigas \u201cChueco\u201d Barrios a una sala del Centro - El Sol<\/title>\n<meta name=\"robots\" content=\"index, follow, max-snippet:-1, max-image-preview:large, max-video-preview:-1\" \/>\n<link rel=\"canonical\" href=\"https:\/\/elsol.ps.org.uy\/index.php\/2024\/10\/22\/se-nombra-artigas-chueco-barrios-a-una-sala-del-centro\/\" \/>\n<meta property=\"og:locale\" content=\"es_ES\" \/>\n<meta property=\"og:type\" content=\"article\" \/>\n<meta property=\"og:title\" content=\"Se nombra Artigas \u201cChueco\u201d Barrios a una sala del Centro - El Sol\" \/>\n<meta property=\"og:description\" content=\"Cultural de Cebollat\u00ed al conmemorarse los 10 a\u00f1os de la creaci\u00f3n del mismo Escribe Iris Nadina Fern\u00e1ndez &#8211; Departamental de Rocha\u00a0 Merecido homenaje\" \/>\n<meta property=\"og:url\" content=\"https:\/\/elsol.ps.org.uy\/index.php\/2024\/10\/22\/se-nombra-artigas-chueco-barrios-a-una-sala-del-centro\/\" \/>\n<meta property=\"og:site_name\" content=\"El Sol\" \/>\n<meta property=\"article:published_time\" content=\"2024-10-22T20:48:03+00:00\" \/>\n<meta property=\"article:modified_time\" content=\"2024-10-22T20:48:16+00:00\" \/>\n<meta property=\"og:image\" content=\"https:\/\/elsol.ps.org.uy\/wp-content\/uploads\/2024\/10\/Mesa-de-trabajo-43-100.jpg\" \/>\n\t<meta property=\"og:image:width\" content=\"735\" \/>\n\t<meta property=\"og:image:height\" content=\"360\" \/>\n\t<meta property=\"og:image:type\" content=\"image\/jpeg\" \/>\n<meta name=\"author\" content=\"El Sol\" \/>\n<meta name=\"twitter:card\" content=\"summary_large_image\" \/>\n<meta name=\"twitter:label1\" content=\"Escrito por\" \/>\n\t<meta name=\"twitter:data1\" content=\"El Sol\" \/>\n\t<meta name=\"twitter:label2\" content=\"Tiempo de lectura\" \/>\n\t<meta name=\"twitter:data2\" content=\"3 minutos\" \/>\n<script type=\"application\/ld+json\" class=\"yoast-schema-graph\">{\"@context\":\"https:\\\/\\\/schema.org\",\"@graph\":[{\"@type\":\"Article\",\"@id\":\"https:\\\/\\\/elsol.ps.org.uy\\\/index.php\\\/2024\\\/10\\\/22\\\/se-nombra-artigas-chueco-barrios-a-una-sala-del-centro\\\/#article\",\"isPartOf\":{\"@id\":\"https:\\\/\\\/elsol.ps.org.uy\\\/index.php\\\/2024\\\/10\\\/22\\\/se-nombra-artigas-chueco-barrios-a-una-sala-del-centro\\\/\"},\"author\":{\"name\":\"El Sol\",\"@id\":\"https:\\\/\\\/elsol.ps.org.uy\\\/#\\\/schema\\\/person\\\/9642a61f31473fe97857228bf33277f6\"},\"headline\":\"Se nombra Artigas \u201cChueco\u201d Barrios a una sala del Centro\",\"datePublished\":\"2024-10-22T20:48:03+00:00\",\"dateModified\":\"2024-10-22T20:48:16+00:00\",\"mainEntityOfPage\":{\"@id\":\"https:\\\/\\\/elsol.ps.org.uy\\\/index.php\\\/2024\\\/10\\\/22\\\/se-nombra-artigas-chueco-barrios-a-una-sala-del-centro\\\/\"},\"wordCount\":382,\"commentCount\":0,\"image\":{\"@id\":\"https:\\\/\\\/elsol.ps.org.uy\\\/index.php\\\/2024\\\/10\\\/22\\\/se-nombra-artigas-chueco-barrios-a-una-sala-del-centro\\\/#primaryimage\"},\"thumbnailUrl\":\"https:\\\/\\\/elsol.ps.org.uy\\\/wp-content\\\/uploads\\\/2024\\\/10\\\/Mesa-de-trabajo-43-100.jpg\",\"articleSection\":[\"Destacadas\",\"El Sol\",\"El Sol \u2013 N\u00ba 41 \u2013 Octubre 2024\",\"Institucional\",\"Nacional\"],\"inLanguage\":\"es\",\"potentialAction\":[{\"@type\":\"CommentAction\",\"name\":\"Comment\",\"target\":[\"https:\\\/\\\/elsol.ps.org.uy\\\/index.php\\\/2024\\\/10\\\/22\\\/se-nombra-artigas-chueco-barrios-a-una-sala-del-centro\\\/#respond\"]}]},{\"@type\":\"WebPage\",\"@id\":\"https:\\\/\\\/elsol.ps.org.uy\\\/index.php\\\/2024\\\/10\\\/22\\\/se-nombra-artigas-chueco-barrios-a-una-sala-del-centro\\\/\",\"url\":\"https:\\\/\\\/elsol.ps.org.uy\\\/index.php\\\/2024\\\/10\\\/22\\\/se-nombra-artigas-chueco-barrios-a-una-sala-del-centro\\\/\",\"name\":\"Se nombra Artigas \u201cChueco\u201d Barrios a una sala del Centro - El Sol\",\"isPartOf\":{\"@id\":\"https:\\\/\\\/elsol.ps.org.uy\\\/#website\"},\"primaryImageOfPage\":{\"@id\":\"https:\\\/\\\/elsol.ps.org.uy\\\/index.php\\\/2024\\\/10\\\/22\\\/se-nombra-artigas-chueco-barrios-a-una-sala-del-centro\\\/#primaryimage\"},\"image\":{\"@id\":\"https:\\\/\\\/elsol.ps.org.uy\\\/index.php\\\/2024\\\/10\\\/22\\\/se-nombra-artigas-chueco-barrios-a-una-sala-del-centro\\\/#primaryimage\"},\"thumbnailUrl\":\"https:\\\/\\\/elsol.ps.org.uy\\\/wp-content\\\/uploads\\\/2024\\\/10\\\/Mesa-de-trabajo-43-100.jpg\",\"datePublished\":\"2024-10-22T20:48:03+00:00\",\"dateModified\":\"2024-10-22T20:48:16+00:00\",\"author\":{\"@id\":\"https:\\\/\\\/elsol.ps.org.uy\\\/#\\\/schema\\\/person\\\/9642a61f31473fe97857228bf33277f6\"},\"breadcrumb\":{\"@id\":\"https:\\\/\\\/elsol.ps.org.uy\\\/index.php\\\/2024\\\/10\\\/22\\\/se-nombra-artigas-chueco-barrios-a-una-sala-del-centro\\\/#breadcrumb\"},\"inLanguage\":\"es\",\"potentialAction\":[{\"@type\":\"ReadAction\",\"target\":[\"https:\\\/\\\/elsol.ps.org.uy\\\/index.php\\\/2024\\\/10\\\/22\\\/se-nombra-artigas-chueco-barrios-a-una-sala-del-centro\\\/\"]}]},{\"@type\":\"ImageObject\",\"inLanguage\":\"es\",\"@id\":\"https:\\\/\\\/elsol.ps.org.uy\\\/index.php\\\/2024\\\/10\\\/22\\\/se-nombra-artigas-chueco-barrios-a-una-sala-del-centro\\\/#primaryimage\",\"url\":\"https:\\\/\\\/elsol.ps.org.uy\\\/wp-content\\\/uploads\\\/2024\\\/10\\\/Mesa-de-trabajo-43-100.jpg\",\"contentUrl\":\"https:\\\/\\\/elsol.ps.org.uy\\\/wp-content\\\/uploads\\\/2024\\\/10\\\/Mesa-de-trabajo-43-100.jpg\",\"width\":735,\"height\":360},{\"@type\":\"BreadcrumbList\",\"@id\":\"https:\\\/\\\/elsol.ps.org.uy\\\/index.php\\\/2024\\\/10\\\/22\\\/se-nombra-artigas-chueco-barrios-a-una-sala-del-centro\\\/#breadcrumb\",\"itemListElement\":[{\"@type\":\"ListItem\",\"position\":1,\"name\":\"Portada\",\"item\":\"https:\\\/\\\/elsol.ps.org.uy\\\/\"},{\"@type\":\"ListItem\",\"position\":2,\"name\":\"Se nombra Artigas \u201cChueco\u201d Barrios a una sala del Centro\"}]},{\"@type\":\"WebSite\",\"@id\":\"https:\\\/\\\/elsol.ps.org.uy\\\/#website\",\"url\":\"https:\\\/\\\/elsol.ps.org.uy\\\/\",\"name\":\"El Sol\",\"description\":\"Organo del Partido Socialista - Frente Amplio\",\"potentialAction\":[{\"@type\":\"SearchAction\",\"target\":{\"@type\":\"EntryPoint\",\"urlTemplate\":\"https:\\\/\\\/elsol.ps.org.uy\\\/?s={search_term_string}\"},\"query-input\":{\"@type\":\"PropertyValueSpecification\",\"valueRequired\":true,\"valueName\":\"search_term_string\"}}],\"inLanguage\":\"es\"},{\"@type\":\"Person\",\"@id\":\"https:\\\/\\\/elsol.ps.org.uy\\\/#\\\/schema\\\/person\\\/9642a61f31473fe97857228bf33277f6\",\"name\":\"El Sol\",\"image\":{\"@type\":\"ImageObject\",\"inLanguage\":\"es\",\"@id\":\"https:\\\/\\\/secure.gravatar.com\\\/avatar\\\/e14a39081cff84ca4b5657918d3e15ebebf0ca4cee0bb3b81200271ee78d4b9c?s=96&d=mm&r=g\",\"url\":\"https:\\\/\\\/secure.gravatar.com\\\/avatar\\\/e14a39081cff84ca4b5657918d3e15ebebf0ca4cee0bb3b81200271ee78d4b9c?s=96&d=mm&r=g\",\"contentUrl\":\"https:\\\/\\\/secure.gravatar.com\\\/avatar\\\/e14a39081cff84ca4b5657918d3e15ebebf0ca4cee0bb3b81200271ee78d4b9c?s=96&d=mm&r=g\",\"caption\":\"El Sol\"},\"url\":\"https:\\\/\\\/elsol.ps.org.uy\\\/index.php\\\/author\\\/eugenia\\\/\"}]}<\/script>\n<!-- \/ Yoast SEO plugin. -->","yoast_head_json":{"title":"Se nombra Artigas \u201cChueco\u201d Barrios a una sala del Centro - El Sol","robots":{"index":"index","follow":"follow","max-snippet":"max-snippet:-1","max-image-preview":"max-image-preview:large","max-video-preview":"max-video-preview:-1"},"canonical":"https:\/\/elsol.ps.org.uy\/index.php\/2024\/10\/22\/se-nombra-artigas-chueco-barrios-a-una-sala-del-centro\/","og_locale":"es_ES","og_type":"article","og_title":"Se nombra Artigas \u201cChueco\u201d Barrios a una sala del Centro - El Sol","og_description":"Cultural de Cebollat\u00ed al conmemorarse los 10 a\u00f1os de la creaci\u00f3n del mismo Escribe Iris Nadina Fern\u00e1ndez &#8211; Departamental de Rocha\u00a0 Merecido homenaje","og_url":"https:\/\/elsol.ps.org.uy\/index.php\/2024\/10\/22\/se-nombra-artigas-chueco-barrios-a-una-sala-del-centro\/","og_site_name":"El Sol","article_published_time":"2024-10-22T20:48:03+00:00","article_modified_time":"2024-10-22T20:48:16+00:00","og_image":[{"width":735,"height":360,"url":"https:\/\/elsol.ps.org.uy\/wp-content\/uploads\/2024\/10\/Mesa-de-trabajo-43-100.jpg","type":"image\/jpeg"}],"author":"El Sol","twitter_card":"summary_large_image","twitter_misc":{"Escrito por":"El Sol","Tiempo de lectura":"3 minutos"},"schema":{"@context":"https:\/\/schema.org","@graph":[{"@type":"Article","@id":"https:\/\/elsol.ps.org.uy\/index.php\/2024\/10\/22\/se-nombra-artigas-chueco-barrios-a-una-sala-del-centro\/#article","isPartOf":{"@id":"https:\/\/elsol.ps.org.uy\/index.php\/2024\/10\/22\/se-nombra-artigas-chueco-barrios-a-una-sala-del-centro\/"},"author":{"name":"El Sol","@id":"https:\/\/elsol.ps.org.uy\/#\/schema\/person\/9642a61f31473fe97857228bf33277f6"},"headline":"Se nombra Artigas \u201cChueco\u201d Barrios a una sala del Centro","datePublished":"2024-10-22T20:48:03+00:00","dateModified":"2024-10-22T20:48:16+00:00","mainEntityOfPage":{"@id":"https:\/\/elsol.ps.org.uy\/index.php\/2024\/10\/22\/se-nombra-artigas-chueco-barrios-a-una-sala-del-centro\/"},"wordCount":382,"commentCount":0,"image":{"@id":"https:\/\/elsol.ps.org.uy\/index.php\/2024\/10\/22\/se-nombra-artigas-chueco-barrios-a-una-sala-del-centro\/#primaryimage"},"thumbnailUrl":"https:\/\/elsol.ps.org.uy\/wp-content\/uploads\/2024\/10\/Mesa-de-trabajo-43-100.jpg","articleSection":["Destacadas","El Sol","El Sol \u2013 N\u00ba 41 \u2013 Octubre 2024","Institucional","Nacional"],"inLanguage":"es","potentialAction":[{"@type":"CommentAction","name":"Comment","target":["https:\/\/elsol.ps.org.uy\/index.php\/2024\/10\/22\/se-nombra-artigas-chueco-barrios-a-una-sala-del-centro\/#respond"]}]},{"@type":"WebPage","@id":"https:\/\/elsol.ps.org.uy\/index.php\/2024\/10\/22\/se-nombra-artigas-chueco-barrios-a-una-sala-del-centro\/","url":"https:\/\/elsol.ps.org.uy\/index.php\/2024\/10\/22\/se-nombra-artigas-chueco-barrios-a-una-sala-del-centro\/","name":"Se nombra Artigas \u201cChueco\u201d Barrios a una sala del Centro - El Sol","isPartOf":{"@id":"https:\/\/elsol.ps.org.uy\/#website"},"primaryImageOfPage":{"@id":"https:\/\/elsol.ps.org.uy\/index.php\/2024\/10\/22\/se-nombra-artigas-chueco-barrios-a-una-sala-del-centro\/#primaryimage"},"image":{"@id":"https:\/\/elsol.ps.org.uy\/index.php\/2024\/10\/22\/se-nombra-artigas-chueco-barrios-a-una-sala-del-centro\/#primaryimage"},"thumbnailUrl":"https:\/\/elsol.ps.org.uy\/wp-content\/uploads\/2024\/10\/Mesa-de-trabajo-43-100.jpg","datePublished":"2024-10-22T20:48:03+00:00","dateModified":"2024-10-22T20:48:16+00:00","author":{"@id":"https:\/\/elsol.ps.org.uy\/#\/schema\/person\/9642a61f31473fe97857228bf33277f6"},"breadcrumb":{"@id":"https:\/\/elsol.ps.org.uy\/index.php\/2024\/10\/22\/se-nombra-artigas-chueco-barrios-a-una-sala-del-centro\/#breadcrumb"},"inLanguage":"es","potentialAction":[{"@type":"ReadAction","target":["https:\/\/elsol.ps.org.uy\/index.php\/2024\/10\/22\/se-nombra-artigas-chueco-barrios-a-una-sala-del-centro\/"]}]},{"@type":"ImageObject","inLanguage":"es","@id":"https:\/\/elsol.ps.org.uy\/index.php\/2024\/10\/22\/se-nombra-artigas-chueco-barrios-a-una-sala-del-centro\/#primaryimage","url":"https:\/\/elsol.ps.org.uy\/wp-content\/uploads\/2024\/10\/Mesa-de-trabajo-43-100.jpg","contentUrl":"https:\/\/elsol.ps.org.uy\/wp-content\/uploads\/2024\/10\/Mesa-de-trabajo-43-100.jpg","width":735,"height":360},{"@type":"BreadcrumbList","@id":"https:\/\/elsol.ps.org.uy\/index.php\/2024\/10\/22\/se-nombra-artigas-chueco-barrios-a-una-sala-del-centro\/#breadcrumb","itemListElement":[{"@type":"ListItem","position":1,"name":"Portada","item":"https:\/\/elsol.ps.org.uy\/"},{"@type":"ListItem","position":2,"name":"Se nombra Artigas \u201cChueco\u201d Barrios a una sala del Centro"}]},{"@type":"WebSite","@id":"https:\/\/elsol.ps.org.uy\/#website","url":"https:\/\/elsol.ps.org.uy\/","name":"El Sol","description":"Organo del Partido Socialista - Frente Amplio","potentialAction":[{"@type":"SearchAction","target":{"@type":"EntryPoint","urlTemplate":"https:\/\/elsol.ps.org.uy\/?s={search_term_string}"},"query-input":{"@type":"PropertyValueSpecification","valueRequired":true,"valueName":"search_term_string"}}],"inLanguage":"es"},{"@type":"Person","@id":"https:\/\/elsol.ps.org.uy\/#\/schema\/person\/9642a61f31473fe97857228bf33277f6","name":"El Sol","image":{"@type":"ImageObject","inLanguage":"es","@id":"https:\/\/secure.gravatar.com\/avatar\/e14a39081cff84ca4b5657918d3e15ebebf0ca4cee0bb3b81200271ee78d4b9c?s=96&d=mm&r=g","url":"https:\/\/secure.gravatar.com\/avatar\/e14a39081cff84ca4b5657918d3e15ebebf0ca4cee0bb3b81200271ee78d4b9c?s=96&d=mm&r=g","contentUrl":"https:\/\/secure.gravatar.com\/avatar\/e14a39081cff84ca4b5657918d3e15ebebf0ca4cee0bb3b81200271ee78d4b9c?s=96&d=mm&r=g","caption":"El Sol"},"url":"https:\/\/elsol.ps.org.uy\/index.php\/author\/eugenia\/"}]}},"jetpack_featured_media_url":"https:\/\/elsol.ps.org.uy\/wp-content\/uploads\/2024\/10\/Mesa-de-trabajo-43-100.jpg","_links":{"self":[{"href":"https:\/\/elsol.ps.org.uy\/index.php\/wp-json\/wp\/v2\/posts\/13817","targetHints":{"allow":["GET"]}}],"collection":[{"href":"https:\/\/elsol.ps.org.uy\/index.php\/wp-json\/wp\/v2\/posts"}],"about":[{"href":"https:\/\/elsol.ps.org.uy\/index.php\/wp-json\/wp\/v2\/types\/post"}],"author":[{"embeddable":true,"href":"https:\/\/elsol.ps.org.uy\/index.php\/wp-json\/wp\/v2\/users\/2"}],"replies":[{"embeddable":true,"href":"https:\/\/elsol.ps.org.uy\/index.php\/wp-json\/wp\/v2\/comments?post=13817"}],"version-history":[{"count":1,"href":"https:\/\/elsol.ps.org.uy\/index.php\/wp-json\/wp\/v2\/posts\/13817\/revisions"}],"predecessor-version":[{"id":13820,"href":"https:\/\/elsol.ps.org.uy\/index.php\/wp-json\/wp\/v2\/posts\/13817\/revisions\/13820"}],"wp:featuredmedia":[{"embeddable":true,"href":"https:\/\/elsol.ps.org.uy\/index.php\/wp-json\/wp\/v2\/media\/13811"}],"wp:attachment":[{"href":"https:\/\/elsol.ps.org.uy\/index.php\/wp-json\/wp\/v2\/media?parent=13817"}],"wp:term":[{"taxonomy":"category","embeddable":true,"href":"https:\/\/elsol.ps.org.uy\/index.php\/wp-json\/wp\/v2\/categories?post=13817"},{"taxonomy":"post_tag","embeddable":true,"href":"https:\/\/elsol.ps.org.uy\/index.php\/wp-json\/wp\/v2\/tags?post=13817"}],"curies":[{"name":"wp","href":"https:\/\/api.w.org\/{rel}","templated":true}]}}