{"id":13821,"date":"2024-10-22T17:49:42","date_gmt":"2024-10-22T20:49:42","guid":{"rendered":"https:\/\/elsol.ps.org.uy\/?p=13821"},"modified":"2024-10-22T17:49:44","modified_gmt":"2024-10-22T20:49:44","slug":"politicas-de-estado-o-cantos-de-sirena","status":"publish","type":"post","link":"https:\/\/elsol.ps.org.uy\/index.php\/2024\/10\/22\/politicas-de-estado-o-cantos-de-sirena\/","title":{"rendered":"Pol\u00edticas de estado o cantos de sirena"},"content":{"rendered":"\n<p class=\"has-text-align-right\"><em>Escribe Liliana Queijo  Senadora Suplente PS-FA<\/em><\/p>\n\n\n\n<p>Como en las telenovelas, el tiempo electoral profundiza la competencia entre democracia la buena y su melliza mala: demagogia. Un ejemplo actual se da en nuestro pa\u00eds donde todos los l\u00edderes pol\u00edticos en un impredecible renacimiento de la memoria se acordaron de ni\u00f1os y adolescentes y se declaran conmovidos por su situaci\u00f3n. Porque parecer\u00eda que cuando se trata de la infancia y adolescencia no pueden existir intereses que no se resignen en funci\u00f3n de su bienestar.<\/p>\n\n\n\n<p>A la vez florece un inesperado sentido com\u00fan, que promueve la idea de que los derechos y el valor de los humanos, es reconocido igualmente por todos desde una mirada que nos hermana y, que terminar\u00e1 por s\u00ed misma con la sociedad de injusticia y la perimida noci\u00f3n de la desigualdad social y las clases.&nbsp;<\/p>\n\n\n\n<p>En ese marco se instala el discurso de que hay que elaborar propuestas para el salvataje de ni\u00f1os y adolescentes a trav\u00e9s de Pol\u00edticas de Estado. Pol\u00edticas que consideramos necesarias para lograr estabilidad en la sociedad, que trascienden los gobiernos, y que van m\u00e1s all\u00e1 de los intereses partidarios a los que se renuncia frente a los grandes objetivos.&nbsp;<\/p>\n\n\n\n<p>Sin embargo, la realidad demuestra que esto no pasa de ser una fantas\u00eda, alimentada en parte desde una mirada naif y desideologizada de la pol\u00edtica o por quienes usan a los ni\u00f1os, sus carencias y dolores con inter\u00e9s electoral a la vez que responsabilizan por engendrar una brecha imaginaria a quienes se permiten analizar los intereses que mueven estos supuestos desvelos humanitarios. &nbsp;<\/p>\n\n\n\n<p>Pretendiendo analizar los hechos, no s\u00f3lo las palabras que con frecuencia los encubren, creemos necesario promover el debate que ayude a esclarecer sobre un tema complejo que requiere, como todos, del aporte colectivo para su comprensi\u00f3n. Antes de esto, entendemos de honestidad pol\u00edtica plantear algunos elementos que hacen a nuestro marco conceptual. En principio entendemos que estudiar el tema desde la mirada de la salud no lo recorta, sino que tiene en cuenta todos los componentes que hacen al desarrollo de una vida digna. Partimos de la comprobaci\u00f3n cient\u00edfica de que los determinantes de la salud se encuentran en las estructuras sociales, en las formas de producci\u00f3n, distribuci\u00f3n y consumo o en otros t\u00e9rminos que la vida en salud depende en \u00faltima instancia de la clase social de pertenencia.<\/p>\n\n\n\n<p>Considerar la salud un derecho humano fundamental implica asegurar con equidad el acceso a otros derechos fundamentales, el derecho a ser gestado, nacer y desarrollarse en entornos saludables que aseguren la libertad, y la educaci\u00f3n para la libertad, la alimentaci\u00f3n y vivienda adecuada, el trabajo digno, la recreaci\u00f3n, el acceso al transporte y comunicaciones, la atenci\u00f3n m\u00e9dica y todos aquellos elementos que hacen a la calidad de vida y a la adopci\u00f3n de estilos de vida y h\u00e1bitos saludables. Mantenemos la concepci\u00f3n integral de las personas viviendo en sociedad, y la necesidad de instalar pol\u00edticas integrales frente a la parcialidad de pol\u00edticas focalizadas, sin negar su necesidad en algunas circunstancias cr\u00edticas. Incluso aquellas pol\u00edticas dirigidas a la primera infancia, infancia y adolescencia implican un recorte de la realidad que tiene un techo en sus logros dado su tendencia a resolver la emergencia y no atender a las causas del fen\u00f3meno. Y no se resuelve tratando el ni\u00f1o en forma interdisciplinaria o interinstitucional sino tambi\u00e9n y necesariamente abord\u00e1ndolo en el contexto familiar y social donde vive.<\/p>\n\n\n\n<p>Desde este marco, nos permitimos juzgar las pol\u00edticas desarrolladas por la coalici\u00f3n de gobierno, en particular las pol\u00edticas de salud y las que afectan m\u00e1s directamente a ni\u00f1as y ni\u00f1os, aunque todas los afectan, consider\u00e1ndolas un antecedente a la hora de evaluar la posibilidad de desarrollar Pol\u00edticas de Estado&nbsp;<\/p>\n\n\n\n<p>A) Mintieron en sus promesas de campa\u00f1a. Optaron por priorizar en forma expl\u00edcita a los ricos reconociendo las diferencias entre la malla oro y las mayor\u00edas que van en el pelot\u00f3n o a\u00fan m\u00e1s atr\u00e1s donde hay ni\u00f1os y adolescentes que corren sin bicicletas y muchos sin zapatos.<\/p>\n\n\n\n<p>La coalici\u00f3n de derecha y en particular el Neoherrerismo y el Presidente de la Rep\u00fablica son responsables de implementar un modelo econ\u00f3mico de concentraci\u00f3n del capital y que profundiz\u00f3 y extendi\u00f3 la brecha de pobreza. Un ni\u00f1o es pobre porque sus padres, sus hermanos, sus abuelos y su entorno son pobres Las clases m\u00e1s poderosas se apoderaron de los beneficios del crecimiento econ\u00f3mico del pa\u00eds. y no hubo ni una gota del esperado derrame. Aument\u00f3 el \u00edndice Gini y la pobreza de la poblaci\u00f3n, a\u00fan m\u00e1s la pobreza infantil y de adolescentes y como consecuencia la mortalidad infantil.&nbsp;<\/p>\n\n\n\n<p>B) Redujeron los recursos de la educaci\u00f3n p\u00fablica a donde concurren la mayor\u00eda de nuestras ni\u00f1as, ni\u00f1os y adolescentes, hipotecando su futuro. &nbsp;<\/p>\n\n\n\n<p>C) Con conductas oscuras han permitido por acci\u00f3n y por omisi\u00f3n la profundizaci\u00f3n del poder de los narcos que involucran a adolescentes en el sicariato y que hieren y matan a ni\u00f1as, ni\u00f1os y adolescentes. Y esto sin contar la profundidad del da\u00f1o social que implica ni\u00f1os viviendo en hogares violentos, en ambientes delictivos, en c\u00e1rceles.&nbsp;<\/p>\n\n\n\n<p>D) Se escatimaron recursos a los hospitales donde nacen la mayor\u00eda de ni\u00f1as y ni\u00f1os del pa\u00eds. Somos testigos del esc\u00e1ndalo de ASSE, de donde son usuarios la mayor\u00eda de las ni\u00f1as, ni\u00f1os y adolescentes, y que se transform\u00f3 desde el pretendido buque insignia del SNIS en un organismo p\u00e9simamente gestionado, siempre envuelto en denuncias de corrupci\u00f3n.<\/p>\n\n\n\n<p>E) Modificaron irresponsablemente los valores del etiquetado frontal en favor de las empresas y en contra de la salud de toda la poblaci\u00f3n, pero donde los ni\u00f1os son los m\u00e1s afectados. Porque no solo son responsables de ni\u00f1as y ni\u00f1os que no comen, sino tambi\u00e9n de los que comen demasiados alimentos t\u00f3xicos.<\/p>\n\n\n\n<p>F) Los parlamentarios de la coalici\u00f3n de derecha no acompa\u00f1aron las iniciativas del MSP para prevenir la adicci\u00f3n precoz al tabaco impidiendo grabar con impuestos a los suced\u00e1neos del tabaco (cigarrillos electr\u00f3nicos, tabaco calentado) a los que el mismo gobierno habilit\u00f3 la entrada al mercado. Tampoco aceptaron prohibir la venta de cigarrillos adicionados con ingredientes de gustos agradables que disminuyen el efecto irritante del tabaco, a sabiendas de que este invento criminal est\u00e1 dirigido a promover que fumen ni\u00f1os y adolescentes disminuyendo en forma enga\u00f1osa la percepci\u00f3n de riesgo. O acaso proponen que los ni\u00f1os deben hacer uso de su <strong>\u201clibertad responsable\u201d<\/strong> para cuidar su salud.&nbsp;<\/p>\n\n\n\n<p>G) No olvidamos la actitud negligente durante la pandemia disfrazada con mentiras, apelando a la falta de informaci\u00f3n. El hecho de que las ni\u00f1as y los ni\u00f1os padecieran menos la enfermedad no evit\u00f3 que los afectara y a que el pa\u00eds haya llegado a los porcentajes de muertes m\u00e1s altos del mundo y la disposici\u00f3n de recursos m\u00e1s bajos para asegurar el bienestar de la poblaci\u00f3n mientras mantuvieron en plena pandemia la pol\u00edtica de ajustes.&nbsp;<\/p>\n\n\n\n<p>H) No se hicieron ni se hacen cargo de las alertas grav\u00edsimas sobre la inseguridad alimentaria de la poblaci\u00f3n y trasladaron a la sociedad civil la responsabilidad de nutrir a ciudadanos en ollas populares y merenderos, que siguen cubriendo las necesidades de miles de uruguayos. Y los ni\u00f1os son quienes est\u00e1n m\u00e1s afectados&nbsp;<\/p>\n\n\n\n<p>I) A sabiendas que la droga de mayor consumo en el pa\u00eds es el alcohol y de su v\u00ednculo con los accidentes de tr\u00e1nsito, donde mueren tambi\u00e9n ni\u00f1os y adolescentes. se intentaron aumentar los valores de alcohol en sangre para manejar. Tuvimos que ver el inusitado y penoso espect\u00e1culo de actores del Gobierno que deber\u00edan ser ejemplo de ni\u00f1as, ni\u00f1os y adolescentes relativizando los riesgos del exceso de velocidad en contra del conocimiento cient\u00edfico y generando incertidumbre en la poblaci\u00f3n. Dif\u00edcil olvidar que un pol\u00edtico con la investidura de senador y pensamiento terraplanista plantee que no cumple e instigue a no cumplir con los reglamentos de control en el exceso de velocidad<\/p>\n\n\n\n<p>En el mismo sentido se puede valorar la triste exhibici\u00f3n del Presidente circulando en moto sin las medidas de seguridad correspondientes.<\/p>\n\n\n\n<p>J) Declaran su amor por los ni\u00f1os, pero con fecha de caducidad. Y pasan por considerarlos peligrosos cada vez m\u00e1s chiquitos proponiendo leyes para encerrarlos, disciplinarlos y castigarlos. Mientras se instala la cultura del desprecio a los padres que no entran en el modelo de los emprendedores y son perdedores contumaces en el mundo del mercado y del consumo.<\/p>\n\n\n\n<p>K) Y por si no son suficientes ejemplo estas y otras pol\u00edticas nacionales, rompiendo con una tradici\u00f3n democr\u00e1tica y pac\u00edfica de nuestro pa\u00eds, se posicionan entre la indiferencia o el apoyo frente al odio de quienes se proponen exterminar a un pueblo matando a sus ni\u00f1os. Uruguay form\u00f3 parte de la minor\u00eda de pa\u00edses lacayos de EEUU que se negaron a impulsar el alto al fuego en Gaza donde dos tercios de las muertes son ni\u00f1os.&nbsp;<\/p>\n\n\n\n<p>\u00bfCon estos hechos en nuestra memoria volvemos a los interrogantes iniciales y nos preguntamos si es posible elaborar pol\u00edticas p\u00fablicas y estrategias con la coalici\u00f3n de derecha para mejorar la situaci\u00f3n de la primaria infancia, infancia y adolescencia que trasciendan el gobierno y sean consideradas verdaderas pol\u00edticas de Estado?<\/p>\n\n\n\n<p>\u00bfEs posible resolver las necesidades de ni\u00f1as, ni\u00f1os y adolescentes sin cubrir las necesidades de sus padres, hermanos, abuelos, su entorno todo? \u00bfes bueno promover la atenci\u00f3n de los problemas de infancia y adolescencia a trav\u00e9s de pol\u00edticas que atiendan el entorno familiar y social o apuntar a desagregar la sociedad desde una mirada parcial sin reconocer los intereses existentes detr\u00e1s de cada pol\u00edtica?<\/p>\n\n\n\n<p>Tenemos claro que una pol\u00edtica de Estado para ni\u00f1as y ni\u00f1os implicar\u00eda un gran acuerdo para dignificar la vida de toda la poblaci\u00f3n.<\/p>\n\n\n\n<p>No compartimos las propuestas que convocan a un acuerdo social por encima de intereses de clase. No reconocer que aspiramos a modelos de sociedad diferentes niega la necesidad de organizarnos para defender los intereses de la clase trabajadora y de los ni\u00f1os que son sus hijos.<\/p>\n\n\n\n<p>Si pensamos que las ni\u00f1as y ni\u00f1os y todos necesitamos medidas urgentes que contribuyan a la vida digna. Y pensando en ellas yellos y el futuro se requieren medidas audaces que no se pueden limitar a subir las asignaciones familiares o hacer alguna transferencia econ\u00f3mica para mover el indicador de pobreza y seguir rivalizando por quien lo baja mas sin que los destinatarios ni se enteren porque todo sigue m\u00e1s o menos igual. Menos a\u00fan creemos que se resuelve el problema gestionando mejor los escasos recursos existentes. &nbsp;<\/p>\n\n\n\n<p>Se requieren propuestas audaces y medidas urgentes para asegurar el bienestar a los ni\u00f1os y sus familias que le aseguren educaci\u00f3n, vivienda, salud, recreaci\u00f3n, alimentaci\u00f3n de calidad, medio ambiente f\u00edsico y social saludable y todas las condiciones necesarias para integrarse activamente a la sociedad.&nbsp;<\/p>\n\n\n\n<p>\u00bfY que eso requiere muchos recursos? No hay duda. Y que requiere el desarrollo del pa\u00eds, tampoco.&nbsp; Pero tambi\u00e9n con o sin desarrollo es necesario implementar medidas redistributivas que afecten a sectores privilegiados que se han apropiado y se apropian de una proporci\u00f3n de bienes y servicios muy por sobre la media de una distribuci\u00f3n equitativa. \u00danica garant\u00eda de llegar a una sociedad democr\u00e1tica y pac\u00edfica en la que todos ansiamos vivir.&nbsp; As\u00ed que nosotros en lo nuestro, sin escuchar los cantos de sirena, seguimos sin distraernos por el camino de fortalecer la organizaci\u00f3n pol\u00edtica y la participaci\u00f3n social que es lo que nos garantizara el bienestar de toda la poblaci\u00f3n incluyendo a ni\u00f1as, ni\u00f1os y adolescentes.&nbsp;<\/p>\n","protected":false},"excerpt":{"rendered":"Escribe Liliana Queijo Senadora Suplente PS-FA Como en las telenovelas, el tiempo electoral profundiza la competencia entre democracia la buena y su melliza \n<a class=\"moretag\" href=\"https:\/\/elsol.ps.org.uy\/index.php\/2024\/10\/22\/politicas-de-estado-o-cantos-de-sirena\/\"> [...]<\/a>","protected":false},"author":2,"featured_media":13810,"comment_status":"open","ping_status":"closed","sticky":false,"template":"","format":"standard","meta":{"footnotes":""},"categories":[30,36,82,39,1],"tags":[],"class_list":["post-13821","post","type-post","status-publish","format-standard","has-post-thumbnail","hentry","category-destacadas","category-el-sol","category-el-sol-no-41-octubre-2024","category-liliana-queijo","category-nacional"],"yoast_head":"<!-- This site is optimized with the Yoast SEO plugin v27.5 - https:\/\/yoast.com\/product\/yoast-seo-wordpress\/ -->\n<title>Pol\u00edticas de estado o cantos de sirena - El Sol<\/title>\n<meta name=\"robots\" content=\"index, follow, max-snippet:-1, max-image-preview:large, max-video-preview:-1\" \/>\n<link rel=\"canonical\" href=\"https:\/\/elsol.ps.org.uy\/index.php\/2024\/10\/22\/politicas-de-estado-o-cantos-de-sirena\/\" \/>\n<meta property=\"og:locale\" content=\"es_ES\" \/>\n<meta property=\"og:type\" content=\"article\" \/>\n<meta property=\"og:title\" content=\"Pol\u00edticas de estado o cantos de sirena - El Sol\" \/>\n<meta property=\"og:description\" content=\"Escribe Liliana Queijo Senadora Suplente PS-FA Como en las telenovelas, el tiempo electoral profundiza la competencia entre democracia la buena y su melliza\" \/>\n<meta property=\"og:url\" content=\"https:\/\/elsol.ps.org.uy\/index.php\/2024\/10\/22\/politicas-de-estado-o-cantos-de-sirena\/\" \/>\n<meta property=\"og:site_name\" content=\"El Sol\" \/>\n<meta property=\"article:published_time\" content=\"2024-10-22T20:49:42+00:00\" \/>\n<meta property=\"article:modified_time\" content=\"2024-10-22T20:49:44+00:00\" \/>\n<meta property=\"og:image\" content=\"https:\/\/elsol.ps.org.uy\/wp-content\/uploads\/2024\/10\/Mesa-de-trabajo-42-100.jpg\" \/>\n\t<meta property=\"og:image:width\" content=\"735\" \/>\n\t<meta property=\"og:image:height\" content=\"360\" \/>\n\t<meta property=\"og:image:type\" content=\"image\/jpeg\" \/>\n<meta name=\"author\" content=\"El Sol\" \/>\n<meta name=\"twitter:card\" content=\"summary_large_image\" \/>\n<meta name=\"twitter:label1\" content=\"Escrito por\" \/>\n\t<meta name=\"twitter:data1\" content=\"El Sol\" \/>\n\t<meta name=\"twitter:label2\" content=\"Tiempo de lectura\" \/>\n\t<meta name=\"twitter:data2\" content=\"9 minutos\" \/>\n<script type=\"application\/ld+json\" class=\"yoast-schema-graph\">{\"@context\":\"https:\\\/\\\/schema.org\",\"@graph\":[{\"@type\":\"Article\",\"@id\":\"https:\\\/\\\/elsol.ps.org.uy\\\/index.php\\\/2024\\\/10\\\/22\\\/politicas-de-estado-o-cantos-de-sirena\\\/#article\",\"isPartOf\":{\"@id\":\"https:\\\/\\\/elsol.ps.org.uy\\\/index.php\\\/2024\\\/10\\\/22\\\/politicas-de-estado-o-cantos-de-sirena\\\/\"},\"author\":{\"name\":\"El Sol\",\"@id\":\"https:\\\/\\\/elsol.ps.org.uy\\\/#\\\/schema\\\/person\\\/9642a61f31473fe97857228bf33277f6\"},\"headline\":\"Pol\u00edticas de estado o cantos de sirena\",\"datePublished\":\"2024-10-22T20:49:42+00:00\",\"dateModified\":\"2024-10-22T20:49:44+00:00\",\"mainEntityOfPage\":{\"@id\":\"https:\\\/\\\/elsol.ps.org.uy\\\/index.php\\\/2024\\\/10\\\/22\\\/politicas-de-estado-o-cantos-de-sirena\\\/\"},\"wordCount\":2088,\"commentCount\":0,\"image\":{\"@id\":\"https:\\\/\\\/elsol.ps.org.uy\\\/index.php\\\/2024\\\/10\\\/22\\\/politicas-de-estado-o-cantos-de-sirena\\\/#primaryimage\"},\"thumbnailUrl\":\"https:\\\/\\\/elsol.ps.org.uy\\\/wp-content\\\/uploads\\\/2024\\\/10\\\/Mesa-de-trabajo-42-100.jpg\",\"articleSection\":[\"Destacadas\",\"El Sol\",\"El Sol \u2013 N\u00ba 41 \u2013 Octubre 2024\",\"Liliana Queijo\",\"Nacional\"],\"inLanguage\":\"es\",\"potentialAction\":[{\"@type\":\"CommentAction\",\"name\":\"Comment\",\"target\":[\"https:\\\/\\\/elsol.ps.org.uy\\\/index.php\\\/2024\\\/10\\\/22\\\/politicas-de-estado-o-cantos-de-sirena\\\/#respond\"]}]},{\"@type\":\"WebPage\",\"@id\":\"https:\\\/\\\/elsol.ps.org.uy\\\/index.php\\\/2024\\\/10\\\/22\\\/politicas-de-estado-o-cantos-de-sirena\\\/\",\"url\":\"https:\\\/\\\/elsol.ps.org.uy\\\/index.php\\\/2024\\\/10\\\/22\\\/politicas-de-estado-o-cantos-de-sirena\\\/\",\"name\":\"Pol\u00edticas de estado o cantos de sirena - El Sol\",\"isPartOf\":{\"@id\":\"https:\\\/\\\/elsol.ps.org.uy\\\/#website\"},\"primaryImageOfPage\":{\"@id\":\"https:\\\/\\\/elsol.ps.org.uy\\\/index.php\\\/2024\\\/10\\\/22\\\/politicas-de-estado-o-cantos-de-sirena\\\/#primaryimage\"},\"image\":{\"@id\":\"https:\\\/\\\/elsol.ps.org.uy\\\/index.php\\\/2024\\\/10\\\/22\\\/politicas-de-estado-o-cantos-de-sirena\\\/#primaryimage\"},\"thumbnailUrl\":\"https:\\\/\\\/elsol.ps.org.uy\\\/wp-content\\\/uploads\\\/2024\\\/10\\\/Mesa-de-trabajo-42-100.jpg\",\"datePublished\":\"2024-10-22T20:49:42+00:00\",\"dateModified\":\"2024-10-22T20:49:44+00:00\",\"author\":{\"@id\":\"https:\\\/\\\/elsol.ps.org.uy\\\/#\\\/schema\\\/person\\\/9642a61f31473fe97857228bf33277f6\"},\"breadcrumb\":{\"@id\":\"https:\\\/\\\/elsol.ps.org.uy\\\/index.php\\\/2024\\\/10\\\/22\\\/politicas-de-estado-o-cantos-de-sirena\\\/#breadcrumb\"},\"inLanguage\":\"es\",\"potentialAction\":[{\"@type\":\"ReadAction\",\"target\":[\"https:\\\/\\\/elsol.ps.org.uy\\\/index.php\\\/2024\\\/10\\\/22\\\/politicas-de-estado-o-cantos-de-sirena\\\/\"]}]},{\"@type\":\"ImageObject\",\"inLanguage\":\"es\",\"@id\":\"https:\\\/\\\/elsol.ps.org.uy\\\/index.php\\\/2024\\\/10\\\/22\\\/politicas-de-estado-o-cantos-de-sirena\\\/#primaryimage\",\"url\":\"https:\\\/\\\/elsol.ps.org.uy\\\/wp-content\\\/uploads\\\/2024\\\/10\\\/Mesa-de-trabajo-42-100.jpg\",\"contentUrl\":\"https:\\\/\\\/elsol.ps.org.uy\\\/wp-content\\\/uploads\\\/2024\\\/10\\\/Mesa-de-trabajo-42-100.jpg\",\"width\":735,\"height\":360},{\"@type\":\"BreadcrumbList\",\"@id\":\"https:\\\/\\\/elsol.ps.org.uy\\\/index.php\\\/2024\\\/10\\\/22\\\/politicas-de-estado-o-cantos-de-sirena\\\/#breadcrumb\",\"itemListElement\":[{\"@type\":\"ListItem\",\"position\":1,\"name\":\"Portada\",\"item\":\"https:\\\/\\\/elsol.ps.org.uy\\\/\"},{\"@type\":\"ListItem\",\"position\":2,\"name\":\"Pol\u00edticas de estado o cantos de sirena\"}]},{\"@type\":\"WebSite\",\"@id\":\"https:\\\/\\\/elsol.ps.org.uy\\\/#website\",\"url\":\"https:\\\/\\\/elsol.ps.org.uy\\\/\",\"name\":\"El Sol\",\"description\":\"Organo del Partido Socialista - Frente Amplio\",\"potentialAction\":[{\"@type\":\"SearchAction\",\"target\":{\"@type\":\"EntryPoint\",\"urlTemplate\":\"https:\\\/\\\/elsol.ps.org.uy\\\/?s={search_term_string}\"},\"query-input\":{\"@type\":\"PropertyValueSpecification\",\"valueRequired\":true,\"valueName\":\"search_term_string\"}}],\"inLanguage\":\"es\"},{\"@type\":\"Person\",\"@id\":\"https:\\\/\\\/elsol.ps.org.uy\\\/#\\\/schema\\\/person\\\/9642a61f31473fe97857228bf33277f6\",\"name\":\"El Sol\",\"image\":{\"@type\":\"ImageObject\",\"inLanguage\":\"es\",\"@id\":\"https:\\\/\\\/secure.gravatar.com\\\/avatar\\\/e14a39081cff84ca4b5657918d3e15ebebf0ca4cee0bb3b81200271ee78d4b9c?s=96&d=mm&r=g\",\"url\":\"https:\\\/\\\/secure.gravatar.com\\\/avatar\\\/e14a39081cff84ca4b5657918d3e15ebebf0ca4cee0bb3b81200271ee78d4b9c?s=96&d=mm&r=g\",\"contentUrl\":\"https:\\\/\\\/secure.gravatar.com\\\/avatar\\\/e14a39081cff84ca4b5657918d3e15ebebf0ca4cee0bb3b81200271ee78d4b9c?s=96&d=mm&r=g\",\"caption\":\"El Sol\"},\"url\":\"https:\\\/\\\/elsol.ps.org.uy\\\/index.php\\\/author\\\/eugenia\\\/\"}]}<\/script>\n<!-- \/ Yoast SEO plugin. -->","yoast_head_json":{"title":"Pol\u00edticas de estado o cantos de sirena - El Sol","robots":{"index":"index","follow":"follow","max-snippet":"max-snippet:-1","max-image-preview":"max-image-preview:large","max-video-preview":"max-video-preview:-1"},"canonical":"https:\/\/elsol.ps.org.uy\/index.php\/2024\/10\/22\/politicas-de-estado-o-cantos-de-sirena\/","og_locale":"es_ES","og_type":"article","og_title":"Pol\u00edticas de estado o cantos de sirena - El Sol","og_description":"Escribe Liliana Queijo Senadora Suplente PS-FA Como en las telenovelas, el tiempo electoral profundiza la competencia entre democracia la buena y su melliza","og_url":"https:\/\/elsol.ps.org.uy\/index.php\/2024\/10\/22\/politicas-de-estado-o-cantos-de-sirena\/","og_site_name":"El Sol","article_published_time":"2024-10-22T20:49:42+00:00","article_modified_time":"2024-10-22T20:49:44+00:00","og_image":[{"width":735,"height":360,"url":"https:\/\/elsol.ps.org.uy\/wp-content\/uploads\/2024\/10\/Mesa-de-trabajo-42-100.jpg","type":"image\/jpeg"}],"author":"El Sol","twitter_card":"summary_large_image","twitter_misc":{"Escrito por":"El Sol","Tiempo de lectura":"9 minutos"},"schema":{"@context":"https:\/\/schema.org","@graph":[{"@type":"Article","@id":"https:\/\/elsol.ps.org.uy\/index.php\/2024\/10\/22\/politicas-de-estado-o-cantos-de-sirena\/#article","isPartOf":{"@id":"https:\/\/elsol.ps.org.uy\/index.php\/2024\/10\/22\/politicas-de-estado-o-cantos-de-sirena\/"},"author":{"name":"El Sol","@id":"https:\/\/elsol.ps.org.uy\/#\/schema\/person\/9642a61f31473fe97857228bf33277f6"},"headline":"Pol\u00edticas de estado o cantos de sirena","datePublished":"2024-10-22T20:49:42+00:00","dateModified":"2024-10-22T20:49:44+00:00","mainEntityOfPage":{"@id":"https:\/\/elsol.ps.org.uy\/index.php\/2024\/10\/22\/politicas-de-estado-o-cantos-de-sirena\/"},"wordCount":2088,"commentCount":0,"image":{"@id":"https:\/\/elsol.ps.org.uy\/index.php\/2024\/10\/22\/politicas-de-estado-o-cantos-de-sirena\/#primaryimage"},"thumbnailUrl":"https:\/\/elsol.ps.org.uy\/wp-content\/uploads\/2024\/10\/Mesa-de-trabajo-42-100.jpg","articleSection":["Destacadas","El Sol","El Sol \u2013 N\u00ba 41 \u2013 Octubre 2024","Liliana Queijo","Nacional"],"inLanguage":"es","potentialAction":[{"@type":"CommentAction","name":"Comment","target":["https:\/\/elsol.ps.org.uy\/index.php\/2024\/10\/22\/politicas-de-estado-o-cantos-de-sirena\/#respond"]}]},{"@type":"WebPage","@id":"https:\/\/elsol.ps.org.uy\/index.php\/2024\/10\/22\/politicas-de-estado-o-cantos-de-sirena\/","url":"https:\/\/elsol.ps.org.uy\/index.php\/2024\/10\/22\/politicas-de-estado-o-cantos-de-sirena\/","name":"Pol\u00edticas de estado o cantos de sirena - El Sol","isPartOf":{"@id":"https:\/\/elsol.ps.org.uy\/#website"},"primaryImageOfPage":{"@id":"https:\/\/elsol.ps.org.uy\/index.php\/2024\/10\/22\/politicas-de-estado-o-cantos-de-sirena\/#primaryimage"},"image":{"@id":"https:\/\/elsol.ps.org.uy\/index.php\/2024\/10\/22\/politicas-de-estado-o-cantos-de-sirena\/#primaryimage"},"thumbnailUrl":"https:\/\/elsol.ps.org.uy\/wp-content\/uploads\/2024\/10\/Mesa-de-trabajo-42-100.jpg","datePublished":"2024-10-22T20:49:42+00:00","dateModified":"2024-10-22T20:49:44+00:00","author":{"@id":"https:\/\/elsol.ps.org.uy\/#\/schema\/person\/9642a61f31473fe97857228bf33277f6"},"breadcrumb":{"@id":"https:\/\/elsol.ps.org.uy\/index.php\/2024\/10\/22\/politicas-de-estado-o-cantos-de-sirena\/#breadcrumb"},"inLanguage":"es","potentialAction":[{"@type":"ReadAction","target":["https:\/\/elsol.ps.org.uy\/index.php\/2024\/10\/22\/politicas-de-estado-o-cantos-de-sirena\/"]}]},{"@type":"ImageObject","inLanguage":"es","@id":"https:\/\/elsol.ps.org.uy\/index.php\/2024\/10\/22\/politicas-de-estado-o-cantos-de-sirena\/#primaryimage","url":"https:\/\/elsol.ps.org.uy\/wp-content\/uploads\/2024\/10\/Mesa-de-trabajo-42-100.jpg","contentUrl":"https:\/\/elsol.ps.org.uy\/wp-content\/uploads\/2024\/10\/Mesa-de-trabajo-42-100.jpg","width":735,"height":360},{"@type":"BreadcrumbList","@id":"https:\/\/elsol.ps.org.uy\/index.php\/2024\/10\/22\/politicas-de-estado-o-cantos-de-sirena\/#breadcrumb","itemListElement":[{"@type":"ListItem","position":1,"name":"Portada","item":"https:\/\/elsol.ps.org.uy\/"},{"@type":"ListItem","position":2,"name":"Pol\u00edticas de estado o cantos de sirena"}]},{"@type":"WebSite","@id":"https:\/\/elsol.ps.org.uy\/#website","url":"https:\/\/elsol.ps.org.uy\/","name":"El Sol","description":"Organo del Partido Socialista - Frente Amplio","potentialAction":[{"@type":"SearchAction","target":{"@type":"EntryPoint","urlTemplate":"https:\/\/elsol.ps.org.uy\/?s={search_term_string}"},"query-input":{"@type":"PropertyValueSpecification","valueRequired":true,"valueName":"search_term_string"}}],"inLanguage":"es"},{"@type":"Person","@id":"https:\/\/elsol.ps.org.uy\/#\/schema\/person\/9642a61f31473fe97857228bf33277f6","name":"El Sol","image":{"@type":"ImageObject","inLanguage":"es","@id":"https:\/\/secure.gravatar.com\/avatar\/e14a39081cff84ca4b5657918d3e15ebebf0ca4cee0bb3b81200271ee78d4b9c?s=96&d=mm&r=g","url":"https:\/\/secure.gravatar.com\/avatar\/e14a39081cff84ca4b5657918d3e15ebebf0ca4cee0bb3b81200271ee78d4b9c?s=96&d=mm&r=g","contentUrl":"https:\/\/secure.gravatar.com\/avatar\/e14a39081cff84ca4b5657918d3e15ebebf0ca4cee0bb3b81200271ee78d4b9c?s=96&d=mm&r=g","caption":"El Sol"},"url":"https:\/\/elsol.ps.org.uy\/index.php\/author\/eugenia\/"}]}},"jetpack_featured_media_url":"https:\/\/elsol.ps.org.uy\/wp-content\/uploads\/2024\/10\/Mesa-de-trabajo-42-100.jpg","_links":{"self":[{"href":"https:\/\/elsol.ps.org.uy\/index.php\/wp-json\/wp\/v2\/posts\/13821","targetHints":{"allow":["GET"]}}],"collection":[{"href":"https:\/\/elsol.ps.org.uy\/index.php\/wp-json\/wp\/v2\/posts"}],"about":[{"href":"https:\/\/elsol.ps.org.uy\/index.php\/wp-json\/wp\/v2\/types\/post"}],"author":[{"embeddable":true,"href":"https:\/\/elsol.ps.org.uy\/index.php\/wp-json\/wp\/v2\/users\/2"}],"replies":[{"embeddable":true,"href":"https:\/\/elsol.ps.org.uy\/index.php\/wp-json\/wp\/v2\/comments?post=13821"}],"version-history":[{"count":1,"href":"https:\/\/elsol.ps.org.uy\/index.php\/wp-json\/wp\/v2\/posts\/13821\/revisions"}],"predecessor-version":[{"id":13823,"href":"https:\/\/elsol.ps.org.uy\/index.php\/wp-json\/wp\/v2\/posts\/13821\/revisions\/13823"}],"wp:featuredmedia":[{"embeddable":true,"href":"https:\/\/elsol.ps.org.uy\/index.php\/wp-json\/wp\/v2\/media\/13810"}],"wp:attachment":[{"href":"https:\/\/elsol.ps.org.uy\/index.php\/wp-json\/wp\/v2\/media?parent=13821"}],"wp:term":[{"taxonomy":"category","embeddable":true,"href":"https:\/\/elsol.ps.org.uy\/index.php\/wp-json\/wp\/v2\/categories?post=13821"},{"taxonomy":"post_tag","embeddable":true,"href":"https:\/\/elsol.ps.org.uy\/index.php\/wp-json\/wp\/v2\/tags?post=13821"}],"curies":[{"name":"wp","href":"https:\/\/api.w.org\/{rel}","templated":true}]}}