{"id":13826,"date":"2024-10-22T17:53:53","date_gmt":"2024-10-22T20:53:53","guid":{"rendered":"https:\/\/elsol.ps.org.uy\/?p=13826"},"modified":"2025-05-07T18:09:49","modified_gmt":"2025-05-07T21:09:49","slug":"una-rendicion-de-cuenta-con-muchos-debes","status":"publish","type":"post","link":"https:\/\/elsol.ps.org.uy\/index.php\/2024\/10\/22\/una-rendicion-de-cuenta-con-muchos-debes\/","title":{"rendered":"Una rendici\u00f3n de cuenta con muchos debes"},"content":{"rendered":"\n<p class=\"has-text-align-right\"><em>Escribe Emiliano Molinari  Departamental Paysand\u00fa<\/em><\/p>\n\n\n\n<p>Esta rendici\u00f3n de cuentas es la \u00faltima de este Gobierno, una rendici\u00f3n que no tiene permitido el aumento de gastos, por lo que solo nos presentan cu\u00e1l fue el resultado econ\u00f3mico de nuestro pa\u00eds, en este a\u00f1o y en el periodo total en su conjunto.<\/p>\n\n\n\n<p>El Gobierno nos da detalles sobre sus triunfos, crecimiento de salario real, empleo, baja de inflaci\u00f3n, pero no entra en el detalle de los n\u00fameros, esto se debe a que la informaci\u00f3n desagregada no es tan bonita como parece a distancia.<\/p>\n\n\n\n<p>El Salario Real, uno de los triunfos que muestra el Gobierno, tiene la particularidad de que solo se da en el 20% con mayores ingresos, siendo el 80% restante perjudicado teniendo p\u00e9rdidas de salario real mayores en los ingresos m\u00e1s sumergidos (ca\u00edda del 2,4% en 20% m\u00e1s pobre).<\/p>\n\n\n\n<p>Respecto al empleo, siendo siempre una buena noticia la creaci\u00f3n de empleo, se centra fundamentalmente en empleo chatarra, debi\u00e9ndose a un aumento en el trabajo informal o subempleo (430 mil personas), esto se ve tambi\u00e9n en el aumento de la cantidad de salarios m\u00e1s bajos.<\/p>\n\n\n\n<p>El crecimiento, tambi\u00e9n una buena noticia que no es tan grande, ya que las tasas promedio son bajas (1,2% anual). Con la particularidad de que ese crecimiento no llega a todos los uruguayos, esto se hace visible en que la cantidad en situaci\u00f3n de pobreza ha crecido (10,1% en 2023). La marginalidad, la desigualdad, as\u00ed como el n\u00famero de personas en situaci\u00f3n de calle se ha disparado y todo esto con un aumento importante en la pobreza infantil, un problema que tendr\u00e1 consecuencias a largo plazo.<\/p>\n\n\n\n<p>La baja Inflaci\u00f3n, un dato positivo sin duda, pero que tiene como trasfondo una ca\u00edda del consumo debido a la baja de los salarios m\u00e1s sumergidos. Adem\u00e1s, el atraso cambiario se transforma en una de las razones para que la inflaci\u00f3n se mantenga baja. Sumado a estos datos preocupantes, se esconden atr\u00e1s de los n\u00fameros del Gobierno m\u00e1s datos que encienden la alerta. Uno de ellos es el aumento sostenido del d\u00e9ficit fiscal y la deuda, ese caballito de batalla de la campa\u00f1a hoy qued\u00f3 atr\u00e1s. El Gobierno actualmente tiene un D\u00e9ficit similar al 2019 (del 4,3% al 4,4%) con una Deuda 11 puntos del PBI m\u00e1s que la de ese a\u00f1o -del 44% al 55%-, algo que deber\u00eda alertar a los que en 2019 hablaban de una crisis, sumado a que con el mecanismo de las PPP (Proyectos de Participaci\u00f3n P\u00fablico Privada) se difiri\u00f3 al pr\u00f3ximo gobierno 2 pts de deuda, algo que sin duda lo condiciona.<\/p>\n\n\n\n<p>En resumen, estos 4 a\u00f1os nos dejan un pa\u00eds con poco crecimiento, ca\u00edda en el salario real del 80% de los uruguayos con menor ingreso, aumento de la pobreza y fundamentalmente pobreza infantil, aumento del subempleo, deterioro fiscal con aumento del porcentaje de deuda; en definitiva, un panorama complejo para el pr\u00f3ximo gobierno.<\/p>\n\n\n\n<p>Este panorama, sumado al fracaso de la inserci\u00f3n internacional (TLC que se caen, poco mercado nuevo, papelones de canciller\u00eda), incumplimiento de promesas en vivienda y educaci\u00f3n, y una inversi\u00f3n social menguada, dejan al gobierno con resultados pobres para mostrar, donde solo le quedan los titulares vac\u00edos de contenido y el pretexto de la pandemia como caballito de batalla.<\/p>\n\n\n\n<p><strong>\u00bfY en Paysand\u00fa qu\u00e9?<\/strong><\/p>\n\n\n\n<p>Si la realidad nacional no es para nada positiva, la de los sanduceros es a\u00fan m\u00e1s preocupante, ya que en Paysand\u00fa la pobreza se ha disparado un 22% de la cifra de 2019. El desempleo hoy es el mayor del pa\u00eds, y el subempleo y los salarios sumergidos siguen siendo un problema end\u00e9mico, esto sumado a la situaci\u00f3n de frontera y la magra pol\u00edtica para atenderla, nos pone en la peor situaci\u00f3n dentro de un pa\u00eds con muchas dificultades.<\/p>\n\n\n\n<p>Estos datos muestran falta de pol\u00edticas de empleo e incentivos concretos para la regi\u00f3n, el retroceso de pol\u00edticas de contenci\u00f3n social que ayuden a los m\u00e1s postergados, adem\u00e1s de una atenci\u00f3n para la situaci\u00f3n de frontera.<\/p>\n\n\n\n<p><strong>\u00bfY qu\u00e9 alternativas existen para mejorar la situaci\u00f3n?<\/strong><\/p>\n\n\n\n<p>Para atender la situaci\u00f3n es necesario pensar en una red de pol\u00edticas que apuesten a un mayor crecimiento y una mejor distribuci\u00f3n, a pol\u00edticas que tengan alcance nacional y a pol\u00edticas focalizadas en las regiones con problemas, como lo es Paysand\u00fa.<\/p>\n\n\n\n<p>Sobre la situaci\u00f3n de crecimiento es fundamental avanzar en una pol\u00edtica activa de incentivo a la inversi\u00f3n, tanto p\u00fablica como privada, apostando a la inversi\u00f3n en \u00e1reas de desarrollo con valor agregado, que dejen a la econom\u00eda uruguaya crecimiento, que generen puestos de trabajo en toda su cadena productiva, que esos trabajos sean bien remunerados y que esos emprendimientos se instalen en lugares donde se necesita trabajo.<\/p>\n\n\n\n<p>Para esto la ley de inversi\u00f3n debe contemplar con mayor importancia los lugares como es el Norte, donde hay m\u00e1s dificultades para el empleo de calidad.<\/p>\n\n\n\n<p>Aplicar pol\u00edticas antic\u00edclicas de inversi\u00f3n, apostando a que la inversi\u00f3n p\u00fablica sea motor de la econom\u00eda en los a\u00f1os de bajo crecimiento, centrando esa inversi\u00f3n p\u00fablica en obras que impliquen condiciones de crecimiento en el mediano plazo.<\/p>\n\n\n\n<p>Generar pol\u00edticas de econom\u00eda de frontera, que ayuden a que se incentive el consumo en los comercios locales y no en las econom\u00edas vecinas, utilizar la econom\u00eda de frontera como un complemento y no como una competencia.<\/p>\n\n\n\n<p>Utilizar los consejos de salario como la principal herramienta de redistribuci\u00f3n, creando condiciones para aumentos salariales diferenciados en las \u00e1reas m\u00e1s sumergidas, permitiendo as\u00ed que los ingresos m\u00e1s bajos aumenten por sobre el promedio, generando as\u00ed un efecto directo en la pobreza.<\/p>\n\n\n\n<p>Realizar aumentos en t\u00e9rminos reales del salario m\u00ednimo, forjando mejores condiciones de ingresos para los salarios m\u00e1s sumergidos y tambi\u00e9n incidir en mejoras salariales del mercado informal.<\/p>\n\n\n\n<p>Retomar los aumentos diferenciales de jubilaciones m\u00ednimas cortado por este Gobierno para que ese aumento beneficie a los hogares m\u00e1s pobres.<\/p>\n\n\n\n<p>Generar una mejora sustancial en las asignaciones familiares para atender la situaci\u00f3n de pobreza de los hogares m\u00e1s sumergidos.<\/p>\n\n\n\n<p>Intensificar la aplicaci\u00f3n del sistema nacional de cuidados para que las mujeres jefas de hogar con hijos a cargo, no tengan que quedarse en sus casas cuidando y puedan salir al mercado de trabajo.<\/p>\n\n\n\n<p>Estas medidas est\u00e1n en gran medida contempladas en el Programa de Gobierno del Frente Amplio, y son las ideas fuerza que estar\u00e1n detr\u00e1s del Plan de Gobierno a presentar, ideas fuerza que seguramente ayudar\u00e1n a atender los flancos d\u00e9biles que deja este Gobierno en estos 4 a\u00f1os y mejorar las condiciones de vida de las grandes mayor\u00edas.&nbsp;<\/p>\n","protected":false},"excerpt":{"rendered":"Escribe Emiliano Molinari Departamental Paysand\u00fa Esta rendici\u00f3n de cuentas es la \u00faltima de este Gobierno, una rendici\u00f3n que no tiene permitido el aumento \n<a class=\"moretag\" href=\"https:\/\/elsol.ps.org.uy\/index.php\/2024\/10\/22\/una-rendicion-de-cuenta-con-muchos-debes\/\"> [...]<\/a>","protected":false},"author":2,"featured_media":0,"comment_status":"open","ping_status":"closed","sticky":false,"template":"","format":"standard","meta":{"footnotes":""},"categories":[36,82,85],"tags":[],"class_list":["post-13826","post","type-post","status-publish","format-standard","hentry","category-el-sol","category-el-sol-no-41-octubre-2024","category-emiliano-molinari"],"yoast_head":"<!-- This site is optimized with the Yoast SEO plugin v27.5 - https:\/\/yoast.com\/product\/yoast-seo-wordpress\/ -->\n<title>Una rendici\u00f3n de cuenta con muchos debes - El Sol<\/title>\n<meta name=\"robots\" content=\"index, follow, max-snippet:-1, max-image-preview:large, max-video-preview:-1\" \/>\n<link rel=\"canonical\" href=\"https:\/\/elsol.ps.org.uy\/index.php\/2024\/10\/22\/una-rendicion-de-cuenta-con-muchos-debes\/\" \/>\n<meta property=\"og:locale\" content=\"es_ES\" \/>\n<meta property=\"og:type\" content=\"article\" \/>\n<meta property=\"og:title\" content=\"Una rendici\u00f3n de cuenta con muchos debes - El Sol\" \/>\n<meta property=\"og:description\" content=\"Escribe Emiliano Molinari Departamental Paysand\u00fa Esta rendici\u00f3n de cuentas es la \u00faltima de este Gobierno, una rendici\u00f3n que no tiene permitido el aumento\" \/>\n<meta property=\"og:url\" content=\"https:\/\/elsol.ps.org.uy\/index.php\/2024\/10\/22\/una-rendicion-de-cuenta-con-muchos-debes\/\" \/>\n<meta property=\"og:site_name\" content=\"El Sol\" \/>\n<meta property=\"article:published_time\" content=\"2024-10-22T20:53:53+00:00\" \/>\n<meta property=\"article:modified_time\" content=\"2025-05-07T21:09:49+00:00\" \/>\n<meta name=\"author\" content=\"El Sol\" \/>\n<meta name=\"twitter:card\" content=\"summary_large_image\" \/>\n<meta name=\"twitter:label1\" content=\"Escrito por\" \/>\n\t<meta name=\"twitter:data1\" content=\"El Sol\" \/>\n\t<meta name=\"twitter:label2\" content=\"Tiempo de lectura\" \/>\n\t<meta name=\"twitter:data2\" content=\"5 minutos\" \/>\n<script type=\"application\/ld+json\" class=\"yoast-schema-graph\">{\"@context\":\"https:\\\/\\\/schema.org\",\"@graph\":[{\"@type\":\"Article\",\"@id\":\"https:\\\/\\\/elsol.ps.org.uy\\\/index.php\\\/2024\\\/10\\\/22\\\/una-rendicion-de-cuenta-con-muchos-debes\\\/#article\",\"isPartOf\":{\"@id\":\"https:\\\/\\\/elsol.ps.org.uy\\\/index.php\\\/2024\\\/10\\\/22\\\/una-rendicion-de-cuenta-con-muchos-debes\\\/\"},\"author\":{\"name\":\"El Sol\",\"@id\":\"https:\\\/\\\/elsol.ps.org.uy\\\/#\\\/schema\\\/person\\\/9642a61f31473fe97857228bf33277f6\"},\"headline\":\"Una rendici\u00f3n de cuenta con muchos debes\",\"datePublished\":\"2024-10-22T20:53:53+00:00\",\"dateModified\":\"2025-05-07T21:09:49+00:00\",\"mainEntityOfPage\":{\"@id\":\"https:\\\/\\\/elsol.ps.org.uy\\\/index.php\\\/2024\\\/10\\\/22\\\/una-rendicion-de-cuenta-con-muchos-debes\\\/\"},\"wordCount\":1173,\"commentCount\":0,\"articleSection\":[\"El Sol\",\"El Sol \u2013 N\u00ba 41 \u2013 Octubre 2024\",\"Emiliano Molinari\"],\"inLanguage\":\"es\",\"potentialAction\":[{\"@type\":\"CommentAction\",\"name\":\"Comment\",\"target\":[\"https:\\\/\\\/elsol.ps.org.uy\\\/index.php\\\/2024\\\/10\\\/22\\\/una-rendicion-de-cuenta-con-muchos-debes\\\/#respond\"]}]},{\"@type\":\"WebPage\",\"@id\":\"https:\\\/\\\/elsol.ps.org.uy\\\/index.php\\\/2024\\\/10\\\/22\\\/una-rendicion-de-cuenta-con-muchos-debes\\\/\",\"url\":\"https:\\\/\\\/elsol.ps.org.uy\\\/index.php\\\/2024\\\/10\\\/22\\\/una-rendicion-de-cuenta-con-muchos-debes\\\/\",\"name\":\"Una rendici\u00f3n de cuenta con muchos debes - El Sol\",\"isPartOf\":{\"@id\":\"https:\\\/\\\/elsol.ps.org.uy\\\/#website\"},\"datePublished\":\"2024-10-22T20:53:53+00:00\",\"dateModified\":\"2025-05-07T21:09:49+00:00\",\"author\":{\"@id\":\"https:\\\/\\\/elsol.ps.org.uy\\\/#\\\/schema\\\/person\\\/9642a61f31473fe97857228bf33277f6\"},\"breadcrumb\":{\"@id\":\"https:\\\/\\\/elsol.ps.org.uy\\\/index.php\\\/2024\\\/10\\\/22\\\/una-rendicion-de-cuenta-con-muchos-debes\\\/#breadcrumb\"},\"inLanguage\":\"es\",\"potentialAction\":[{\"@type\":\"ReadAction\",\"target\":[\"https:\\\/\\\/elsol.ps.org.uy\\\/index.php\\\/2024\\\/10\\\/22\\\/una-rendicion-de-cuenta-con-muchos-debes\\\/\"]}]},{\"@type\":\"BreadcrumbList\",\"@id\":\"https:\\\/\\\/elsol.ps.org.uy\\\/index.php\\\/2024\\\/10\\\/22\\\/una-rendicion-de-cuenta-con-muchos-debes\\\/#breadcrumb\",\"itemListElement\":[{\"@type\":\"ListItem\",\"position\":1,\"name\":\"Portada\",\"item\":\"https:\\\/\\\/elsol.ps.org.uy\\\/\"},{\"@type\":\"ListItem\",\"position\":2,\"name\":\"Una rendici\u00f3n de cuenta con muchos debes\"}]},{\"@type\":\"WebSite\",\"@id\":\"https:\\\/\\\/elsol.ps.org.uy\\\/#website\",\"url\":\"https:\\\/\\\/elsol.ps.org.uy\\\/\",\"name\":\"El Sol\",\"description\":\"Organo del Partido Socialista - Frente Amplio\",\"potentialAction\":[{\"@type\":\"SearchAction\",\"target\":{\"@type\":\"EntryPoint\",\"urlTemplate\":\"https:\\\/\\\/elsol.ps.org.uy\\\/?s={search_term_string}\"},\"query-input\":{\"@type\":\"PropertyValueSpecification\",\"valueRequired\":true,\"valueName\":\"search_term_string\"}}],\"inLanguage\":\"es\"},{\"@type\":\"Person\",\"@id\":\"https:\\\/\\\/elsol.ps.org.uy\\\/#\\\/schema\\\/person\\\/9642a61f31473fe97857228bf33277f6\",\"name\":\"El Sol\",\"image\":{\"@type\":\"ImageObject\",\"inLanguage\":\"es\",\"@id\":\"https:\\\/\\\/secure.gravatar.com\\\/avatar\\\/e14a39081cff84ca4b5657918d3e15ebebf0ca4cee0bb3b81200271ee78d4b9c?s=96&d=mm&r=g\",\"url\":\"https:\\\/\\\/secure.gravatar.com\\\/avatar\\\/e14a39081cff84ca4b5657918d3e15ebebf0ca4cee0bb3b81200271ee78d4b9c?s=96&d=mm&r=g\",\"contentUrl\":\"https:\\\/\\\/secure.gravatar.com\\\/avatar\\\/e14a39081cff84ca4b5657918d3e15ebebf0ca4cee0bb3b81200271ee78d4b9c?s=96&d=mm&r=g\",\"caption\":\"El Sol\"},\"url\":\"https:\\\/\\\/elsol.ps.org.uy\\\/index.php\\\/author\\\/eugenia\\\/\"}]}<\/script>\n<!-- \/ Yoast SEO plugin. -->","yoast_head_json":{"title":"Una rendici\u00f3n de cuenta con muchos debes - El Sol","robots":{"index":"index","follow":"follow","max-snippet":"max-snippet:-1","max-image-preview":"max-image-preview:large","max-video-preview":"max-video-preview:-1"},"canonical":"https:\/\/elsol.ps.org.uy\/index.php\/2024\/10\/22\/una-rendicion-de-cuenta-con-muchos-debes\/","og_locale":"es_ES","og_type":"article","og_title":"Una rendici\u00f3n de cuenta con muchos debes - El Sol","og_description":"Escribe Emiliano Molinari Departamental Paysand\u00fa Esta rendici\u00f3n de cuentas es la \u00faltima de este Gobierno, una rendici\u00f3n que no tiene permitido el aumento","og_url":"https:\/\/elsol.ps.org.uy\/index.php\/2024\/10\/22\/una-rendicion-de-cuenta-con-muchos-debes\/","og_site_name":"El Sol","article_published_time":"2024-10-22T20:53:53+00:00","article_modified_time":"2025-05-07T21:09:49+00:00","author":"El Sol","twitter_card":"summary_large_image","twitter_misc":{"Escrito por":"El Sol","Tiempo de lectura":"5 minutos"},"schema":{"@context":"https:\/\/schema.org","@graph":[{"@type":"Article","@id":"https:\/\/elsol.ps.org.uy\/index.php\/2024\/10\/22\/una-rendicion-de-cuenta-con-muchos-debes\/#article","isPartOf":{"@id":"https:\/\/elsol.ps.org.uy\/index.php\/2024\/10\/22\/una-rendicion-de-cuenta-con-muchos-debes\/"},"author":{"name":"El Sol","@id":"https:\/\/elsol.ps.org.uy\/#\/schema\/person\/9642a61f31473fe97857228bf33277f6"},"headline":"Una rendici\u00f3n de cuenta con muchos debes","datePublished":"2024-10-22T20:53:53+00:00","dateModified":"2025-05-07T21:09:49+00:00","mainEntityOfPage":{"@id":"https:\/\/elsol.ps.org.uy\/index.php\/2024\/10\/22\/una-rendicion-de-cuenta-con-muchos-debes\/"},"wordCount":1173,"commentCount":0,"articleSection":["El Sol","El Sol \u2013 N\u00ba 41 \u2013 Octubre 2024","Emiliano Molinari"],"inLanguage":"es","potentialAction":[{"@type":"CommentAction","name":"Comment","target":["https:\/\/elsol.ps.org.uy\/index.php\/2024\/10\/22\/una-rendicion-de-cuenta-con-muchos-debes\/#respond"]}]},{"@type":"WebPage","@id":"https:\/\/elsol.ps.org.uy\/index.php\/2024\/10\/22\/una-rendicion-de-cuenta-con-muchos-debes\/","url":"https:\/\/elsol.ps.org.uy\/index.php\/2024\/10\/22\/una-rendicion-de-cuenta-con-muchos-debes\/","name":"Una rendici\u00f3n de cuenta con muchos debes - El Sol","isPartOf":{"@id":"https:\/\/elsol.ps.org.uy\/#website"},"datePublished":"2024-10-22T20:53:53+00:00","dateModified":"2025-05-07T21:09:49+00:00","author":{"@id":"https:\/\/elsol.ps.org.uy\/#\/schema\/person\/9642a61f31473fe97857228bf33277f6"},"breadcrumb":{"@id":"https:\/\/elsol.ps.org.uy\/index.php\/2024\/10\/22\/una-rendicion-de-cuenta-con-muchos-debes\/#breadcrumb"},"inLanguage":"es","potentialAction":[{"@type":"ReadAction","target":["https:\/\/elsol.ps.org.uy\/index.php\/2024\/10\/22\/una-rendicion-de-cuenta-con-muchos-debes\/"]}]},{"@type":"BreadcrumbList","@id":"https:\/\/elsol.ps.org.uy\/index.php\/2024\/10\/22\/una-rendicion-de-cuenta-con-muchos-debes\/#breadcrumb","itemListElement":[{"@type":"ListItem","position":1,"name":"Portada","item":"https:\/\/elsol.ps.org.uy\/"},{"@type":"ListItem","position":2,"name":"Una rendici\u00f3n de cuenta con muchos debes"}]},{"@type":"WebSite","@id":"https:\/\/elsol.ps.org.uy\/#website","url":"https:\/\/elsol.ps.org.uy\/","name":"El Sol","description":"Organo del Partido Socialista - Frente Amplio","potentialAction":[{"@type":"SearchAction","target":{"@type":"EntryPoint","urlTemplate":"https:\/\/elsol.ps.org.uy\/?s={search_term_string}"},"query-input":{"@type":"PropertyValueSpecification","valueRequired":true,"valueName":"search_term_string"}}],"inLanguage":"es"},{"@type":"Person","@id":"https:\/\/elsol.ps.org.uy\/#\/schema\/person\/9642a61f31473fe97857228bf33277f6","name":"El Sol","image":{"@type":"ImageObject","inLanguage":"es","@id":"https:\/\/secure.gravatar.com\/avatar\/e14a39081cff84ca4b5657918d3e15ebebf0ca4cee0bb3b81200271ee78d4b9c?s=96&d=mm&r=g","url":"https:\/\/secure.gravatar.com\/avatar\/e14a39081cff84ca4b5657918d3e15ebebf0ca4cee0bb3b81200271ee78d4b9c?s=96&d=mm&r=g","contentUrl":"https:\/\/secure.gravatar.com\/avatar\/e14a39081cff84ca4b5657918d3e15ebebf0ca4cee0bb3b81200271ee78d4b9c?s=96&d=mm&r=g","caption":"El Sol"},"url":"https:\/\/elsol.ps.org.uy\/index.php\/author\/eugenia\/"}]}},"jetpack_featured_media_url":"","_links":{"self":[{"href":"https:\/\/elsol.ps.org.uy\/index.php\/wp-json\/wp\/v2\/posts\/13826","targetHints":{"allow":["GET"]}}],"collection":[{"href":"https:\/\/elsol.ps.org.uy\/index.php\/wp-json\/wp\/v2\/posts"}],"about":[{"href":"https:\/\/elsol.ps.org.uy\/index.php\/wp-json\/wp\/v2\/types\/post"}],"author":[{"embeddable":true,"href":"https:\/\/elsol.ps.org.uy\/index.php\/wp-json\/wp\/v2\/users\/2"}],"replies":[{"embeddable":true,"href":"https:\/\/elsol.ps.org.uy\/index.php\/wp-json\/wp\/v2\/comments?post=13826"}],"version-history":[{"count":1,"href":"https:\/\/elsol.ps.org.uy\/index.php\/wp-json\/wp\/v2\/posts\/13826\/revisions"}],"predecessor-version":[{"id":13827,"href":"https:\/\/elsol.ps.org.uy\/index.php\/wp-json\/wp\/v2\/posts\/13826\/revisions\/13827"}],"wp:attachment":[{"href":"https:\/\/elsol.ps.org.uy\/index.php\/wp-json\/wp\/v2\/media?parent=13826"}],"wp:term":[{"taxonomy":"category","embeddable":true,"href":"https:\/\/elsol.ps.org.uy\/index.php\/wp-json\/wp\/v2\/categories?post=13826"},{"taxonomy":"post_tag","embeddable":true,"href":"https:\/\/elsol.ps.org.uy\/index.php\/wp-json\/wp\/v2\/tags?post=13826"}],"curies":[{"name":"wp","href":"https:\/\/api.w.org\/{rel}","templated":true}]}}