{"id":13882,"date":"2025-05-07T18:03:29","date_gmt":"2025-05-07T21:03:29","guid":{"rendered":"https:\/\/elsol.ps.org.uy\/?p=13882"},"modified":"2025-05-07T18:03:31","modified_gmt":"2025-05-07T21:03:31","slug":"entrevista-a-jose-josema-machado-candidato-a-alcalde-en-el-municipio-d-por-el-frente-amplio","status":"publish","type":"post","link":"https:\/\/elsol.ps.org.uy\/index.php\/2025\/05\/07\/entrevista-a-jose-josema-machado-candidato-a-alcalde-en-el-municipio-d-por-el-frente-amplio\/","title":{"rendered":"Entrevista a Jos\u00e9 \u201cJosema\u201d Machado, Candidato a Alcalde en el Municipio D por el Frente Amplio"},"content":{"rendered":"\n<p>\u00ab<strong>Josema\u00bb Machado<\/strong>: \u201cEl Municipio D necesita m\u00e1s justicia territorial y m\u00e1s poder para su gente\u201d.<\/p>\n\n\n\n<p>Con m\u00e1s de tres d\u00e9cadas de compromiso con su barrio y con la causa de los m\u00e1s humildes, Jos\u00e9 Luis \u201cJos\u00e9ma\u201d Machado, actual concejal suplente y referente cooperativista, va por m\u00e1s. Su candidatura a Alcalde del Municipio D por la lista 96D del Frente Amplio lo posiciona como una figura con arraigo, coherencia y una trayectoria de militancia en las bases que hoy cobra m\u00e1s sentido que nunca.<\/p>\n\n\n\n<p>\u2014 <strong>\u00bfQu\u00e9 lo empuja hoy a postularse como Alcalde del Municipio D?<\/strong><\/p>\n\n\n\n<p>\u2014 Lo que me mueve es lo mismo que me ha movido toda la vida: transformar la realidad desde abajo. Vivo en Villa Espa\u00f1ola, crec\u00ed entre San Mart\u00edn y Capit\u00e1n Tula, y m\u00e1s adelante en Valle Ed\u00e9n, Tacuaremb\u00f3. Soy producto del trabajo colectivo. He formado cooperativas de vivienda, impulsado espacios de formaci\u00f3n popular y he estado en la calle, en los barrios, organizando con los vecinos. El Municipio D necesita una conducci\u00f3n con ese enfoque: que no venga de arriba para abajo, sino al rev\u00e9s.<\/p>\n\n\n\n<p>\u2014 <strong>En su trayectoria hay un fuerte eje cooperativo y sindical. \u00bfC\u00f3mo cree que eso aporta a la gesti\u00f3n municipal?<\/strong><\/p>\n\n\n\n<p>\u2014 La cooperativa es una escuela de democracia. Fui presidente de COVILACAR y de la cooperativa social COUPA. Ah\u00ed uno aprende a escuchar, a coordinar, a resolver problemas con lo que hay. El municipio no puede ser un escritorio alejado. Tiene que ser un motor de organizaci\u00f3n comunitaria. Mi experiencia en el SUNCA, en la Federaci\u00f3n de la Carne y en el trabajo de base me da herramientas para gobernar con la gente, no para la gente.<\/p>\n\n\n\n<p>\u2014 <strong>\u00bfQu\u00e9 desaf\u00edos ve para el territorio del Municipio D?<\/strong><\/p>\n\n\n\n<p>\u2014 Hay una deuda hist\u00f3rica con nuestros barrios. Hay zonas invisibilizadas que no aparecen en los mapas institucionales. Nosotros venimos a ponerlos en el centro. M\u00e1s limpieza, m\u00e1s infraestructura, pero tambi\u00e9n m\u00e1s cultura, m\u00e1s participaci\u00f3n real. Queremos que el Municipio sea un apoyo para las organizaciones barriales, que sepa estar en cada reclamo, en cada olla, en cada cooperativa.<\/p>\n\n\n\n<p>\u2014 <strong>Su campa\u00f1a en redes sociales se ve cercana y con mucha presencia comunitaria. \u00bfQu\u00e9 mensaje quiere dejarle a los vecinos y vecinas?<\/strong><\/p>\n\n\n\n<p>\u2014 Que no estamos improvisando. Ac\u00e1 hay historia, hay compromiso. Hay un equipo que trabaja desde hace a\u00f1os en el territorio. Yo no vine a sacarme una foto en la feria, vengo porque estuve siempre. Hoy m\u00e1s que nunca necesitamos gobiernos locales con sensibilidad social, con ra\u00edces en los barrios. Y ese es mi compromiso: gobernar para que el Municipio D sea un territorio m\u00e1s justo, donde vivir mejor no sea un privilegio, sino un derecho.<\/p>\n\n\n\n<p>\u2014 <strong>Por \u00faltimo, \u00bfc\u00f3mo definir\u00eda en una frase su propuesta para el Municipio D?<\/strong><\/p>\n\n\n\n<p>\u2014 Una gesti\u00f3n con los pies en el barro y la cabeza en las soluciones. Buscando siempre profundizar en la descentralizaci\u00f3n.<\/p>\n","protected":false},"excerpt":{"rendered":"\u00abJosema\u00bb Machado: \u201cEl Municipio D necesita m\u00e1s justicia territorial y m\u00e1s poder para su gente\u201d. Con m\u00e1s de tres d\u00e9cadas de compromiso con \n<a class=\"moretag\" href=\"https:\/\/elsol.ps.org.uy\/index.php\/2025\/05\/07\/entrevista-a-jose-josema-machado-candidato-a-alcalde-en-el-municipio-d-por-el-frente-amplio\/\"> [...]<\/a>","protected":false},"author":2,"featured_media":13886,"comment_status":"open","ping_status":"closed","sticky":false,"template":"","format":"standard","meta":{"footnotes":""},"categories":[30,36,1,33],"tags":[],"class_list":["post-13882","post","type-post","status-publish","format-standard","has-post-thumbnail","hentry","category-destacadas","category-el-sol","category-nacional","category-noticias"],"yoast_head":"<!-- This site is optimized with the Yoast SEO plugin v27.4 - https:\/\/yoast.com\/product\/yoast-seo-wordpress\/ -->\n<title>Entrevista a Jos\u00e9 \u201cJosema\u201d Machado, Candidato a Alcalde en el Municipio D por el Frente Amplio - El Sol<\/title>\n<meta name=\"robots\" content=\"index, follow, max-snippet:-1, max-image-preview:large, max-video-preview:-1\" \/>\n<link rel=\"canonical\" href=\"https:\/\/elsol.ps.org.uy\/index.php\/2025\/05\/07\/entrevista-a-jose-josema-machado-candidato-a-alcalde-en-el-municipio-d-por-el-frente-amplio\/\" \/>\n<meta property=\"og:locale\" content=\"es_ES\" \/>\n<meta property=\"og:type\" content=\"article\" \/>\n<meta property=\"og:title\" content=\"Entrevista a Jos\u00e9 \u201cJosema\u201d Machado, Candidato a Alcalde en el Municipio D por el Frente Amplio - El Sol\" \/>\n<meta property=\"og:description\" content=\"\u00abJosema\u00bb Machado: \u201cEl Municipio D necesita m\u00e1s justicia territorial y m\u00e1s poder para su gente\u201d. Con m\u00e1s de tres d\u00e9cadas de compromiso con\" \/>\n<meta property=\"og:url\" content=\"https:\/\/elsol.ps.org.uy\/index.php\/2025\/05\/07\/entrevista-a-jose-josema-machado-candidato-a-alcalde-en-el-municipio-d-por-el-frente-amplio\/\" \/>\n<meta property=\"og:site_name\" content=\"El Sol\" \/>\n<meta property=\"article:published_time\" content=\"2025-05-07T21:03:29+00:00\" \/>\n<meta property=\"article:modified_time\" content=\"2025-05-07T21:03:31+00:00\" \/>\n<meta property=\"og:image\" content=\"https:\/\/elsol.ps.org.uy\/wp-content\/uploads\/2025\/05\/Mesa-de-trabajo-44.png\" \/>\n\t<meta property=\"og:image:width\" content=\"735\" \/>\n\t<meta property=\"og:image:height\" content=\"360\" \/>\n\t<meta property=\"og:image:type\" content=\"image\/png\" \/>\n<meta name=\"author\" content=\"El Sol\" \/>\n<meta name=\"twitter:card\" content=\"summary_large_image\" \/>\n<meta name=\"twitter:label1\" content=\"Escrito por\" \/>\n\t<meta name=\"twitter:data1\" content=\"El Sol\" \/>\n\t<meta name=\"twitter:label2\" content=\"Tiempo de lectura\" \/>\n\t<meta name=\"twitter:data2\" content=\"3 minutos\" \/>\n<script type=\"application\/ld+json\" class=\"yoast-schema-graph\">{\"@context\":\"https:\\\/\\\/schema.org\",\"@graph\":[{\"@type\":\"Article\",\"@id\":\"https:\\\/\\\/elsol.ps.org.uy\\\/index.php\\\/2025\\\/05\\\/07\\\/entrevista-a-jose-josema-machado-candidato-a-alcalde-en-el-municipio-d-por-el-frente-amplio\\\/#article\",\"isPartOf\":{\"@id\":\"https:\\\/\\\/elsol.ps.org.uy\\\/index.php\\\/2025\\\/05\\\/07\\\/entrevista-a-jose-josema-machado-candidato-a-alcalde-en-el-municipio-d-por-el-frente-amplio\\\/\"},\"author\":{\"name\":\"El Sol\",\"@id\":\"https:\\\/\\\/elsol.ps.org.uy\\\/#\\\/schema\\\/person\\\/9642a61f31473fe97857228bf33277f6\"},\"headline\":\"Entrevista a Jos\u00e9 \u201cJosema\u201d Machado, Candidato a Alcalde en el Municipio D por el Frente Amplio\",\"datePublished\":\"2025-05-07T21:03:29+00:00\",\"dateModified\":\"2025-05-07T21:03:31+00:00\",\"mainEntityOfPage\":{\"@id\":\"https:\\\/\\\/elsol.ps.org.uy\\\/index.php\\\/2025\\\/05\\\/07\\\/entrevista-a-jose-josema-machado-candidato-a-alcalde-en-el-municipio-d-por-el-frente-amplio\\\/\"},\"wordCount\":523,\"commentCount\":0,\"image\":{\"@id\":\"https:\\\/\\\/elsol.ps.org.uy\\\/index.php\\\/2025\\\/05\\\/07\\\/entrevista-a-jose-josema-machado-candidato-a-alcalde-en-el-municipio-d-por-el-frente-amplio\\\/#primaryimage\"},\"thumbnailUrl\":\"https:\\\/\\\/elsol.ps.org.uy\\\/wp-content\\\/uploads\\\/2025\\\/05\\\/Mesa-de-trabajo-44.png\",\"articleSection\":[\"Destacadas\",\"El Sol\",\"Nacional\",\"Noticias\"],\"inLanguage\":\"es\",\"potentialAction\":[{\"@type\":\"CommentAction\",\"name\":\"Comment\",\"target\":[\"https:\\\/\\\/elsol.ps.org.uy\\\/index.php\\\/2025\\\/05\\\/07\\\/entrevista-a-jose-josema-machado-candidato-a-alcalde-en-el-municipio-d-por-el-frente-amplio\\\/#respond\"]}]},{\"@type\":\"WebPage\",\"@id\":\"https:\\\/\\\/elsol.ps.org.uy\\\/index.php\\\/2025\\\/05\\\/07\\\/entrevista-a-jose-josema-machado-candidato-a-alcalde-en-el-municipio-d-por-el-frente-amplio\\\/\",\"url\":\"https:\\\/\\\/elsol.ps.org.uy\\\/index.php\\\/2025\\\/05\\\/07\\\/entrevista-a-jose-josema-machado-candidato-a-alcalde-en-el-municipio-d-por-el-frente-amplio\\\/\",\"name\":\"Entrevista a Jos\u00e9 \u201cJosema\u201d Machado, Candidato a Alcalde en el Municipio D por el Frente Amplio - El Sol\",\"isPartOf\":{\"@id\":\"https:\\\/\\\/elsol.ps.org.uy\\\/#website\"},\"primaryImageOfPage\":{\"@id\":\"https:\\\/\\\/elsol.ps.org.uy\\\/index.php\\\/2025\\\/05\\\/07\\\/entrevista-a-jose-josema-machado-candidato-a-alcalde-en-el-municipio-d-por-el-frente-amplio\\\/#primaryimage\"},\"image\":{\"@id\":\"https:\\\/\\\/elsol.ps.org.uy\\\/index.php\\\/2025\\\/05\\\/07\\\/entrevista-a-jose-josema-machado-candidato-a-alcalde-en-el-municipio-d-por-el-frente-amplio\\\/#primaryimage\"},\"thumbnailUrl\":\"https:\\\/\\\/elsol.ps.org.uy\\\/wp-content\\\/uploads\\\/2025\\\/05\\\/Mesa-de-trabajo-44.png\",\"datePublished\":\"2025-05-07T21:03:29+00:00\",\"dateModified\":\"2025-05-07T21:03:31+00:00\",\"author\":{\"@id\":\"https:\\\/\\\/elsol.ps.org.uy\\\/#\\\/schema\\\/person\\\/9642a61f31473fe97857228bf33277f6\"},\"breadcrumb\":{\"@id\":\"https:\\\/\\\/elsol.ps.org.uy\\\/index.php\\\/2025\\\/05\\\/07\\\/entrevista-a-jose-josema-machado-candidato-a-alcalde-en-el-municipio-d-por-el-frente-amplio\\\/#breadcrumb\"},\"inLanguage\":\"es\",\"potentialAction\":[{\"@type\":\"ReadAction\",\"target\":[\"https:\\\/\\\/elsol.ps.org.uy\\\/index.php\\\/2025\\\/05\\\/07\\\/entrevista-a-jose-josema-machado-candidato-a-alcalde-en-el-municipio-d-por-el-frente-amplio\\\/\"]}]},{\"@type\":\"ImageObject\",\"inLanguage\":\"es\",\"@id\":\"https:\\\/\\\/elsol.ps.org.uy\\\/index.php\\\/2025\\\/05\\\/07\\\/entrevista-a-jose-josema-machado-candidato-a-alcalde-en-el-municipio-d-por-el-frente-amplio\\\/#primaryimage\",\"url\":\"https:\\\/\\\/elsol.ps.org.uy\\\/wp-content\\\/uploads\\\/2025\\\/05\\\/Mesa-de-trabajo-44.png\",\"contentUrl\":\"https:\\\/\\\/elsol.ps.org.uy\\\/wp-content\\\/uploads\\\/2025\\\/05\\\/Mesa-de-trabajo-44.png\",\"width\":735,\"height\":360},{\"@type\":\"BreadcrumbList\",\"@id\":\"https:\\\/\\\/elsol.ps.org.uy\\\/index.php\\\/2025\\\/05\\\/07\\\/entrevista-a-jose-josema-machado-candidato-a-alcalde-en-el-municipio-d-por-el-frente-amplio\\\/#breadcrumb\",\"itemListElement\":[{\"@type\":\"ListItem\",\"position\":1,\"name\":\"Portada\",\"item\":\"https:\\\/\\\/elsol.ps.org.uy\\\/\"},{\"@type\":\"ListItem\",\"position\":2,\"name\":\"Entrevista a Jos\u00e9 \u201cJosema\u201d Machado, Candidato a Alcalde en el Municipio D por el Frente Amplio\"}]},{\"@type\":\"WebSite\",\"@id\":\"https:\\\/\\\/elsol.ps.org.uy\\\/#website\",\"url\":\"https:\\\/\\\/elsol.ps.org.uy\\\/\",\"name\":\"El Sol\",\"description\":\"Organo del Partido Socialista - Frente Amplio\",\"potentialAction\":[{\"@type\":\"SearchAction\",\"target\":{\"@type\":\"EntryPoint\",\"urlTemplate\":\"https:\\\/\\\/elsol.ps.org.uy\\\/?s={search_term_string}\"},\"query-input\":{\"@type\":\"PropertyValueSpecification\",\"valueRequired\":true,\"valueName\":\"search_term_string\"}}],\"inLanguage\":\"es\"},{\"@type\":\"Person\",\"@id\":\"https:\\\/\\\/elsol.ps.org.uy\\\/#\\\/schema\\\/person\\\/9642a61f31473fe97857228bf33277f6\",\"name\":\"El Sol\",\"image\":{\"@type\":\"ImageObject\",\"inLanguage\":\"es\",\"@id\":\"https:\\\/\\\/secure.gravatar.com\\\/avatar\\\/e14a39081cff84ca4b5657918d3e15ebebf0ca4cee0bb3b81200271ee78d4b9c?s=96&d=mm&r=g\",\"url\":\"https:\\\/\\\/secure.gravatar.com\\\/avatar\\\/e14a39081cff84ca4b5657918d3e15ebebf0ca4cee0bb3b81200271ee78d4b9c?s=96&d=mm&r=g\",\"contentUrl\":\"https:\\\/\\\/secure.gravatar.com\\\/avatar\\\/e14a39081cff84ca4b5657918d3e15ebebf0ca4cee0bb3b81200271ee78d4b9c?s=96&d=mm&r=g\",\"caption\":\"El Sol\"},\"url\":\"https:\\\/\\\/elsol.ps.org.uy\\\/index.php\\\/author\\\/eugenia\\\/\"}]}<\/script>\n<!-- \/ Yoast SEO plugin. -->","yoast_head_json":{"title":"Entrevista a Jos\u00e9 \u201cJosema\u201d Machado, Candidato a Alcalde en el Municipio D por el Frente Amplio - El Sol","robots":{"index":"index","follow":"follow","max-snippet":"max-snippet:-1","max-image-preview":"max-image-preview:large","max-video-preview":"max-video-preview:-1"},"canonical":"https:\/\/elsol.ps.org.uy\/index.php\/2025\/05\/07\/entrevista-a-jose-josema-machado-candidato-a-alcalde-en-el-municipio-d-por-el-frente-amplio\/","og_locale":"es_ES","og_type":"article","og_title":"Entrevista a Jos\u00e9 \u201cJosema\u201d Machado, Candidato a Alcalde en el Municipio D por el Frente Amplio - El Sol","og_description":"\u00abJosema\u00bb Machado: \u201cEl Municipio D necesita m\u00e1s justicia territorial y m\u00e1s poder para su gente\u201d. Con m\u00e1s de tres d\u00e9cadas de compromiso con","og_url":"https:\/\/elsol.ps.org.uy\/index.php\/2025\/05\/07\/entrevista-a-jose-josema-machado-candidato-a-alcalde-en-el-municipio-d-por-el-frente-amplio\/","og_site_name":"El Sol","article_published_time":"2025-05-07T21:03:29+00:00","article_modified_time":"2025-05-07T21:03:31+00:00","og_image":[{"width":735,"height":360,"url":"https:\/\/elsol.ps.org.uy\/wp-content\/uploads\/2025\/05\/Mesa-de-trabajo-44.png","type":"image\/png"}],"author":"El Sol","twitter_card":"summary_large_image","twitter_misc":{"Escrito por":"El Sol","Tiempo de lectura":"3 minutos"},"schema":{"@context":"https:\/\/schema.org","@graph":[{"@type":"Article","@id":"https:\/\/elsol.ps.org.uy\/index.php\/2025\/05\/07\/entrevista-a-jose-josema-machado-candidato-a-alcalde-en-el-municipio-d-por-el-frente-amplio\/#article","isPartOf":{"@id":"https:\/\/elsol.ps.org.uy\/index.php\/2025\/05\/07\/entrevista-a-jose-josema-machado-candidato-a-alcalde-en-el-municipio-d-por-el-frente-amplio\/"},"author":{"name":"El Sol","@id":"https:\/\/elsol.ps.org.uy\/#\/schema\/person\/9642a61f31473fe97857228bf33277f6"},"headline":"Entrevista a Jos\u00e9 \u201cJosema\u201d Machado, Candidato a Alcalde en el Municipio D por el Frente Amplio","datePublished":"2025-05-07T21:03:29+00:00","dateModified":"2025-05-07T21:03:31+00:00","mainEntityOfPage":{"@id":"https:\/\/elsol.ps.org.uy\/index.php\/2025\/05\/07\/entrevista-a-jose-josema-machado-candidato-a-alcalde-en-el-municipio-d-por-el-frente-amplio\/"},"wordCount":523,"commentCount":0,"image":{"@id":"https:\/\/elsol.ps.org.uy\/index.php\/2025\/05\/07\/entrevista-a-jose-josema-machado-candidato-a-alcalde-en-el-municipio-d-por-el-frente-amplio\/#primaryimage"},"thumbnailUrl":"https:\/\/elsol.ps.org.uy\/wp-content\/uploads\/2025\/05\/Mesa-de-trabajo-44.png","articleSection":["Destacadas","El Sol","Nacional","Noticias"],"inLanguage":"es","potentialAction":[{"@type":"CommentAction","name":"Comment","target":["https:\/\/elsol.ps.org.uy\/index.php\/2025\/05\/07\/entrevista-a-jose-josema-machado-candidato-a-alcalde-en-el-municipio-d-por-el-frente-amplio\/#respond"]}]},{"@type":"WebPage","@id":"https:\/\/elsol.ps.org.uy\/index.php\/2025\/05\/07\/entrevista-a-jose-josema-machado-candidato-a-alcalde-en-el-municipio-d-por-el-frente-amplio\/","url":"https:\/\/elsol.ps.org.uy\/index.php\/2025\/05\/07\/entrevista-a-jose-josema-machado-candidato-a-alcalde-en-el-municipio-d-por-el-frente-amplio\/","name":"Entrevista a Jos\u00e9 \u201cJosema\u201d Machado, Candidato a Alcalde en el Municipio D por el Frente Amplio - El Sol","isPartOf":{"@id":"https:\/\/elsol.ps.org.uy\/#website"},"primaryImageOfPage":{"@id":"https:\/\/elsol.ps.org.uy\/index.php\/2025\/05\/07\/entrevista-a-jose-josema-machado-candidato-a-alcalde-en-el-municipio-d-por-el-frente-amplio\/#primaryimage"},"image":{"@id":"https:\/\/elsol.ps.org.uy\/index.php\/2025\/05\/07\/entrevista-a-jose-josema-machado-candidato-a-alcalde-en-el-municipio-d-por-el-frente-amplio\/#primaryimage"},"thumbnailUrl":"https:\/\/elsol.ps.org.uy\/wp-content\/uploads\/2025\/05\/Mesa-de-trabajo-44.png","datePublished":"2025-05-07T21:03:29+00:00","dateModified":"2025-05-07T21:03:31+00:00","author":{"@id":"https:\/\/elsol.ps.org.uy\/#\/schema\/person\/9642a61f31473fe97857228bf33277f6"},"breadcrumb":{"@id":"https:\/\/elsol.ps.org.uy\/index.php\/2025\/05\/07\/entrevista-a-jose-josema-machado-candidato-a-alcalde-en-el-municipio-d-por-el-frente-amplio\/#breadcrumb"},"inLanguage":"es","potentialAction":[{"@type":"ReadAction","target":["https:\/\/elsol.ps.org.uy\/index.php\/2025\/05\/07\/entrevista-a-jose-josema-machado-candidato-a-alcalde-en-el-municipio-d-por-el-frente-amplio\/"]}]},{"@type":"ImageObject","inLanguage":"es","@id":"https:\/\/elsol.ps.org.uy\/index.php\/2025\/05\/07\/entrevista-a-jose-josema-machado-candidato-a-alcalde-en-el-municipio-d-por-el-frente-amplio\/#primaryimage","url":"https:\/\/elsol.ps.org.uy\/wp-content\/uploads\/2025\/05\/Mesa-de-trabajo-44.png","contentUrl":"https:\/\/elsol.ps.org.uy\/wp-content\/uploads\/2025\/05\/Mesa-de-trabajo-44.png","width":735,"height":360},{"@type":"BreadcrumbList","@id":"https:\/\/elsol.ps.org.uy\/index.php\/2025\/05\/07\/entrevista-a-jose-josema-machado-candidato-a-alcalde-en-el-municipio-d-por-el-frente-amplio\/#breadcrumb","itemListElement":[{"@type":"ListItem","position":1,"name":"Portada","item":"https:\/\/elsol.ps.org.uy\/"},{"@type":"ListItem","position":2,"name":"Entrevista a Jos\u00e9 \u201cJosema\u201d Machado, Candidato a Alcalde en el Municipio D por el Frente Amplio"}]},{"@type":"WebSite","@id":"https:\/\/elsol.ps.org.uy\/#website","url":"https:\/\/elsol.ps.org.uy\/","name":"El Sol","description":"Organo del Partido Socialista - Frente Amplio","potentialAction":[{"@type":"SearchAction","target":{"@type":"EntryPoint","urlTemplate":"https:\/\/elsol.ps.org.uy\/?s={search_term_string}"},"query-input":{"@type":"PropertyValueSpecification","valueRequired":true,"valueName":"search_term_string"}}],"inLanguage":"es"},{"@type":"Person","@id":"https:\/\/elsol.ps.org.uy\/#\/schema\/person\/9642a61f31473fe97857228bf33277f6","name":"El Sol","image":{"@type":"ImageObject","inLanguage":"es","@id":"https:\/\/secure.gravatar.com\/avatar\/e14a39081cff84ca4b5657918d3e15ebebf0ca4cee0bb3b81200271ee78d4b9c?s=96&d=mm&r=g","url":"https:\/\/secure.gravatar.com\/avatar\/e14a39081cff84ca4b5657918d3e15ebebf0ca4cee0bb3b81200271ee78d4b9c?s=96&d=mm&r=g","contentUrl":"https:\/\/secure.gravatar.com\/avatar\/e14a39081cff84ca4b5657918d3e15ebebf0ca4cee0bb3b81200271ee78d4b9c?s=96&d=mm&r=g","caption":"El Sol"},"url":"https:\/\/elsol.ps.org.uy\/index.php\/author\/eugenia\/"}]}},"jetpack_featured_media_url":"https:\/\/elsol.ps.org.uy\/wp-content\/uploads\/2025\/05\/Mesa-de-trabajo-44.png","_links":{"self":[{"href":"https:\/\/elsol.ps.org.uy\/index.php\/wp-json\/wp\/v2\/posts\/13882","targetHints":{"allow":["GET"]}}],"collection":[{"href":"https:\/\/elsol.ps.org.uy\/index.php\/wp-json\/wp\/v2\/posts"}],"about":[{"href":"https:\/\/elsol.ps.org.uy\/index.php\/wp-json\/wp\/v2\/types\/post"}],"author":[{"embeddable":true,"href":"https:\/\/elsol.ps.org.uy\/index.php\/wp-json\/wp\/v2\/users\/2"}],"replies":[{"embeddable":true,"href":"https:\/\/elsol.ps.org.uy\/index.php\/wp-json\/wp\/v2\/comments?post=13882"}],"version-history":[{"count":1,"href":"https:\/\/elsol.ps.org.uy\/index.php\/wp-json\/wp\/v2\/posts\/13882\/revisions"}],"predecessor-version":[{"id":13887,"href":"https:\/\/elsol.ps.org.uy\/index.php\/wp-json\/wp\/v2\/posts\/13882\/revisions\/13887"}],"wp:featuredmedia":[{"embeddable":true,"href":"https:\/\/elsol.ps.org.uy\/index.php\/wp-json\/wp\/v2\/media\/13886"}],"wp:attachment":[{"href":"https:\/\/elsol.ps.org.uy\/index.php\/wp-json\/wp\/v2\/media?parent=13882"}],"wp:term":[{"taxonomy":"category","embeddable":true,"href":"https:\/\/elsol.ps.org.uy\/index.php\/wp-json\/wp\/v2\/categories?post=13882"},{"taxonomy":"post_tag","embeddable":true,"href":"https:\/\/elsol.ps.org.uy\/index.php\/wp-json\/wp\/v2\/tags?post=13882"}],"curies":[{"name":"wp","href":"https:\/\/api.w.org\/{rel}","templated":true}]}}