{"id":13888,"date":"2025-05-07T18:04:24","date_gmt":"2025-05-07T21:04:24","guid":{"rendered":"https:\/\/elsol.ps.org.uy\/?p=13888"},"modified":"2025-05-09T15:38:52","modified_gmt":"2025-05-09T18:38:52","slug":"entrevista-a-florencia-chipolini-candidata-a-alcaldesa-en-el-municipio-b-por-el-frente-amplio","status":"publish","type":"post","link":"https:\/\/elsol.ps.org.uy\/index.php\/2025\/05\/07\/entrevista-a-florencia-chipolini-candidata-a-alcaldesa-en-el-municipio-b-por-el-frente-amplio\/","title":{"rendered":"Entrevista a Florencia Chipolini, Candidata a Alcaldesa en el Municipio B por el Frente Amplio"},"content":{"rendered":"\n<p><strong>Florencia, contanos un poco de vos y tu v\u00ednculo con la militancia.<\/strong><\/p>\n\n\n\n<p>Soy militante frenteamplista y feminista. Nac\u00ed en Carmelo en 1995 y me form\u00e9 pol\u00edticamente en los comit\u00e9s de base del Frente Amplio, un espacio que me ense\u00f1\u00f3 que la pol\u00edtica se hace desde abajo, con la gente. Llegu\u00e9 a Montevideo en 2014 para estudiar en la Udelar y me recib\u00ed de soci\u00f3loga. Comenc\u00e9 a militar en el comit\u00e9 \u201c28 de Noviembre Compa\u00f1ero Luis Scarpa\u201d, en pleno Municipio B y ah\u00ed confirm\u00e9 que la construcci\u00f3n colectiva, el di\u00e1logo horizontal y la participaci\u00f3n barrial son herramientas necesarias para transformar la realidad.<\/p>\n\n\n\n<p><strong>\u00bfC\u00f3mo ves hoy la participaci\u00f3n ciudadana y la descentralizaci\u00f3n, y qu\u00e9 importancia le das en tu propuesta?<\/strong><\/p>\n\n\n\n<p>El Frente Amplio ha sido pionero en impulsar la descentralizaci\u00f3n como forma de democratizar la ciudad. El Documento 6 de nuestras bases program\u00e1ticas de 1989 lo dice claramente: es en el territorio donde se construyen ciudadan\u00eda y democracia real. Si bien se han logrado avances, queda mucho por profundizar y actualizar. Hoy las formas tradicionales de participaci\u00f3n necesitan dialogar con las l\u00f3gicas actuales, con los nuevos modos en que las personas se organizan, militan y se expresan en lo p\u00fablico.<\/p>\n\n\n\n<p>Queremos fortalecer los espacios ya existentes, como los Concejos Vecinales, pero tambi\u00e9n ampliar y empoderar a las organizaciones sociales que construyen cotidianamente en el territorio. Las ollas, los colectivos feministas, las organizaciones migrantes, las redes de cuidado y tantas experiencias de autogesti\u00f3n barrial tienen mucho para aportar, y deben ser protagonistas en la toma de decisiones del municipio. Porque nadie mejor que los vecinos y vecinas para saber qu\u00e9 necesita su barrio.<\/p>\n\n\n\n<p><strong>\u00bfQu\u00e9 balance hac\u00e9s de las gestiones frenteamplistas en el Municipio B?<\/strong><\/p>\n\n\n\n<p>Muy positivo. Las gestiones de Carlos Varela y Silvana Pissano marcaron un rumbo. Silvana, en particular, dej\u00f3 un Plan de Desarrollo Municipal construido en di\u00e1logo con m\u00e1s de mil vecinos en Di\u00e1logos Barriales, con una perspectiva ecofeminista, antirracista y popular. Se avanz\u00f3 mucho en inclusi\u00f3n, memoria barrial, cultura popular, patrimonio, convivencia, y sobre todo, en poner a las personas en situaci\u00f3n de mayor vulnerabilidad en el centro de la agenda. Hay programas de cuidados, fincas recuperadas, acciones culturales y proyectos ambientales que deben sostenerse y profundizarse. Ese legado es el piso desde donde queremos seguir construyendo.<\/p>\n\n\n\n<p><strong>\u00bfCu\u00e1les son las prioridades y compromisos que propone tu candidatura?<\/strong><\/p>\n\n\n\n<p>Nuestro plan est\u00e1 basado en la plataforma municipal del Frente Amplio, pero con un fuerte \u00e9nfasis en algunos puntos que consideramos urgentes:<\/p>\n\n\n\n<ul class=\"wp-block-list\">\n<li><strong>Mapeo de accesibilidad urbana<\/strong>: para detectar dificultades en movilidad en las veredas, espacios p\u00fablicos y servicios municipales, generando un plan de mejoras que garantice el derecho a la ciudad para todas y todos.<\/li>\n\n\n\n<li><strong>Ampliar y profundizar el sistema de cuidados<\/strong>: fortaleciendo convenios, aumentando cupos para infancia y personas mayores, profesionalizando el trabajo de cuidados y territorializando las propuestas.<\/li>\n\n\n\n<li><strong>Generar espacios de di\u00e1logo permanente en los barrios<\/strong>: concejo municipal en la calle, ferias, plazas, escuelas, para escuchar y construir colectivamente.<\/li>\n\n\n\n<li><strong>Ampliar la red de ba\u00f1os p\u00fablicos<\/strong>: porque tener ba\u00f1os accesibles y bien mantenidos en plazas, ferias y espacios p\u00fablicos es una cuesti\u00f3n b\u00e1sica de dignidad e inclusi\u00f3n.<\/li>\n\n\n\n<li><strong>Plan de recuperaci\u00f3n de fincas abandonadas<\/strong>: con foco en el derecho a la vivienda, el cuidado del patrimonio y la recuperaci\u00f3n urbana, destin\u00e1ndolas a cooperativas de vivienda, centros culturales o espacios comunitarios.<\/li>\n\n\n\n<li><strong>Refuerzo del plan de limpieza municipal<\/strong>: mejorando la gesti\u00f3n de residuos, ampliando los puntos verdes y apostando a una ciudad limpia, inclusiva y sostenible.<\/li>\n<\/ul>\n\n\n\n<p><strong>\u00bfPor qu\u00e9 pens\u00e1s que el Frente Amplio debe seguir gobernando el Municipio B?<\/strong><\/p>\n\n\n\n<p>Porque ha demostrado, con hechos, que se puede gestionar poniendo a las personas en el centro, cuidando el patrimonio, promoviendo la cultura popular, apostando a la participaci\u00f3n real y defendiendo los derechos colectivos. El Frente Amplio es un proyecto pol\u00edtico que se construye desde lo popular, con vocaci\u00f3n transformadora, democr\u00e1tica y social.<\/p>\n\n\n\n<p>Frente a esto, la derecha ha hecho de los municipios herramientas para el caudillismo, el clientelismo y el vaciamiento de participaci\u00f3n. No han gobernado el Municipio B, pero s\u00ed otras localidades, y los ejemplos sobran.<\/p>\n\n\n\n<p>El Frente Amplio no es solo un partido electoral, es una fuerza pol\u00edtica que construye todos los d\u00edas, que abre sus comit\u00e9s, que milita, escucha y se organiza en los barrios. Queremos garantizar que el Municipio B siga siendo un espacio de convivencia, solidaridad, cultura, identidad, memoria y derechos.<\/p>\n\n\n\n<p><strong>\u00bfC\u00f3mo viv\u00eds personalmente este desaf\u00edo de ser candidata?<\/strong><\/p>\n\n\n\n<p>Con mucho orgullo, pero tambi\u00e9n con mucho compromiso. Soy militante de base, vengo de una familia frenteamplista y de una cultura pol\u00edtica que me ense\u00f1\u00f3 que nadie se salva solo. Esta candidatura busca construir colectivamente, para seguir mejorando los barrios donde vivimos. Tambi\u00e9n s\u00e9 que no es sencillo, sobre todo en tiempos donde los discursos se vac\u00edan, se lavan, se acomodan al marketing. Por eso para m\u00ed es un desaf\u00edo pol\u00edtico y \u00e9tico hablar de feminismo, de clase, de antirracismo y de participaci\u00f3n popular. Lo que propongo es construir desde esos valores, sin esconderlos, porque ah\u00ed est\u00e1 nuestra mayor fortaleza y la posibilidad de cambiar de verdad la vida de la gente.<\/p>\n\n\n\n<p><\/p>\n","protected":false},"excerpt":{"rendered":"Florencia, contanos un poco de vos y tu v\u00ednculo con la militancia. Soy militante frenteamplista y feminista. Nac\u00ed en Carmelo en 1995 y \n<a class=\"moretag\" href=\"https:\/\/elsol.ps.org.uy\/index.php\/2025\/05\/07\/entrevista-a-florencia-chipolini-candidata-a-alcaldesa-en-el-municipio-b-por-el-frente-amplio\/\"> [...]<\/a>","protected":false},"author":2,"featured_media":13884,"comment_status":"open","ping_status":"closed","sticky":false,"template":"","format":"standard","meta":{"footnotes":""},"categories":[30,36,1,33],"tags":[],"class_list":["post-13888","post","type-post","status-publish","format-standard","has-post-thumbnail","hentry","category-destacadas","category-el-sol","category-nacional","category-noticias"],"yoast_head":"<!-- This site is optimized with the Yoast SEO plugin v27.4 - https:\/\/yoast.com\/product\/yoast-seo-wordpress\/ -->\n<title>Entrevista a Florencia Chipolini, Candidata a Alcaldesa en el Municipio B por el Frente Amplio - El Sol<\/title>\n<meta name=\"robots\" content=\"index, follow, max-snippet:-1, max-image-preview:large, max-video-preview:-1\" \/>\n<link rel=\"canonical\" href=\"https:\/\/elsol.ps.org.uy\/index.php\/2025\/05\/07\/entrevista-a-florencia-chipolini-candidata-a-alcaldesa-en-el-municipio-b-por-el-frente-amplio\/\" \/>\n<meta property=\"og:locale\" content=\"es_ES\" \/>\n<meta property=\"og:type\" content=\"article\" \/>\n<meta property=\"og:title\" content=\"Entrevista a Florencia Chipolini, Candidata a Alcaldesa en el Municipio B por el Frente Amplio - El Sol\" \/>\n<meta property=\"og:description\" content=\"Florencia, contanos un poco de vos y tu v\u00ednculo con la militancia. Soy militante frenteamplista y feminista. Nac\u00ed en Carmelo en 1995 y\" \/>\n<meta property=\"og:url\" content=\"https:\/\/elsol.ps.org.uy\/index.php\/2025\/05\/07\/entrevista-a-florencia-chipolini-candidata-a-alcaldesa-en-el-municipio-b-por-el-frente-amplio\/\" \/>\n<meta property=\"og:site_name\" content=\"El Sol\" \/>\n<meta property=\"article:published_time\" content=\"2025-05-07T21:04:24+00:00\" \/>\n<meta property=\"article:modified_time\" content=\"2025-05-09T18:38:52+00:00\" \/>\n<meta property=\"og:image\" content=\"https:\/\/elsol.ps.org.uy\/wp-content\/uploads\/2025\/05\/Mesa-de-trabajo-41.png\" \/>\n\t<meta property=\"og:image:width\" content=\"735\" \/>\n\t<meta property=\"og:image:height\" content=\"360\" \/>\n\t<meta property=\"og:image:type\" content=\"image\/png\" \/>\n<meta name=\"author\" content=\"El Sol\" \/>\n<meta name=\"twitter:card\" content=\"summary_large_image\" \/>\n<meta name=\"twitter:label1\" content=\"Escrito por\" \/>\n\t<meta name=\"twitter:data1\" content=\"El Sol\" \/>\n\t<meta name=\"twitter:label2\" content=\"Tiempo de lectura\" \/>\n\t<meta name=\"twitter:data2\" content=\"5 minutos\" \/>\n<script type=\"application\/ld+json\" class=\"yoast-schema-graph\">{\"@context\":\"https:\\\/\\\/schema.org\",\"@graph\":[{\"@type\":\"Article\",\"@id\":\"https:\\\/\\\/elsol.ps.org.uy\\\/index.php\\\/2025\\\/05\\\/07\\\/entrevista-a-florencia-chipolini-candidata-a-alcaldesa-en-el-municipio-b-por-el-frente-amplio\\\/#article\",\"isPartOf\":{\"@id\":\"https:\\\/\\\/elsol.ps.org.uy\\\/index.php\\\/2025\\\/05\\\/07\\\/entrevista-a-florencia-chipolini-candidata-a-alcaldesa-en-el-municipio-b-por-el-frente-amplio\\\/\"},\"author\":{\"name\":\"El Sol\",\"@id\":\"https:\\\/\\\/elsol.ps.org.uy\\\/#\\\/schema\\\/person\\\/9642a61f31473fe97857228bf33277f6\"},\"headline\":\"Entrevista a Florencia Chipolini, Candidata a Alcaldesa en el Municipio B por el Frente Amplio\",\"datePublished\":\"2025-05-07T21:04:24+00:00\",\"dateModified\":\"2025-05-09T18:38:52+00:00\",\"mainEntityOfPage\":{\"@id\":\"https:\\\/\\\/elsol.ps.org.uy\\\/index.php\\\/2025\\\/05\\\/07\\\/entrevista-a-florencia-chipolini-candidata-a-alcaldesa-en-el-municipio-b-por-el-frente-amplio\\\/\"},\"wordCount\":909,\"commentCount\":0,\"image\":{\"@id\":\"https:\\\/\\\/elsol.ps.org.uy\\\/index.php\\\/2025\\\/05\\\/07\\\/entrevista-a-florencia-chipolini-candidata-a-alcaldesa-en-el-municipio-b-por-el-frente-amplio\\\/#primaryimage\"},\"thumbnailUrl\":\"https:\\\/\\\/elsol.ps.org.uy\\\/wp-content\\\/uploads\\\/2025\\\/05\\\/Mesa-de-trabajo-41.png\",\"articleSection\":[\"Destacadas\",\"El Sol\",\"Nacional\",\"Noticias\"],\"inLanguage\":\"es\",\"potentialAction\":[{\"@type\":\"CommentAction\",\"name\":\"Comment\",\"target\":[\"https:\\\/\\\/elsol.ps.org.uy\\\/index.php\\\/2025\\\/05\\\/07\\\/entrevista-a-florencia-chipolini-candidata-a-alcaldesa-en-el-municipio-b-por-el-frente-amplio\\\/#respond\"]}]},{\"@type\":\"WebPage\",\"@id\":\"https:\\\/\\\/elsol.ps.org.uy\\\/index.php\\\/2025\\\/05\\\/07\\\/entrevista-a-florencia-chipolini-candidata-a-alcaldesa-en-el-municipio-b-por-el-frente-amplio\\\/\",\"url\":\"https:\\\/\\\/elsol.ps.org.uy\\\/index.php\\\/2025\\\/05\\\/07\\\/entrevista-a-florencia-chipolini-candidata-a-alcaldesa-en-el-municipio-b-por-el-frente-amplio\\\/\",\"name\":\"Entrevista a Florencia Chipolini, Candidata a Alcaldesa en el Municipio B por el Frente Amplio - El Sol\",\"isPartOf\":{\"@id\":\"https:\\\/\\\/elsol.ps.org.uy\\\/#website\"},\"primaryImageOfPage\":{\"@id\":\"https:\\\/\\\/elsol.ps.org.uy\\\/index.php\\\/2025\\\/05\\\/07\\\/entrevista-a-florencia-chipolini-candidata-a-alcaldesa-en-el-municipio-b-por-el-frente-amplio\\\/#primaryimage\"},\"image\":{\"@id\":\"https:\\\/\\\/elsol.ps.org.uy\\\/index.php\\\/2025\\\/05\\\/07\\\/entrevista-a-florencia-chipolini-candidata-a-alcaldesa-en-el-municipio-b-por-el-frente-amplio\\\/#primaryimage\"},\"thumbnailUrl\":\"https:\\\/\\\/elsol.ps.org.uy\\\/wp-content\\\/uploads\\\/2025\\\/05\\\/Mesa-de-trabajo-41.png\",\"datePublished\":\"2025-05-07T21:04:24+00:00\",\"dateModified\":\"2025-05-09T18:38:52+00:00\",\"author\":{\"@id\":\"https:\\\/\\\/elsol.ps.org.uy\\\/#\\\/schema\\\/person\\\/9642a61f31473fe97857228bf33277f6\"},\"breadcrumb\":{\"@id\":\"https:\\\/\\\/elsol.ps.org.uy\\\/index.php\\\/2025\\\/05\\\/07\\\/entrevista-a-florencia-chipolini-candidata-a-alcaldesa-en-el-municipio-b-por-el-frente-amplio\\\/#breadcrumb\"},\"inLanguage\":\"es\",\"potentialAction\":[{\"@type\":\"ReadAction\",\"target\":[\"https:\\\/\\\/elsol.ps.org.uy\\\/index.php\\\/2025\\\/05\\\/07\\\/entrevista-a-florencia-chipolini-candidata-a-alcaldesa-en-el-municipio-b-por-el-frente-amplio\\\/\"]}]},{\"@type\":\"ImageObject\",\"inLanguage\":\"es\",\"@id\":\"https:\\\/\\\/elsol.ps.org.uy\\\/index.php\\\/2025\\\/05\\\/07\\\/entrevista-a-florencia-chipolini-candidata-a-alcaldesa-en-el-municipio-b-por-el-frente-amplio\\\/#primaryimage\",\"url\":\"https:\\\/\\\/elsol.ps.org.uy\\\/wp-content\\\/uploads\\\/2025\\\/05\\\/Mesa-de-trabajo-41.png\",\"contentUrl\":\"https:\\\/\\\/elsol.ps.org.uy\\\/wp-content\\\/uploads\\\/2025\\\/05\\\/Mesa-de-trabajo-41.png\",\"width\":735,\"height\":360},{\"@type\":\"BreadcrumbList\",\"@id\":\"https:\\\/\\\/elsol.ps.org.uy\\\/index.php\\\/2025\\\/05\\\/07\\\/entrevista-a-florencia-chipolini-candidata-a-alcaldesa-en-el-municipio-b-por-el-frente-amplio\\\/#breadcrumb\",\"itemListElement\":[{\"@type\":\"ListItem\",\"position\":1,\"name\":\"Portada\",\"item\":\"https:\\\/\\\/elsol.ps.org.uy\\\/\"},{\"@type\":\"ListItem\",\"position\":2,\"name\":\"Entrevista a Florencia Chipolini, Candidata a Alcaldesa en el Municipio B por el Frente Amplio\"}]},{\"@type\":\"WebSite\",\"@id\":\"https:\\\/\\\/elsol.ps.org.uy\\\/#website\",\"url\":\"https:\\\/\\\/elsol.ps.org.uy\\\/\",\"name\":\"El Sol\",\"description\":\"Organo del Partido Socialista - Frente Amplio\",\"potentialAction\":[{\"@type\":\"SearchAction\",\"target\":{\"@type\":\"EntryPoint\",\"urlTemplate\":\"https:\\\/\\\/elsol.ps.org.uy\\\/?s={search_term_string}\"},\"query-input\":{\"@type\":\"PropertyValueSpecification\",\"valueRequired\":true,\"valueName\":\"search_term_string\"}}],\"inLanguage\":\"es\"},{\"@type\":\"Person\",\"@id\":\"https:\\\/\\\/elsol.ps.org.uy\\\/#\\\/schema\\\/person\\\/9642a61f31473fe97857228bf33277f6\",\"name\":\"El Sol\",\"image\":{\"@type\":\"ImageObject\",\"inLanguage\":\"es\",\"@id\":\"https:\\\/\\\/secure.gravatar.com\\\/avatar\\\/e14a39081cff84ca4b5657918d3e15ebebf0ca4cee0bb3b81200271ee78d4b9c?s=96&d=mm&r=g\",\"url\":\"https:\\\/\\\/secure.gravatar.com\\\/avatar\\\/e14a39081cff84ca4b5657918d3e15ebebf0ca4cee0bb3b81200271ee78d4b9c?s=96&d=mm&r=g\",\"contentUrl\":\"https:\\\/\\\/secure.gravatar.com\\\/avatar\\\/e14a39081cff84ca4b5657918d3e15ebebf0ca4cee0bb3b81200271ee78d4b9c?s=96&d=mm&r=g\",\"caption\":\"El Sol\"},\"url\":\"https:\\\/\\\/elsol.ps.org.uy\\\/index.php\\\/author\\\/eugenia\\\/\"}]}<\/script>\n<!-- \/ Yoast SEO plugin. -->","yoast_head_json":{"title":"Entrevista a Florencia Chipolini, Candidata a Alcaldesa en el Municipio B por el Frente Amplio - El Sol","robots":{"index":"index","follow":"follow","max-snippet":"max-snippet:-1","max-image-preview":"max-image-preview:large","max-video-preview":"max-video-preview:-1"},"canonical":"https:\/\/elsol.ps.org.uy\/index.php\/2025\/05\/07\/entrevista-a-florencia-chipolini-candidata-a-alcaldesa-en-el-municipio-b-por-el-frente-amplio\/","og_locale":"es_ES","og_type":"article","og_title":"Entrevista a Florencia Chipolini, Candidata a Alcaldesa en el Municipio B por el Frente Amplio - El Sol","og_description":"Florencia, contanos un poco de vos y tu v\u00ednculo con la militancia. Soy militante frenteamplista y feminista. Nac\u00ed en Carmelo en 1995 y","og_url":"https:\/\/elsol.ps.org.uy\/index.php\/2025\/05\/07\/entrevista-a-florencia-chipolini-candidata-a-alcaldesa-en-el-municipio-b-por-el-frente-amplio\/","og_site_name":"El Sol","article_published_time":"2025-05-07T21:04:24+00:00","article_modified_time":"2025-05-09T18:38:52+00:00","og_image":[{"width":735,"height":360,"url":"https:\/\/elsol.ps.org.uy\/wp-content\/uploads\/2025\/05\/Mesa-de-trabajo-41.png","type":"image\/png"}],"author":"El Sol","twitter_card":"summary_large_image","twitter_misc":{"Escrito por":"El Sol","Tiempo de lectura":"5 minutos"},"schema":{"@context":"https:\/\/schema.org","@graph":[{"@type":"Article","@id":"https:\/\/elsol.ps.org.uy\/index.php\/2025\/05\/07\/entrevista-a-florencia-chipolini-candidata-a-alcaldesa-en-el-municipio-b-por-el-frente-amplio\/#article","isPartOf":{"@id":"https:\/\/elsol.ps.org.uy\/index.php\/2025\/05\/07\/entrevista-a-florencia-chipolini-candidata-a-alcaldesa-en-el-municipio-b-por-el-frente-amplio\/"},"author":{"name":"El Sol","@id":"https:\/\/elsol.ps.org.uy\/#\/schema\/person\/9642a61f31473fe97857228bf33277f6"},"headline":"Entrevista a Florencia Chipolini, Candidata a Alcaldesa en el Municipio B por el Frente Amplio","datePublished":"2025-05-07T21:04:24+00:00","dateModified":"2025-05-09T18:38:52+00:00","mainEntityOfPage":{"@id":"https:\/\/elsol.ps.org.uy\/index.php\/2025\/05\/07\/entrevista-a-florencia-chipolini-candidata-a-alcaldesa-en-el-municipio-b-por-el-frente-amplio\/"},"wordCount":909,"commentCount":0,"image":{"@id":"https:\/\/elsol.ps.org.uy\/index.php\/2025\/05\/07\/entrevista-a-florencia-chipolini-candidata-a-alcaldesa-en-el-municipio-b-por-el-frente-amplio\/#primaryimage"},"thumbnailUrl":"https:\/\/elsol.ps.org.uy\/wp-content\/uploads\/2025\/05\/Mesa-de-trabajo-41.png","articleSection":["Destacadas","El Sol","Nacional","Noticias"],"inLanguage":"es","potentialAction":[{"@type":"CommentAction","name":"Comment","target":["https:\/\/elsol.ps.org.uy\/index.php\/2025\/05\/07\/entrevista-a-florencia-chipolini-candidata-a-alcaldesa-en-el-municipio-b-por-el-frente-amplio\/#respond"]}]},{"@type":"WebPage","@id":"https:\/\/elsol.ps.org.uy\/index.php\/2025\/05\/07\/entrevista-a-florencia-chipolini-candidata-a-alcaldesa-en-el-municipio-b-por-el-frente-amplio\/","url":"https:\/\/elsol.ps.org.uy\/index.php\/2025\/05\/07\/entrevista-a-florencia-chipolini-candidata-a-alcaldesa-en-el-municipio-b-por-el-frente-amplio\/","name":"Entrevista a Florencia Chipolini, Candidata a Alcaldesa en el Municipio B por el Frente Amplio - El Sol","isPartOf":{"@id":"https:\/\/elsol.ps.org.uy\/#website"},"primaryImageOfPage":{"@id":"https:\/\/elsol.ps.org.uy\/index.php\/2025\/05\/07\/entrevista-a-florencia-chipolini-candidata-a-alcaldesa-en-el-municipio-b-por-el-frente-amplio\/#primaryimage"},"image":{"@id":"https:\/\/elsol.ps.org.uy\/index.php\/2025\/05\/07\/entrevista-a-florencia-chipolini-candidata-a-alcaldesa-en-el-municipio-b-por-el-frente-amplio\/#primaryimage"},"thumbnailUrl":"https:\/\/elsol.ps.org.uy\/wp-content\/uploads\/2025\/05\/Mesa-de-trabajo-41.png","datePublished":"2025-05-07T21:04:24+00:00","dateModified":"2025-05-09T18:38:52+00:00","author":{"@id":"https:\/\/elsol.ps.org.uy\/#\/schema\/person\/9642a61f31473fe97857228bf33277f6"},"breadcrumb":{"@id":"https:\/\/elsol.ps.org.uy\/index.php\/2025\/05\/07\/entrevista-a-florencia-chipolini-candidata-a-alcaldesa-en-el-municipio-b-por-el-frente-amplio\/#breadcrumb"},"inLanguage":"es","potentialAction":[{"@type":"ReadAction","target":["https:\/\/elsol.ps.org.uy\/index.php\/2025\/05\/07\/entrevista-a-florencia-chipolini-candidata-a-alcaldesa-en-el-municipio-b-por-el-frente-amplio\/"]}]},{"@type":"ImageObject","inLanguage":"es","@id":"https:\/\/elsol.ps.org.uy\/index.php\/2025\/05\/07\/entrevista-a-florencia-chipolini-candidata-a-alcaldesa-en-el-municipio-b-por-el-frente-amplio\/#primaryimage","url":"https:\/\/elsol.ps.org.uy\/wp-content\/uploads\/2025\/05\/Mesa-de-trabajo-41.png","contentUrl":"https:\/\/elsol.ps.org.uy\/wp-content\/uploads\/2025\/05\/Mesa-de-trabajo-41.png","width":735,"height":360},{"@type":"BreadcrumbList","@id":"https:\/\/elsol.ps.org.uy\/index.php\/2025\/05\/07\/entrevista-a-florencia-chipolini-candidata-a-alcaldesa-en-el-municipio-b-por-el-frente-amplio\/#breadcrumb","itemListElement":[{"@type":"ListItem","position":1,"name":"Portada","item":"https:\/\/elsol.ps.org.uy\/"},{"@type":"ListItem","position":2,"name":"Entrevista a Florencia Chipolini, Candidata a Alcaldesa en el Municipio B por el Frente Amplio"}]},{"@type":"WebSite","@id":"https:\/\/elsol.ps.org.uy\/#website","url":"https:\/\/elsol.ps.org.uy\/","name":"El Sol","description":"Organo del Partido Socialista - Frente Amplio","potentialAction":[{"@type":"SearchAction","target":{"@type":"EntryPoint","urlTemplate":"https:\/\/elsol.ps.org.uy\/?s={search_term_string}"},"query-input":{"@type":"PropertyValueSpecification","valueRequired":true,"valueName":"search_term_string"}}],"inLanguage":"es"},{"@type":"Person","@id":"https:\/\/elsol.ps.org.uy\/#\/schema\/person\/9642a61f31473fe97857228bf33277f6","name":"El Sol","image":{"@type":"ImageObject","inLanguage":"es","@id":"https:\/\/secure.gravatar.com\/avatar\/e14a39081cff84ca4b5657918d3e15ebebf0ca4cee0bb3b81200271ee78d4b9c?s=96&d=mm&r=g","url":"https:\/\/secure.gravatar.com\/avatar\/e14a39081cff84ca4b5657918d3e15ebebf0ca4cee0bb3b81200271ee78d4b9c?s=96&d=mm&r=g","contentUrl":"https:\/\/secure.gravatar.com\/avatar\/e14a39081cff84ca4b5657918d3e15ebebf0ca4cee0bb3b81200271ee78d4b9c?s=96&d=mm&r=g","caption":"El Sol"},"url":"https:\/\/elsol.ps.org.uy\/index.php\/author\/eugenia\/"}]}},"jetpack_featured_media_url":"https:\/\/elsol.ps.org.uy\/wp-content\/uploads\/2025\/05\/Mesa-de-trabajo-41.png","_links":{"self":[{"href":"https:\/\/elsol.ps.org.uy\/index.php\/wp-json\/wp\/v2\/posts\/13888","targetHints":{"allow":["GET"]}}],"collection":[{"href":"https:\/\/elsol.ps.org.uy\/index.php\/wp-json\/wp\/v2\/posts"}],"about":[{"href":"https:\/\/elsol.ps.org.uy\/index.php\/wp-json\/wp\/v2\/types\/post"}],"author":[{"embeddable":true,"href":"https:\/\/elsol.ps.org.uy\/index.php\/wp-json\/wp\/v2\/users\/2"}],"replies":[{"embeddable":true,"href":"https:\/\/elsol.ps.org.uy\/index.php\/wp-json\/wp\/v2\/comments?post=13888"}],"version-history":[{"count":2,"href":"https:\/\/elsol.ps.org.uy\/index.php\/wp-json\/wp\/v2\/posts\/13888\/revisions"}],"predecessor-version":[{"id":13902,"href":"https:\/\/elsol.ps.org.uy\/index.php\/wp-json\/wp\/v2\/posts\/13888\/revisions\/13902"}],"wp:featuredmedia":[{"embeddable":true,"href":"https:\/\/elsol.ps.org.uy\/index.php\/wp-json\/wp\/v2\/media\/13884"}],"wp:attachment":[{"href":"https:\/\/elsol.ps.org.uy\/index.php\/wp-json\/wp\/v2\/media?parent=13888"}],"wp:term":[{"taxonomy":"category","embeddable":true,"href":"https:\/\/elsol.ps.org.uy\/index.php\/wp-json\/wp\/v2\/categories?post=13888"},{"taxonomy":"post_tag","embeddable":true,"href":"https:\/\/elsol.ps.org.uy\/index.php\/wp-json\/wp\/v2\/tags?post=13888"}],"curies":[{"name":"wp","href":"https:\/\/api.w.org\/{rel}","templated":true}]}}