{"id":13890,"date":"2025-05-07T18:05:14","date_gmt":"2025-05-07T21:05:14","guid":{"rendered":"https:\/\/elsol.ps.org.uy\/?p=13890"},"modified":"2025-05-07T18:05:16","modified_gmt":"2025-05-07T21:05:16","slug":"entrevista-a-jorge-cabrera-candidato-a-alcalde-en-el-municipio-c-por-el-frente-amplio","status":"publish","type":"post","link":"https:\/\/elsol.ps.org.uy\/index.php\/2025\/05\/07\/entrevista-a-jorge-cabrera-candidato-a-alcalde-en-el-municipio-c-por-el-frente-amplio\/","title":{"rendered":"Entrevista a Jorge Cabrera, Candidato a Alcalde en el Municipio C por el Frente Amplio"},"content":{"rendered":"\n<p><strong>Buenas tardes, Jorge \u00bfC\u00f3mo est\u00e1s? Contanos un poco de vos, de tu vida militante.<\/strong><\/p>\n\n\n\n<p>Nac\u00ed en La Uni\u00f3n y viv\u00ed all\u00ed hasta los 17 a\u00f1os. Luego me mud\u00e9 al actual Municipio C, donde form\u00e9 mi hogar y, junto a mi compa\u00f1era de vida, Ana Mar\u00eda, llevamos adelante un comercio desde 1991 hasta el 2020. Fueron a\u00f1os de mucho trabajo, pero tambi\u00e9n de mucho aprendizaje del territorio y de la comunidad.<\/p>\n\n\n\n<p>Mi militancia comenz\u00f3 en un centro estudiantil, y se profundiz\u00f3 en los comit\u00e9s con trabajadores de la zona de FUNSA, del sindicato del transporte y de OSE. De ellos aprend\u00ed much\u00edsimo: el valor de la solidaridad, la lucha por la justicia social y la convicci\u00f3n de que nadie se salva solo.<\/p>\n\n\n\n<p><strong>\u00bfC\u00f3mo lleg\u00e1s a tomar la decisi\u00f3n de presentarte como candidato a alcalde nuevamente?<\/strong><\/p>\n\n\n\n<p>La decisi\u00f3n de volver a presentarme nace del convencimiento de que el camino que venimos construyendo no puede detenerse. Durante la gesti\u00f3n anterior logramos instalar una l\u00ednea clara, coherente con el proyecto del Partido Socialista y del Frente Amplio, basada en la participaci\u00f3n, la cercan\u00eda con la gente y el fortalecimiento de los equipos.<\/p>\n\n\n\n<p>En cada \u00e1rea del municipio y en cada centro comunal zonal hay funcionarias y funcionarios que asumieron un gran compromiso. Nosotros dimos las condiciones para que eso ocurriera: hicimos que el funcionariado se sintiera parte del proyecto, que aportara desde su experiencia y profesionalismo. Ellas y ellos son quienes conocen a fondo el territorio y saben hacer el trabajo.<\/p>\n\n\n\n<p>Hoy hay equipos consolidados, servicios activos y v\u00ednculos con la comunidad que ser\u00eda un error desarmar. El camino est\u00e1 trazado, y lo que toca ahora es darle continuidad para seguir mejorando los barrios del Municipio C.<\/p>\n\n\n\n<p>\u00bf<strong>Por qu\u00e9 cre\u00e9s que es importante que el Frente Amplio siga a cargo del municipio?<\/strong><\/p>\n\n\n\n<p>Porque el Frente Amplio tiene una mirada integral, sensible y profundamente comprometida con el territorio. Conoce las necesidades del barrio, escucha a la gente y apuesta por soluciones colectivas. No venimos con promesas vac\u00edas ni con improvisaci\u00f3n: tenemos equipos, experiencia y un proyecto que se construy\u00f3 con la gente.<\/p>\n\n\n\n<p>El Frente Amplio demostr\u00f3 que se puede gobernar con transparencia, cercan\u00eda y participaci\u00f3n real. Por eso creemos que es fundamental seguir al frente del Municipio C, para seguir profundizando las transformaciones que hacen la diferencia en la vida de la gente.<\/p>\n\n\n\n<p><strong>De cara a una nueva gesti\u00f3n, \u00bfcu\u00e1les son los principales desaf\u00edos que quer\u00e9s encarar para seguir transformando el Municipio C?<\/strong><\/p>\n\n\n\n<p>Uno de los principales desaf\u00edos que tenemos es lograr una mayor participaci\u00f3n de la juventud en la gesti\u00f3n del territorio. Que los y las j\u00f3venes se familiaricen con lo que significa el municipio, que lo sientan como algo propio, cercano, donde pueden opinar, proponer y tambi\u00e9n decidir.<\/p>\n\n\n\n<p>Queremos que los municipios sean espacios motivadores, donde la juventud no solo sea escuchada, sino tambi\u00e9n parte activa del cambio. Cuando los j\u00f3venes se involucran, el territorio respira futuro, energ\u00eda y nuevas formas de hacer.<\/p>\n\n\n\n<p><strong>Se te ve recorrer todos los d\u00edas colectivos sociales, cooperativas y clubes de barrio \u00bfQu\u00e9 lugar ocupan estas organizaciones en tu visi\u00f3n de municipio?<\/strong><\/p>\n\n\n\n<p>Son fundamentales. Para nosotros, gobernar es hacerlo con la comunidad, no desde arriba ni desde un escritorio. Las cooperativas, los clubes de barrio, las organizaciones sociales son el v\u00ednculo directo con el territorio. Ah\u00ed est\u00e1 el pulso de lo que pasa en cada barrio.<\/p>\n\n\n\n<p>Con ellos trabajamos d\u00eda a d\u00eda: en el deporte, en la cultura, en el cuidado de los espacios p\u00fablicos, en la inclusi\u00f3n social. Nos importa lo que hacen, lo que necesitan y lo que aportan. Por eso nos van a ver siempre cerca, no solo en campa\u00f1a, sino en la gesti\u00f3n cotidiana.<\/p>\n\n\n\n<p><strong>\u00bfCu\u00e1l es tu diferencial como candidato frenteamplista?<\/strong><\/p>\n\n\n\n<p>Tengo experiencia de gesti\u00f3n, conozco el territorio, los equipos y las herramientas. Pero tambi\u00e9n tengo la humildad de saber que siempre se puede aprender y mejorar. Trabajo en equipo, creo en el rol del funcionariado y en la participaci\u00f3n vecinal. Y, sobre todo, creo en una pol\u00edtica que transforma desde lo colectivo y con compromiso real.<\/p>\n\n\n\n<p>No aparec\u00ed en campa\u00f1a, estoy hace a\u00f1os caminando los barrios del Municipio C, escuchando, gestionando y construyendo junto a la gente.<\/p>\n","protected":false},"excerpt":{"rendered":"Buenas tardes, Jorge \u00bfC\u00f3mo est\u00e1s? Contanos un poco de vos, de tu vida militante. Nac\u00ed en La Uni\u00f3n y viv\u00ed all\u00ed hasta los \n<a class=\"moretag\" href=\"https:\/\/elsol.ps.org.uy\/index.php\/2025\/05\/07\/entrevista-a-jorge-cabrera-candidato-a-alcalde-en-el-municipio-c-por-el-frente-amplio\/\"> [...]<\/a>","protected":false},"author":2,"featured_media":13885,"comment_status":"open","ping_status":"closed","sticky":false,"template":"","format":"standard","meta":{"footnotes":""},"categories":[54,30,36,33],"tags":[],"class_list":["post-13890","post","type-post","status-publish","format-standard","has-post-thumbnail","hentry","category-declaracion","category-destacadas","category-el-sol","category-noticias"],"yoast_head":"<!-- This site is optimized with the Yoast SEO plugin v27.4 - https:\/\/yoast.com\/product\/yoast-seo-wordpress\/ -->\n<title>Entrevista a Jorge Cabrera, Candidato a Alcalde en el Municipio C por el Frente Amplio - El Sol<\/title>\n<meta name=\"robots\" content=\"index, follow, max-snippet:-1, max-image-preview:large, max-video-preview:-1\" \/>\n<link rel=\"canonical\" href=\"https:\/\/elsol.ps.org.uy\/index.php\/2025\/05\/07\/entrevista-a-jorge-cabrera-candidato-a-alcalde-en-el-municipio-c-por-el-frente-amplio\/\" \/>\n<meta property=\"og:locale\" content=\"es_ES\" \/>\n<meta property=\"og:type\" content=\"article\" \/>\n<meta property=\"og:title\" content=\"Entrevista a Jorge Cabrera, Candidato a Alcalde en el Municipio C por el Frente Amplio - El Sol\" \/>\n<meta property=\"og:description\" content=\"Buenas tardes, Jorge \u00bfC\u00f3mo est\u00e1s? Contanos un poco de vos, de tu vida militante. Nac\u00ed en La Uni\u00f3n y viv\u00ed all\u00ed hasta los\" \/>\n<meta property=\"og:url\" content=\"https:\/\/elsol.ps.org.uy\/index.php\/2025\/05\/07\/entrevista-a-jorge-cabrera-candidato-a-alcalde-en-el-municipio-c-por-el-frente-amplio\/\" \/>\n<meta property=\"og:site_name\" content=\"El Sol\" \/>\n<meta property=\"article:published_time\" content=\"2025-05-07T21:05:14+00:00\" \/>\n<meta property=\"article:modified_time\" content=\"2025-05-07T21:05:16+00:00\" \/>\n<meta property=\"og:image\" content=\"https:\/\/elsol.ps.org.uy\/wp-content\/uploads\/2025\/05\/Mesa-de-trabajo-43.png\" \/>\n\t<meta property=\"og:image:width\" content=\"735\" \/>\n\t<meta property=\"og:image:height\" content=\"360\" \/>\n\t<meta property=\"og:image:type\" content=\"image\/png\" \/>\n<meta name=\"author\" content=\"El Sol\" \/>\n<meta name=\"twitter:card\" content=\"summary_large_image\" \/>\n<meta name=\"twitter:label1\" content=\"Escrito por\" \/>\n\t<meta name=\"twitter:data1\" content=\"El Sol\" \/>\n\t<meta name=\"twitter:label2\" content=\"Tiempo de lectura\" \/>\n\t<meta name=\"twitter:data2\" content=\"4 minutos\" \/>\n<script type=\"application\/ld+json\" class=\"yoast-schema-graph\">{\"@context\":\"https:\\\/\\\/schema.org\",\"@graph\":[{\"@type\":\"Article\",\"@id\":\"https:\\\/\\\/elsol.ps.org.uy\\\/index.php\\\/2025\\\/05\\\/07\\\/entrevista-a-jorge-cabrera-candidato-a-alcalde-en-el-municipio-c-por-el-frente-amplio\\\/#article\",\"isPartOf\":{\"@id\":\"https:\\\/\\\/elsol.ps.org.uy\\\/index.php\\\/2025\\\/05\\\/07\\\/entrevista-a-jorge-cabrera-candidato-a-alcalde-en-el-municipio-c-por-el-frente-amplio\\\/\"},\"author\":{\"name\":\"El Sol\",\"@id\":\"https:\\\/\\\/elsol.ps.org.uy\\\/#\\\/schema\\\/person\\\/9642a61f31473fe97857228bf33277f6\"},\"headline\":\"Entrevista a Jorge Cabrera, Candidato a Alcalde en el Municipio C por el Frente Amplio\",\"datePublished\":\"2025-05-07T21:05:14+00:00\",\"dateModified\":\"2025-05-07T21:05:16+00:00\",\"mainEntityOfPage\":{\"@id\":\"https:\\\/\\\/elsol.ps.org.uy\\\/index.php\\\/2025\\\/05\\\/07\\\/entrevista-a-jorge-cabrera-candidato-a-alcalde-en-el-municipio-c-por-el-frente-amplio\\\/\"},\"wordCount\":760,\"commentCount\":0,\"image\":{\"@id\":\"https:\\\/\\\/elsol.ps.org.uy\\\/index.php\\\/2025\\\/05\\\/07\\\/entrevista-a-jorge-cabrera-candidato-a-alcalde-en-el-municipio-c-por-el-frente-amplio\\\/#primaryimage\"},\"thumbnailUrl\":\"https:\\\/\\\/elsol.ps.org.uy\\\/wp-content\\\/uploads\\\/2025\\\/05\\\/Mesa-de-trabajo-43.png\",\"articleSection\":[\"Declaraci\u00f3n\",\"Destacadas\",\"El Sol\",\"Noticias\"],\"inLanguage\":\"es\",\"potentialAction\":[{\"@type\":\"CommentAction\",\"name\":\"Comment\",\"target\":[\"https:\\\/\\\/elsol.ps.org.uy\\\/index.php\\\/2025\\\/05\\\/07\\\/entrevista-a-jorge-cabrera-candidato-a-alcalde-en-el-municipio-c-por-el-frente-amplio\\\/#respond\"]}]},{\"@type\":\"WebPage\",\"@id\":\"https:\\\/\\\/elsol.ps.org.uy\\\/index.php\\\/2025\\\/05\\\/07\\\/entrevista-a-jorge-cabrera-candidato-a-alcalde-en-el-municipio-c-por-el-frente-amplio\\\/\",\"url\":\"https:\\\/\\\/elsol.ps.org.uy\\\/index.php\\\/2025\\\/05\\\/07\\\/entrevista-a-jorge-cabrera-candidato-a-alcalde-en-el-municipio-c-por-el-frente-amplio\\\/\",\"name\":\"Entrevista a Jorge Cabrera, Candidato a Alcalde en el Municipio C por el Frente Amplio - El Sol\",\"isPartOf\":{\"@id\":\"https:\\\/\\\/elsol.ps.org.uy\\\/#website\"},\"primaryImageOfPage\":{\"@id\":\"https:\\\/\\\/elsol.ps.org.uy\\\/index.php\\\/2025\\\/05\\\/07\\\/entrevista-a-jorge-cabrera-candidato-a-alcalde-en-el-municipio-c-por-el-frente-amplio\\\/#primaryimage\"},\"image\":{\"@id\":\"https:\\\/\\\/elsol.ps.org.uy\\\/index.php\\\/2025\\\/05\\\/07\\\/entrevista-a-jorge-cabrera-candidato-a-alcalde-en-el-municipio-c-por-el-frente-amplio\\\/#primaryimage\"},\"thumbnailUrl\":\"https:\\\/\\\/elsol.ps.org.uy\\\/wp-content\\\/uploads\\\/2025\\\/05\\\/Mesa-de-trabajo-43.png\",\"datePublished\":\"2025-05-07T21:05:14+00:00\",\"dateModified\":\"2025-05-07T21:05:16+00:00\",\"author\":{\"@id\":\"https:\\\/\\\/elsol.ps.org.uy\\\/#\\\/schema\\\/person\\\/9642a61f31473fe97857228bf33277f6\"},\"breadcrumb\":{\"@id\":\"https:\\\/\\\/elsol.ps.org.uy\\\/index.php\\\/2025\\\/05\\\/07\\\/entrevista-a-jorge-cabrera-candidato-a-alcalde-en-el-municipio-c-por-el-frente-amplio\\\/#breadcrumb\"},\"inLanguage\":\"es\",\"potentialAction\":[{\"@type\":\"ReadAction\",\"target\":[\"https:\\\/\\\/elsol.ps.org.uy\\\/index.php\\\/2025\\\/05\\\/07\\\/entrevista-a-jorge-cabrera-candidato-a-alcalde-en-el-municipio-c-por-el-frente-amplio\\\/\"]}]},{\"@type\":\"ImageObject\",\"inLanguage\":\"es\",\"@id\":\"https:\\\/\\\/elsol.ps.org.uy\\\/index.php\\\/2025\\\/05\\\/07\\\/entrevista-a-jorge-cabrera-candidato-a-alcalde-en-el-municipio-c-por-el-frente-amplio\\\/#primaryimage\",\"url\":\"https:\\\/\\\/elsol.ps.org.uy\\\/wp-content\\\/uploads\\\/2025\\\/05\\\/Mesa-de-trabajo-43.png\",\"contentUrl\":\"https:\\\/\\\/elsol.ps.org.uy\\\/wp-content\\\/uploads\\\/2025\\\/05\\\/Mesa-de-trabajo-43.png\",\"width\":735,\"height\":360},{\"@type\":\"BreadcrumbList\",\"@id\":\"https:\\\/\\\/elsol.ps.org.uy\\\/index.php\\\/2025\\\/05\\\/07\\\/entrevista-a-jorge-cabrera-candidato-a-alcalde-en-el-municipio-c-por-el-frente-amplio\\\/#breadcrumb\",\"itemListElement\":[{\"@type\":\"ListItem\",\"position\":1,\"name\":\"Portada\",\"item\":\"https:\\\/\\\/elsol.ps.org.uy\\\/\"},{\"@type\":\"ListItem\",\"position\":2,\"name\":\"Entrevista a Jorge Cabrera, Candidato a Alcalde en el Municipio C por el Frente Amplio\"}]},{\"@type\":\"WebSite\",\"@id\":\"https:\\\/\\\/elsol.ps.org.uy\\\/#website\",\"url\":\"https:\\\/\\\/elsol.ps.org.uy\\\/\",\"name\":\"El Sol\",\"description\":\"Organo del Partido Socialista - Frente Amplio\",\"potentialAction\":[{\"@type\":\"SearchAction\",\"target\":{\"@type\":\"EntryPoint\",\"urlTemplate\":\"https:\\\/\\\/elsol.ps.org.uy\\\/?s={search_term_string}\"},\"query-input\":{\"@type\":\"PropertyValueSpecification\",\"valueRequired\":true,\"valueName\":\"search_term_string\"}}],\"inLanguage\":\"es\"},{\"@type\":\"Person\",\"@id\":\"https:\\\/\\\/elsol.ps.org.uy\\\/#\\\/schema\\\/person\\\/9642a61f31473fe97857228bf33277f6\",\"name\":\"El Sol\",\"image\":{\"@type\":\"ImageObject\",\"inLanguage\":\"es\",\"@id\":\"https:\\\/\\\/secure.gravatar.com\\\/avatar\\\/e14a39081cff84ca4b5657918d3e15ebebf0ca4cee0bb3b81200271ee78d4b9c?s=96&d=mm&r=g\",\"url\":\"https:\\\/\\\/secure.gravatar.com\\\/avatar\\\/e14a39081cff84ca4b5657918d3e15ebebf0ca4cee0bb3b81200271ee78d4b9c?s=96&d=mm&r=g\",\"contentUrl\":\"https:\\\/\\\/secure.gravatar.com\\\/avatar\\\/e14a39081cff84ca4b5657918d3e15ebebf0ca4cee0bb3b81200271ee78d4b9c?s=96&d=mm&r=g\",\"caption\":\"El Sol\"},\"url\":\"https:\\\/\\\/elsol.ps.org.uy\\\/index.php\\\/author\\\/eugenia\\\/\"}]}<\/script>\n<!-- \/ Yoast SEO plugin. -->","yoast_head_json":{"title":"Entrevista a Jorge Cabrera, Candidato a Alcalde en el Municipio C por el Frente Amplio - El Sol","robots":{"index":"index","follow":"follow","max-snippet":"max-snippet:-1","max-image-preview":"max-image-preview:large","max-video-preview":"max-video-preview:-1"},"canonical":"https:\/\/elsol.ps.org.uy\/index.php\/2025\/05\/07\/entrevista-a-jorge-cabrera-candidato-a-alcalde-en-el-municipio-c-por-el-frente-amplio\/","og_locale":"es_ES","og_type":"article","og_title":"Entrevista a Jorge Cabrera, Candidato a Alcalde en el Municipio C por el Frente Amplio - El Sol","og_description":"Buenas tardes, Jorge \u00bfC\u00f3mo est\u00e1s? Contanos un poco de vos, de tu vida militante. Nac\u00ed en La Uni\u00f3n y viv\u00ed all\u00ed hasta los","og_url":"https:\/\/elsol.ps.org.uy\/index.php\/2025\/05\/07\/entrevista-a-jorge-cabrera-candidato-a-alcalde-en-el-municipio-c-por-el-frente-amplio\/","og_site_name":"El Sol","article_published_time":"2025-05-07T21:05:14+00:00","article_modified_time":"2025-05-07T21:05:16+00:00","og_image":[{"width":735,"height":360,"url":"https:\/\/elsol.ps.org.uy\/wp-content\/uploads\/2025\/05\/Mesa-de-trabajo-43.png","type":"image\/png"}],"author":"El Sol","twitter_card":"summary_large_image","twitter_misc":{"Escrito por":"El Sol","Tiempo de lectura":"4 minutos"},"schema":{"@context":"https:\/\/schema.org","@graph":[{"@type":"Article","@id":"https:\/\/elsol.ps.org.uy\/index.php\/2025\/05\/07\/entrevista-a-jorge-cabrera-candidato-a-alcalde-en-el-municipio-c-por-el-frente-amplio\/#article","isPartOf":{"@id":"https:\/\/elsol.ps.org.uy\/index.php\/2025\/05\/07\/entrevista-a-jorge-cabrera-candidato-a-alcalde-en-el-municipio-c-por-el-frente-amplio\/"},"author":{"name":"El Sol","@id":"https:\/\/elsol.ps.org.uy\/#\/schema\/person\/9642a61f31473fe97857228bf33277f6"},"headline":"Entrevista a Jorge Cabrera, Candidato a Alcalde en el Municipio C por el Frente Amplio","datePublished":"2025-05-07T21:05:14+00:00","dateModified":"2025-05-07T21:05:16+00:00","mainEntityOfPage":{"@id":"https:\/\/elsol.ps.org.uy\/index.php\/2025\/05\/07\/entrevista-a-jorge-cabrera-candidato-a-alcalde-en-el-municipio-c-por-el-frente-amplio\/"},"wordCount":760,"commentCount":0,"image":{"@id":"https:\/\/elsol.ps.org.uy\/index.php\/2025\/05\/07\/entrevista-a-jorge-cabrera-candidato-a-alcalde-en-el-municipio-c-por-el-frente-amplio\/#primaryimage"},"thumbnailUrl":"https:\/\/elsol.ps.org.uy\/wp-content\/uploads\/2025\/05\/Mesa-de-trabajo-43.png","articleSection":["Declaraci\u00f3n","Destacadas","El Sol","Noticias"],"inLanguage":"es","potentialAction":[{"@type":"CommentAction","name":"Comment","target":["https:\/\/elsol.ps.org.uy\/index.php\/2025\/05\/07\/entrevista-a-jorge-cabrera-candidato-a-alcalde-en-el-municipio-c-por-el-frente-amplio\/#respond"]}]},{"@type":"WebPage","@id":"https:\/\/elsol.ps.org.uy\/index.php\/2025\/05\/07\/entrevista-a-jorge-cabrera-candidato-a-alcalde-en-el-municipio-c-por-el-frente-amplio\/","url":"https:\/\/elsol.ps.org.uy\/index.php\/2025\/05\/07\/entrevista-a-jorge-cabrera-candidato-a-alcalde-en-el-municipio-c-por-el-frente-amplio\/","name":"Entrevista a Jorge Cabrera, Candidato a Alcalde en el Municipio C por el Frente Amplio - El Sol","isPartOf":{"@id":"https:\/\/elsol.ps.org.uy\/#website"},"primaryImageOfPage":{"@id":"https:\/\/elsol.ps.org.uy\/index.php\/2025\/05\/07\/entrevista-a-jorge-cabrera-candidato-a-alcalde-en-el-municipio-c-por-el-frente-amplio\/#primaryimage"},"image":{"@id":"https:\/\/elsol.ps.org.uy\/index.php\/2025\/05\/07\/entrevista-a-jorge-cabrera-candidato-a-alcalde-en-el-municipio-c-por-el-frente-amplio\/#primaryimage"},"thumbnailUrl":"https:\/\/elsol.ps.org.uy\/wp-content\/uploads\/2025\/05\/Mesa-de-trabajo-43.png","datePublished":"2025-05-07T21:05:14+00:00","dateModified":"2025-05-07T21:05:16+00:00","author":{"@id":"https:\/\/elsol.ps.org.uy\/#\/schema\/person\/9642a61f31473fe97857228bf33277f6"},"breadcrumb":{"@id":"https:\/\/elsol.ps.org.uy\/index.php\/2025\/05\/07\/entrevista-a-jorge-cabrera-candidato-a-alcalde-en-el-municipio-c-por-el-frente-amplio\/#breadcrumb"},"inLanguage":"es","potentialAction":[{"@type":"ReadAction","target":["https:\/\/elsol.ps.org.uy\/index.php\/2025\/05\/07\/entrevista-a-jorge-cabrera-candidato-a-alcalde-en-el-municipio-c-por-el-frente-amplio\/"]}]},{"@type":"ImageObject","inLanguage":"es","@id":"https:\/\/elsol.ps.org.uy\/index.php\/2025\/05\/07\/entrevista-a-jorge-cabrera-candidato-a-alcalde-en-el-municipio-c-por-el-frente-amplio\/#primaryimage","url":"https:\/\/elsol.ps.org.uy\/wp-content\/uploads\/2025\/05\/Mesa-de-trabajo-43.png","contentUrl":"https:\/\/elsol.ps.org.uy\/wp-content\/uploads\/2025\/05\/Mesa-de-trabajo-43.png","width":735,"height":360},{"@type":"BreadcrumbList","@id":"https:\/\/elsol.ps.org.uy\/index.php\/2025\/05\/07\/entrevista-a-jorge-cabrera-candidato-a-alcalde-en-el-municipio-c-por-el-frente-amplio\/#breadcrumb","itemListElement":[{"@type":"ListItem","position":1,"name":"Portada","item":"https:\/\/elsol.ps.org.uy\/"},{"@type":"ListItem","position":2,"name":"Entrevista a Jorge Cabrera, Candidato a Alcalde en el Municipio C por el Frente Amplio"}]},{"@type":"WebSite","@id":"https:\/\/elsol.ps.org.uy\/#website","url":"https:\/\/elsol.ps.org.uy\/","name":"El Sol","description":"Organo del Partido Socialista - Frente Amplio","potentialAction":[{"@type":"SearchAction","target":{"@type":"EntryPoint","urlTemplate":"https:\/\/elsol.ps.org.uy\/?s={search_term_string}"},"query-input":{"@type":"PropertyValueSpecification","valueRequired":true,"valueName":"search_term_string"}}],"inLanguage":"es"},{"@type":"Person","@id":"https:\/\/elsol.ps.org.uy\/#\/schema\/person\/9642a61f31473fe97857228bf33277f6","name":"El Sol","image":{"@type":"ImageObject","inLanguage":"es","@id":"https:\/\/secure.gravatar.com\/avatar\/e14a39081cff84ca4b5657918d3e15ebebf0ca4cee0bb3b81200271ee78d4b9c?s=96&d=mm&r=g","url":"https:\/\/secure.gravatar.com\/avatar\/e14a39081cff84ca4b5657918d3e15ebebf0ca4cee0bb3b81200271ee78d4b9c?s=96&d=mm&r=g","contentUrl":"https:\/\/secure.gravatar.com\/avatar\/e14a39081cff84ca4b5657918d3e15ebebf0ca4cee0bb3b81200271ee78d4b9c?s=96&d=mm&r=g","caption":"El Sol"},"url":"https:\/\/elsol.ps.org.uy\/index.php\/author\/eugenia\/"}]}},"jetpack_featured_media_url":"https:\/\/elsol.ps.org.uy\/wp-content\/uploads\/2025\/05\/Mesa-de-trabajo-43.png","_links":{"self":[{"href":"https:\/\/elsol.ps.org.uy\/index.php\/wp-json\/wp\/v2\/posts\/13890","targetHints":{"allow":["GET"]}}],"collection":[{"href":"https:\/\/elsol.ps.org.uy\/index.php\/wp-json\/wp\/v2\/posts"}],"about":[{"href":"https:\/\/elsol.ps.org.uy\/index.php\/wp-json\/wp\/v2\/types\/post"}],"author":[{"embeddable":true,"href":"https:\/\/elsol.ps.org.uy\/index.php\/wp-json\/wp\/v2\/users\/2"}],"replies":[{"embeddable":true,"href":"https:\/\/elsol.ps.org.uy\/index.php\/wp-json\/wp\/v2\/comments?post=13890"}],"version-history":[{"count":1,"href":"https:\/\/elsol.ps.org.uy\/index.php\/wp-json\/wp\/v2\/posts\/13890\/revisions"}],"predecessor-version":[{"id":13891,"href":"https:\/\/elsol.ps.org.uy\/index.php\/wp-json\/wp\/v2\/posts\/13890\/revisions\/13891"}],"wp:featuredmedia":[{"embeddable":true,"href":"https:\/\/elsol.ps.org.uy\/index.php\/wp-json\/wp\/v2\/media\/13885"}],"wp:attachment":[{"href":"https:\/\/elsol.ps.org.uy\/index.php\/wp-json\/wp\/v2\/media?parent=13890"}],"wp:term":[{"taxonomy":"category","embeddable":true,"href":"https:\/\/elsol.ps.org.uy\/index.php\/wp-json\/wp\/v2\/categories?post=13890"},{"taxonomy":"post_tag","embeddable":true,"href":"https:\/\/elsol.ps.org.uy\/index.php\/wp-json\/wp\/v2\/tags?post=13890"}],"curies":[{"name":"wp","href":"https:\/\/api.w.org\/{rel}","templated":true}]}}